{"id":989,"date":"2023-09-18T06:32:47","date_gmt":"2023-09-18T06:32:47","guid":{"rendered":"https:\/\/torredonjimenoactualidad.com\/?p=989"},"modified":"2023-09-18T06:32:48","modified_gmt":"2023-09-18T06:32:48","slug":"la-guardia-civil-neutraliza-dos-granadas-de-mano-de-la-guerra-civil-halladas-en-jamilena","status":"publish","type":"post","link":"https:\/\/torredonjimenoactualidad.com\/index.php\/2023\/09\/18\/la-guardia-civil-neutraliza-dos-granadas-de-mano-de-la-guerra-civil-halladas-en-jamilena\/","title":{"rendered":"La Guardia Civil neutraliza dos granadas de mano de la Guerra Civil halladas en Jamilena"},"content":{"rendered":"\n<p>La Guardia Civil ha procedido a la neutralizaci\u00f3n de dos granadas de mano de la Guerra Civil halladas en una finca de la localidad de Jamilena. Los artefactos estaban oxidados, pero manten\u00edan su carga explosiva.<\/p>\n\n\n\n<p>Seg\u00fan ha informado el Instituto Armado, fue una persona que realizaba labores del campo en el citado t\u00e9rmino municipal la que encontr\u00f3 las granadas de mano, denominadas Saleret.<\/p>\n\n\n\n<p>Miembros del grupo Tedax-NRBQ de la Comandancia de la Guardia Civil de Granada se desplazaron el pasado mi\u00e9rcoles hasta el lugar y procedieron a la neutralizaci\u00f3n de estos proyectiles, que estaban \u00aben avanzado estado de oxidaci\u00f3n\u00bb, si bien \u00abmanten\u00edan su carga explosiva intacta\u00bb.<\/p>\n\n\n\n<p>En este sentido, desde la Guardia Civil se ha hecho hincapi\u00e9 en que cualquier manipulaci\u00f3n indebida, puede generar la activaci\u00f3n de las posibles cargas explosivas y ocasionar lesiones graves.<\/p>\n\n\n\n<p>Por ello, ante la aparici\u00f3n de artefactos explosivos de estas caracter\u00edsticas, aconseja no tocar ni manipular el objeto, avisar a la Guardia Civil, y se\u00f1alizar si es posible la zona, impidiendo que el resto de personas accedan al lugar.<\/p>\n","protected":false},"excerpt":{"rendered":"<p>La Guardia Civil ha procedido a la neutralizaci\u00f3n de dos granadas de mano de la Guerra Civil halladas en una finca de la localidad de Jamilena. Los artefactos estaban oxidados, pero manten\u00edan su carga explosiva. Seg\u00fan ha informado el Instituto Armado, fue una persona que realizaba labores del campo en el citado t\u00e9rmino municipal la &hellip;<\/p>\n<p class=\"read-more\"> <a class=\"\" href=\"https:\/\/torredonjimenoactualidad.com\/index.php\/2023\/09\/18\/la-guardia-civil-neutraliza-dos-granadas-de-mano-de-la-guerra-civil-halladas-en-jamilena\/\"> <span class=\"screen-reader-text\">La Guardia Civil neutraliza dos granadas de mano de la Guerra Civil halladas en Jamilena<\/span> Leer m\u00e1s &raquo;<\/a><\/p>\n","protected":false},"author":2,"featured_media":990,"comment_status":"closed","ping_status":"open","sticky":false,"template":"","format":"standard","meta":{"site-sidebar-layout":"default","site-content-layout":"default","ast-global-header-display":"","ast-main-header-display":"","ast-hfb-above-header-display":"","ast-hfb-below-header-display":"","ast-hfb-mobile-header-display":"","site-post-title":"","ast-breadcrumbs-content":"","ast-featured-img":"","footer-sml-layout":"","theme-transparent-header-meta":"","adv-header-id-meta":"","stick-header-meta":"","header-above-stick-meta":"","header-main-stick-meta":"","header-below-stick-meta":"","footnotes":""},"categories":[8],"tags":[],"class_list":["post-989","post","type-post","status-publish","format-standard","has-post-thumbnail","hentry","category-provincia"],"yoast_head":"<!-- This site is optimized with the Yoast SEO plugin v20.8 - https:\/\/yoast.com\/wordpress\/plugins\/seo\/ -->\n<title>La Guardia Civil neutraliza dos granadas de mano de la Guerra Civil halladas en Jamilena - Torredonjimeno Actualidad<\/title>\n<meta name=\"robots\" content=\"index, follow, max-snippet:-1, max-image-preview:large, max-video-preview:-1\" \/>\n<link rel=\"canonical\" href=\"https:\/\/torredonjimenoactualidad.com\/index.php\/2023\/09\/18\/la-guardia-civil-neutraliza-dos-granadas-de-mano-de-la-guerra-civil-halladas-en-jamilena\/\" \/>\n<meta property=\"og:locale\" content=\"es_ES\" \/>\n<meta property=\"og:type\" content=\"article\" \/>\n<meta property=\"og:title\" content=\"La Guardia Civil neutraliza dos granadas de mano de la Guerra Civil halladas en Jamilena - Torredonjimeno Actualidad\" \/>\n<meta property=\"og:description\" content=\"La Guardia Civil ha procedido a la neutralizaci\u00f3n de dos granadas de mano de la Guerra Civil halladas en una finca de la localidad de Jamilena. Los artefactos estaban oxidados, pero manten\u00edan su carga explosiva. Seg\u00fan ha informado el Instituto Armado, fue una persona que realizaba labores del campo en el citado t\u00e9rmino municipal la &hellip; La Guardia Civil neutraliza dos granadas de mano de la Guerra Civil halladas en Jamilena Leer m\u00e1s &raquo;\" \/>\n<meta property=\"og:url\" content=\"https:\/\/torredonjimenoactualidad.com\/index.php\/2023\/09\/18\/la-guardia-civil-neutraliza-dos-granadas-de-mano-de-la-guerra-civil-halladas-en-jamilena\/\" \/>\n<meta property=\"og:site_name\" content=\"Torredonjimeno Actualidad\" \/>\n<meta property=\"article:published_time\" content=\"2023-09-18T06:32:47+00:00\" \/>\n<meta property=\"article:modified_time\" content=\"2023-09-18T06:32:48+00:00\" \/>\n<meta property=\"og:image\" content=\"https:\/\/torredonjimenoactualidad.com\/wp-content\/uploads\/2023\/09\/fotonoticia_20230915152742_1920.jpg\" \/>\n\t<meta property=\"og:image:width\" content=\"1605\" \/>\n\t<meta property=\"og:image:height\" content=\"917\" \/>\n\t<meta property=\"og:image:type\" content=\"image\/jpeg\" \/>\n<meta name=\"author\" content=\"Alba Mar\u00eda Torres\" \/>\n<meta name=\"twitter:card\" content=\"summary_large_image\" \/>\n<meta name=\"twitter:label1\" content=\"Escrito por\" \/>\n\t<meta name=\"twitter:data1\" content=\"Alba Mar\u00eda Torres\" \/>\n\t<meta name=\"twitter:label2\" content=\"Tiempo de lectura\" \/>\n\t<meta name=\"twitter:data2\" content=\"1 minuto\" \/>\n<script type=\"application\/ld+json\" class=\"yoast-schema-graph\">{\"@context\":\"https:\/\/schema.org\",\"@graph\":[{\"@type\":\"Article\",\"@id\":\"https:\/\/torredonjimenoactualidad.com\/index.php\/2023\/09\/18\/la-guardia-civil-neutraliza-dos-granadas-de-mano-de-la-guerra-civil-halladas-en-jamilena\/#article\",\"isPartOf\":{\"@id\":\"https:\/\/torredonjimenoactualidad.com\/index.php\/2023\/09\/18\/la-guardia-civil-neutraliza-dos-granadas-de-mano-de-la-guerra-civil-halladas-en-jamilena\/\"},\"author\":{\"name\":\"Alba Mar\u00eda Torres\",\"@id\":\"https:\/\/torredonjimenoactualidad.com\/#\/schema\/person\/84de5f233e783ef2c75151a532b54977\"},\"headline\":\"La Guardia Civil neutraliza dos granadas de mano de la Guerra Civil halladas en Jamilena\",\"datePublished\":\"2023-09-18T06:32:47+00:00\",\"dateModified\":\"2023-09-18T06:32:48+00:00\",\"mainEntityOfPage\":{\"@id\":\"https:\/\/torredonjimenoactualidad.com\/index.php\/2023\/09\/18\/la-guardia-civil-neutraliza-dos-granadas-de-mano-de-la-guerra-civil-halladas-en-jamilena\/\"},\"wordCount\":202,\"publisher\":{\"@id\":\"https:\/\/torredonjimenoactualidad.com\/#organization\"},\"articleSection\":[\"provincia\"],\"inLanguage\":\"es\"},{\"@type\":\"WebPage\",\"@id\":\"https:\/\/torredonjimenoactualidad.com\/index.php\/2023\/09\/18\/la-guardia-civil-neutraliza-dos-granadas-de-mano-de-la-guerra-civil-halladas-en-jamilena\/\",\"url\":\"https:\/\/torredonjimenoactualidad.com\/index.php\/2023\/09\/18\/la-guardia-civil-neutraliza-dos-granadas-de-mano-de-la-guerra-civil-halladas-en-jamilena\/\",\"name\":\"La Guardia Civil neutraliza dos granadas de mano de la Guerra Civil halladas en Jamilena - Torredonjimeno Actualidad\",\"isPartOf\":{\"@id\":\"https:\/\/torredonjimenoactualidad.com\/#website\"},\"datePublished\":\"2023-09-18T06:32:47+00:00\",\"dateModified\":\"2023-09-18T06:32:48+00:00\",\"breadcrumb\":{\"@id\":\"https:\/\/torredonjimenoactualidad.com\/index.php\/2023\/09\/18\/la-guardia-civil-neutraliza-dos-granadas-de-mano-de-la-guerra-civil-halladas-en-jamilena\/#breadcrumb\"},\"inLanguage\":\"es\",\"potentialAction\":[{\"@type\":\"ReadAction\",\"target\":[\"https:\/\/torredonjimenoactualidad.com\/index.php\/2023\/09\/18\/la-guardia-civil-neutraliza-dos-granadas-de-mano-de-la-guerra-civil-halladas-en-jamilena\/\"]}]},{\"@type\":\"BreadcrumbList\",\"@id\":\"https:\/\/torredonjimenoactualidad.com\/index.php\/2023\/09\/18\/la-guardia-civil-neutraliza-dos-granadas-de-mano-de-la-guerra-civil-halladas-en-jamilena\/#breadcrumb\",\"itemListElement\":[{\"@type\":\"ListItem\",\"position\":1,\"name\":\"Portada\",\"item\":\"https:\/\/torredonjimenoactualidad.com\/\"},{\"@type\":\"ListItem\",\"position\":2,\"name\":\"La Guardia Civil neutraliza dos granadas de mano de la Guerra Civil halladas en Jamilena\"}]},{\"@type\":\"WebSite\",\"@id\":\"https:\/\/torredonjimenoactualidad.com\/#website\",\"url\":\"https:\/\/torredonjimenoactualidad.com\/\",\"name\":\"Torredonjimeno Actualidad\",\"description\":\"\",\"publisher\":{\"@id\":\"https:\/\/torredonjimenoactualidad.com\/#organization\"},\"potentialAction\":[{\"@type\":\"SearchAction\",\"target\":{\"@type\":\"EntryPoint\",\"urlTemplate\":\"https:\/\/torredonjimenoactualidad.com\/?s={search_term_string}\"},\"query-input\":\"required name=search_term_string\"}],\"inLanguage\":\"es\"},{\"@type\":\"Organization\",\"@id\":\"https:\/\/torredonjimenoactualidad.com\/#organization\",\"name\":\"Torredonjimeno Actualidad\",\"url\":\"https:\/\/torredonjimenoactualidad.com\/\",\"logo\":{\"@type\":\"ImageObject\",\"inLanguage\":\"es\",\"@id\":\"https:\/\/torredonjimenoactualidad.com\/#\/schema\/logo\/image\/\",\"url\":\"https:\/\/torredonjimenoactualidad.com\/wp-content\/uploads\/2023\/02\/logo-torredonjimeno-544x180-1.png\",\"contentUrl\":\"https:\/\/torredonjimenoactualidad.com\/wp-content\/uploads\/2023\/02\/logo-torredonjimeno-544x180-1.png\",\"width\":545,\"height\":112,\"caption\":\"Torredonjimeno Actualidad\"},\"image\":{\"@id\":\"https:\/\/torredonjimenoactualidad.com\/#\/schema\/logo\/image\/\"}},{\"@type\":\"Person\",\"@id\":\"https:\/\/torredonjimenoactualidad.com\/#\/schema\/person\/84de5f233e783ef2c75151a532b54977\",\"name\":\"Alba Mar\u00eda Torres\",\"image\":{\"@type\":\"ImageObject\",\"inLanguage\":\"es\",\"@id\":\"https:\/\/torredonjimenoactualidad.com\/#\/schema\/person\/image\/\",\"url\":\"https:\/\/secure.gravatar.com\/avatar\/f9371f188c71501b4475a9ba2a71595850ec72967f800a2ed8e3e2102859ed65?s=96&d=mm&r=g\",\"contentUrl\":\"https:\/\/secure.gravatar.com\/avatar\/f9371f188c71501b4475a9ba2a71595850ec72967f800a2ed8e3e2102859ed65?s=96&d=mm&r=g\",\"caption\":\"Alba Mar\u00eda Torres\"},\"url\":\"https:\/\/torredonjimenoactualidad.com\/index.php\/author\/alba-torres\/\"}]}<\/script>\n<!-- \/ Yoast SEO plugin. -->","yoast_head_json":{"title":"La Guardia Civil neutraliza dos granadas de mano de la Guerra Civil halladas en Jamilena - Torredonjimeno Actualidad","robots":{"index":"index","follow":"follow","max-snippet":"max-snippet:-1","max-image-preview":"max-image-preview:large","max-video-preview":"max-video-preview:-1"},"canonical":"https:\/\/torredonjimenoactualidad.com\/index.php\/2023\/09\/18\/la-guardia-civil-neutraliza-dos-granadas-de-mano-de-la-guerra-civil-halladas-en-jamilena\/","og_locale":"es_ES","og_type":"article","og_title":"La Guardia Civil neutraliza dos granadas de mano de la Guerra Civil halladas en Jamilena - Torredonjimeno Actualidad","og_description":"La Guardia Civil ha procedido a la neutralizaci\u00f3n de dos granadas de mano de la Guerra Civil halladas en una finca de la localidad de Jamilena. Los artefactos estaban oxidados, pero manten\u00edan su carga explosiva. Seg\u00fan ha informado el Instituto Armado, fue una persona que realizaba labores del campo en el citado t\u00e9rmino municipal la &hellip; La Guardia Civil neutraliza dos granadas de mano de la Guerra Civil halladas en Jamilena Leer m\u00e1s &raquo;","og_url":"https:\/\/torredonjimenoactualidad.com\/index.php\/2023\/09\/18\/la-guardia-civil-neutraliza-dos-granadas-de-mano-de-la-guerra-civil-halladas-en-jamilena\/","og_site_name":"Torredonjimeno Actualidad","article_published_time":"2023-09-18T06:32:47+00:00","article_modified_time":"2023-09-18T06:32:48+00:00","og_image":[{"width":1605,"height":917,"url":"https:\/\/torredonjimenoactualidad.com\/wp-content\/uploads\/2023\/09\/fotonoticia_20230915152742_1920.jpg","type":"image\/jpeg"}],"author":"Alba Mar\u00eda Torres","twitter_card":"summary_large_image","twitter_misc":{"Escrito por":"Alba Mar\u00eda Torres","Tiempo de lectura":"1 minuto"},"schema":{"@context":"https:\/\/schema.org","@graph":[{"@type":"Article","@id":"https:\/\/torredonjimenoactualidad.com\/index.php\/2023\/09\/18\/la-guardia-civil-neutraliza-dos-granadas-de-mano-de-la-guerra-civil-halladas-en-jamilena\/#article","isPartOf":{"@id":"https:\/\/torredonjimenoactualidad.com\/index.php\/2023\/09\/18\/la-guardia-civil-neutraliza-dos-granadas-de-mano-de-la-guerra-civil-halladas-en-jamilena\/"},"author":{"name":"Alba Mar\u00eda Torres","@id":"https:\/\/torredonjimenoactualidad.com\/#\/schema\/person\/84de5f233e783ef2c75151a532b54977"},"headline":"La Guardia Civil neutraliza dos granadas de mano de la Guerra Civil halladas en Jamilena","datePublished":"2023-09-18T06:32:47+00:00","dateModified":"2023-09-18T06:32:48+00:00","mainEntityOfPage":{"@id":"https:\/\/torredonjimenoactualidad.com\/index.php\/2023\/09\/18\/la-guardia-civil-neutraliza-dos-granadas-de-mano-de-la-guerra-civil-halladas-en-jamilena\/"},"wordCount":202,"publisher":{"@id":"https:\/\/torredonjimenoactualidad.com\/#organization"},"articleSection":["provincia"],"inLanguage":"es"},{"@type":"WebPage","@id":"https:\/\/torredonjimenoactualidad.com\/index.php\/2023\/09\/18\/la-guardia-civil-neutraliza-dos-granadas-de-mano-de-la-guerra-civil-halladas-en-jamilena\/","url":"https:\/\/torredonjimenoactualidad.com\/index.php\/2023\/09\/18\/la-guardia-civil-neutraliza-dos-granadas-de-mano-de-la-guerra-civil-halladas-en-jamilena\/","name":"La Guardia Civil neutraliza dos granadas de mano de la Guerra Civil halladas en Jamilena - Torredonjimeno Actualidad","isPartOf":{"@id":"https:\/\/torredonjimenoactualidad.com\/#website"},"datePublished":"2023-09-18T06:32:47+00:00","dateModified":"2023-09-18T06:32:48+00:00","breadcrumb":{"@id":"https:\/\/torredonjimenoactualidad.com\/index.php\/2023\/09\/18\/la-guardia-civil-neutraliza-dos-granadas-de-mano-de-la-guerra-civil-halladas-en-jamilena\/#breadcrumb"},"inLanguage":"es","potentialAction":[{"@type":"ReadAction","target":["https:\/\/torredonjimenoactualidad.com\/index.php\/2023\/09\/18\/la-guardia-civil-neutraliza-dos-granadas-de-mano-de-la-guerra-civil-halladas-en-jamilena\/"]}]},{"@type":"BreadcrumbList","@id":"https:\/\/torredonjimenoactualidad.com\/index.php\/2023\/09\/18\/la-guardia-civil-neutraliza-dos-granadas-de-mano-de-la-guerra-civil-halladas-en-jamilena\/#breadcrumb","itemListElement":[{"@type":"ListItem","position":1,"name":"Portada","item":"https:\/\/torredonjimenoactualidad.com\/"},{"@type":"ListItem","position":2,"name":"La Guardia Civil neutraliza dos granadas de mano de la Guerra Civil halladas en Jamilena"}]},{"@type":"WebSite","@id":"https:\/\/torredonjimenoactualidad.com\/#website","url":"https:\/\/torredonjimenoactualidad.com\/","name":"Torredonjimeno Actualidad","description":"","publisher":{"@id":"https:\/\/torredonjimenoactualidad.com\/#organization"},"potentialAction":[{"@type":"SearchAction","target":{"@type":"EntryPoint","urlTemplate":"https:\/\/torredonjimenoactualidad.com\/?s={search_term_string}"},"query-input":"required name=search_term_string"}],"inLanguage":"es"},{"@type":"Organization","@id":"https:\/\/torredonjimenoactualidad.com\/#organization","name":"Torredonjimeno Actualidad","url":"https:\/\/torredonjimenoactualidad.com\/","logo":{"@type":"ImageObject","inLanguage":"es","@id":"https:\/\/torredonjimenoactualidad.com\/#\/schema\/logo\/image\/","url":"https:\/\/torredonjimenoactualidad.com\/wp-content\/uploads\/2023\/02\/logo-torredonjimeno-544x180-1.png","contentUrl":"https:\/\/torredonjimenoactualidad.com\/wp-content\/uploads\/2023\/02\/logo-torredonjimeno-544x180-1.png","width":545,"height":112,"caption":"Torredonjimeno Actualidad"},"image":{"@id":"https:\/\/torredonjimenoactualidad.com\/#\/schema\/logo\/image\/"}},{"@type":"Person","@id":"https:\/\/torredonjimenoactualidad.com\/#\/schema\/person\/84de5f233e783ef2c75151a532b54977","name":"Alba Mar\u00eda Torres","image":{"@type":"ImageObject","inLanguage":"es","@id":"https:\/\/torredonjimenoactualidad.com\/#\/schema\/person\/image\/","url":"https:\/\/secure.gravatar.com\/avatar\/f9371f188c71501b4475a9ba2a71595850ec72967f800a2ed8e3e2102859ed65?s=96&d=mm&r=g","contentUrl":"https:\/\/secure.gravatar.com\/avatar\/f9371f188c71501b4475a9ba2a71595850ec72967f800a2ed8e3e2102859ed65?s=96&d=mm&r=g","caption":"Alba Mar\u00eda Torres"},"url":"https:\/\/torredonjimenoactualidad.com\/index.php\/author\/alba-torres\/"}]}},"_links":{"self":[{"href":"https:\/\/torredonjimenoactualidad.com\/index.php\/wp-json\/wp\/v2\/posts\/989","targetHints":{"allow":["GET"]}}],"collection":[{"href":"https:\/\/torredonjimenoactualidad.com\/index.php\/wp-json\/wp\/v2\/posts"}],"about":[{"href":"https:\/\/torredonjimenoactualidad.com\/index.php\/wp-json\/wp\/v2\/types\/post"}],"author":[{"embeddable":true,"href":"https:\/\/torredonjimenoactualidad.com\/index.php\/wp-json\/wp\/v2\/users\/2"}],"replies":[{"embeddable":true,"href":"https:\/\/torredonjimenoactualidad.com\/index.php\/wp-json\/wp\/v2\/comments?post=989"}],"version-history":[{"count":1,"href":"https:\/\/torredonjimenoactualidad.com\/index.php\/wp-json\/wp\/v2\/posts\/989\/revisions"}],"predecessor-version":[{"id":991,"href":"https:\/\/torredonjimenoactualidad.com\/index.php\/wp-json\/wp\/v2\/posts\/989\/revisions\/991"}],"wp:featuredmedia":[{"embeddable":true,"href":"https:\/\/torredonjimenoactualidad.com\/index.php\/wp-json\/wp\/v2\/media\/990"}],"wp:attachment":[{"href":"https:\/\/torredonjimenoactualidad.com\/index.php\/wp-json\/wp\/v2\/media?parent=989"}],"wp:term":[{"taxonomy":"category","embeddable":true,"href":"https:\/\/torredonjimenoactualidad.com\/index.php\/wp-json\/wp\/v2\/categories?post=989"},{"taxonomy":"post_tag","embeddable":true,"href":"https:\/\/torredonjimenoactualidad.com\/index.php\/wp-json\/wp\/v2\/tags?post=989"}],"curies":[{"name":"wp","href":"https:\/\/api.w.org\/{rel}","templated":true}]}}