{"id":986,"date":"2023-09-14T15:33:52","date_gmt":"2023-09-14T15:33:52","guid":{"rendered":"https:\/\/torredonjimenoactualidad.com\/?p=986"},"modified":"2023-09-14T15:33:53","modified_gmt":"2023-09-14T15:33:53","slug":"la-galeria-del-centro-comercial-jaen-plaza-reabrira-el-27-de-octubre","status":"publish","type":"post","link":"https:\/\/torredonjimenoactualidad.com\/index.php\/2023\/09\/14\/la-galeria-del-centro-comercial-jaen-plaza-reabrira-el-27-de-octubre\/","title":{"rendered":"La galer\u00eda del Centro Comercial Ja\u00e9n Plaza reabrir\u00e1 el 27 de octubre"},"content":{"rendered":"\n<p>La galer\u00eda comercial del Centro Comercial Ja\u00e9n Plaza, cerrada tras el incendio registrado el pasado 24 de julio en el exterior de las instalaciones, pero que afect\u00f3 a una zona de las cubiertas, reabrir\u00e1 el pr\u00f3ximo 27 de octubre.<\/p>\n\n\n\n<p>As\u00ed lo ha indicado en un comunicado el Grupo Alvores, promotor de estas instalaciones ubicadas en la zona de Las Lagunillas de la capital jiennense.<\/p>\n\n\n\n<p>Seg\u00fan ha explicado, \u00abtras la rigurosa evaluaci\u00f3n de todos los sistemas e instalaciones del inmueble por parte de los t\u00e9cnicos y peritos responsables, se confirma que mayoritariamente la acci\u00f3n del fuego afect\u00f3 a la cubierta de planta alta y las instalaciones y elementos que sobre ella se ubicaban\u00bb.<\/p>\n\n\n\n<p>Ha a\u00f1adido que, gracias al protocolo de seguridad del Centro Comercial Ja\u00e9n Plaza, \u00abcon mecanismos especialmente preparados para atender casos de emergencia, se limit\u00f3 la envergadura de este incidente y se evitaron da\u00f1os tanto estructurales como personales\u00bb.<\/p>\n\n\n\n<p>\u00abDespu\u00e9s de semanas de evaluaci\u00f3n y trabajos de reparaci\u00f3n, los cuales avanzan a buen ritmo, nos encontramos en disposici\u00f3n de anunciar la reapertura de la galer\u00eda comercial el pr\u00f3ximo viernes 27 de octubre\u00bb, ha afirmado Alvores, desde el que se ha destacado este espacio como \u00abreferencia para el ocio, las compras, la diversi\u00f3n y el encuentro\u00bb en la provincia jiennense.<\/p>\n\n\n\n<p>Por otro lado, y tras agradecer \u00aba medios de comunicaci\u00f3n, usuarios y operadores afectados, la comprensi\u00f3n y disposici\u00f3n durante estas semanas de trabajo intenso\u00bb, los responsables del centro comercial han aprovechado para anunciar la incorporaci\u00f3n de nuevas firmas: Tramas+, Popeyes, Pilar Prieto, Sal\u00f3n Gil y Loops &amp; Coffee.<\/p>\n","protected":false},"excerpt":{"rendered":"<p>La galer\u00eda comercial del Centro Comercial Ja\u00e9n Plaza, cerrada tras el incendio registrado el pasado 24 de julio en el exterior de las instalaciones, pero que afect\u00f3 a una zona de las cubiertas, reabrir\u00e1 el pr\u00f3ximo 27 de octubre. As\u00ed lo ha indicado en un comunicado el Grupo Alvores, promotor de estas instalaciones ubicadas en &hellip;<\/p>\n<p class=\"read-more\"> <a class=\"\" href=\"https:\/\/torredonjimenoactualidad.com\/index.php\/2023\/09\/14\/la-galeria-del-centro-comercial-jaen-plaza-reabrira-el-27-de-octubre\/\"> <span class=\"screen-reader-text\">La galer\u00eda del Centro Comercial Ja\u00e9n Plaza reabrir\u00e1 el 27 de octubre<\/span> Leer m\u00e1s &raquo;<\/a><\/p>\n","protected":false},"author":2,"featured_media":987,"comment_status":"closed","ping_status":"open","sticky":false,"template":"","format":"standard","meta":{"site-sidebar-layout":"default","site-content-layout":"default","ast-global-header-display":"","ast-main-header-display":"","ast-hfb-above-header-display":"","ast-hfb-below-header-display":"","ast-hfb-mobile-header-display":"","site-post-title":"","ast-breadcrumbs-content":"","ast-featured-img":"","footer-sml-layout":"","theme-transparent-header-meta":"","adv-header-id-meta":"","stick-header-meta":"","header-above-stick-meta":"","header-main-stick-meta":"","header-below-stick-meta":"","footnotes":""},"categories":[8],"tags":[],"class_list":["post-986","post","type-post","status-publish","format-standard","has-post-thumbnail","hentry","category-provincia"],"yoast_head":"<!-- This site is optimized with the Yoast SEO plugin v20.8 - https:\/\/yoast.com\/wordpress\/plugins\/seo\/ -->\n<title>La galer\u00eda del Centro Comercial Ja\u00e9n Plaza reabrir\u00e1 el 27 de octubre - Torredonjimeno Actualidad<\/title>\n<meta name=\"robots\" content=\"index, follow, max-snippet:-1, max-image-preview:large, max-video-preview:-1\" \/>\n<link rel=\"canonical\" href=\"https:\/\/torredonjimenoactualidad.com\/index.php\/2023\/09\/14\/la-galeria-del-centro-comercial-jaen-plaza-reabrira-el-27-de-octubre\/\" \/>\n<meta property=\"og:locale\" content=\"es_ES\" \/>\n<meta property=\"og:type\" content=\"article\" \/>\n<meta property=\"og:title\" content=\"La galer\u00eda del Centro Comercial Ja\u00e9n Plaza reabrir\u00e1 el 27 de octubre - Torredonjimeno Actualidad\" \/>\n<meta property=\"og:description\" content=\"La galer\u00eda comercial del Centro Comercial Ja\u00e9n Plaza, cerrada tras el incendio registrado el pasado 24 de julio en el exterior de las instalaciones, pero que afect\u00f3 a una zona de las cubiertas, reabrir\u00e1 el pr\u00f3ximo 27 de octubre. As\u00ed lo ha indicado en un comunicado el Grupo Alvores, promotor de estas instalaciones ubicadas en &hellip; La galer\u00eda del Centro Comercial Ja\u00e9n Plaza reabrir\u00e1 el 27 de octubre Leer m\u00e1s &raquo;\" \/>\n<meta property=\"og:url\" content=\"https:\/\/torredonjimenoactualidad.com\/index.php\/2023\/09\/14\/la-galeria-del-centro-comercial-jaen-plaza-reabrira-el-27-de-octubre\/\" \/>\n<meta property=\"og:site_name\" content=\"Torredonjimeno Actualidad\" \/>\n<meta property=\"article:published_time\" content=\"2023-09-14T15:33:52+00:00\" \/>\n<meta property=\"article:modified_time\" content=\"2023-09-14T15:33:53+00:00\" \/>\n<meta property=\"og:image\" content=\"https:\/\/torredonjimenoactualidad.com\/wp-content\/uploads\/2023\/09\/WhatsApp-Image-2023-05-25-at-19.12.14-1.jpeg\" \/>\n\t<meta property=\"og:image:width\" content=\"1599\" \/>\n\t<meta property=\"og:image:height\" content=\"914\" \/>\n\t<meta property=\"og:image:type\" content=\"image\/jpeg\" \/>\n<meta name=\"author\" content=\"Alba Mar\u00eda Torres\" \/>\n<meta name=\"twitter:card\" content=\"summary_large_image\" \/>\n<meta name=\"twitter:label1\" content=\"Escrito por\" \/>\n\t<meta name=\"twitter:data1\" content=\"Alba Mar\u00eda Torres\" \/>\n\t<meta name=\"twitter:label2\" content=\"Tiempo de lectura\" \/>\n\t<meta name=\"twitter:data2\" content=\"2 minutos\" \/>\n<script type=\"application\/ld+json\" class=\"yoast-schema-graph\">{\"@context\":\"https:\/\/schema.org\",\"@graph\":[{\"@type\":\"Article\",\"@id\":\"https:\/\/torredonjimenoactualidad.com\/index.php\/2023\/09\/14\/la-galeria-del-centro-comercial-jaen-plaza-reabrira-el-27-de-octubre\/#article\",\"isPartOf\":{\"@id\":\"https:\/\/torredonjimenoactualidad.com\/index.php\/2023\/09\/14\/la-galeria-del-centro-comercial-jaen-plaza-reabrira-el-27-de-octubre\/\"},\"author\":{\"name\":\"Alba Mar\u00eda Torres\",\"@id\":\"https:\/\/torredonjimenoactualidad.com\/#\/schema\/person\/84de5f233e783ef2c75151a532b54977\"},\"headline\":\"La galer\u00eda del Centro Comercial Ja\u00e9n Plaza reabrir\u00e1 el 27 de octubre\",\"datePublished\":\"2023-09-14T15:33:52+00:00\",\"dateModified\":\"2023-09-14T15:33:53+00:00\",\"mainEntityOfPage\":{\"@id\":\"https:\/\/torredonjimenoactualidad.com\/index.php\/2023\/09\/14\/la-galeria-del-centro-comercial-jaen-plaza-reabrira-el-27-de-octubre\/\"},\"wordCount\":289,\"publisher\":{\"@id\":\"https:\/\/torredonjimenoactualidad.com\/#organization\"},\"articleSection\":[\"provincia\"],\"inLanguage\":\"es\"},{\"@type\":\"WebPage\",\"@id\":\"https:\/\/torredonjimenoactualidad.com\/index.php\/2023\/09\/14\/la-galeria-del-centro-comercial-jaen-plaza-reabrira-el-27-de-octubre\/\",\"url\":\"https:\/\/torredonjimenoactualidad.com\/index.php\/2023\/09\/14\/la-galeria-del-centro-comercial-jaen-plaza-reabrira-el-27-de-octubre\/\",\"name\":\"La galer\u00eda del Centro Comercial Ja\u00e9n Plaza reabrir\u00e1 el 27 de octubre - Torredonjimeno Actualidad\",\"isPartOf\":{\"@id\":\"https:\/\/torredonjimenoactualidad.com\/#website\"},\"datePublished\":\"2023-09-14T15:33:52+00:00\",\"dateModified\":\"2023-09-14T15:33:53+00:00\",\"breadcrumb\":{\"@id\":\"https:\/\/torredonjimenoactualidad.com\/index.php\/2023\/09\/14\/la-galeria-del-centro-comercial-jaen-plaza-reabrira-el-27-de-octubre\/#breadcrumb\"},\"inLanguage\":\"es\",\"potentialAction\":[{\"@type\":\"ReadAction\",\"target\":[\"https:\/\/torredonjimenoactualidad.com\/index.php\/2023\/09\/14\/la-galeria-del-centro-comercial-jaen-plaza-reabrira-el-27-de-octubre\/\"]}]},{\"@type\":\"BreadcrumbList\",\"@id\":\"https:\/\/torredonjimenoactualidad.com\/index.php\/2023\/09\/14\/la-galeria-del-centro-comercial-jaen-plaza-reabrira-el-27-de-octubre\/#breadcrumb\",\"itemListElement\":[{\"@type\":\"ListItem\",\"position\":1,\"name\":\"Portada\",\"item\":\"https:\/\/torredonjimenoactualidad.com\/\"},{\"@type\":\"ListItem\",\"position\":2,\"name\":\"La galer\u00eda del Centro Comercial Ja\u00e9n Plaza reabrir\u00e1 el 27 de octubre\"}]},{\"@type\":\"WebSite\",\"@id\":\"https:\/\/torredonjimenoactualidad.com\/#website\",\"url\":\"https:\/\/torredonjimenoactualidad.com\/\",\"name\":\"Torredonjimeno Actualidad\",\"description\":\"\",\"publisher\":{\"@id\":\"https:\/\/torredonjimenoactualidad.com\/#organization\"},\"potentialAction\":[{\"@type\":\"SearchAction\",\"target\":{\"@type\":\"EntryPoint\",\"urlTemplate\":\"https:\/\/torredonjimenoactualidad.com\/?s={search_term_string}\"},\"query-input\":\"required name=search_term_string\"}],\"inLanguage\":\"es\"},{\"@type\":\"Organization\",\"@id\":\"https:\/\/torredonjimenoactualidad.com\/#organization\",\"name\":\"Torredonjimeno Actualidad\",\"url\":\"https:\/\/torredonjimenoactualidad.com\/\",\"logo\":{\"@type\":\"ImageObject\",\"inLanguage\":\"es\",\"@id\":\"https:\/\/torredonjimenoactualidad.com\/#\/schema\/logo\/image\/\",\"url\":\"https:\/\/torredonjimenoactualidad.com\/wp-content\/uploads\/2023\/02\/logo-torredonjimeno-544x180-1.png\",\"contentUrl\":\"https:\/\/torredonjimenoactualidad.com\/wp-content\/uploads\/2023\/02\/logo-torredonjimeno-544x180-1.png\",\"width\":545,\"height\":112,\"caption\":\"Torredonjimeno Actualidad\"},\"image\":{\"@id\":\"https:\/\/torredonjimenoactualidad.com\/#\/schema\/logo\/image\/\"}},{\"@type\":\"Person\",\"@id\":\"https:\/\/torredonjimenoactualidad.com\/#\/schema\/person\/84de5f233e783ef2c75151a532b54977\",\"name\":\"Alba Mar\u00eda Torres\",\"image\":{\"@type\":\"ImageObject\",\"inLanguage\":\"es\",\"@id\":\"https:\/\/torredonjimenoactualidad.com\/#\/schema\/person\/image\/\",\"url\":\"https:\/\/secure.gravatar.com\/avatar\/f9371f188c71501b4475a9ba2a71595850ec72967f800a2ed8e3e2102859ed65?s=96&d=mm&r=g\",\"contentUrl\":\"https:\/\/secure.gravatar.com\/avatar\/f9371f188c71501b4475a9ba2a71595850ec72967f800a2ed8e3e2102859ed65?s=96&d=mm&r=g\",\"caption\":\"Alba Mar\u00eda Torres\"},\"url\":\"https:\/\/torredonjimenoactualidad.com\/index.php\/author\/alba-torres\/\"}]}<\/script>\n<!-- \/ Yoast SEO plugin. -->","yoast_head_json":{"title":"La galer\u00eda del Centro Comercial Ja\u00e9n Plaza reabrir\u00e1 el 27 de octubre - Torredonjimeno Actualidad","robots":{"index":"index","follow":"follow","max-snippet":"max-snippet:-1","max-image-preview":"max-image-preview:large","max-video-preview":"max-video-preview:-1"},"canonical":"https:\/\/torredonjimenoactualidad.com\/index.php\/2023\/09\/14\/la-galeria-del-centro-comercial-jaen-plaza-reabrira-el-27-de-octubre\/","og_locale":"es_ES","og_type":"article","og_title":"La galer\u00eda del Centro Comercial Ja\u00e9n Plaza reabrir\u00e1 el 27 de octubre - Torredonjimeno Actualidad","og_description":"La galer\u00eda comercial del Centro Comercial Ja\u00e9n Plaza, cerrada tras el incendio registrado el pasado 24 de julio en el exterior de las instalaciones, pero que afect\u00f3 a una zona de las cubiertas, reabrir\u00e1 el pr\u00f3ximo 27 de octubre. As\u00ed lo ha indicado en un comunicado el Grupo Alvores, promotor de estas instalaciones ubicadas en &hellip; La galer\u00eda del Centro Comercial Ja\u00e9n Plaza reabrir\u00e1 el 27 de octubre Leer m\u00e1s &raquo;","og_url":"https:\/\/torredonjimenoactualidad.com\/index.php\/2023\/09\/14\/la-galeria-del-centro-comercial-jaen-plaza-reabrira-el-27-de-octubre\/","og_site_name":"Torredonjimeno Actualidad","article_published_time":"2023-09-14T15:33:52+00:00","article_modified_time":"2023-09-14T15:33:53+00:00","og_image":[{"width":1599,"height":914,"url":"https:\/\/torredonjimenoactualidad.com\/wp-content\/uploads\/2023\/09\/WhatsApp-Image-2023-05-25-at-19.12.14-1.jpeg","type":"image\/jpeg"}],"author":"Alba Mar\u00eda Torres","twitter_card":"summary_large_image","twitter_misc":{"Escrito por":"Alba Mar\u00eda Torres","Tiempo de lectura":"2 minutos"},"schema":{"@context":"https:\/\/schema.org","@graph":[{"@type":"Article","@id":"https:\/\/torredonjimenoactualidad.com\/index.php\/2023\/09\/14\/la-galeria-del-centro-comercial-jaen-plaza-reabrira-el-27-de-octubre\/#article","isPartOf":{"@id":"https:\/\/torredonjimenoactualidad.com\/index.php\/2023\/09\/14\/la-galeria-del-centro-comercial-jaen-plaza-reabrira-el-27-de-octubre\/"},"author":{"name":"Alba Mar\u00eda Torres","@id":"https:\/\/torredonjimenoactualidad.com\/#\/schema\/person\/84de5f233e783ef2c75151a532b54977"},"headline":"La galer\u00eda del Centro Comercial Ja\u00e9n Plaza reabrir\u00e1 el 27 de octubre","datePublished":"2023-09-14T15:33:52+00:00","dateModified":"2023-09-14T15:33:53+00:00","mainEntityOfPage":{"@id":"https:\/\/torredonjimenoactualidad.com\/index.php\/2023\/09\/14\/la-galeria-del-centro-comercial-jaen-plaza-reabrira-el-27-de-octubre\/"},"wordCount":289,"publisher":{"@id":"https:\/\/torredonjimenoactualidad.com\/#organization"},"articleSection":["provincia"],"inLanguage":"es"},{"@type":"WebPage","@id":"https:\/\/torredonjimenoactualidad.com\/index.php\/2023\/09\/14\/la-galeria-del-centro-comercial-jaen-plaza-reabrira-el-27-de-octubre\/","url":"https:\/\/torredonjimenoactualidad.com\/index.php\/2023\/09\/14\/la-galeria-del-centro-comercial-jaen-plaza-reabrira-el-27-de-octubre\/","name":"La galer\u00eda del Centro Comercial Ja\u00e9n Plaza reabrir\u00e1 el 27 de octubre - Torredonjimeno Actualidad","isPartOf":{"@id":"https:\/\/torredonjimenoactualidad.com\/#website"},"datePublished":"2023-09-14T15:33:52+00:00","dateModified":"2023-09-14T15:33:53+00:00","breadcrumb":{"@id":"https:\/\/torredonjimenoactualidad.com\/index.php\/2023\/09\/14\/la-galeria-del-centro-comercial-jaen-plaza-reabrira-el-27-de-octubre\/#breadcrumb"},"inLanguage":"es","potentialAction":[{"@type":"ReadAction","target":["https:\/\/torredonjimenoactualidad.com\/index.php\/2023\/09\/14\/la-galeria-del-centro-comercial-jaen-plaza-reabrira-el-27-de-octubre\/"]}]},{"@type":"BreadcrumbList","@id":"https:\/\/torredonjimenoactualidad.com\/index.php\/2023\/09\/14\/la-galeria-del-centro-comercial-jaen-plaza-reabrira-el-27-de-octubre\/#breadcrumb","itemListElement":[{"@type":"ListItem","position":1,"name":"Portada","item":"https:\/\/torredonjimenoactualidad.com\/"},{"@type":"ListItem","position":2,"name":"La galer\u00eda del Centro Comercial Ja\u00e9n Plaza reabrir\u00e1 el 27 de octubre"}]},{"@type":"WebSite","@id":"https:\/\/torredonjimenoactualidad.com\/#website","url":"https:\/\/torredonjimenoactualidad.com\/","name":"Torredonjimeno Actualidad","description":"","publisher":{"@id":"https:\/\/torredonjimenoactualidad.com\/#organization"},"potentialAction":[{"@type":"SearchAction","target":{"@type":"EntryPoint","urlTemplate":"https:\/\/torredonjimenoactualidad.com\/?s={search_term_string}"},"query-input":"required name=search_term_string"}],"inLanguage":"es"},{"@type":"Organization","@id":"https:\/\/torredonjimenoactualidad.com\/#organization","name":"Torredonjimeno Actualidad","url":"https:\/\/torredonjimenoactualidad.com\/","logo":{"@type":"ImageObject","inLanguage":"es","@id":"https:\/\/torredonjimenoactualidad.com\/#\/schema\/logo\/image\/","url":"https:\/\/torredonjimenoactualidad.com\/wp-content\/uploads\/2023\/02\/logo-torredonjimeno-544x180-1.png","contentUrl":"https:\/\/torredonjimenoactualidad.com\/wp-content\/uploads\/2023\/02\/logo-torredonjimeno-544x180-1.png","width":545,"height":112,"caption":"Torredonjimeno Actualidad"},"image":{"@id":"https:\/\/torredonjimenoactualidad.com\/#\/schema\/logo\/image\/"}},{"@type":"Person","@id":"https:\/\/torredonjimenoactualidad.com\/#\/schema\/person\/84de5f233e783ef2c75151a532b54977","name":"Alba Mar\u00eda Torres","image":{"@type":"ImageObject","inLanguage":"es","@id":"https:\/\/torredonjimenoactualidad.com\/#\/schema\/person\/image\/","url":"https:\/\/secure.gravatar.com\/avatar\/f9371f188c71501b4475a9ba2a71595850ec72967f800a2ed8e3e2102859ed65?s=96&d=mm&r=g","contentUrl":"https:\/\/secure.gravatar.com\/avatar\/f9371f188c71501b4475a9ba2a71595850ec72967f800a2ed8e3e2102859ed65?s=96&d=mm&r=g","caption":"Alba Mar\u00eda Torres"},"url":"https:\/\/torredonjimenoactualidad.com\/index.php\/author\/alba-torres\/"}]}},"_links":{"self":[{"href":"https:\/\/torredonjimenoactualidad.com\/index.php\/wp-json\/wp\/v2\/posts\/986","targetHints":{"allow":["GET"]}}],"collection":[{"href":"https:\/\/torredonjimenoactualidad.com\/index.php\/wp-json\/wp\/v2\/posts"}],"about":[{"href":"https:\/\/torredonjimenoactualidad.com\/index.php\/wp-json\/wp\/v2\/types\/post"}],"author":[{"embeddable":true,"href":"https:\/\/torredonjimenoactualidad.com\/index.php\/wp-json\/wp\/v2\/users\/2"}],"replies":[{"embeddable":true,"href":"https:\/\/torredonjimenoactualidad.com\/index.php\/wp-json\/wp\/v2\/comments?post=986"}],"version-history":[{"count":1,"href":"https:\/\/torredonjimenoactualidad.com\/index.php\/wp-json\/wp\/v2\/posts\/986\/revisions"}],"predecessor-version":[{"id":988,"href":"https:\/\/torredonjimenoactualidad.com\/index.php\/wp-json\/wp\/v2\/posts\/986\/revisions\/988"}],"wp:featuredmedia":[{"embeddable":true,"href":"https:\/\/torredonjimenoactualidad.com\/index.php\/wp-json\/wp\/v2\/media\/987"}],"wp:attachment":[{"href":"https:\/\/torredonjimenoactualidad.com\/index.php\/wp-json\/wp\/v2\/media?parent=986"}],"wp:term":[{"taxonomy":"category","embeddable":true,"href":"https:\/\/torredonjimenoactualidad.com\/index.php\/wp-json\/wp\/v2\/categories?post=986"},{"taxonomy":"post_tag","embeddable":true,"href":"https:\/\/torredonjimenoactualidad.com\/index.php\/wp-json\/wp\/v2\/tags?post=986"}],"curies":[{"name":"wp","href":"https:\/\/api.w.org\/{rel}","templated":true}]}}