{"id":983,"date":"2023-09-14T15:26:58","date_gmt":"2023-09-14T15:26:58","guid":{"rendered":"https:\/\/torredonjimenoactualidad.com\/?p=983"},"modified":"2023-09-14T15:26:59","modified_gmt":"2023-09-14T15:26:59","slug":"diputacion-destina-un-millon-de-euros-para-mejorar-el-centro-de-tratamiento-de-residuos-jaen-sierra-sur","status":"publish","type":"post","link":"https:\/\/torredonjimenoactualidad.com\/index.php\/2023\/09\/14\/diputacion-destina-un-millon-de-euros-para-mejorar-el-centro-de-tratamiento-de-residuos-jaen-sierra-sur\/","title":{"rendered":"Diputaci\u00f3n destina un mill\u00f3n de euros para mejorar el Centro de Tratamiento de Residuos Ja\u00e9n-Sierra Sur"},"content":{"rendered":"\n<p>La Diputaci\u00f3n de Ja\u00e9n acomete un proyecto de mejora del Centro de Tratamiento de Residuos Ja\u00e9n-Sierra Sur, ubicado en la capital, con una inversi\u00f3n de m\u00e1s de 1.078.000 euros financiados \u00edntegramente por la Administraci\u00f3n provincial.<\/p>\n\n\n\n<p>El diputado de Servicios Municipales, Jos\u00e9 Luis Hidalgo, ha visitado este jueves las obras, que se encuentran al 80 por ciento de ejecuci\u00f3n, y ha valorado esta actuaci\u00f3n en unas instalaciones donde se gestiona en torno al 50 por ciento de los residuos generados en la provincia, unas 300.000 toneladas al a\u00f1o.<\/p>\n\n\n\n<p>\u00abPor lo que estamos hablando de un complejo medioambiental important\u00edsimo para la prestaci\u00f3n de este servicio esencial para la ciudadan\u00eda\u00bb, ha manifestado. El proyecto permitir\u00e1 habilitar cuatro nuevas zonas cubiertas en el centro de tratamiento Ja\u00e9n-Sierra Sur.<\/p>\n\n\n\n<p>Una de ellas, dedicada a la recepci\u00f3n de residuos y su clasificaci\u00f3n, mientras que las otras tres servir\u00e1n para el acopio de forma ordenada del material ya seleccionado y susceptible de ser reciclado, \u00abpara darle una segunda oportunidad, una nueva vida\u00bb.<\/p>\n\n\n\n<p>Esta actuaci\u00f3n se suma a la puesta en funcionamiento el pasado mes de julio de un nuevo vaso vertedero en el Centro de Tratamiento de Residuos Ja\u00e9n-Sierra Sur que recibe los residuos s\u00f3lidos urbanos de una treintena de municipios de la provincia de Ja\u00e9n.<\/p>\n\n\n\n<p>La primera fase del denominado vaso n\u00famero 4, con una capacidad para 2,2 millones de metros c\u00fabicos y una vida \u00fatil de casi 13 a\u00f1os, ha supuesto una inversi\u00f3n de 2,6 millones de euros.<\/p>\n\n\n\n<p>\u00abEntre el complejo medioambiental Ja\u00e9n-Sierra Sur y el del Guadiel, que se encuentra en Linares, se gestionan, valorizan y eliminan el cien por cien de los residuos s\u00f3lidos urbanos producidos en nuestra provincia, unas 600.000 toneladas al a\u00f1o\u00bb, ha comentado Hidalgo.<\/p>\n\n\n\n<p>En Ja\u00e9n-Sierra Sur est\u00e1 ubicada una planta de residuos dotada con \u00abuno de los sistemas de tratamiento m\u00e1s avanzados de Europa\u00bb, en el que se combinan la separaci\u00f3n de materiales por diferentes tecnolog\u00edas \u00f3pticas e inductivas.<\/p>\n\n\n\n<p>Actualmente, recibe la basura no separada en domicilios generada en una treintena de municipios jiennenses, como los de Marmolejo, And\u00fajar, Lahiguera, Arjona, Esca\u00f1uela, Porcuna y Lopera, pertenecientes al Consorcio de Residuos S\u00f3lidos Urbanos del Guadalquivir.<\/p>\n\n\n\n<p>A ellos se suman los de Huelma, Cambil, Noalejo, Campillo de Arenas, Carchelejo, Cambil, Mancha Real, La Guardia de Ja\u00e9n, Pegalajar, Frailes, Alcal\u00e1 la Real, Castillo de Locub\u00edn, Valdepe\u00f1as de Ja\u00e9n, Fuensanta de Martos, Los Villares, Ja\u00e9n, Torredelcampo, Fuerte del Rey, Villardompardo, Higuera de Calatrava, Santiago de Calatrava, Alcaudete y Martos, del Consorcio Sierra Sur.<\/p>\n","protected":false},"excerpt":{"rendered":"<p>La Diputaci\u00f3n de Ja\u00e9n acomete un proyecto de mejora del Centro de Tratamiento de Residuos Ja\u00e9n-Sierra Sur, ubicado en la capital, con una inversi\u00f3n de m\u00e1s de 1.078.000 euros financiados \u00edntegramente por la Administraci\u00f3n provincial. El diputado de Servicios Municipales, Jos\u00e9 Luis Hidalgo, ha visitado este jueves las obras, que se encuentran al 80 por &hellip;<\/p>\n<p class=\"read-more\"> <a class=\"\" href=\"https:\/\/torredonjimenoactualidad.com\/index.php\/2023\/09\/14\/diputacion-destina-un-millon-de-euros-para-mejorar-el-centro-de-tratamiento-de-residuos-jaen-sierra-sur\/\"> <span class=\"screen-reader-text\">Diputaci\u00f3n destina un mill\u00f3n de euros para mejorar el Centro de Tratamiento de Residuos Ja\u00e9n-Sierra Sur<\/span> Leer m\u00e1s &raquo;<\/a><\/p>\n","protected":false},"author":2,"featured_media":984,"comment_status":"closed","ping_status":"open","sticky":false,"template":"","format":"standard","meta":{"site-sidebar-layout":"default","site-content-layout":"default","ast-global-header-display":"","ast-main-header-display":"","ast-hfb-above-header-display":"","ast-hfb-below-header-display":"","ast-hfb-mobile-header-display":"","site-post-title":"","ast-breadcrumbs-content":"","ast-featured-img":"","footer-sml-layout":"","theme-transparent-header-meta":"","adv-header-id-meta":"","stick-header-meta":"","header-above-stick-meta":"","header-main-stick-meta":"","header-below-stick-meta":"","footnotes":""},"categories":[8],"tags":[],"class_list":["post-983","post","type-post","status-publish","format-standard","has-post-thumbnail","hentry","category-provincia"],"yoast_head":"<!-- This site is optimized with the Yoast SEO plugin v20.8 - https:\/\/yoast.com\/wordpress\/plugins\/seo\/ -->\n<title>Diputaci\u00f3n destina un mill\u00f3n de euros para mejorar el Centro de Tratamiento de Residuos Ja\u00e9n-Sierra Sur - Torredonjimeno Actualidad<\/title>\n<meta name=\"robots\" content=\"index, follow, max-snippet:-1, max-image-preview:large, max-video-preview:-1\" \/>\n<link rel=\"canonical\" href=\"https:\/\/torredonjimenoactualidad.com\/index.php\/2023\/09\/14\/diputacion-destina-un-millon-de-euros-para-mejorar-el-centro-de-tratamiento-de-residuos-jaen-sierra-sur\/\" \/>\n<meta property=\"og:locale\" content=\"es_ES\" \/>\n<meta property=\"og:type\" content=\"article\" \/>\n<meta property=\"og:title\" content=\"Diputaci\u00f3n destina un mill\u00f3n de euros para mejorar el Centro de Tratamiento de Residuos Ja\u00e9n-Sierra Sur - Torredonjimeno Actualidad\" \/>\n<meta property=\"og:description\" content=\"La Diputaci\u00f3n de Ja\u00e9n acomete un proyecto de mejora del Centro de Tratamiento de Residuos Ja\u00e9n-Sierra Sur, ubicado en la capital, con una inversi\u00f3n de m\u00e1s de 1.078.000 euros financiados \u00edntegramente por la Administraci\u00f3n provincial. El diputado de Servicios Municipales, Jos\u00e9 Luis Hidalgo, ha visitado este jueves las obras, que se encuentran al 80 por &hellip; Diputaci\u00f3n destina un mill\u00f3n de euros para mejorar el Centro de Tratamiento de Residuos Ja\u00e9n-Sierra Sur Leer m\u00e1s &raquo;\" \/>\n<meta property=\"og:url\" content=\"https:\/\/torredonjimenoactualidad.com\/index.php\/2023\/09\/14\/diputacion-destina-un-millon-de-euros-para-mejorar-el-centro-de-tratamiento-de-residuos-jaen-sierra-sur\/\" \/>\n<meta property=\"og:site_name\" content=\"Torredonjimeno Actualidad\" \/>\n<meta property=\"article:published_time\" content=\"2023-09-14T15:26:58+00:00\" \/>\n<meta property=\"article:modified_time\" content=\"2023-09-14T15:26:59+00:00\" \/>\n<meta property=\"og:image\" content=\"https:\/\/torredonjimenoactualidad.com\/wp-content\/uploads\/2023\/09\/fotonoticia_20230914165503_1920.jpg\" \/>\n\t<meta property=\"og:image:width\" content=\"1920\" \/>\n\t<meta property=\"og:image:height\" content=\"1097\" \/>\n\t<meta property=\"og:image:type\" content=\"image\/jpeg\" \/>\n<meta name=\"author\" content=\"Alba Mar\u00eda Torres\" \/>\n<meta name=\"twitter:card\" content=\"summary_large_image\" \/>\n<meta name=\"twitter:label1\" content=\"Escrito por\" \/>\n\t<meta name=\"twitter:data1\" content=\"Alba Mar\u00eda Torres\" \/>\n\t<meta name=\"twitter:label2\" content=\"Tiempo de lectura\" \/>\n\t<meta name=\"twitter:data2\" content=\"2 minutos\" \/>\n<script type=\"application\/ld+json\" class=\"yoast-schema-graph\">{\"@context\":\"https:\/\/schema.org\",\"@graph\":[{\"@type\":\"Article\",\"@id\":\"https:\/\/torredonjimenoactualidad.com\/index.php\/2023\/09\/14\/diputacion-destina-un-millon-de-euros-para-mejorar-el-centro-de-tratamiento-de-residuos-jaen-sierra-sur\/#article\",\"isPartOf\":{\"@id\":\"https:\/\/torredonjimenoactualidad.com\/index.php\/2023\/09\/14\/diputacion-destina-un-millon-de-euros-para-mejorar-el-centro-de-tratamiento-de-residuos-jaen-sierra-sur\/\"},\"author\":{\"name\":\"Alba Mar\u00eda Torres\",\"@id\":\"https:\/\/torredonjimenoactualidad.com\/#\/schema\/person\/84de5f233e783ef2c75151a532b54977\"},\"headline\":\"Diputaci\u00f3n destina un mill\u00f3n de euros para mejorar el Centro de Tratamiento de Residuos Ja\u00e9n-Sierra Sur\",\"datePublished\":\"2023-09-14T15:26:58+00:00\",\"dateModified\":\"2023-09-14T15:26:59+00:00\",\"mainEntityOfPage\":{\"@id\":\"https:\/\/torredonjimenoactualidad.com\/index.php\/2023\/09\/14\/diputacion-destina-un-millon-de-euros-para-mejorar-el-centro-de-tratamiento-de-residuos-jaen-sierra-sur\/\"},\"wordCount\":459,\"publisher\":{\"@id\":\"https:\/\/torredonjimenoactualidad.com\/#organization\"},\"articleSection\":[\"provincia\"],\"inLanguage\":\"es\"},{\"@type\":\"WebPage\",\"@id\":\"https:\/\/torredonjimenoactualidad.com\/index.php\/2023\/09\/14\/diputacion-destina-un-millon-de-euros-para-mejorar-el-centro-de-tratamiento-de-residuos-jaen-sierra-sur\/\",\"url\":\"https:\/\/torredonjimenoactualidad.com\/index.php\/2023\/09\/14\/diputacion-destina-un-millon-de-euros-para-mejorar-el-centro-de-tratamiento-de-residuos-jaen-sierra-sur\/\",\"name\":\"Diputaci\u00f3n destina un mill\u00f3n de euros para mejorar el Centro de Tratamiento de Residuos Ja\u00e9n-Sierra Sur - Torredonjimeno Actualidad\",\"isPartOf\":{\"@id\":\"https:\/\/torredonjimenoactualidad.com\/#website\"},\"datePublished\":\"2023-09-14T15:26:58+00:00\",\"dateModified\":\"2023-09-14T15:26:59+00:00\",\"breadcrumb\":{\"@id\":\"https:\/\/torredonjimenoactualidad.com\/index.php\/2023\/09\/14\/diputacion-destina-un-millon-de-euros-para-mejorar-el-centro-de-tratamiento-de-residuos-jaen-sierra-sur\/#breadcrumb\"},\"inLanguage\":\"es\",\"potentialAction\":[{\"@type\":\"ReadAction\",\"target\":[\"https:\/\/torredonjimenoactualidad.com\/index.php\/2023\/09\/14\/diputacion-destina-un-millon-de-euros-para-mejorar-el-centro-de-tratamiento-de-residuos-jaen-sierra-sur\/\"]}]},{\"@type\":\"BreadcrumbList\",\"@id\":\"https:\/\/torredonjimenoactualidad.com\/index.php\/2023\/09\/14\/diputacion-destina-un-millon-de-euros-para-mejorar-el-centro-de-tratamiento-de-residuos-jaen-sierra-sur\/#breadcrumb\",\"itemListElement\":[{\"@type\":\"ListItem\",\"position\":1,\"name\":\"Portada\",\"item\":\"https:\/\/torredonjimenoactualidad.com\/\"},{\"@type\":\"ListItem\",\"position\":2,\"name\":\"Diputaci\u00f3n destina un mill\u00f3n de euros para mejorar el Centro de Tratamiento de Residuos Ja\u00e9n-Sierra Sur\"}]},{\"@type\":\"WebSite\",\"@id\":\"https:\/\/torredonjimenoactualidad.com\/#website\",\"url\":\"https:\/\/torredonjimenoactualidad.com\/\",\"name\":\"Torredonjimeno Actualidad\",\"description\":\"\",\"publisher\":{\"@id\":\"https:\/\/torredonjimenoactualidad.com\/#organization\"},\"potentialAction\":[{\"@type\":\"SearchAction\",\"target\":{\"@type\":\"EntryPoint\",\"urlTemplate\":\"https:\/\/torredonjimenoactualidad.com\/?s={search_term_string}\"},\"query-input\":\"required name=search_term_string\"}],\"inLanguage\":\"es\"},{\"@type\":\"Organization\",\"@id\":\"https:\/\/torredonjimenoactualidad.com\/#organization\",\"name\":\"Torredonjimeno Actualidad\",\"url\":\"https:\/\/torredonjimenoactualidad.com\/\",\"logo\":{\"@type\":\"ImageObject\",\"inLanguage\":\"es\",\"@id\":\"https:\/\/torredonjimenoactualidad.com\/#\/schema\/logo\/image\/\",\"url\":\"https:\/\/torredonjimenoactualidad.com\/wp-content\/uploads\/2023\/02\/logo-torredonjimeno-544x180-1.png\",\"contentUrl\":\"https:\/\/torredonjimenoactualidad.com\/wp-content\/uploads\/2023\/02\/logo-torredonjimeno-544x180-1.png\",\"width\":545,\"height\":112,\"caption\":\"Torredonjimeno Actualidad\"},\"image\":{\"@id\":\"https:\/\/torredonjimenoactualidad.com\/#\/schema\/logo\/image\/\"}},{\"@type\":\"Person\",\"@id\":\"https:\/\/torredonjimenoactualidad.com\/#\/schema\/person\/84de5f233e783ef2c75151a532b54977\",\"name\":\"Alba Mar\u00eda Torres\",\"image\":{\"@type\":\"ImageObject\",\"inLanguage\":\"es\",\"@id\":\"https:\/\/torredonjimenoactualidad.com\/#\/schema\/person\/image\/\",\"url\":\"https:\/\/secure.gravatar.com\/avatar\/f9371f188c71501b4475a9ba2a71595850ec72967f800a2ed8e3e2102859ed65?s=96&d=mm&r=g\",\"contentUrl\":\"https:\/\/secure.gravatar.com\/avatar\/f9371f188c71501b4475a9ba2a71595850ec72967f800a2ed8e3e2102859ed65?s=96&d=mm&r=g\",\"caption\":\"Alba Mar\u00eda Torres\"},\"url\":\"https:\/\/torredonjimenoactualidad.com\/index.php\/author\/alba-torres\/\"}]}<\/script>\n<!-- \/ Yoast SEO plugin. -->","yoast_head_json":{"title":"Diputaci\u00f3n destina un mill\u00f3n de euros para mejorar el Centro de Tratamiento de Residuos Ja\u00e9n-Sierra Sur - Torredonjimeno Actualidad","robots":{"index":"index","follow":"follow","max-snippet":"max-snippet:-1","max-image-preview":"max-image-preview:large","max-video-preview":"max-video-preview:-1"},"canonical":"https:\/\/torredonjimenoactualidad.com\/index.php\/2023\/09\/14\/diputacion-destina-un-millon-de-euros-para-mejorar-el-centro-de-tratamiento-de-residuos-jaen-sierra-sur\/","og_locale":"es_ES","og_type":"article","og_title":"Diputaci\u00f3n destina un mill\u00f3n de euros para mejorar el Centro de Tratamiento de Residuos Ja\u00e9n-Sierra Sur - Torredonjimeno Actualidad","og_description":"La Diputaci\u00f3n de Ja\u00e9n acomete un proyecto de mejora del Centro de Tratamiento de Residuos Ja\u00e9n-Sierra Sur, ubicado en la capital, con una inversi\u00f3n de m\u00e1s de 1.078.000 euros financiados \u00edntegramente por la Administraci\u00f3n provincial. El diputado de Servicios Municipales, Jos\u00e9 Luis Hidalgo, ha visitado este jueves las obras, que se encuentran al 80 por &hellip; Diputaci\u00f3n destina un mill\u00f3n de euros para mejorar el Centro de Tratamiento de Residuos Ja\u00e9n-Sierra Sur Leer m\u00e1s &raquo;","og_url":"https:\/\/torredonjimenoactualidad.com\/index.php\/2023\/09\/14\/diputacion-destina-un-millon-de-euros-para-mejorar-el-centro-de-tratamiento-de-residuos-jaen-sierra-sur\/","og_site_name":"Torredonjimeno Actualidad","article_published_time":"2023-09-14T15:26:58+00:00","article_modified_time":"2023-09-14T15:26:59+00:00","og_image":[{"width":1920,"height":1097,"url":"https:\/\/torredonjimenoactualidad.com\/wp-content\/uploads\/2023\/09\/fotonoticia_20230914165503_1920.jpg","type":"image\/jpeg"}],"author":"Alba Mar\u00eda Torres","twitter_card":"summary_large_image","twitter_misc":{"Escrito por":"Alba Mar\u00eda Torres","Tiempo de lectura":"2 minutos"},"schema":{"@context":"https:\/\/schema.org","@graph":[{"@type":"Article","@id":"https:\/\/torredonjimenoactualidad.com\/index.php\/2023\/09\/14\/diputacion-destina-un-millon-de-euros-para-mejorar-el-centro-de-tratamiento-de-residuos-jaen-sierra-sur\/#article","isPartOf":{"@id":"https:\/\/torredonjimenoactualidad.com\/index.php\/2023\/09\/14\/diputacion-destina-un-millon-de-euros-para-mejorar-el-centro-de-tratamiento-de-residuos-jaen-sierra-sur\/"},"author":{"name":"Alba Mar\u00eda Torres","@id":"https:\/\/torredonjimenoactualidad.com\/#\/schema\/person\/84de5f233e783ef2c75151a532b54977"},"headline":"Diputaci\u00f3n destina un mill\u00f3n de euros para mejorar el Centro de Tratamiento de Residuos Ja\u00e9n-Sierra Sur","datePublished":"2023-09-14T15:26:58+00:00","dateModified":"2023-09-14T15:26:59+00:00","mainEntityOfPage":{"@id":"https:\/\/torredonjimenoactualidad.com\/index.php\/2023\/09\/14\/diputacion-destina-un-millon-de-euros-para-mejorar-el-centro-de-tratamiento-de-residuos-jaen-sierra-sur\/"},"wordCount":459,"publisher":{"@id":"https:\/\/torredonjimenoactualidad.com\/#organization"},"articleSection":["provincia"],"inLanguage":"es"},{"@type":"WebPage","@id":"https:\/\/torredonjimenoactualidad.com\/index.php\/2023\/09\/14\/diputacion-destina-un-millon-de-euros-para-mejorar-el-centro-de-tratamiento-de-residuos-jaen-sierra-sur\/","url":"https:\/\/torredonjimenoactualidad.com\/index.php\/2023\/09\/14\/diputacion-destina-un-millon-de-euros-para-mejorar-el-centro-de-tratamiento-de-residuos-jaen-sierra-sur\/","name":"Diputaci\u00f3n destina un mill\u00f3n de euros para mejorar el Centro de Tratamiento de Residuos Ja\u00e9n-Sierra Sur - Torredonjimeno Actualidad","isPartOf":{"@id":"https:\/\/torredonjimenoactualidad.com\/#website"},"datePublished":"2023-09-14T15:26:58+00:00","dateModified":"2023-09-14T15:26:59+00:00","breadcrumb":{"@id":"https:\/\/torredonjimenoactualidad.com\/index.php\/2023\/09\/14\/diputacion-destina-un-millon-de-euros-para-mejorar-el-centro-de-tratamiento-de-residuos-jaen-sierra-sur\/#breadcrumb"},"inLanguage":"es","potentialAction":[{"@type":"ReadAction","target":["https:\/\/torredonjimenoactualidad.com\/index.php\/2023\/09\/14\/diputacion-destina-un-millon-de-euros-para-mejorar-el-centro-de-tratamiento-de-residuos-jaen-sierra-sur\/"]}]},{"@type":"BreadcrumbList","@id":"https:\/\/torredonjimenoactualidad.com\/index.php\/2023\/09\/14\/diputacion-destina-un-millon-de-euros-para-mejorar-el-centro-de-tratamiento-de-residuos-jaen-sierra-sur\/#breadcrumb","itemListElement":[{"@type":"ListItem","position":1,"name":"Portada","item":"https:\/\/torredonjimenoactualidad.com\/"},{"@type":"ListItem","position":2,"name":"Diputaci\u00f3n destina un mill\u00f3n de euros para mejorar el Centro de Tratamiento de Residuos Ja\u00e9n-Sierra Sur"}]},{"@type":"WebSite","@id":"https:\/\/torredonjimenoactualidad.com\/#website","url":"https:\/\/torredonjimenoactualidad.com\/","name":"Torredonjimeno Actualidad","description":"","publisher":{"@id":"https:\/\/torredonjimenoactualidad.com\/#organization"},"potentialAction":[{"@type":"SearchAction","target":{"@type":"EntryPoint","urlTemplate":"https:\/\/torredonjimenoactualidad.com\/?s={search_term_string}"},"query-input":"required name=search_term_string"}],"inLanguage":"es"},{"@type":"Organization","@id":"https:\/\/torredonjimenoactualidad.com\/#organization","name":"Torredonjimeno Actualidad","url":"https:\/\/torredonjimenoactualidad.com\/","logo":{"@type":"ImageObject","inLanguage":"es","@id":"https:\/\/torredonjimenoactualidad.com\/#\/schema\/logo\/image\/","url":"https:\/\/torredonjimenoactualidad.com\/wp-content\/uploads\/2023\/02\/logo-torredonjimeno-544x180-1.png","contentUrl":"https:\/\/torredonjimenoactualidad.com\/wp-content\/uploads\/2023\/02\/logo-torredonjimeno-544x180-1.png","width":545,"height":112,"caption":"Torredonjimeno Actualidad"},"image":{"@id":"https:\/\/torredonjimenoactualidad.com\/#\/schema\/logo\/image\/"}},{"@type":"Person","@id":"https:\/\/torredonjimenoactualidad.com\/#\/schema\/person\/84de5f233e783ef2c75151a532b54977","name":"Alba Mar\u00eda Torres","image":{"@type":"ImageObject","inLanguage":"es","@id":"https:\/\/torredonjimenoactualidad.com\/#\/schema\/person\/image\/","url":"https:\/\/secure.gravatar.com\/avatar\/f9371f188c71501b4475a9ba2a71595850ec72967f800a2ed8e3e2102859ed65?s=96&d=mm&r=g","contentUrl":"https:\/\/secure.gravatar.com\/avatar\/f9371f188c71501b4475a9ba2a71595850ec72967f800a2ed8e3e2102859ed65?s=96&d=mm&r=g","caption":"Alba Mar\u00eda Torres"},"url":"https:\/\/torredonjimenoactualidad.com\/index.php\/author\/alba-torres\/"}]}},"_links":{"self":[{"href":"https:\/\/torredonjimenoactualidad.com\/index.php\/wp-json\/wp\/v2\/posts\/983","targetHints":{"allow":["GET"]}}],"collection":[{"href":"https:\/\/torredonjimenoactualidad.com\/index.php\/wp-json\/wp\/v2\/posts"}],"about":[{"href":"https:\/\/torredonjimenoactualidad.com\/index.php\/wp-json\/wp\/v2\/types\/post"}],"author":[{"embeddable":true,"href":"https:\/\/torredonjimenoactualidad.com\/index.php\/wp-json\/wp\/v2\/users\/2"}],"replies":[{"embeddable":true,"href":"https:\/\/torredonjimenoactualidad.com\/index.php\/wp-json\/wp\/v2\/comments?post=983"}],"version-history":[{"count":1,"href":"https:\/\/torredonjimenoactualidad.com\/index.php\/wp-json\/wp\/v2\/posts\/983\/revisions"}],"predecessor-version":[{"id":985,"href":"https:\/\/torredonjimenoactualidad.com\/index.php\/wp-json\/wp\/v2\/posts\/983\/revisions\/985"}],"wp:featuredmedia":[{"embeddable":true,"href":"https:\/\/torredonjimenoactualidad.com\/index.php\/wp-json\/wp\/v2\/media\/984"}],"wp:attachment":[{"href":"https:\/\/torredonjimenoactualidad.com\/index.php\/wp-json\/wp\/v2\/media?parent=983"}],"wp:term":[{"taxonomy":"category","embeddable":true,"href":"https:\/\/torredonjimenoactualidad.com\/index.php\/wp-json\/wp\/v2\/categories?post=983"},{"taxonomy":"post_tag","embeddable":true,"href":"https:\/\/torredonjimenoactualidad.com\/index.php\/wp-json\/wp\/v2\/tags?post=983"}],"curies":[{"name":"wp","href":"https:\/\/api.w.org\/{rel}","templated":true}]}}