{"id":980,"date":"2023-09-12T19:40:32","date_gmt":"2023-09-12T19:40:32","guid":{"rendered":"https:\/\/torredonjimenoactualidad.com\/?p=980"},"modified":"2023-09-12T19:40:33","modified_gmt":"2023-09-12T19:40:33","slug":"el-psoe-lamenta-que-la-junta-deje-sin-comedor-por-segundo-ano-consecutivo-al-ceip-ponce-de-leon-de-torredonjimeno","status":"publish","type":"post","link":"https:\/\/torredonjimenoactualidad.com\/index.php\/2023\/09\/12\/el-psoe-lamenta-que-la-junta-deje-sin-comedor-por-segundo-ano-consecutivo-al-ceip-ponce-de-leon-de-torredonjimeno\/","title":{"rendered":"El PSOE lamenta que la Junta deje sin comedor por segundo a\u00f1o consecutivo al CEIP Ponce de Le\u00f3n de Torredonjimeno"},"content":{"rendered":"\n<p>El PSOE de Torredonjimeno lamenta que&nbsp;<strong>la Junta de Andaluc\u00eda haya vuelto a dejar sin Comedor Escolar al Colegio de Infantil y Primaria Ponce de Le\u00f3n<\/strong>. \u201cPor segundo a\u00f1o consecutivo, la Consejer\u00eda de Educaci\u00f3n deja fuera de la licitaci\u00f3n a este colegio y por tanto&nbsp;<strong>deja abandonadas a una treintena de familias<\/strong>&nbsp;que lo hab\u00edan solicitado y que ten\u00edan derecho a este servicio fundamental para la conciliaci\u00f3n de la vida laboral y familiar\u201d, critica Manuel Anguita.<\/p>\n\n\n\n<p>El portavoz socialista afirma que esto \u201cya no es un hecho aislado\u201d, porque este Colegio ya deber\u00eda haber tenido el Comedor en funcionamiento el a\u00f1o pasado, por lo que \u201cllueve sobre mojado\u201d y este curso tambi\u00e9n se inicia sin el servicio. Anguita considera que&nbsp;<strong>la Junta de Andaluc\u00eda deber\u00eda dar la cara y explicarles a las familias<\/strong>&nbsp;\u201cpor qu\u00e9 ha sido incapaz de licitar este servicio y cu\u00e1les son las soluciones y plazos que maneja, si es que est\u00e1n trabajando en algo\u201d.<\/p>\n\n\n\n<p>Adem\u00e1s, se\u00f1ala que \u00e9sta no es la \u00fanica incidencia en Torredonjimeno en este inicio de curso escolar, ya que e<strong>l CEIP Toxiria ha perdido una unidad de Infantil de 3 a\u00f1os<\/strong>, para lo que incluso ha tenido que \u201cdesplazar a otros centros de la localidad a alumnos que quer\u00edan escolarizarse en este colegio\u201d. \u201cPod\u00edan haber mantenido el aula de 3 a\u00f1os, pero la Junta ha preferido hacer&nbsp;<strong>un sorteo para echar a 3 familias<\/strong>&nbsp;y mandarlas a otros colegios de Torredonjimeno que no eran su opci\u00f3n prioritaria\u201d, denuncia.<\/p>\n\n\n\n<p>Anguita recuerda que a todo esto hay que sumar que&nbsp;<strong>el CEIP Puerta de Martos ya sufri\u00f3 el recorte<\/strong>&nbsp;de una unidad de infantil de 3 a\u00f1os el curso pasado y que en este curso la Junta ha consolidado el aula mixta que cre\u00f3 en este centro&nbsp;<strong>donde se mezclan alumnos de distintas edades, de 4 y 5 a\u00f1os.<\/strong><\/p>\n\n\n\n<p>&nbsp;\u201c<strong>La educaci\u00f3n p\u00fablica sigue su deterioro imparable en Torredonjimeno<\/strong>&nbsp;como consecuencia de la estrategia de la Junta de Andaluc\u00eda de ir minando la calidad, los recursos y los servicios en los colegios p\u00fablicos. La derecha ha venido a lo que ha venido y desde aqu\u00ed tenemos que&nbsp;<strong>exigir al Ayuntamiento de Torredonjimeno que haga los tr\u00e1mites y las gestiones que sean oportunas con la Junta para solucionar estos problemas<\/strong>\u201d, concluye Anguita.<\/p>\n","protected":false},"excerpt":{"rendered":"<p>El PSOE de Torredonjimeno lamenta que&nbsp;la Junta de Andaluc\u00eda haya vuelto a dejar sin Comedor Escolar al Colegio de Infantil y Primaria Ponce de Le\u00f3n. \u201cPor segundo a\u00f1o consecutivo, la Consejer\u00eda de Educaci\u00f3n deja fuera de la licitaci\u00f3n a este colegio y por tanto&nbsp;deja abandonadas a una treintena de familias&nbsp;que lo hab\u00edan solicitado y que &hellip;<\/p>\n<p class=\"read-more\"> <a class=\"\" href=\"https:\/\/torredonjimenoactualidad.com\/index.php\/2023\/09\/12\/el-psoe-lamenta-que-la-junta-deje-sin-comedor-por-segundo-ano-consecutivo-al-ceip-ponce-de-leon-de-torredonjimeno\/\"> <span class=\"screen-reader-text\">El PSOE lamenta que la Junta deje sin comedor por segundo a\u00f1o consecutivo al CEIP Ponce de Le\u00f3n de Torredonjimeno<\/span> Leer m\u00e1s &raquo;<\/a><\/p>\n","protected":false},"author":2,"featured_media":981,"comment_status":"open","ping_status":"open","sticky":false,"template":"","format":"standard","meta":{"site-sidebar-layout":"default","site-content-layout":"default","ast-global-header-display":"","ast-main-header-display":"","ast-hfb-above-header-display":"","ast-hfb-below-header-display":"","ast-hfb-mobile-header-display":"","site-post-title":"","ast-breadcrumbs-content":"","ast-featured-img":"","footer-sml-layout":"","theme-transparent-header-meta":"","adv-header-id-meta":"","stick-header-meta":"","header-above-stick-meta":"","header-main-stick-meta":"","header-below-stick-meta":"","footnotes":""},"categories":[7],"tags":[],"class_list":["post-980","post","type-post","status-publish","format-standard","has-post-thumbnail","hentry","category-local"],"yoast_head":"<!-- This site is optimized with the Yoast SEO plugin v20.8 - https:\/\/yoast.com\/wordpress\/plugins\/seo\/ -->\n<title>El PSOE lamenta que la Junta deje sin comedor por segundo a\u00f1o consecutivo al CEIP Ponce de Le\u00f3n de Torredonjimeno - Torredonjimeno Actualidad<\/title>\n<meta name=\"robots\" content=\"index, follow, max-snippet:-1, max-image-preview:large, max-video-preview:-1\" \/>\n<link rel=\"canonical\" href=\"https:\/\/torredonjimenoactualidad.com\/index.php\/2023\/09\/12\/el-psoe-lamenta-que-la-junta-deje-sin-comedor-por-segundo-ano-consecutivo-al-ceip-ponce-de-leon-de-torredonjimeno\/\" \/>\n<meta property=\"og:locale\" content=\"es_ES\" \/>\n<meta property=\"og:type\" content=\"article\" \/>\n<meta property=\"og:title\" content=\"El PSOE lamenta que la Junta deje sin comedor por segundo a\u00f1o consecutivo al CEIP Ponce de Le\u00f3n de Torredonjimeno - Torredonjimeno Actualidad\" \/>\n<meta property=\"og:description\" content=\"El PSOE de Torredonjimeno lamenta que&nbsp;la Junta de Andaluc\u00eda haya vuelto a dejar sin Comedor Escolar al Colegio de Infantil y Primaria Ponce de Le\u00f3n. \u201cPor segundo a\u00f1o consecutivo, la Consejer\u00eda de Educaci\u00f3n deja fuera de la licitaci\u00f3n a este colegio y por tanto&nbsp;deja abandonadas a una treintena de familias&nbsp;que lo hab\u00edan solicitado y que &hellip; El PSOE lamenta que la Junta deje sin comedor por segundo a\u00f1o consecutivo al CEIP Ponce de Le\u00f3n de Torredonjimeno Leer m\u00e1s &raquo;\" \/>\n<meta property=\"og:url\" content=\"https:\/\/torredonjimenoactualidad.com\/index.php\/2023\/09\/12\/el-psoe-lamenta-que-la-junta-deje-sin-comedor-por-segundo-ano-consecutivo-al-ceip-ponce-de-leon-de-torredonjimeno\/\" \/>\n<meta property=\"og:site_name\" content=\"Torredonjimeno Actualidad\" \/>\n<meta property=\"article:published_time\" content=\"2023-09-12T19:40:32+00:00\" \/>\n<meta property=\"article:modified_time\" content=\"2023-09-12T19:40:33+00:00\" \/>\n<meta property=\"og:image\" content=\"https:\/\/torredonjimenoactualidad.com\/wp-content\/uploads\/2023\/09\/IMG_2717-scaled.jpg\" \/>\n\t<meta property=\"og:image:width\" content=\"2560\" \/>\n\t<meta property=\"og:image:height\" content=\"1463\" \/>\n\t<meta property=\"og:image:type\" content=\"image\/jpeg\" \/>\n<meta name=\"author\" content=\"Alba Mar\u00eda Torres\" \/>\n<meta name=\"twitter:card\" content=\"summary_large_image\" \/>\n<meta name=\"twitter:label1\" content=\"Escrito por\" \/>\n\t<meta name=\"twitter:data1\" content=\"Alba Mar\u00eda Torres\" \/>\n\t<meta name=\"twitter:label2\" content=\"Tiempo de lectura\" \/>\n\t<meta name=\"twitter:data2\" content=\"2 minutos\" \/>\n<script type=\"application\/ld+json\" class=\"yoast-schema-graph\">{\"@context\":\"https:\/\/schema.org\",\"@graph\":[{\"@type\":\"Article\",\"@id\":\"https:\/\/torredonjimenoactualidad.com\/index.php\/2023\/09\/12\/el-psoe-lamenta-que-la-junta-deje-sin-comedor-por-segundo-ano-consecutivo-al-ceip-ponce-de-leon-de-torredonjimeno\/#article\",\"isPartOf\":{\"@id\":\"https:\/\/torredonjimenoactualidad.com\/index.php\/2023\/09\/12\/el-psoe-lamenta-que-la-junta-deje-sin-comedor-por-segundo-ano-consecutivo-al-ceip-ponce-de-leon-de-torredonjimeno\/\"},\"author\":{\"name\":\"Alba Mar\u00eda Torres\",\"@id\":\"https:\/\/torredonjimenoactualidad.com\/#\/schema\/person\/84de5f233e783ef2c75151a532b54977\"},\"headline\":\"El PSOE lamenta que la Junta deje sin comedor por segundo a\u00f1o consecutivo al CEIP Ponce de Le\u00f3n de Torredonjimeno\",\"datePublished\":\"2023-09-12T19:40:32+00:00\",\"dateModified\":\"2023-09-12T19:40:33+00:00\",\"mainEntityOfPage\":{\"@id\":\"https:\/\/torredonjimenoactualidad.com\/index.php\/2023\/09\/12\/el-psoe-lamenta-que-la-junta-deje-sin-comedor-por-segundo-ano-consecutivo-al-ceip-ponce-de-leon-de-torredonjimeno\/\"},\"wordCount\":435,\"commentCount\":0,\"publisher\":{\"@id\":\"https:\/\/torredonjimenoactualidad.com\/#organization\"},\"articleSection\":[\"local\"],\"inLanguage\":\"es\",\"potentialAction\":[{\"@type\":\"CommentAction\",\"name\":\"Comment\",\"target\":[\"https:\/\/torredonjimenoactualidad.com\/index.php\/2023\/09\/12\/el-psoe-lamenta-que-la-junta-deje-sin-comedor-por-segundo-ano-consecutivo-al-ceip-ponce-de-leon-de-torredonjimeno\/#respond\"]}]},{\"@type\":\"WebPage\",\"@id\":\"https:\/\/torredonjimenoactualidad.com\/index.php\/2023\/09\/12\/el-psoe-lamenta-que-la-junta-deje-sin-comedor-por-segundo-ano-consecutivo-al-ceip-ponce-de-leon-de-torredonjimeno\/\",\"url\":\"https:\/\/torredonjimenoactualidad.com\/index.php\/2023\/09\/12\/el-psoe-lamenta-que-la-junta-deje-sin-comedor-por-segundo-ano-consecutivo-al-ceip-ponce-de-leon-de-torredonjimeno\/\",\"name\":\"El PSOE lamenta que la Junta deje sin comedor por segundo a\u00f1o consecutivo al CEIP Ponce de Le\u00f3n de Torredonjimeno - Torredonjimeno Actualidad\",\"isPartOf\":{\"@id\":\"https:\/\/torredonjimenoactualidad.com\/#website\"},\"datePublished\":\"2023-09-12T19:40:32+00:00\",\"dateModified\":\"2023-09-12T19:40:33+00:00\",\"breadcrumb\":{\"@id\":\"https:\/\/torredonjimenoactualidad.com\/index.php\/2023\/09\/12\/el-psoe-lamenta-que-la-junta-deje-sin-comedor-por-segundo-ano-consecutivo-al-ceip-ponce-de-leon-de-torredonjimeno\/#breadcrumb\"},\"inLanguage\":\"es\",\"potentialAction\":[{\"@type\":\"ReadAction\",\"target\":[\"https:\/\/torredonjimenoactualidad.com\/index.php\/2023\/09\/12\/el-psoe-lamenta-que-la-junta-deje-sin-comedor-por-segundo-ano-consecutivo-al-ceip-ponce-de-leon-de-torredonjimeno\/\"]}]},{\"@type\":\"BreadcrumbList\",\"@id\":\"https:\/\/torredonjimenoactualidad.com\/index.php\/2023\/09\/12\/el-psoe-lamenta-que-la-junta-deje-sin-comedor-por-segundo-ano-consecutivo-al-ceip-ponce-de-leon-de-torredonjimeno\/#breadcrumb\",\"itemListElement\":[{\"@type\":\"ListItem\",\"position\":1,\"name\":\"Portada\",\"item\":\"https:\/\/torredonjimenoactualidad.com\/\"},{\"@type\":\"ListItem\",\"position\":2,\"name\":\"El PSOE lamenta que la Junta deje sin comedor por segundo a\u00f1o consecutivo al CEIP Ponce de Le\u00f3n de Torredonjimeno\"}]},{\"@type\":\"WebSite\",\"@id\":\"https:\/\/torredonjimenoactualidad.com\/#website\",\"url\":\"https:\/\/torredonjimenoactualidad.com\/\",\"name\":\"Torredonjimeno Actualidad\",\"description\":\"\",\"publisher\":{\"@id\":\"https:\/\/torredonjimenoactualidad.com\/#organization\"},\"potentialAction\":[{\"@type\":\"SearchAction\",\"target\":{\"@type\":\"EntryPoint\",\"urlTemplate\":\"https:\/\/torredonjimenoactualidad.com\/?s={search_term_string}\"},\"query-input\":\"required name=search_term_string\"}],\"inLanguage\":\"es\"},{\"@type\":\"Organization\",\"@id\":\"https:\/\/torredonjimenoactualidad.com\/#organization\",\"name\":\"Torredonjimeno Actualidad\",\"url\":\"https:\/\/torredonjimenoactualidad.com\/\",\"logo\":{\"@type\":\"ImageObject\",\"inLanguage\":\"es\",\"@id\":\"https:\/\/torredonjimenoactualidad.com\/#\/schema\/logo\/image\/\",\"url\":\"https:\/\/torredonjimenoactualidad.com\/wp-content\/uploads\/2023\/02\/logo-torredonjimeno-544x180-1.png\",\"contentUrl\":\"https:\/\/torredonjimenoactualidad.com\/wp-content\/uploads\/2023\/02\/logo-torredonjimeno-544x180-1.png\",\"width\":545,\"height\":112,\"caption\":\"Torredonjimeno Actualidad\"},\"image\":{\"@id\":\"https:\/\/torredonjimenoactualidad.com\/#\/schema\/logo\/image\/\"}},{\"@type\":\"Person\",\"@id\":\"https:\/\/torredonjimenoactualidad.com\/#\/schema\/person\/84de5f233e783ef2c75151a532b54977\",\"name\":\"Alba Mar\u00eda Torres\",\"image\":{\"@type\":\"ImageObject\",\"inLanguage\":\"es\",\"@id\":\"https:\/\/torredonjimenoactualidad.com\/#\/schema\/person\/image\/\",\"url\":\"https:\/\/secure.gravatar.com\/avatar\/f9371f188c71501b4475a9ba2a71595850ec72967f800a2ed8e3e2102859ed65?s=96&d=mm&r=g\",\"contentUrl\":\"https:\/\/secure.gravatar.com\/avatar\/f9371f188c71501b4475a9ba2a71595850ec72967f800a2ed8e3e2102859ed65?s=96&d=mm&r=g\",\"caption\":\"Alba Mar\u00eda Torres\"},\"url\":\"https:\/\/torredonjimenoactualidad.com\/index.php\/author\/alba-torres\/\"}]}<\/script>\n<!-- \/ Yoast SEO plugin. -->","yoast_head_json":{"title":"El PSOE lamenta que la Junta deje sin comedor por segundo a\u00f1o consecutivo al CEIP Ponce de Le\u00f3n de Torredonjimeno - Torredonjimeno Actualidad","robots":{"index":"index","follow":"follow","max-snippet":"max-snippet:-1","max-image-preview":"max-image-preview:large","max-video-preview":"max-video-preview:-1"},"canonical":"https:\/\/torredonjimenoactualidad.com\/index.php\/2023\/09\/12\/el-psoe-lamenta-que-la-junta-deje-sin-comedor-por-segundo-ano-consecutivo-al-ceip-ponce-de-leon-de-torredonjimeno\/","og_locale":"es_ES","og_type":"article","og_title":"El PSOE lamenta que la Junta deje sin comedor por segundo a\u00f1o consecutivo al CEIP Ponce de Le\u00f3n de Torredonjimeno - Torredonjimeno Actualidad","og_description":"El PSOE de Torredonjimeno lamenta que&nbsp;la Junta de Andaluc\u00eda haya vuelto a dejar sin Comedor Escolar al Colegio de Infantil y Primaria Ponce de Le\u00f3n. \u201cPor segundo a\u00f1o consecutivo, la Consejer\u00eda de Educaci\u00f3n deja fuera de la licitaci\u00f3n a este colegio y por tanto&nbsp;deja abandonadas a una treintena de familias&nbsp;que lo hab\u00edan solicitado y que &hellip; El PSOE lamenta que la Junta deje sin comedor por segundo a\u00f1o consecutivo al CEIP Ponce de Le\u00f3n de Torredonjimeno Leer m\u00e1s &raquo;","og_url":"https:\/\/torredonjimenoactualidad.com\/index.php\/2023\/09\/12\/el-psoe-lamenta-que-la-junta-deje-sin-comedor-por-segundo-ano-consecutivo-al-ceip-ponce-de-leon-de-torredonjimeno\/","og_site_name":"Torredonjimeno Actualidad","article_published_time":"2023-09-12T19:40:32+00:00","article_modified_time":"2023-09-12T19:40:33+00:00","og_image":[{"width":2560,"height":1463,"url":"https:\/\/torredonjimenoactualidad.com\/wp-content\/uploads\/2023\/09\/IMG_2717-scaled.jpg","type":"image\/jpeg"}],"author":"Alba Mar\u00eda Torres","twitter_card":"summary_large_image","twitter_misc":{"Escrito por":"Alba Mar\u00eda Torres","Tiempo de lectura":"2 minutos"},"schema":{"@context":"https:\/\/schema.org","@graph":[{"@type":"Article","@id":"https:\/\/torredonjimenoactualidad.com\/index.php\/2023\/09\/12\/el-psoe-lamenta-que-la-junta-deje-sin-comedor-por-segundo-ano-consecutivo-al-ceip-ponce-de-leon-de-torredonjimeno\/#article","isPartOf":{"@id":"https:\/\/torredonjimenoactualidad.com\/index.php\/2023\/09\/12\/el-psoe-lamenta-que-la-junta-deje-sin-comedor-por-segundo-ano-consecutivo-al-ceip-ponce-de-leon-de-torredonjimeno\/"},"author":{"name":"Alba Mar\u00eda Torres","@id":"https:\/\/torredonjimenoactualidad.com\/#\/schema\/person\/84de5f233e783ef2c75151a532b54977"},"headline":"El PSOE lamenta que la Junta deje sin comedor por segundo a\u00f1o consecutivo al CEIP Ponce de Le\u00f3n de Torredonjimeno","datePublished":"2023-09-12T19:40:32+00:00","dateModified":"2023-09-12T19:40:33+00:00","mainEntityOfPage":{"@id":"https:\/\/torredonjimenoactualidad.com\/index.php\/2023\/09\/12\/el-psoe-lamenta-que-la-junta-deje-sin-comedor-por-segundo-ano-consecutivo-al-ceip-ponce-de-leon-de-torredonjimeno\/"},"wordCount":435,"commentCount":0,"publisher":{"@id":"https:\/\/torredonjimenoactualidad.com\/#organization"},"articleSection":["local"],"inLanguage":"es","potentialAction":[{"@type":"CommentAction","name":"Comment","target":["https:\/\/torredonjimenoactualidad.com\/index.php\/2023\/09\/12\/el-psoe-lamenta-que-la-junta-deje-sin-comedor-por-segundo-ano-consecutivo-al-ceip-ponce-de-leon-de-torredonjimeno\/#respond"]}]},{"@type":"WebPage","@id":"https:\/\/torredonjimenoactualidad.com\/index.php\/2023\/09\/12\/el-psoe-lamenta-que-la-junta-deje-sin-comedor-por-segundo-ano-consecutivo-al-ceip-ponce-de-leon-de-torredonjimeno\/","url":"https:\/\/torredonjimenoactualidad.com\/index.php\/2023\/09\/12\/el-psoe-lamenta-que-la-junta-deje-sin-comedor-por-segundo-ano-consecutivo-al-ceip-ponce-de-leon-de-torredonjimeno\/","name":"El PSOE lamenta que la Junta deje sin comedor por segundo a\u00f1o consecutivo al CEIP Ponce de Le\u00f3n de Torredonjimeno - Torredonjimeno Actualidad","isPartOf":{"@id":"https:\/\/torredonjimenoactualidad.com\/#website"},"datePublished":"2023-09-12T19:40:32+00:00","dateModified":"2023-09-12T19:40:33+00:00","breadcrumb":{"@id":"https:\/\/torredonjimenoactualidad.com\/index.php\/2023\/09\/12\/el-psoe-lamenta-que-la-junta-deje-sin-comedor-por-segundo-ano-consecutivo-al-ceip-ponce-de-leon-de-torredonjimeno\/#breadcrumb"},"inLanguage":"es","potentialAction":[{"@type":"ReadAction","target":["https:\/\/torredonjimenoactualidad.com\/index.php\/2023\/09\/12\/el-psoe-lamenta-que-la-junta-deje-sin-comedor-por-segundo-ano-consecutivo-al-ceip-ponce-de-leon-de-torredonjimeno\/"]}]},{"@type":"BreadcrumbList","@id":"https:\/\/torredonjimenoactualidad.com\/index.php\/2023\/09\/12\/el-psoe-lamenta-que-la-junta-deje-sin-comedor-por-segundo-ano-consecutivo-al-ceip-ponce-de-leon-de-torredonjimeno\/#breadcrumb","itemListElement":[{"@type":"ListItem","position":1,"name":"Portada","item":"https:\/\/torredonjimenoactualidad.com\/"},{"@type":"ListItem","position":2,"name":"El PSOE lamenta que la Junta deje sin comedor por segundo a\u00f1o consecutivo al CEIP Ponce de Le\u00f3n de Torredonjimeno"}]},{"@type":"WebSite","@id":"https:\/\/torredonjimenoactualidad.com\/#website","url":"https:\/\/torredonjimenoactualidad.com\/","name":"Torredonjimeno Actualidad","description":"","publisher":{"@id":"https:\/\/torredonjimenoactualidad.com\/#organization"},"potentialAction":[{"@type":"SearchAction","target":{"@type":"EntryPoint","urlTemplate":"https:\/\/torredonjimenoactualidad.com\/?s={search_term_string}"},"query-input":"required name=search_term_string"}],"inLanguage":"es"},{"@type":"Organization","@id":"https:\/\/torredonjimenoactualidad.com\/#organization","name":"Torredonjimeno Actualidad","url":"https:\/\/torredonjimenoactualidad.com\/","logo":{"@type":"ImageObject","inLanguage":"es","@id":"https:\/\/torredonjimenoactualidad.com\/#\/schema\/logo\/image\/","url":"https:\/\/torredonjimenoactualidad.com\/wp-content\/uploads\/2023\/02\/logo-torredonjimeno-544x180-1.png","contentUrl":"https:\/\/torredonjimenoactualidad.com\/wp-content\/uploads\/2023\/02\/logo-torredonjimeno-544x180-1.png","width":545,"height":112,"caption":"Torredonjimeno Actualidad"},"image":{"@id":"https:\/\/torredonjimenoactualidad.com\/#\/schema\/logo\/image\/"}},{"@type":"Person","@id":"https:\/\/torredonjimenoactualidad.com\/#\/schema\/person\/84de5f233e783ef2c75151a532b54977","name":"Alba Mar\u00eda Torres","image":{"@type":"ImageObject","inLanguage":"es","@id":"https:\/\/torredonjimenoactualidad.com\/#\/schema\/person\/image\/","url":"https:\/\/secure.gravatar.com\/avatar\/f9371f188c71501b4475a9ba2a71595850ec72967f800a2ed8e3e2102859ed65?s=96&d=mm&r=g","contentUrl":"https:\/\/secure.gravatar.com\/avatar\/f9371f188c71501b4475a9ba2a71595850ec72967f800a2ed8e3e2102859ed65?s=96&d=mm&r=g","caption":"Alba Mar\u00eda Torres"},"url":"https:\/\/torredonjimenoactualidad.com\/index.php\/author\/alba-torres\/"}]}},"_links":{"self":[{"href":"https:\/\/torredonjimenoactualidad.com\/index.php\/wp-json\/wp\/v2\/posts\/980","targetHints":{"allow":["GET"]}}],"collection":[{"href":"https:\/\/torredonjimenoactualidad.com\/index.php\/wp-json\/wp\/v2\/posts"}],"about":[{"href":"https:\/\/torredonjimenoactualidad.com\/index.php\/wp-json\/wp\/v2\/types\/post"}],"author":[{"embeddable":true,"href":"https:\/\/torredonjimenoactualidad.com\/index.php\/wp-json\/wp\/v2\/users\/2"}],"replies":[{"embeddable":true,"href":"https:\/\/torredonjimenoactualidad.com\/index.php\/wp-json\/wp\/v2\/comments?post=980"}],"version-history":[{"count":1,"href":"https:\/\/torredonjimenoactualidad.com\/index.php\/wp-json\/wp\/v2\/posts\/980\/revisions"}],"predecessor-version":[{"id":982,"href":"https:\/\/torredonjimenoactualidad.com\/index.php\/wp-json\/wp\/v2\/posts\/980\/revisions\/982"}],"wp:featuredmedia":[{"embeddable":true,"href":"https:\/\/torredonjimenoactualidad.com\/index.php\/wp-json\/wp\/v2\/media\/981"}],"wp:attachment":[{"href":"https:\/\/torredonjimenoactualidad.com\/index.php\/wp-json\/wp\/v2\/media?parent=980"}],"wp:term":[{"taxonomy":"category","embeddable":true,"href":"https:\/\/torredonjimenoactualidad.com\/index.php\/wp-json\/wp\/v2\/categories?post=980"},{"taxonomy":"post_tag","embeddable":true,"href":"https:\/\/torredonjimenoactualidad.com\/index.php\/wp-json\/wp\/v2\/tags?post=980"}],"curies":[{"name":"wp","href":"https:\/\/api.w.org\/{rel}","templated":true}]}}