{"id":977,"date":"2023-09-08T14:42:17","date_gmt":"2023-09-08T14:42:17","guid":{"rendered":"https:\/\/torredonjimenoactualidad.com\/?p=977"},"modified":"2023-09-08T14:42:18","modified_gmt":"2023-09-08T14:42:18","slug":"diputacion-impulsara-un-plan-especial-de-empleo-de-diez-millones-ante-la-merma-de-jornales-en-el-olivar","status":"publish","type":"post","link":"https:\/\/torredonjimenoactualidad.com\/index.php\/2023\/09\/08\/diputacion-impulsara-un-plan-especial-de-empleo-de-diez-millones-ante-la-merma-de-jornales-en-el-olivar\/","title":{"rendered":"Diputaci\u00f3n impulsar\u00e1 un Plan Especial de Empleo de diez millones ante la merma de jornales en el olivar"},"content":{"rendered":"\n<p>La Diputaci\u00f3n de Ja\u00e9n va a impulsar un Plan Especial de Empleo, dotado con m\u00e1s de diez millones de euros, para paliar la merma de jornales que se prev\u00e9 ante la escasez de la pr\u00f3xima campa\u00f1a ole\u00edcola, debido a la sequ\u00eda.<\/p>\n\n\n\n<p>As\u00ed lo ha anunciado el presidente de la Administraci\u00f3n provincial, Francisco Reyes, despu\u00e9s de presidir este viernes el primer Consejo de Alcaldes y Alcaldesas de la provincia de este nuevo mandato corporativo, en el que tambi\u00e9n se ha dado el visto bueno a otras propuestas dirigidas a hacer frente a las consecuencias de esa escasa campa\u00f1a.<\/p>\n\n\n\n<p>\u00abSe ha acordado solicitar planes especiales de empleo tanto a la Diputaci\u00f3n como a la Junta de Andaluc\u00eda y al Gobierno de Espa\u00f1a porque, aunque a\u00fan no conocemos el primer aforo de octubre, despu\u00e9s de hablar con alcaldes y alcaldesas, organizaciones agrarias, cooperativas y sindicatos las previsiones apuntan a que esta cosecha ser\u00e1 inferior a la del a\u00f1o pasado\u00bb, ha explicado.<\/p>\n\n\n\n<p>Por eso, desde este \u00f3rgano asesor se ha aprobado \u00abpedir como el a\u00f1o pasado que se pongan en marcha estos planes extraordinarios\u00bb. \u00abNosotros cumplimos, as\u00ed que pido especial sensibilidad al Gobierno andaluz para que no deje tirados a los trabajadores del campo e impulse este plan con fondos propios\u00bb, ha dicho Reyes.<\/p>\n\n\n\n<p>En esta l\u00ednea, ha insistido en que si desde la Diputaci\u00f3n se puede \u00abhacer este esfuerzo\u00bb y de un presupuesto disponible de 135 millones de euros se aprueba un plan con 10 millones, \u00abla Junta de Andaluc\u00eda podr\u00e1 sacar m\u00e1s recursos con 45.000 millones de presupuesto que tiene\u00bb.<\/p>\n\n\n\n<p>Respecto al Gobierno de Espa\u00f1a, ha apuntado que, \u00absi por cuesti\u00f3n de competencias no puede ejecutar un plan de empleo directamente\u00bb, se le insta a que transfiera esos fondos a la Junta, la Diputaci\u00f3n o los ayuntamientos.<\/p>\n\n\n\n<p>Junto a esta cuesti\u00f3n, en este Consejo de Alcaldes y Alcaldesas de la provincia de Ja\u00e9n se han aprobado otras propuestas para contribuir a paliar las consecuencias de la escasa cosecha de aceituna que se avecina, como pedir al Ejecutivo central la eliminaci\u00f3n de las peonadas necesarias para acceder al subsidio agrario.<\/p>\n\n\n\n<p>\u00abEn principio hab\u00edamos previsto solicitar que se mantuviera, como el a\u00f1o pasado, la necesidad de echar diez jornales para tener derecho a estas ayudas, pero ante las dificultades a las que se van a enfrentar los jornaleros, especialmente las mujeres, vamos a pedir que finalmente se elimine este requisito para acceder al subsidio\u00bb, ha precisado.<\/p>\n\n\n\n<p>Otras medidas acordadas han sido la petici\u00f3n al Gobierno de Espa\u00f1a de que las cooperativas que se agrupen para molturar la aceituna puedan solicitar un ERTE para sus empleados similar al que se aprob\u00f3 durante la pandemia\u00bb.<\/p>\n\n\n\n<p>Tambi\u00e9n se le demanda que se reduzcan los m\u00f3dulos del IRPF, una iniciativa que \u00abel pasado a\u00f1o supuso un ahorro de 1.800 millones de euros para los agricultores espa\u00f1oles\u00bb, muchos de ellos del territorio jiennense.<\/p>\n\n\n\n<h2 class=\"wp-block-heading\">IMPUESTO<\/h2>\n\n\n\n<p>Por otro lado, en esta reuni\u00f3n del consejo se ha instado a la Junta de Andaluc\u00eda a que devuelva la cantidad \u00edntegra recaudada este a\u00f1o por el impuesto sobre el dep\u00f3sito e incineraci\u00f3n de residuos en vertederos, que asciende a m\u00e1s de 6,7 millones de euros.<\/p>\n\n\n\n<p>Reyes ha detallado que, con la abstenci\u00f3n de los alcaldes del PP, se ha acordado que \u00abse realice esa transferencia v\u00eda subvenci\u00f3n tanto a la Diputaci\u00f3n de Ja\u00e9n, que ha sido la que ha asumido este pago en 2023, como a los ayuntamientos, que lo har\u00e1n a partir de 2024\u00bb.<\/p>\n\n\n\n<p>\u00abEl objetivo es que esos fondos sirvan a los municipios como medio de financiaci\u00f3n para el mantenimiento y gesti\u00f3n de puntos limpios, puntos de acopio de residuos de la construcci\u00f3n de obra menor y para sufragar los costes de gesti\u00f3n y tratamiento de residuos de competencia municipal\u00bb, ha comentado.<\/p>\n\n\n\n<p>Y ello, seg\u00fan ha a\u00f1adido, teniendo en cuenta tambi\u00e9n que \u00abestos recursos que recibe el Gobierno andaluz no van destinados a mejorar o animar la recogida selectiva de residuos, sino que se incorporan directamente al presupuesto de la comunidad aut\u00f3noma andaluza\u00bb.<\/p>\n\n\n\n<h2 class=\"wp-block-heading\">PREMIO DE COBRANZA<\/h2>\n\n\n\n<p>De igual modo, se ha dado el visto bueno en esta sesi\u00f3n del Consejo a la devoluci\u00f3n y reparto de tres millones de euros del Servicio Provincial de Gesti\u00f3n y de Recaudaci\u00f3n entre los municipios a los que Diputaci\u00f3n gestiona sus tributos municipales.<\/p>\n\n\n\n<p>\u00abVamos a devolver el 39 por ciento del premio de cobranza para intentar contribuir a aliviar las arcas municipales\u00bb, ha dicho Reyes, quien ha apostillado que se puede llevar a cabo \u00abgracias al buen hacer del SPGR y sus profesionales y a la confianza que muchos alcaldes y alcaldesas han depositado en este organismo aut\u00f3nomo de la Diputaci\u00f3n\u00bb.<\/p>\n\n\n\n<p>Otros asuntos que tambi\u00e9n se han debatido en el citado \u00f3rgano asesor han estado relacionados con los presupuestos de la Corporaci\u00f3n provincial para 2024, a los que los alcaldes y alcaldesas podr\u00e1n realizar sus aportaciones.<\/p>\n\n\n\n<p>No ha faltado tampoco \u00abuno de los principales problemas\u00bb de la actualidad, como es el de la sequ\u00eda y el abastecimiento de agua. \u00abDesde la Administraci\u00f3n provincial llevamos trabajando dos a\u00f1os y medio preparando proyectos y buscando financiaci\u00f3n para acometer obras importante en todas las comarcas jiennenses\u00bb, ha afirmado.<\/p>\n\n\n\n<p>Al hilo, el presidente de la Diputaci\u00f3n ha pedido \u00abm\u00e1s implicaci\u00f3n\u00bb de la Junta de Andaluc\u00eda, porque \u00abpor ejemplo desde el a\u00f1o 2020 en el que declar\u00f3 de inter\u00e9s auton\u00f3mico las obras del V\u00edboras-Quiebrajano, a\u00fan no ha hecho nada y se van a tener incluso que actualizar los proyectos\u00bb.<\/p>\n\n\n\n<p>Finalmente, ha anunciado que en adelante, en todas las sesiones de este Consejo de Alcaldes y Alcaldesas de la provincia de Ja\u00e9n, \u00abse informar\u00e1 sobre los nuevos pasos que se vayan dando en la ejecuci\u00f3n del Cetedex &#8211;Centro Tecnol\u00f3gico de Desarrollo y Experimentaci\u00f3n&#8211; por la importancia que tiene este proyecto para nuestra provincia\u00bb.<\/p>\n","protected":false},"excerpt":{"rendered":"<p>La Diputaci\u00f3n de Ja\u00e9n va a impulsar un Plan Especial de Empleo, dotado con m\u00e1s de diez millones de euros, para paliar la merma de jornales que se prev\u00e9 ante la escasez de la pr\u00f3xima campa\u00f1a ole\u00edcola, debido a la sequ\u00eda. As\u00ed lo ha anunciado el presidente de la Administraci\u00f3n provincial, Francisco Reyes, despu\u00e9s de &hellip;<\/p>\n<p class=\"read-more\"> <a class=\"\" href=\"https:\/\/torredonjimenoactualidad.com\/index.php\/2023\/09\/08\/diputacion-impulsara-un-plan-especial-de-empleo-de-diez-millones-ante-la-merma-de-jornales-en-el-olivar\/\"> <span class=\"screen-reader-text\">Diputaci\u00f3n impulsar\u00e1 un Plan Especial de Empleo de diez millones ante la merma de jornales en el olivar<\/span> Leer m\u00e1s &raquo;<\/a><\/p>\n","protected":false},"author":2,"featured_media":978,"comment_status":"open","ping_status":"open","sticky":false,"template":"","format":"standard","meta":{"site-sidebar-layout":"default","site-content-layout":"default","ast-global-header-display":"","ast-main-header-display":"","ast-hfb-above-header-display":"","ast-hfb-below-header-display":"","ast-hfb-mobile-header-display":"","site-post-title":"","ast-breadcrumbs-content":"","ast-featured-img":"","footer-sml-layout":"","theme-transparent-header-meta":"","adv-header-id-meta":"","stick-header-meta":"","header-above-stick-meta":"","header-main-stick-meta":"","header-below-stick-meta":"","footnotes":""},"categories":[8],"tags":[],"class_list":["post-977","post","type-post","status-publish","format-standard","has-post-thumbnail","hentry","category-provincia"],"yoast_head":"<!-- This site is optimized with the Yoast SEO plugin v20.8 - https:\/\/yoast.com\/wordpress\/plugins\/seo\/ -->\n<title>Diputaci\u00f3n impulsar\u00e1 un Plan Especial de Empleo de diez millones ante la merma de jornales en el olivar - Torredonjimeno Actualidad<\/title>\n<meta name=\"robots\" content=\"index, follow, max-snippet:-1, max-image-preview:large, max-video-preview:-1\" \/>\n<link rel=\"canonical\" href=\"https:\/\/torredonjimenoactualidad.com\/index.php\/2023\/09\/08\/diputacion-impulsara-un-plan-especial-de-empleo-de-diez-millones-ante-la-merma-de-jornales-en-el-olivar\/\" \/>\n<meta property=\"og:locale\" content=\"es_ES\" \/>\n<meta property=\"og:type\" content=\"article\" \/>\n<meta property=\"og:title\" content=\"Diputaci\u00f3n impulsar\u00e1 un Plan Especial de Empleo de diez millones ante la merma de jornales en el olivar - Torredonjimeno Actualidad\" \/>\n<meta property=\"og:description\" content=\"La Diputaci\u00f3n de Ja\u00e9n va a impulsar un Plan Especial de Empleo, dotado con m\u00e1s de diez millones de euros, para paliar la merma de jornales que se prev\u00e9 ante la escasez de la pr\u00f3xima campa\u00f1a ole\u00edcola, debido a la sequ\u00eda. As\u00ed lo ha anunciado el presidente de la Administraci\u00f3n provincial, Francisco Reyes, despu\u00e9s de &hellip; Diputaci\u00f3n impulsar\u00e1 un Plan Especial de Empleo de diez millones ante la merma de jornales en el olivar Leer m\u00e1s &raquo;\" \/>\n<meta property=\"og:url\" content=\"https:\/\/torredonjimenoactualidad.com\/index.php\/2023\/09\/08\/diputacion-impulsara-un-plan-especial-de-empleo-de-diez-millones-ante-la-merma-de-jornales-en-el-olivar\/\" \/>\n<meta property=\"og:site_name\" content=\"Torredonjimeno Actualidad\" \/>\n<meta property=\"article:published_time\" content=\"2023-09-08T14:42:17+00:00\" \/>\n<meta property=\"article:modified_time\" content=\"2023-09-08T14:42:18+00:00\" \/>\n<meta property=\"og:image\" content=\"https:\/\/torredonjimenoactualidad.com\/wp-content\/uploads\/2023\/09\/fotonoticia_20230908155753_1920.jpg\" \/>\n\t<meta property=\"og:image:width\" content=\"1920\" \/>\n\t<meta property=\"og:image:height\" content=\"1098\" \/>\n\t<meta property=\"og:image:type\" content=\"image\/jpeg\" \/>\n<meta name=\"author\" content=\"Alba Mar\u00eda Torres\" \/>\n<meta name=\"twitter:card\" content=\"summary_large_image\" \/>\n<meta name=\"twitter:label1\" content=\"Escrito por\" \/>\n\t<meta name=\"twitter:data1\" content=\"Alba Mar\u00eda Torres\" \/>\n\t<meta name=\"twitter:label2\" content=\"Tiempo de lectura\" \/>\n\t<meta name=\"twitter:data2\" content=\"5 minutos\" \/>\n<script type=\"application\/ld+json\" class=\"yoast-schema-graph\">{\"@context\":\"https:\/\/schema.org\",\"@graph\":[{\"@type\":\"Article\",\"@id\":\"https:\/\/torredonjimenoactualidad.com\/index.php\/2023\/09\/08\/diputacion-impulsara-un-plan-especial-de-empleo-de-diez-millones-ante-la-merma-de-jornales-en-el-olivar\/#article\",\"isPartOf\":{\"@id\":\"https:\/\/torredonjimenoactualidad.com\/index.php\/2023\/09\/08\/diputacion-impulsara-un-plan-especial-de-empleo-de-diez-millones-ante-la-merma-de-jornales-en-el-olivar\/\"},\"author\":{\"name\":\"Alba Mar\u00eda Torres\",\"@id\":\"https:\/\/torredonjimenoactualidad.com\/#\/schema\/person\/84de5f233e783ef2c75151a532b54977\"},\"headline\":\"Diputaci\u00f3n impulsar\u00e1 un Plan Especial de Empleo de diez millones ante la merma de jornales en el olivar\",\"datePublished\":\"2023-09-08T14:42:17+00:00\",\"dateModified\":\"2023-09-08T14:42:18+00:00\",\"mainEntityOfPage\":{\"@id\":\"https:\/\/torredonjimenoactualidad.com\/index.php\/2023\/09\/08\/diputacion-impulsara-un-plan-especial-de-empleo-de-diez-millones-ante-la-merma-de-jornales-en-el-olivar\/\"},\"wordCount\":1043,\"commentCount\":0,\"publisher\":{\"@id\":\"https:\/\/torredonjimenoactualidad.com\/#organization\"},\"articleSection\":[\"provincia\"],\"inLanguage\":\"es\",\"potentialAction\":[{\"@type\":\"CommentAction\",\"name\":\"Comment\",\"target\":[\"https:\/\/torredonjimenoactualidad.com\/index.php\/2023\/09\/08\/diputacion-impulsara-un-plan-especial-de-empleo-de-diez-millones-ante-la-merma-de-jornales-en-el-olivar\/#respond\"]}]},{\"@type\":\"WebPage\",\"@id\":\"https:\/\/torredonjimenoactualidad.com\/index.php\/2023\/09\/08\/diputacion-impulsara-un-plan-especial-de-empleo-de-diez-millones-ante-la-merma-de-jornales-en-el-olivar\/\",\"url\":\"https:\/\/torredonjimenoactualidad.com\/index.php\/2023\/09\/08\/diputacion-impulsara-un-plan-especial-de-empleo-de-diez-millones-ante-la-merma-de-jornales-en-el-olivar\/\",\"name\":\"Diputaci\u00f3n impulsar\u00e1 un Plan Especial de Empleo de diez millones ante la merma de jornales en el olivar - Torredonjimeno Actualidad\",\"isPartOf\":{\"@id\":\"https:\/\/torredonjimenoactualidad.com\/#website\"},\"datePublished\":\"2023-09-08T14:42:17+00:00\",\"dateModified\":\"2023-09-08T14:42:18+00:00\",\"breadcrumb\":{\"@id\":\"https:\/\/torredonjimenoactualidad.com\/index.php\/2023\/09\/08\/diputacion-impulsara-un-plan-especial-de-empleo-de-diez-millones-ante-la-merma-de-jornales-en-el-olivar\/#breadcrumb\"},\"inLanguage\":\"es\",\"potentialAction\":[{\"@type\":\"ReadAction\",\"target\":[\"https:\/\/torredonjimenoactualidad.com\/index.php\/2023\/09\/08\/diputacion-impulsara-un-plan-especial-de-empleo-de-diez-millones-ante-la-merma-de-jornales-en-el-olivar\/\"]}]},{\"@type\":\"BreadcrumbList\",\"@id\":\"https:\/\/torredonjimenoactualidad.com\/index.php\/2023\/09\/08\/diputacion-impulsara-un-plan-especial-de-empleo-de-diez-millones-ante-la-merma-de-jornales-en-el-olivar\/#breadcrumb\",\"itemListElement\":[{\"@type\":\"ListItem\",\"position\":1,\"name\":\"Portada\",\"item\":\"https:\/\/torredonjimenoactualidad.com\/\"},{\"@type\":\"ListItem\",\"position\":2,\"name\":\"Diputaci\u00f3n impulsar\u00e1 un Plan Especial de Empleo de diez millones ante la merma de jornales en el olivar\"}]},{\"@type\":\"WebSite\",\"@id\":\"https:\/\/torredonjimenoactualidad.com\/#website\",\"url\":\"https:\/\/torredonjimenoactualidad.com\/\",\"name\":\"Torredonjimeno Actualidad\",\"description\":\"\",\"publisher\":{\"@id\":\"https:\/\/torredonjimenoactualidad.com\/#organization\"},\"potentialAction\":[{\"@type\":\"SearchAction\",\"target\":{\"@type\":\"EntryPoint\",\"urlTemplate\":\"https:\/\/torredonjimenoactualidad.com\/?s={search_term_string}\"},\"query-input\":\"required name=search_term_string\"}],\"inLanguage\":\"es\"},{\"@type\":\"Organization\",\"@id\":\"https:\/\/torredonjimenoactualidad.com\/#organization\",\"name\":\"Torredonjimeno Actualidad\",\"url\":\"https:\/\/torredonjimenoactualidad.com\/\",\"logo\":{\"@type\":\"ImageObject\",\"inLanguage\":\"es\",\"@id\":\"https:\/\/torredonjimenoactualidad.com\/#\/schema\/logo\/image\/\",\"url\":\"https:\/\/torredonjimenoactualidad.com\/wp-content\/uploads\/2023\/02\/logo-torredonjimeno-544x180-1.png\",\"contentUrl\":\"https:\/\/torredonjimenoactualidad.com\/wp-content\/uploads\/2023\/02\/logo-torredonjimeno-544x180-1.png\",\"width\":545,\"height\":112,\"caption\":\"Torredonjimeno Actualidad\"},\"image\":{\"@id\":\"https:\/\/torredonjimenoactualidad.com\/#\/schema\/logo\/image\/\"}},{\"@type\":\"Person\",\"@id\":\"https:\/\/torredonjimenoactualidad.com\/#\/schema\/person\/84de5f233e783ef2c75151a532b54977\",\"name\":\"Alba Mar\u00eda Torres\",\"image\":{\"@type\":\"ImageObject\",\"inLanguage\":\"es\",\"@id\":\"https:\/\/torredonjimenoactualidad.com\/#\/schema\/person\/image\/\",\"url\":\"https:\/\/secure.gravatar.com\/avatar\/f9371f188c71501b4475a9ba2a71595850ec72967f800a2ed8e3e2102859ed65?s=96&d=mm&r=g\",\"contentUrl\":\"https:\/\/secure.gravatar.com\/avatar\/f9371f188c71501b4475a9ba2a71595850ec72967f800a2ed8e3e2102859ed65?s=96&d=mm&r=g\",\"caption\":\"Alba Mar\u00eda Torres\"},\"url\":\"https:\/\/torredonjimenoactualidad.com\/index.php\/author\/alba-torres\/\"}]}<\/script>\n<!-- \/ Yoast SEO plugin. -->","yoast_head_json":{"title":"Diputaci\u00f3n impulsar\u00e1 un Plan Especial de Empleo de diez millones ante la merma de jornales en el olivar - Torredonjimeno Actualidad","robots":{"index":"index","follow":"follow","max-snippet":"max-snippet:-1","max-image-preview":"max-image-preview:large","max-video-preview":"max-video-preview:-1"},"canonical":"https:\/\/torredonjimenoactualidad.com\/index.php\/2023\/09\/08\/diputacion-impulsara-un-plan-especial-de-empleo-de-diez-millones-ante-la-merma-de-jornales-en-el-olivar\/","og_locale":"es_ES","og_type":"article","og_title":"Diputaci\u00f3n impulsar\u00e1 un Plan Especial de Empleo de diez millones ante la merma de jornales en el olivar - Torredonjimeno Actualidad","og_description":"La Diputaci\u00f3n de Ja\u00e9n va a impulsar un Plan Especial de Empleo, dotado con m\u00e1s de diez millones de euros, para paliar la merma de jornales que se prev\u00e9 ante la escasez de la pr\u00f3xima campa\u00f1a ole\u00edcola, debido a la sequ\u00eda. As\u00ed lo ha anunciado el presidente de la Administraci\u00f3n provincial, Francisco Reyes, despu\u00e9s de &hellip; Diputaci\u00f3n impulsar\u00e1 un Plan Especial de Empleo de diez millones ante la merma de jornales en el olivar Leer m\u00e1s &raquo;","og_url":"https:\/\/torredonjimenoactualidad.com\/index.php\/2023\/09\/08\/diputacion-impulsara-un-plan-especial-de-empleo-de-diez-millones-ante-la-merma-de-jornales-en-el-olivar\/","og_site_name":"Torredonjimeno Actualidad","article_published_time":"2023-09-08T14:42:17+00:00","article_modified_time":"2023-09-08T14:42:18+00:00","og_image":[{"width":1920,"height":1098,"url":"https:\/\/torredonjimenoactualidad.com\/wp-content\/uploads\/2023\/09\/fotonoticia_20230908155753_1920.jpg","type":"image\/jpeg"}],"author":"Alba Mar\u00eda Torres","twitter_card":"summary_large_image","twitter_misc":{"Escrito por":"Alba Mar\u00eda Torres","Tiempo de lectura":"5 minutos"},"schema":{"@context":"https:\/\/schema.org","@graph":[{"@type":"Article","@id":"https:\/\/torredonjimenoactualidad.com\/index.php\/2023\/09\/08\/diputacion-impulsara-un-plan-especial-de-empleo-de-diez-millones-ante-la-merma-de-jornales-en-el-olivar\/#article","isPartOf":{"@id":"https:\/\/torredonjimenoactualidad.com\/index.php\/2023\/09\/08\/diputacion-impulsara-un-plan-especial-de-empleo-de-diez-millones-ante-la-merma-de-jornales-en-el-olivar\/"},"author":{"name":"Alba Mar\u00eda Torres","@id":"https:\/\/torredonjimenoactualidad.com\/#\/schema\/person\/84de5f233e783ef2c75151a532b54977"},"headline":"Diputaci\u00f3n impulsar\u00e1 un Plan Especial de Empleo de diez millones ante la merma de jornales en el olivar","datePublished":"2023-09-08T14:42:17+00:00","dateModified":"2023-09-08T14:42:18+00:00","mainEntityOfPage":{"@id":"https:\/\/torredonjimenoactualidad.com\/index.php\/2023\/09\/08\/diputacion-impulsara-un-plan-especial-de-empleo-de-diez-millones-ante-la-merma-de-jornales-en-el-olivar\/"},"wordCount":1043,"commentCount":0,"publisher":{"@id":"https:\/\/torredonjimenoactualidad.com\/#organization"},"articleSection":["provincia"],"inLanguage":"es","potentialAction":[{"@type":"CommentAction","name":"Comment","target":["https:\/\/torredonjimenoactualidad.com\/index.php\/2023\/09\/08\/diputacion-impulsara-un-plan-especial-de-empleo-de-diez-millones-ante-la-merma-de-jornales-en-el-olivar\/#respond"]}]},{"@type":"WebPage","@id":"https:\/\/torredonjimenoactualidad.com\/index.php\/2023\/09\/08\/diputacion-impulsara-un-plan-especial-de-empleo-de-diez-millones-ante-la-merma-de-jornales-en-el-olivar\/","url":"https:\/\/torredonjimenoactualidad.com\/index.php\/2023\/09\/08\/diputacion-impulsara-un-plan-especial-de-empleo-de-diez-millones-ante-la-merma-de-jornales-en-el-olivar\/","name":"Diputaci\u00f3n impulsar\u00e1 un Plan Especial de Empleo de diez millones ante la merma de jornales en el olivar - Torredonjimeno Actualidad","isPartOf":{"@id":"https:\/\/torredonjimenoactualidad.com\/#website"},"datePublished":"2023-09-08T14:42:17+00:00","dateModified":"2023-09-08T14:42:18+00:00","breadcrumb":{"@id":"https:\/\/torredonjimenoactualidad.com\/index.php\/2023\/09\/08\/diputacion-impulsara-un-plan-especial-de-empleo-de-diez-millones-ante-la-merma-de-jornales-en-el-olivar\/#breadcrumb"},"inLanguage":"es","potentialAction":[{"@type":"ReadAction","target":["https:\/\/torredonjimenoactualidad.com\/index.php\/2023\/09\/08\/diputacion-impulsara-un-plan-especial-de-empleo-de-diez-millones-ante-la-merma-de-jornales-en-el-olivar\/"]}]},{"@type":"BreadcrumbList","@id":"https:\/\/torredonjimenoactualidad.com\/index.php\/2023\/09\/08\/diputacion-impulsara-un-plan-especial-de-empleo-de-diez-millones-ante-la-merma-de-jornales-en-el-olivar\/#breadcrumb","itemListElement":[{"@type":"ListItem","position":1,"name":"Portada","item":"https:\/\/torredonjimenoactualidad.com\/"},{"@type":"ListItem","position":2,"name":"Diputaci\u00f3n impulsar\u00e1 un Plan Especial de Empleo de diez millones ante la merma de jornales en el olivar"}]},{"@type":"WebSite","@id":"https:\/\/torredonjimenoactualidad.com\/#website","url":"https:\/\/torredonjimenoactualidad.com\/","name":"Torredonjimeno Actualidad","description":"","publisher":{"@id":"https:\/\/torredonjimenoactualidad.com\/#organization"},"potentialAction":[{"@type":"SearchAction","target":{"@type":"EntryPoint","urlTemplate":"https:\/\/torredonjimenoactualidad.com\/?s={search_term_string}"},"query-input":"required name=search_term_string"}],"inLanguage":"es"},{"@type":"Organization","@id":"https:\/\/torredonjimenoactualidad.com\/#organization","name":"Torredonjimeno Actualidad","url":"https:\/\/torredonjimenoactualidad.com\/","logo":{"@type":"ImageObject","inLanguage":"es","@id":"https:\/\/torredonjimenoactualidad.com\/#\/schema\/logo\/image\/","url":"https:\/\/torredonjimenoactualidad.com\/wp-content\/uploads\/2023\/02\/logo-torredonjimeno-544x180-1.png","contentUrl":"https:\/\/torredonjimenoactualidad.com\/wp-content\/uploads\/2023\/02\/logo-torredonjimeno-544x180-1.png","width":545,"height":112,"caption":"Torredonjimeno Actualidad"},"image":{"@id":"https:\/\/torredonjimenoactualidad.com\/#\/schema\/logo\/image\/"}},{"@type":"Person","@id":"https:\/\/torredonjimenoactualidad.com\/#\/schema\/person\/84de5f233e783ef2c75151a532b54977","name":"Alba Mar\u00eda Torres","image":{"@type":"ImageObject","inLanguage":"es","@id":"https:\/\/torredonjimenoactualidad.com\/#\/schema\/person\/image\/","url":"https:\/\/secure.gravatar.com\/avatar\/f9371f188c71501b4475a9ba2a71595850ec72967f800a2ed8e3e2102859ed65?s=96&d=mm&r=g","contentUrl":"https:\/\/secure.gravatar.com\/avatar\/f9371f188c71501b4475a9ba2a71595850ec72967f800a2ed8e3e2102859ed65?s=96&d=mm&r=g","caption":"Alba Mar\u00eda Torres"},"url":"https:\/\/torredonjimenoactualidad.com\/index.php\/author\/alba-torres\/"}]}},"_links":{"self":[{"href":"https:\/\/torredonjimenoactualidad.com\/index.php\/wp-json\/wp\/v2\/posts\/977","targetHints":{"allow":["GET"]}}],"collection":[{"href":"https:\/\/torredonjimenoactualidad.com\/index.php\/wp-json\/wp\/v2\/posts"}],"about":[{"href":"https:\/\/torredonjimenoactualidad.com\/index.php\/wp-json\/wp\/v2\/types\/post"}],"author":[{"embeddable":true,"href":"https:\/\/torredonjimenoactualidad.com\/index.php\/wp-json\/wp\/v2\/users\/2"}],"replies":[{"embeddable":true,"href":"https:\/\/torredonjimenoactualidad.com\/index.php\/wp-json\/wp\/v2\/comments?post=977"}],"version-history":[{"count":1,"href":"https:\/\/torredonjimenoactualidad.com\/index.php\/wp-json\/wp\/v2\/posts\/977\/revisions"}],"predecessor-version":[{"id":979,"href":"https:\/\/torredonjimenoactualidad.com\/index.php\/wp-json\/wp\/v2\/posts\/977\/revisions\/979"}],"wp:featuredmedia":[{"embeddable":true,"href":"https:\/\/torredonjimenoactualidad.com\/index.php\/wp-json\/wp\/v2\/media\/978"}],"wp:attachment":[{"href":"https:\/\/torredonjimenoactualidad.com\/index.php\/wp-json\/wp\/v2\/media?parent=977"}],"wp:term":[{"taxonomy":"category","embeddable":true,"href":"https:\/\/torredonjimenoactualidad.com\/index.php\/wp-json\/wp\/v2\/categories?post=977"},{"taxonomy":"post_tag","embeddable":true,"href":"https:\/\/torredonjimenoactualidad.com\/index.php\/wp-json\/wp\/v2\/tags?post=977"}],"curies":[{"name":"wp","href":"https:\/\/api.w.org\/{rel}","templated":true}]}}