{"id":973,"date":"2023-09-04T13:22:33","date_gmt":"2023-09-04T13:22:33","guid":{"rendered":"https:\/\/torredonjimenoactualidad.com\/?p=973"},"modified":"2023-09-04T13:22:34","modified_gmt":"2023-09-04T13:22:34","slug":"el-centro-de-transfusion-de-jaen-organiza-3-colectas-de-sangre-para-el-mes-de-septiembre-en-torredonjimeno","status":"publish","type":"post","link":"https:\/\/torredonjimenoactualidad.com\/index.php\/2023\/09\/04\/el-centro-de-transfusion-de-jaen-organiza-3-colectas-de-sangre-para-el-mes-de-septiembre-en-torredonjimeno\/","title":{"rendered":"El Centro de Transfusi\u00f3n de Ja\u00e9n organiza 3 colectas de sangre para el mes de septiembre en Torredonjimeno"},"content":{"rendered":"\n<p>El Centro de Transfusi\u00f3n Sangu\u00ednea de Ja\u00e9n realizar\u00e1 durante septiembre un total de 42 salidas con el objetivo de mantener el abastecimiento de hemoderivados en los centros sanitarios.<\/p>\n\n\n\n<p>As\u00ed, durante la primera semana de este mes, las unidades m\u00f3viles se desplazar\u00e1n a And\u00fajar, Cortijos Nuevos, Torredonjimeno, Noalejo, Marmolejo, Guarrom\u00e1n, Santisteban del Puerto o Frailes, seg\u00fan ha informado este lunes el Gobierno andaluz.<\/p>\n\n\n\n<p>En Torredonjimeno se han previsto 3 donaciones, todas ellas en el Centro de Salud. La primera se llev\u00f3 a cabo el pasado d\u00eda 1 de septiembre, estando programadas las siguientes para los d\u00edas 6 y 15 de este mismo mes. <\/p>\n\n\n\n<p>Las donaciones de componentes sangu\u00edneos han permitido que los hospitales p\u00fablicos jiennenses hayan podido autoabastecerse para su actividad m\u00e9dica y quir\u00fargica, e incluso se han enviado concentrados de hemat\u00edes, de plaquetas y de plasma a otras provincias de nuestra comunidad aut\u00f3noma, donde han sido necesarias.<\/p>\n\n\n\n<p>Los requisitos para poder donar sangre son tener entre 18 y 65 a\u00f1os y un peso igual o superior a los 50 kilogramos; no padecer enfermedades cr\u00f3nicas ni tener una infecci\u00f3n aguda; no tener anemia y no realizar pr\u00e1cticas de riesgo que faciliten el contagio de enfermedades, como, por ejemplo, hepatitis, s\u00edfilis o sida. Es obligatorio acudir con el DNI o documento que les acredite y es conveniente no acudir en ayunas.<\/p>\n\n\n\n<p>La donaci\u00f3n de sangre es un proceso seguro, atendido por personal sanitario especializado. Antes de la extracci\u00f3n se realiza una entrevista y un reconocimiento m\u00e9dico al donante. Los varones pueden donar sangre hasta cuatro veces al a\u00f1o y las mujeres tres, con un intervalo m\u00ednimo de dos meses entre donaci\u00f3n y donaci\u00f3n. Los donantes espec\u00edficos de plasma pueden acudir cada 15 d\u00edas.<\/p>\n\n\n\n<p>El Centro de Transfusi\u00f3n Sangu\u00ednea Tejidos y C\u00e9lulas de Ja\u00e9n tiene encomendada la misi\u00f3n de autoabastecer a toda la provincia de Ja\u00e9n de los hemoderivados suficientes a trav\u00e9s de la Donaci\u00f3n de Sangre y la Transfusi\u00f3n y Medicina Transfusional de los hospitales de su \u00e1mbito, el Hospital Universitario de Ja\u00e9n.<\/p>\n\n\n\n<p>La Medicina Transfusional contempla la Transfusi\u00f3n, el Autotransplante de Progenitores Hematopoy\u00e9ticos, el empleo de Componentes Sangu\u00edneos para uso no Transfusional y las Plasmaf\u00e9resis Terap\u00e9uticas, \u00e9stas \u00faltimas con acceso a las instalaciones de pacientes provenientes de toda la provincia.<\/p>\n\n\n\n<p>Adem\u00e1s, se encarga de garantizar que haya componentes sangu\u00edneos disponibles para todos los pacientes, y as\u00ed cubrir las necesidades de los enfermos de hematolog\u00eda, de oncolog\u00eda, la actividad quir\u00fargica creciente o los trasplantes.<\/p>\n\n\n\n<p>Junto a la donaci\u00f3n, el centro tiene encomendada la transfusi\u00f3n sangu\u00ednea, las af\u00e9resis terap\u00e9uticas y la elaboraci\u00f3n de los componentes sangu\u00edneos para uso no transfusional: colirios de suero aut\u00f3logo, o soluciones de infiltraci\u00f3n intraarticular de plasma rico en plaquetas.<\/p>\n","protected":false},"excerpt":{"rendered":"<p>El Centro de Transfusi\u00f3n Sangu\u00ednea de Ja\u00e9n realizar\u00e1 durante septiembre un total de 42 salidas con el objetivo de mantener el abastecimiento de hemoderivados en los centros sanitarios. As\u00ed, durante la primera semana de este mes, las unidades m\u00f3viles se desplazar\u00e1n a And\u00fajar, Cortijos Nuevos, Torredonjimeno, Noalejo, Marmolejo, Guarrom\u00e1n, Santisteban del Puerto o Frailes, seg\u00fan &hellip;<\/p>\n<p class=\"read-more\"> <a class=\"\" href=\"https:\/\/torredonjimenoactualidad.com\/index.php\/2023\/09\/04\/el-centro-de-transfusion-de-jaen-organiza-3-colectas-de-sangre-para-el-mes-de-septiembre-en-torredonjimeno\/\"> <span class=\"screen-reader-text\">El Centro de Transfusi\u00f3n de Ja\u00e9n organiza 3 colectas de sangre para el mes de septiembre en Torredonjimeno<\/span> Leer m\u00e1s &raquo;<\/a><\/p>\n","protected":false},"author":2,"featured_media":974,"comment_status":"open","ping_status":"open","sticky":false,"template":"","format":"standard","meta":{"site-sidebar-layout":"default","site-content-layout":"default","ast-global-header-display":"","ast-main-header-display":"","ast-hfb-above-header-display":"","ast-hfb-below-header-display":"","ast-hfb-mobile-header-display":"","site-post-title":"","ast-breadcrumbs-content":"","ast-featured-img":"","footer-sml-layout":"","theme-transparent-header-meta":"","adv-header-id-meta":"","stick-header-meta":"","header-above-stick-meta":"","header-main-stick-meta":"","header-below-stick-meta":"","footnotes":""},"categories":[7],"tags":[],"class_list":["post-973","post","type-post","status-publish","format-standard","has-post-thumbnail","hentry","category-local"],"yoast_head":"<!-- This site is optimized with the Yoast SEO plugin v20.8 - https:\/\/yoast.com\/wordpress\/plugins\/seo\/ -->\n<title>El Centro de Transfusi\u00f3n de Ja\u00e9n organiza 3 colectas de sangre para el mes de septiembre en Torredonjimeno - Torredonjimeno Actualidad<\/title>\n<meta name=\"robots\" content=\"index, follow, max-snippet:-1, max-image-preview:large, max-video-preview:-1\" \/>\n<link rel=\"canonical\" href=\"https:\/\/torredonjimenoactualidad.com\/index.php\/2023\/09\/04\/el-centro-de-transfusion-de-jaen-organiza-3-colectas-de-sangre-para-el-mes-de-septiembre-en-torredonjimeno\/\" \/>\n<meta property=\"og:locale\" content=\"es_ES\" \/>\n<meta property=\"og:type\" content=\"article\" \/>\n<meta property=\"og:title\" content=\"El Centro de Transfusi\u00f3n de Ja\u00e9n organiza 3 colectas de sangre para el mes de septiembre en Torredonjimeno - Torredonjimeno Actualidad\" \/>\n<meta property=\"og:description\" content=\"El Centro de Transfusi\u00f3n Sangu\u00ednea de Ja\u00e9n realizar\u00e1 durante septiembre un total de 42 salidas con el objetivo de mantener el abastecimiento de hemoderivados en los centros sanitarios. As\u00ed, durante la primera semana de este mes, las unidades m\u00f3viles se desplazar\u00e1n a And\u00fajar, Cortijos Nuevos, Torredonjimeno, Noalejo, Marmolejo, Guarrom\u00e1n, Santisteban del Puerto o Frailes, seg\u00fan &hellip; El Centro de Transfusi\u00f3n de Ja\u00e9n organiza 3 colectas de sangre para el mes de septiembre en Torredonjimeno Leer m\u00e1s &raquo;\" \/>\n<meta property=\"og:url\" content=\"https:\/\/torredonjimenoactualidad.com\/index.php\/2023\/09\/04\/el-centro-de-transfusion-de-jaen-organiza-3-colectas-de-sangre-para-el-mes-de-septiembre-en-torredonjimeno\/\" \/>\n<meta property=\"og:site_name\" content=\"Torredonjimeno Actualidad\" \/>\n<meta property=\"article:published_time\" content=\"2023-09-04T13:22:33+00:00\" \/>\n<meta property=\"article:modified_time\" content=\"2023-09-04T13:22:34+00:00\" \/>\n<meta property=\"og:image\" content=\"https:\/\/torredonjimenoactualidad.com\/wp-content\/uploads\/2023\/09\/Donacion-sangre_2403969596_30232098_1300x731.jpg\" \/>\n\t<meta property=\"og:image:width\" content=\"1300\" \/>\n\t<meta property=\"og:image:height\" content=\"731\" \/>\n\t<meta property=\"og:image:type\" content=\"image\/jpeg\" \/>\n<meta name=\"author\" content=\"Alba Mar\u00eda Torres\" \/>\n<meta name=\"twitter:card\" content=\"summary_large_image\" \/>\n<meta name=\"twitter:label1\" content=\"Escrito por\" \/>\n\t<meta name=\"twitter:data1\" content=\"Alba Mar\u00eda Torres\" \/>\n\t<meta name=\"twitter:label2\" content=\"Tiempo de lectura\" \/>\n\t<meta name=\"twitter:data2\" content=\"3 minutos\" \/>\n<script type=\"application\/ld+json\" class=\"yoast-schema-graph\">{\"@context\":\"https:\/\/schema.org\",\"@graph\":[{\"@type\":\"Article\",\"@id\":\"https:\/\/torredonjimenoactualidad.com\/index.php\/2023\/09\/04\/el-centro-de-transfusion-de-jaen-organiza-3-colectas-de-sangre-para-el-mes-de-septiembre-en-torredonjimeno\/#article\",\"isPartOf\":{\"@id\":\"https:\/\/torredonjimenoactualidad.com\/index.php\/2023\/09\/04\/el-centro-de-transfusion-de-jaen-organiza-3-colectas-de-sangre-para-el-mes-de-septiembre-en-torredonjimeno\/\"},\"author\":{\"name\":\"Alba Mar\u00eda Torres\",\"@id\":\"https:\/\/torredonjimenoactualidad.com\/#\/schema\/person\/84de5f233e783ef2c75151a532b54977\"},\"headline\":\"El Centro de Transfusi\u00f3n de Ja\u00e9n organiza 3 colectas de sangre para el mes de septiembre en Torredonjimeno\",\"datePublished\":\"2023-09-04T13:22:33+00:00\",\"dateModified\":\"2023-09-04T13:22:34+00:00\",\"mainEntityOfPage\":{\"@id\":\"https:\/\/torredonjimenoactualidad.com\/index.php\/2023\/09\/04\/el-centro-de-transfusion-de-jaen-organiza-3-colectas-de-sangre-para-el-mes-de-septiembre-en-torredonjimeno\/\"},\"wordCount\":510,\"commentCount\":0,\"publisher\":{\"@id\":\"https:\/\/torredonjimenoactualidad.com\/#organization\"},\"articleSection\":[\"local\"],\"inLanguage\":\"es\",\"potentialAction\":[{\"@type\":\"CommentAction\",\"name\":\"Comment\",\"target\":[\"https:\/\/torredonjimenoactualidad.com\/index.php\/2023\/09\/04\/el-centro-de-transfusion-de-jaen-organiza-3-colectas-de-sangre-para-el-mes-de-septiembre-en-torredonjimeno\/#respond\"]}]},{\"@type\":\"WebPage\",\"@id\":\"https:\/\/torredonjimenoactualidad.com\/index.php\/2023\/09\/04\/el-centro-de-transfusion-de-jaen-organiza-3-colectas-de-sangre-para-el-mes-de-septiembre-en-torredonjimeno\/\",\"url\":\"https:\/\/torredonjimenoactualidad.com\/index.php\/2023\/09\/04\/el-centro-de-transfusion-de-jaen-organiza-3-colectas-de-sangre-para-el-mes-de-septiembre-en-torredonjimeno\/\",\"name\":\"El Centro de Transfusi\u00f3n de Ja\u00e9n organiza 3 colectas de sangre para el mes de septiembre en Torredonjimeno - Torredonjimeno Actualidad\",\"isPartOf\":{\"@id\":\"https:\/\/torredonjimenoactualidad.com\/#website\"},\"datePublished\":\"2023-09-04T13:22:33+00:00\",\"dateModified\":\"2023-09-04T13:22:34+00:00\",\"breadcrumb\":{\"@id\":\"https:\/\/torredonjimenoactualidad.com\/index.php\/2023\/09\/04\/el-centro-de-transfusion-de-jaen-organiza-3-colectas-de-sangre-para-el-mes-de-septiembre-en-torredonjimeno\/#breadcrumb\"},\"inLanguage\":\"es\",\"potentialAction\":[{\"@type\":\"ReadAction\",\"target\":[\"https:\/\/torredonjimenoactualidad.com\/index.php\/2023\/09\/04\/el-centro-de-transfusion-de-jaen-organiza-3-colectas-de-sangre-para-el-mes-de-septiembre-en-torredonjimeno\/\"]}]},{\"@type\":\"BreadcrumbList\",\"@id\":\"https:\/\/torredonjimenoactualidad.com\/index.php\/2023\/09\/04\/el-centro-de-transfusion-de-jaen-organiza-3-colectas-de-sangre-para-el-mes-de-septiembre-en-torredonjimeno\/#breadcrumb\",\"itemListElement\":[{\"@type\":\"ListItem\",\"position\":1,\"name\":\"Portada\",\"item\":\"https:\/\/torredonjimenoactualidad.com\/\"},{\"@type\":\"ListItem\",\"position\":2,\"name\":\"El Centro de Transfusi\u00f3n de Ja\u00e9n organiza 3 colectas de sangre para el mes de septiembre en Torredonjimeno\"}]},{\"@type\":\"WebSite\",\"@id\":\"https:\/\/torredonjimenoactualidad.com\/#website\",\"url\":\"https:\/\/torredonjimenoactualidad.com\/\",\"name\":\"Torredonjimeno Actualidad\",\"description\":\"\",\"publisher\":{\"@id\":\"https:\/\/torredonjimenoactualidad.com\/#organization\"},\"potentialAction\":[{\"@type\":\"SearchAction\",\"target\":{\"@type\":\"EntryPoint\",\"urlTemplate\":\"https:\/\/torredonjimenoactualidad.com\/?s={search_term_string}\"},\"query-input\":\"required name=search_term_string\"}],\"inLanguage\":\"es\"},{\"@type\":\"Organization\",\"@id\":\"https:\/\/torredonjimenoactualidad.com\/#organization\",\"name\":\"Torredonjimeno Actualidad\",\"url\":\"https:\/\/torredonjimenoactualidad.com\/\",\"logo\":{\"@type\":\"ImageObject\",\"inLanguage\":\"es\",\"@id\":\"https:\/\/torredonjimenoactualidad.com\/#\/schema\/logo\/image\/\",\"url\":\"https:\/\/torredonjimenoactualidad.com\/wp-content\/uploads\/2023\/02\/logo-torredonjimeno-544x180-1.png\",\"contentUrl\":\"https:\/\/torredonjimenoactualidad.com\/wp-content\/uploads\/2023\/02\/logo-torredonjimeno-544x180-1.png\",\"width\":545,\"height\":112,\"caption\":\"Torredonjimeno Actualidad\"},\"image\":{\"@id\":\"https:\/\/torredonjimenoactualidad.com\/#\/schema\/logo\/image\/\"}},{\"@type\":\"Person\",\"@id\":\"https:\/\/torredonjimenoactualidad.com\/#\/schema\/person\/84de5f233e783ef2c75151a532b54977\",\"name\":\"Alba Mar\u00eda Torres\",\"image\":{\"@type\":\"ImageObject\",\"inLanguage\":\"es\",\"@id\":\"https:\/\/torredonjimenoactualidad.com\/#\/schema\/person\/image\/\",\"url\":\"https:\/\/secure.gravatar.com\/avatar\/f9371f188c71501b4475a9ba2a71595850ec72967f800a2ed8e3e2102859ed65?s=96&d=mm&r=g\",\"contentUrl\":\"https:\/\/secure.gravatar.com\/avatar\/f9371f188c71501b4475a9ba2a71595850ec72967f800a2ed8e3e2102859ed65?s=96&d=mm&r=g\",\"caption\":\"Alba Mar\u00eda Torres\"},\"url\":\"https:\/\/torredonjimenoactualidad.com\/index.php\/author\/alba-torres\/\"}]}<\/script>\n<!-- \/ Yoast SEO plugin. -->","yoast_head_json":{"title":"El Centro de Transfusi\u00f3n de Ja\u00e9n organiza 3 colectas de sangre para el mes de septiembre en Torredonjimeno - Torredonjimeno Actualidad","robots":{"index":"index","follow":"follow","max-snippet":"max-snippet:-1","max-image-preview":"max-image-preview:large","max-video-preview":"max-video-preview:-1"},"canonical":"https:\/\/torredonjimenoactualidad.com\/index.php\/2023\/09\/04\/el-centro-de-transfusion-de-jaen-organiza-3-colectas-de-sangre-para-el-mes-de-septiembre-en-torredonjimeno\/","og_locale":"es_ES","og_type":"article","og_title":"El Centro de Transfusi\u00f3n de Ja\u00e9n organiza 3 colectas de sangre para el mes de septiembre en Torredonjimeno - Torredonjimeno Actualidad","og_description":"El Centro de Transfusi\u00f3n Sangu\u00ednea de Ja\u00e9n realizar\u00e1 durante septiembre un total de 42 salidas con el objetivo de mantener el abastecimiento de hemoderivados en los centros sanitarios. As\u00ed, durante la primera semana de este mes, las unidades m\u00f3viles se desplazar\u00e1n a And\u00fajar, Cortijos Nuevos, Torredonjimeno, Noalejo, Marmolejo, Guarrom\u00e1n, Santisteban del Puerto o Frailes, seg\u00fan &hellip; El Centro de Transfusi\u00f3n de Ja\u00e9n organiza 3 colectas de sangre para el mes de septiembre en Torredonjimeno Leer m\u00e1s &raquo;","og_url":"https:\/\/torredonjimenoactualidad.com\/index.php\/2023\/09\/04\/el-centro-de-transfusion-de-jaen-organiza-3-colectas-de-sangre-para-el-mes-de-septiembre-en-torredonjimeno\/","og_site_name":"Torredonjimeno Actualidad","article_published_time":"2023-09-04T13:22:33+00:00","article_modified_time":"2023-09-04T13:22:34+00:00","og_image":[{"width":1300,"height":731,"url":"https:\/\/torredonjimenoactualidad.com\/wp-content\/uploads\/2023\/09\/Donacion-sangre_2403969596_30232098_1300x731.jpg","type":"image\/jpeg"}],"author":"Alba Mar\u00eda Torres","twitter_card":"summary_large_image","twitter_misc":{"Escrito por":"Alba Mar\u00eda Torres","Tiempo de lectura":"3 minutos"},"schema":{"@context":"https:\/\/schema.org","@graph":[{"@type":"Article","@id":"https:\/\/torredonjimenoactualidad.com\/index.php\/2023\/09\/04\/el-centro-de-transfusion-de-jaen-organiza-3-colectas-de-sangre-para-el-mes-de-septiembre-en-torredonjimeno\/#article","isPartOf":{"@id":"https:\/\/torredonjimenoactualidad.com\/index.php\/2023\/09\/04\/el-centro-de-transfusion-de-jaen-organiza-3-colectas-de-sangre-para-el-mes-de-septiembre-en-torredonjimeno\/"},"author":{"name":"Alba Mar\u00eda Torres","@id":"https:\/\/torredonjimenoactualidad.com\/#\/schema\/person\/84de5f233e783ef2c75151a532b54977"},"headline":"El Centro de Transfusi\u00f3n de Ja\u00e9n organiza 3 colectas de sangre para el mes de septiembre en Torredonjimeno","datePublished":"2023-09-04T13:22:33+00:00","dateModified":"2023-09-04T13:22:34+00:00","mainEntityOfPage":{"@id":"https:\/\/torredonjimenoactualidad.com\/index.php\/2023\/09\/04\/el-centro-de-transfusion-de-jaen-organiza-3-colectas-de-sangre-para-el-mes-de-septiembre-en-torredonjimeno\/"},"wordCount":510,"commentCount":0,"publisher":{"@id":"https:\/\/torredonjimenoactualidad.com\/#organization"},"articleSection":["local"],"inLanguage":"es","potentialAction":[{"@type":"CommentAction","name":"Comment","target":["https:\/\/torredonjimenoactualidad.com\/index.php\/2023\/09\/04\/el-centro-de-transfusion-de-jaen-organiza-3-colectas-de-sangre-para-el-mes-de-septiembre-en-torredonjimeno\/#respond"]}]},{"@type":"WebPage","@id":"https:\/\/torredonjimenoactualidad.com\/index.php\/2023\/09\/04\/el-centro-de-transfusion-de-jaen-organiza-3-colectas-de-sangre-para-el-mes-de-septiembre-en-torredonjimeno\/","url":"https:\/\/torredonjimenoactualidad.com\/index.php\/2023\/09\/04\/el-centro-de-transfusion-de-jaen-organiza-3-colectas-de-sangre-para-el-mes-de-septiembre-en-torredonjimeno\/","name":"El Centro de Transfusi\u00f3n de Ja\u00e9n organiza 3 colectas de sangre para el mes de septiembre en Torredonjimeno - Torredonjimeno Actualidad","isPartOf":{"@id":"https:\/\/torredonjimenoactualidad.com\/#website"},"datePublished":"2023-09-04T13:22:33+00:00","dateModified":"2023-09-04T13:22:34+00:00","breadcrumb":{"@id":"https:\/\/torredonjimenoactualidad.com\/index.php\/2023\/09\/04\/el-centro-de-transfusion-de-jaen-organiza-3-colectas-de-sangre-para-el-mes-de-septiembre-en-torredonjimeno\/#breadcrumb"},"inLanguage":"es","potentialAction":[{"@type":"ReadAction","target":["https:\/\/torredonjimenoactualidad.com\/index.php\/2023\/09\/04\/el-centro-de-transfusion-de-jaen-organiza-3-colectas-de-sangre-para-el-mes-de-septiembre-en-torredonjimeno\/"]}]},{"@type":"BreadcrumbList","@id":"https:\/\/torredonjimenoactualidad.com\/index.php\/2023\/09\/04\/el-centro-de-transfusion-de-jaen-organiza-3-colectas-de-sangre-para-el-mes-de-septiembre-en-torredonjimeno\/#breadcrumb","itemListElement":[{"@type":"ListItem","position":1,"name":"Portada","item":"https:\/\/torredonjimenoactualidad.com\/"},{"@type":"ListItem","position":2,"name":"El Centro de Transfusi\u00f3n de Ja\u00e9n organiza 3 colectas de sangre para el mes de septiembre en Torredonjimeno"}]},{"@type":"WebSite","@id":"https:\/\/torredonjimenoactualidad.com\/#website","url":"https:\/\/torredonjimenoactualidad.com\/","name":"Torredonjimeno Actualidad","description":"","publisher":{"@id":"https:\/\/torredonjimenoactualidad.com\/#organization"},"potentialAction":[{"@type":"SearchAction","target":{"@type":"EntryPoint","urlTemplate":"https:\/\/torredonjimenoactualidad.com\/?s={search_term_string}"},"query-input":"required name=search_term_string"}],"inLanguage":"es"},{"@type":"Organization","@id":"https:\/\/torredonjimenoactualidad.com\/#organization","name":"Torredonjimeno Actualidad","url":"https:\/\/torredonjimenoactualidad.com\/","logo":{"@type":"ImageObject","inLanguage":"es","@id":"https:\/\/torredonjimenoactualidad.com\/#\/schema\/logo\/image\/","url":"https:\/\/torredonjimenoactualidad.com\/wp-content\/uploads\/2023\/02\/logo-torredonjimeno-544x180-1.png","contentUrl":"https:\/\/torredonjimenoactualidad.com\/wp-content\/uploads\/2023\/02\/logo-torredonjimeno-544x180-1.png","width":545,"height":112,"caption":"Torredonjimeno Actualidad"},"image":{"@id":"https:\/\/torredonjimenoactualidad.com\/#\/schema\/logo\/image\/"}},{"@type":"Person","@id":"https:\/\/torredonjimenoactualidad.com\/#\/schema\/person\/84de5f233e783ef2c75151a532b54977","name":"Alba Mar\u00eda Torres","image":{"@type":"ImageObject","inLanguage":"es","@id":"https:\/\/torredonjimenoactualidad.com\/#\/schema\/person\/image\/","url":"https:\/\/secure.gravatar.com\/avatar\/f9371f188c71501b4475a9ba2a71595850ec72967f800a2ed8e3e2102859ed65?s=96&d=mm&r=g","contentUrl":"https:\/\/secure.gravatar.com\/avatar\/f9371f188c71501b4475a9ba2a71595850ec72967f800a2ed8e3e2102859ed65?s=96&d=mm&r=g","caption":"Alba Mar\u00eda Torres"},"url":"https:\/\/torredonjimenoactualidad.com\/index.php\/author\/alba-torres\/"}]}},"_links":{"self":[{"href":"https:\/\/torredonjimenoactualidad.com\/index.php\/wp-json\/wp\/v2\/posts\/973","targetHints":{"allow":["GET"]}}],"collection":[{"href":"https:\/\/torredonjimenoactualidad.com\/index.php\/wp-json\/wp\/v2\/posts"}],"about":[{"href":"https:\/\/torredonjimenoactualidad.com\/index.php\/wp-json\/wp\/v2\/types\/post"}],"author":[{"embeddable":true,"href":"https:\/\/torredonjimenoactualidad.com\/index.php\/wp-json\/wp\/v2\/users\/2"}],"replies":[{"embeddable":true,"href":"https:\/\/torredonjimenoactualidad.com\/index.php\/wp-json\/wp\/v2\/comments?post=973"}],"version-history":[{"count":1,"href":"https:\/\/torredonjimenoactualidad.com\/index.php\/wp-json\/wp\/v2\/posts\/973\/revisions"}],"predecessor-version":[{"id":975,"href":"https:\/\/torredonjimenoactualidad.com\/index.php\/wp-json\/wp\/v2\/posts\/973\/revisions\/975"}],"wp:featuredmedia":[{"embeddable":true,"href":"https:\/\/torredonjimenoactualidad.com\/index.php\/wp-json\/wp\/v2\/media\/974"}],"wp:attachment":[{"href":"https:\/\/torredonjimenoactualidad.com\/index.php\/wp-json\/wp\/v2\/media?parent=973"}],"wp:term":[{"taxonomy":"category","embeddable":true,"href":"https:\/\/torredonjimenoactualidad.com\/index.php\/wp-json\/wp\/v2\/categories?post=973"},{"taxonomy":"post_tag","embeddable":true,"href":"https:\/\/torredonjimenoactualidad.com\/index.php\/wp-json\/wp\/v2\/tags?post=973"}],"curies":[{"name":"wp","href":"https:\/\/api.w.org\/{rel}","templated":true}]}}