{"id":969,"date":"2023-08-31T11:11:38","date_gmt":"2023-08-31T11:11:38","guid":{"rendered":"https:\/\/torredonjimenoactualidad.com\/?p=969"},"modified":"2023-08-31T11:11:39","modified_gmt":"2023-08-31T11:11:39","slug":"torredonjimeno-tendra-un-amplio-despliegue-de-seguridad-con-motivo-de-la-romeria-de-la-virgen-de-la-consolacion","status":"publish","type":"post","link":"https:\/\/torredonjimenoactualidad.com\/index.php\/2023\/08\/31\/torredonjimeno-tendra-un-amplio-despliegue-de-seguridad-con-motivo-de-la-romeria-de-la-virgen-de-la-consolacion\/","title":{"rendered":"Torredonjimeno tendr\u00e1 un \u00abamplio despliegue de seguridad\u00bb con motivo de la Romer\u00eda de la Virgen de la Consolaci\u00f3n"},"content":{"rendered":"\n<p>Amplio despliegue de seguridad en Toredonjimeno con motivo de la Romer\u00eda de Nuestra Se\u00f1ora de Consolaci\u00f3n, prevista entre los pr\u00f3ximos 7 y el 10 de septiembre.<\/p>\n\n\n\n<p>As\u00ed lo ha puesto de relieve este jueves la subdelegada del Gobierno, Catalina Madue\u00f1o, durante la reuni\u00f3n de la Junta Local de Seguridad, que ha presidido junto al alcalde, Enrique Castro. En encuentro han asistido tambi\u00e9n miembros de la Corporaci\u00f3n municipal, Guardia Civil, Polic\u00eda Local, de la Cofrad\u00eda de la Virgen de Consolaci\u00f3n y de la Pe\u00f1a Caballista.<\/p>\n\n\n\n<p>\u00abHemos articulado y perfilado los dispositivos de seguridad de la manera m\u00e1s eficiente posible para garantizar, de este modo, el orden p\u00fablico durante esos d\u00edas y proteger a todas las personas que participan en esta fiesta tradicional\u00bb, ha explicado Madue\u00f1o.<\/p>\n\n\n\n<p>En la reuni\u00f3n, se han iniciado los trabajos para coordinar el dispositivo policial y de seguridad que se desplegar\u00e1 para garantizar la convivencia y mantener el orden p\u00fablico en el desarrollo de los diferentes actos programados.<\/p>\n\n\n\n<p>Para ello, se ha elaborado un plan coordinado, con medios de la Guardia Civil y la Polic\u00eda Local, \u00abpara velar por la tranquilidad de todos los participantes en la fiesta\u00bb y \u00abpoder dar una respuesta r\u00e1pida y eficiente en el caso de que se produjera cualquier incidente\u00bb.<\/p>\n\n\n\n<p>Al hilo, la subdelegada ha recalcado el esfuerzo para asegurar un amplio despliegue de medios de la Benem\u00e9rita: \u00abla Guardia Civil apoyar\u00e1 a Polic\u00eda Local durante toda la festividad participando, tanto con sus unidades ordinarias de Seguridad Ciudadana, como con el refuerzo de la Usecic. El objetivo es poder intervenir en caso de que se produjera alg\u00fan incidente que pudiera alterar el orden p\u00fablico o afectar a la seguridad ciudadana\u00bb, ha comentado.<\/p>\n\n\n\n<p>Tambi\u00e9n est\u00e1 previsto el corte de la A-306 para el cruce de la comitiva, en coordinaci\u00f3n de la Agrupaci\u00f3n de Tr\u00e1fico de la Guardia Civil, as\u00ed como un dispositivo especial de atenci\u00f3n a los caballistas que se desplazan desde diferentes lugares.<\/p>\n\n\n\n<p>Al respecto, Madue\u00f1o ha se\u00f1alado que en la reuni\u00f3n se han sentado las bases para que la Romer\u00eda de la Virgen de Consolaci\u00f3n, se desarrolle con total normalidad, \u00aben un ambiente festivo, para que los vecinos y vecinas tosirianos puedan disfrutar de esta tradici\u00f3n\u00bb.<\/p>\n\n\n\n<p>En este punto, ha apelado a la responsabilidad individual y a la prudencia. \u00abTodos debemos tener un comportamiento c\u00edvico, que fomente un ambiente festivo y de disfrute, para que los vecinos de Torredonjimeno y de toda la provincia que visiten la localidad puedan disfrutar de la romer\u00eda\u00bb, ha dicho.<\/p>\n\n\n\n<p>Del mismo modo, la subdelegada ha hecho un llamamiento a la colaboraci\u00f3n ciudadana para que la fiesta discurra con la m\u00e1xima normalidad posible y a la necesidad \u00abun comportamiento c\u00edvico\u00bb para cooperar en todo momento con los Fuerzas y Cuerpos de Seguridad.<\/p>\n","protected":false},"excerpt":{"rendered":"<p>Amplio despliegue de seguridad en Toredonjimeno con motivo de la Romer\u00eda de Nuestra Se\u00f1ora de Consolaci\u00f3n, prevista entre los pr\u00f3ximos 7 y el 10 de septiembre. As\u00ed lo ha puesto de relieve este jueves la subdelegada del Gobierno, Catalina Madue\u00f1o, durante la reuni\u00f3n de la Junta Local de Seguridad, que ha presidido junto al alcalde, &hellip;<\/p>\n<p class=\"read-more\"> <a class=\"\" href=\"https:\/\/torredonjimenoactualidad.com\/index.php\/2023\/08\/31\/torredonjimeno-tendra-un-amplio-despliegue-de-seguridad-con-motivo-de-la-romeria-de-la-virgen-de-la-consolacion\/\"> <span class=\"screen-reader-text\">Torredonjimeno tendr\u00e1 un \u00abamplio despliegue de seguridad\u00bb con motivo de la Romer\u00eda de la Virgen de la Consolaci\u00f3n<\/span> Leer m\u00e1s &raquo;<\/a><\/p>\n","protected":false},"author":2,"featured_media":970,"comment_status":"open","ping_status":"open","sticky":false,"template":"","format":"standard","meta":{"site-sidebar-layout":"default","site-content-layout":"default","ast-global-header-display":"","ast-main-header-display":"","ast-hfb-above-header-display":"","ast-hfb-below-header-display":"","ast-hfb-mobile-header-display":"","site-post-title":"","ast-breadcrumbs-content":"","ast-featured-img":"","footer-sml-layout":"","theme-transparent-header-meta":"","adv-header-id-meta":"","stick-header-meta":"","header-above-stick-meta":"","header-main-stick-meta":"","header-below-stick-meta":"","footnotes":""},"categories":[7],"tags":[],"class_list":["post-969","post","type-post","status-publish","format-standard","has-post-thumbnail","hentry","category-local"],"yoast_head":"<!-- This site is optimized with the Yoast SEO plugin v20.8 - https:\/\/yoast.com\/wordpress\/plugins\/seo\/ -->\n<title>Torredonjimeno tendr\u00e1 un &quot;amplio despliegue de seguridad&quot; con motivo de la Romer\u00eda de la Virgen de la Consolaci\u00f3n - Torredonjimeno Actualidad<\/title>\n<meta name=\"robots\" content=\"index, follow, max-snippet:-1, max-image-preview:large, max-video-preview:-1\" \/>\n<link rel=\"canonical\" href=\"https:\/\/torredonjimenoactualidad.com\/index.php\/2023\/08\/31\/torredonjimeno-tendra-un-amplio-despliegue-de-seguridad-con-motivo-de-la-romeria-de-la-virgen-de-la-consolacion\/\" \/>\n<meta property=\"og:locale\" content=\"es_ES\" \/>\n<meta property=\"og:type\" content=\"article\" \/>\n<meta property=\"og:title\" content=\"Torredonjimeno tendr\u00e1 un &quot;amplio despliegue de seguridad&quot; con motivo de la Romer\u00eda de la Virgen de la Consolaci\u00f3n - Torredonjimeno Actualidad\" \/>\n<meta property=\"og:description\" content=\"Amplio despliegue de seguridad en Toredonjimeno con motivo de la Romer\u00eda de Nuestra Se\u00f1ora de Consolaci\u00f3n, prevista entre los pr\u00f3ximos 7 y el 10 de septiembre. As\u00ed lo ha puesto de relieve este jueves la subdelegada del Gobierno, Catalina Madue\u00f1o, durante la reuni\u00f3n de la Junta Local de Seguridad, que ha presidido junto al alcalde, &hellip; Torredonjimeno tendr\u00e1 un \u00abamplio despliegue de seguridad\u00bb con motivo de la Romer\u00eda de la Virgen de la Consolaci\u00f3n Leer m\u00e1s &raquo;\" \/>\n<meta property=\"og:url\" content=\"https:\/\/torredonjimenoactualidad.com\/index.php\/2023\/08\/31\/torredonjimeno-tendra-un-amplio-despliegue-de-seguridad-con-motivo-de-la-romeria-de-la-virgen-de-la-consolacion\/\" \/>\n<meta property=\"og:site_name\" content=\"Torredonjimeno Actualidad\" \/>\n<meta property=\"article:published_time\" content=\"2023-08-31T11:11:38+00:00\" \/>\n<meta property=\"article:modified_time\" content=\"2023-08-31T11:11:39+00:00\" \/>\n<meta property=\"og:image\" content=\"https:\/\/torredonjimenoactualidad.com\/wp-content\/uploads\/2023\/08\/370398245_881352580312175_6634032089958058998_n.jpg\" \/>\n\t<meta property=\"og:image:width\" content=\"2048\" \/>\n\t<meta property=\"og:image:height\" content=\"1106\" \/>\n\t<meta property=\"og:image:type\" content=\"image\/jpeg\" \/>\n<meta name=\"author\" content=\"Alba Mar\u00eda Torres\" \/>\n<meta name=\"twitter:card\" content=\"summary_large_image\" \/>\n<meta name=\"twitter:label1\" content=\"Escrito por\" \/>\n\t<meta name=\"twitter:data1\" content=\"Alba Mar\u00eda Torres\" \/>\n\t<meta name=\"twitter:label2\" content=\"Tiempo de lectura\" \/>\n\t<meta name=\"twitter:data2\" content=\"3 minutos\" \/>\n<script type=\"application\/ld+json\" class=\"yoast-schema-graph\">{\"@context\":\"https:\/\/schema.org\",\"@graph\":[{\"@type\":\"Article\",\"@id\":\"https:\/\/torredonjimenoactualidad.com\/index.php\/2023\/08\/31\/torredonjimeno-tendra-un-amplio-despliegue-de-seguridad-con-motivo-de-la-romeria-de-la-virgen-de-la-consolacion\/#article\",\"isPartOf\":{\"@id\":\"https:\/\/torredonjimenoactualidad.com\/index.php\/2023\/08\/31\/torredonjimeno-tendra-un-amplio-despliegue-de-seguridad-con-motivo-de-la-romeria-de-la-virgen-de-la-consolacion\/\"},\"author\":{\"name\":\"Alba Mar\u00eda Torres\",\"@id\":\"https:\/\/torredonjimenoactualidad.com\/#\/schema\/person\/84de5f233e783ef2c75151a532b54977\"},\"headline\":\"Torredonjimeno tendr\u00e1 un \u00abamplio despliegue de seguridad\u00bb con motivo de la Romer\u00eda de la Virgen de la Consolaci\u00f3n\",\"datePublished\":\"2023-08-31T11:11:38+00:00\",\"dateModified\":\"2023-08-31T11:11:39+00:00\",\"mainEntityOfPage\":{\"@id\":\"https:\/\/torredonjimenoactualidad.com\/index.php\/2023\/08\/31\/torredonjimeno-tendra-un-amplio-despliegue-de-seguridad-con-motivo-de-la-romeria-de-la-virgen-de-la-consolacion\/\"},\"wordCount\":513,\"commentCount\":0,\"publisher\":{\"@id\":\"https:\/\/torredonjimenoactualidad.com\/#organization\"},\"articleSection\":[\"local\"],\"inLanguage\":\"es\",\"potentialAction\":[{\"@type\":\"CommentAction\",\"name\":\"Comment\",\"target\":[\"https:\/\/torredonjimenoactualidad.com\/index.php\/2023\/08\/31\/torredonjimeno-tendra-un-amplio-despliegue-de-seguridad-con-motivo-de-la-romeria-de-la-virgen-de-la-consolacion\/#respond\"]}]},{\"@type\":\"WebPage\",\"@id\":\"https:\/\/torredonjimenoactualidad.com\/index.php\/2023\/08\/31\/torredonjimeno-tendra-un-amplio-despliegue-de-seguridad-con-motivo-de-la-romeria-de-la-virgen-de-la-consolacion\/\",\"url\":\"https:\/\/torredonjimenoactualidad.com\/index.php\/2023\/08\/31\/torredonjimeno-tendra-un-amplio-despliegue-de-seguridad-con-motivo-de-la-romeria-de-la-virgen-de-la-consolacion\/\",\"name\":\"Torredonjimeno tendr\u00e1 un \\\"amplio despliegue de seguridad\\\" con motivo de la Romer\u00eda de la Virgen de la Consolaci\u00f3n - Torredonjimeno Actualidad\",\"isPartOf\":{\"@id\":\"https:\/\/torredonjimenoactualidad.com\/#website\"},\"datePublished\":\"2023-08-31T11:11:38+00:00\",\"dateModified\":\"2023-08-31T11:11:39+00:00\",\"breadcrumb\":{\"@id\":\"https:\/\/torredonjimenoactualidad.com\/index.php\/2023\/08\/31\/torredonjimeno-tendra-un-amplio-despliegue-de-seguridad-con-motivo-de-la-romeria-de-la-virgen-de-la-consolacion\/#breadcrumb\"},\"inLanguage\":\"es\",\"potentialAction\":[{\"@type\":\"ReadAction\",\"target\":[\"https:\/\/torredonjimenoactualidad.com\/index.php\/2023\/08\/31\/torredonjimeno-tendra-un-amplio-despliegue-de-seguridad-con-motivo-de-la-romeria-de-la-virgen-de-la-consolacion\/\"]}]},{\"@type\":\"BreadcrumbList\",\"@id\":\"https:\/\/torredonjimenoactualidad.com\/index.php\/2023\/08\/31\/torredonjimeno-tendra-un-amplio-despliegue-de-seguridad-con-motivo-de-la-romeria-de-la-virgen-de-la-consolacion\/#breadcrumb\",\"itemListElement\":[{\"@type\":\"ListItem\",\"position\":1,\"name\":\"Portada\",\"item\":\"https:\/\/torredonjimenoactualidad.com\/\"},{\"@type\":\"ListItem\",\"position\":2,\"name\":\"Torredonjimeno tendr\u00e1 un \u00abamplio despliegue de seguridad\u00bb con motivo de la Romer\u00eda de la Virgen de la Consolaci\u00f3n\"}]},{\"@type\":\"WebSite\",\"@id\":\"https:\/\/torredonjimenoactualidad.com\/#website\",\"url\":\"https:\/\/torredonjimenoactualidad.com\/\",\"name\":\"Torredonjimeno Actualidad\",\"description\":\"\",\"publisher\":{\"@id\":\"https:\/\/torredonjimenoactualidad.com\/#organization\"},\"potentialAction\":[{\"@type\":\"SearchAction\",\"target\":{\"@type\":\"EntryPoint\",\"urlTemplate\":\"https:\/\/torredonjimenoactualidad.com\/?s={search_term_string}\"},\"query-input\":\"required name=search_term_string\"}],\"inLanguage\":\"es\"},{\"@type\":\"Organization\",\"@id\":\"https:\/\/torredonjimenoactualidad.com\/#organization\",\"name\":\"Torredonjimeno Actualidad\",\"url\":\"https:\/\/torredonjimenoactualidad.com\/\",\"logo\":{\"@type\":\"ImageObject\",\"inLanguage\":\"es\",\"@id\":\"https:\/\/torredonjimenoactualidad.com\/#\/schema\/logo\/image\/\",\"url\":\"https:\/\/torredonjimenoactualidad.com\/wp-content\/uploads\/2023\/02\/logo-torredonjimeno-544x180-1.png\",\"contentUrl\":\"https:\/\/torredonjimenoactualidad.com\/wp-content\/uploads\/2023\/02\/logo-torredonjimeno-544x180-1.png\",\"width\":545,\"height\":112,\"caption\":\"Torredonjimeno Actualidad\"},\"image\":{\"@id\":\"https:\/\/torredonjimenoactualidad.com\/#\/schema\/logo\/image\/\"}},{\"@type\":\"Person\",\"@id\":\"https:\/\/torredonjimenoactualidad.com\/#\/schema\/person\/84de5f233e783ef2c75151a532b54977\",\"name\":\"Alba Mar\u00eda Torres\",\"image\":{\"@type\":\"ImageObject\",\"inLanguage\":\"es\",\"@id\":\"https:\/\/torredonjimenoactualidad.com\/#\/schema\/person\/image\/\",\"url\":\"https:\/\/secure.gravatar.com\/avatar\/f9371f188c71501b4475a9ba2a71595850ec72967f800a2ed8e3e2102859ed65?s=96&d=mm&r=g\",\"contentUrl\":\"https:\/\/secure.gravatar.com\/avatar\/f9371f188c71501b4475a9ba2a71595850ec72967f800a2ed8e3e2102859ed65?s=96&d=mm&r=g\",\"caption\":\"Alba Mar\u00eda Torres\"},\"url\":\"https:\/\/torredonjimenoactualidad.com\/index.php\/author\/alba-torres\/\"}]}<\/script>\n<!-- \/ Yoast SEO plugin. -->","yoast_head_json":{"title":"Torredonjimeno tendr\u00e1 un \"amplio despliegue de seguridad\" con motivo de la Romer\u00eda de la Virgen de la Consolaci\u00f3n - Torredonjimeno Actualidad","robots":{"index":"index","follow":"follow","max-snippet":"max-snippet:-1","max-image-preview":"max-image-preview:large","max-video-preview":"max-video-preview:-1"},"canonical":"https:\/\/torredonjimenoactualidad.com\/index.php\/2023\/08\/31\/torredonjimeno-tendra-un-amplio-despliegue-de-seguridad-con-motivo-de-la-romeria-de-la-virgen-de-la-consolacion\/","og_locale":"es_ES","og_type":"article","og_title":"Torredonjimeno tendr\u00e1 un \"amplio despliegue de seguridad\" con motivo de la Romer\u00eda de la Virgen de la Consolaci\u00f3n - Torredonjimeno Actualidad","og_description":"Amplio despliegue de seguridad en Toredonjimeno con motivo de la Romer\u00eda de Nuestra Se\u00f1ora de Consolaci\u00f3n, prevista entre los pr\u00f3ximos 7 y el 10 de septiembre. As\u00ed lo ha puesto de relieve este jueves la subdelegada del Gobierno, Catalina Madue\u00f1o, durante la reuni\u00f3n de la Junta Local de Seguridad, que ha presidido junto al alcalde, &hellip; Torredonjimeno tendr\u00e1 un \u00abamplio despliegue de seguridad\u00bb con motivo de la Romer\u00eda de la Virgen de la Consolaci\u00f3n Leer m\u00e1s &raquo;","og_url":"https:\/\/torredonjimenoactualidad.com\/index.php\/2023\/08\/31\/torredonjimeno-tendra-un-amplio-despliegue-de-seguridad-con-motivo-de-la-romeria-de-la-virgen-de-la-consolacion\/","og_site_name":"Torredonjimeno Actualidad","article_published_time":"2023-08-31T11:11:38+00:00","article_modified_time":"2023-08-31T11:11:39+00:00","og_image":[{"width":2048,"height":1106,"url":"https:\/\/torredonjimenoactualidad.com\/wp-content\/uploads\/2023\/08\/370398245_881352580312175_6634032089958058998_n.jpg","type":"image\/jpeg"}],"author":"Alba Mar\u00eda Torres","twitter_card":"summary_large_image","twitter_misc":{"Escrito por":"Alba Mar\u00eda Torres","Tiempo de lectura":"3 minutos"},"schema":{"@context":"https:\/\/schema.org","@graph":[{"@type":"Article","@id":"https:\/\/torredonjimenoactualidad.com\/index.php\/2023\/08\/31\/torredonjimeno-tendra-un-amplio-despliegue-de-seguridad-con-motivo-de-la-romeria-de-la-virgen-de-la-consolacion\/#article","isPartOf":{"@id":"https:\/\/torredonjimenoactualidad.com\/index.php\/2023\/08\/31\/torredonjimeno-tendra-un-amplio-despliegue-de-seguridad-con-motivo-de-la-romeria-de-la-virgen-de-la-consolacion\/"},"author":{"name":"Alba Mar\u00eda Torres","@id":"https:\/\/torredonjimenoactualidad.com\/#\/schema\/person\/84de5f233e783ef2c75151a532b54977"},"headline":"Torredonjimeno tendr\u00e1 un \u00abamplio despliegue de seguridad\u00bb con motivo de la Romer\u00eda de la Virgen de la Consolaci\u00f3n","datePublished":"2023-08-31T11:11:38+00:00","dateModified":"2023-08-31T11:11:39+00:00","mainEntityOfPage":{"@id":"https:\/\/torredonjimenoactualidad.com\/index.php\/2023\/08\/31\/torredonjimeno-tendra-un-amplio-despliegue-de-seguridad-con-motivo-de-la-romeria-de-la-virgen-de-la-consolacion\/"},"wordCount":513,"commentCount":0,"publisher":{"@id":"https:\/\/torredonjimenoactualidad.com\/#organization"},"articleSection":["local"],"inLanguage":"es","potentialAction":[{"@type":"CommentAction","name":"Comment","target":["https:\/\/torredonjimenoactualidad.com\/index.php\/2023\/08\/31\/torredonjimeno-tendra-un-amplio-despliegue-de-seguridad-con-motivo-de-la-romeria-de-la-virgen-de-la-consolacion\/#respond"]}]},{"@type":"WebPage","@id":"https:\/\/torredonjimenoactualidad.com\/index.php\/2023\/08\/31\/torredonjimeno-tendra-un-amplio-despliegue-de-seguridad-con-motivo-de-la-romeria-de-la-virgen-de-la-consolacion\/","url":"https:\/\/torredonjimenoactualidad.com\/index.php\/2023\/08\/31\/torredonjimeno-tendra-un-amplio-despliegue-de-seguridad-con-motivo-de-la-romeria-de-la-virgen-de-la-consolacion\/","name":"Torredonjimeno tendr\u00e1 un \"amplio despliegue de seguridad\" con motivo de la Romer\u00eda de la Virgen de la Consolaci\u00f3n - Torredonjimeno Actualidad","isPartOf":{"@id":"https:\/\/torredonjimenoactualidad.com\/#website"},"datePublished":"2023-08-31T11:11:38+00:00","dateModified":"2023-08-31T11:11:39+00:00","breadcrumb":{"@id":"https:\/\/torredonjimenoactualidad.com\/index.php\/2023\/08\/31\/torredonjimeno-tendra-un-amplio-despliegue-de-seguridad-con-motivo-de-la-romeria-de-la-virgen-de-la-consolacion\/#breadcrumb"},"inLanguage":"es","potentialAction":[{"@type":"ReadAction","target":["https:\/\/torredonjimenoactualidad.com\/index.php\/2023\/08\/31\/torredonjimeno-tendra-un-amplio-despliegue-de-seguridad-con-motivo-de-la-romeria-de-la-virgen-de-la-consolacion\/"]}]},{"@type":"BreadcrumbList","@id":"https:\/\/torredonjimenoactualidad.com\/index.php\/2023\/08\/31\/torredonjimeno-tendra-un-amplio-despliegue-de-seguridad-con-motivo-de-la-romeria-de-la-virgen-de-la-consolacion\/#breadcrumb","itemListElement":[{"@type":"ListItem","position":1,"name":"Portada","item":"https:\/\/torredonjimenoactualidad.com\/"},{"@type":"ListItem","position":2,"name":"Torredonjimeno tendr\u00e1 un \u00abamplio despliegue de seguridad\u00bb con motivo de la Romer\u00eda de la Virgen de la Consolaci\u00f3n"}]},{"@type":"WebSite","@id":"https:\/\/torredonjimenoactualidad.com\/#website","url":"https:\/\/torredonjimenoactualidad.com\/","name":"Torredonjimeno Actualidad","description":"","publisher":{"@id":"https:\/\/torredonjimenoactualidad.com\/#organization"},"potentialAction":[{"@type":"SearchAction","target":{"@type":"EntryPoint","urlTemplate":"https:\/\/torredonjimenoactualidad.com\/?s={search_term_string}"},"query-input":"required name=search_term_string"}],"inLanguage":"es"},{"@type":"Organization","@id":"https:\/\/torredonjimenoactualidad.com\/#organization","name":"Torredonjimeno Actualidad","url":"https:\/\/torredonjimenoactualidad.com\/","logo":{"@type":"ImageObject","inLanguage":"es","@id":"https:\/\/torredonjimenoactualidad.com\/#\/schema\/logo\/image\/","url":"https:\/\/torredonjimenoactualidad.com\/wp-content\/uploads\/2023\/02\/logo-torredonjimeno-544x180-1.png","contentUrl":"https:\/\/torredonjimenoactualidad.com\/wp-content\/uploads\/2023\/02\/logo-torredonjimeno-544x180-1.png","width":545,"height":112,"caption":"Torredonjimeno Actualidad"},"image":{"@id":"https:\/\/torredonjimenoactualidad.com\/#\/schema\/logo\/image\/"}},{"@type":"Person","@id":"https:\/\/torredonjimenoactualidad.com\/#\/schema\/person\/84de5f233e783ef2c75151a532b54977","name":"Alba Mar\u00eda Torres","image":{"@type":"ImageObject","inLanguage":"es","@id":"https:\/\/torredonjimenoactualidad.com\/#\/schema\/person\/image\/","url":"https:\/\/secure.gravatar.com\/avatar\/f9371f188c71501b4475a9ba2a71595850ec72967f800a2ed8e3e2102859ed65?s=96&d=mm&r=g","contentUrl":"https:\/\/secure.gravatar.com\/avatar\/f9371f188c71501b4475a9ba2a71595850ec72967f800a2ed8e3e2102859ed65?s=96&d=mm&r=g","caption":"Alba Mar\u00eda Torres"},"url":"https:\/\/torredonjimenoactualidad.com\/index.php\/author\/alba-torres\/"}]}},"_links":{"self":[{"href":"https:\/\/torredonjimenoactualidad.com\/index.php\/wp-json\/wp\/v2\/posts\/969","targetHints":{"allow":["GET"]}}],"collection":[{"href":"https:\/\/torredonjimenoactualidad.com\/index.php\/wp-json\/wp\/v2\/posts"}],"about":[{"href":"https:\/\/torredonjimenoactualidad.com\/index.php\/wp-json\/wp\/v2\/types\/post"}],"author":[{"embeddable":true,"href":"https:\/\/torredonjimenoactualidad.com\/index.php\/wp-json\/wp\/v2\/users\/2"}],"replies":[{"embeddable":true,"href":"https:\/\/torredonjimenoactualidad.com\/index.php\/wp-json\/wp\/v2\/comments?post=969"}],"version-history":[{"count":1,"href":"https:\/\/torredonjimenoactualidad.com\/index.php\/wp-json\/wp\/v2\/posts\/969\/revisions"}],"predecessor-version":[{"id":971,"href":"https:\/\/torredonjimenoactualidad.com\/index.php\/wp-json\/wp\/v2\/posts\/969\/revisions\/971"}],"wp:featuredmedia":[{"embeddable":true,"href":"https:\/\/torredonjimenoactualidad.com\/index.php\/wp-json\/wp\/v2\/media\/970"}],"wp:attachment":[{"href":"https:\/\/torredonjimenoactualidad.com\/index.php\/wp-json\/wp\/v2\/media?parent=969"}],"wp:term":[{"taxonomy":"category","embeddable":true,"href":"https:\/\/torredonjimenoactualidad.com\/index.php\/wp-json\/wp\/v2\/categories?post=969"},{"taxonomy":"post_tag","embeddable":true,"href":"https:\/\/torredonjimenoactualidad.com\/index.php\/wp-json\/wp\/v2\/tags?post=969"}],"curies":[{"name":"wp","href":"https:\/\/api.w.org\/{rel}","templated":true}]}}