{"id":966,"date":"2023-08-31T08:52:18","date_gmt":"2023-08-31T08:52:18","guid":{"rendered":"https:\/\/torredonjimenoactualidad.com\/?p=966"},"modified":"2023-08-31T08:52:19","modified_gmt":"2023-08-31T08:52:19","slug":"compromiso-del-pp-en-torredonjimeno-para-impulsar-la-rehabilitacion-y-musealizacion-del-antiguo-edificio-del-patrimonio-comunal-olivarero","status":"publish","type":"post","link":"https:\/\/torredonjimenoactualidad.com\/index.php\/2023\/08\/31\/compromiso-del-pp-en-torredonjimeno-para-impulsar-la-rehabilitacion-y-musealizacion-del-antiguo-edificio-del-patrimonio-comunal-olivarero\/","title":{"rendered":"Compromiso del PP en Torredonjimeno para impulsar la rehabilitaci\u00f3n y musealizaci\u00f3n del antiguo edificio del Patrimonio Comunal Olivarero"},"content":{"rendered":"\n<p>El Partido Popular de Ja\u00e9n est\u00e1 trabajando para promover acuerdos de colaboraci\u00f3n con las distintas administraciones para impulsar la rehabilitaci\u00f3n y musealizaci\u00f3n del antiguo Patrimonio Comunal Olivarero de Torredonjimeno, \u201cponiendo en valor todo su potencial\u201d. As\u00ed lo ha revelado el parlamentario auton\u00f3mico del PP por Ja\u00e9n y presidente provincial, Erik Dom\u00ednguez, que ha visitado este mi\u00e9rcoles sus instalaciones junto al alcalde de Torredonjimeno, Enrique Castro, destacando que \u201cla consecuci\u00f3n de este proyecto redundar\u00eda en el beneficio no solo de Torredonjimeno sino de toda la comarca y de la provincia en general\u201d.&nbsp;<\/p>\n\n\n\n<p>Se trata de una \u201cnave totalmente di\u00e1fana&#8217; con una superficie de m\u00e1s de dos mil metros cuadrados, &#8216;espacio m\u00e1s que suficiente para hacer una zona musealizada y habilitarlo para acoger congresos y eventos en un marco que es incomparable. Cualquier arquitecto puede comprobar que es una estructura digna de estudio y de conservar&#8217;, ha se\u00f1alado Castro. Situado junto a las v\u00edas del tren &#8216;de este edificio sal\u00eda todo el aceite del municipio y de los alrededores y funcion\u00f3 hasta que a mitad de los a\u00f1os setenta se abandon\u00f3. Nuestro objetivo ahora es recuperarlo para Torredonjimeno y para toda la provincia&#8217;, ha apostillado el primer edil.&nbsp;<\/p>\n\n\n\n<p>En el mismo sentido se ha expresado Dom\u00ednguez destacando que \u201ces una estructura realmente extraordinaria en su exterior, pero m\u00e1s a\u00fan en su interior, con unas posibilidades enormes, y vamos a trabajar para que se estudie su rehabilitaci\u00f3n y puesta en valor\u201d.<\/p>\n","protected":false},"excerpt":{"rendered":"<p>El Partido Popular de Ja\u00e9n est\u00e1 trabajando para promover acuerdos de colaboraci\u00f3n con las distintas administraciones para impulsar la rehabilitaci\u00f3n y musealizaci\u00f3n del antiguo Patrimonio Comunal Olivarero de Torredonjimeno, \u201cponiendo en valor todo su potencial\u201d. As\u00ed lo ha revelado el parlamentario auton\u00f3mico del PP por Ja\u00e9n y presidente provincial, Erik Dom\u00ednguez, que ha visitado este &hellip;<\/p>\n<p class=\"read-more\"> <a class=\"\" href=\"https:\/\/torredonjimenoactualidad.com\/index.php\/2023\/08\/31\/compromiso-del-pp-en-torredonjimeno-para-impulsar-la-rehabilitacion-y-musealizacion-del-antiguo-edificio-del-patrimonio-comunal-olivarero\/\"> <span class=\"screen-reader-text\">Compromiso del PP en Torredonjimeno para impulsar la rehabilitaci\u00f3n y musealizaci\u00f3n del antiguo edificio del Patrimonio Comunal Olivarero<\/span> Leer m\u00e1s &raquo;<\/a><\/p>\n","protected":false},"author":2,"featured_media":967,"comment_status":"open","ping_status":"open","sticky":false,"template":"","format":"standard","meta":{"site-sidebar-layout":"default","site-content-layout":"default","ast-global-header-display":"","ast-main-header-display":"","ast-hfb-above-header-display":"","ast-hfb-below-header-display":"","ast-hfb-mobile-header-display":"","site-post-title":"","ast-breadcrumbs-content":"","ast-featured-img":"","footer-sml-layout":"","theme-transparent-header-meta":"","adv-header-id-meta":"","stick-header-meta":"","header-above-stick-meta":"","header-main-stick-meta":"","header-below-stick-meta":"","footnotes":""},"categories":[7],"tags":[],"class_list":["post-966","post","type-post","status-publish","format-standard","has-post-thumbnail","hentry","category-local"],"yoast_head":"<!-- This site is optimized with the Yoast SEO plugin v20.8 - https:\/\/yoast.com\/wordpress\/plugins\/seo\/ -->\n<title>Compromiso del PP en Torredonjimeno para impulsar la rehabilitaci\u00f3n y musealizaci\u00f3n del antiguo edificio del Patrimonio Comunal Olivarero - Torredonjimeno Actualidad<\/title>\n<meta name=\"robots\" content=\"index, follow, max-snippet:-1, max-image-preview:large, max-video-preview:-1\" \/>\n<link rel=\"canonical\" href=\"https:\/\/torredonjimenoactualidad.com\/index.php\/2023\/08\/31\/compromiso-del-pp-en-torredonjimeno-para-impulsar-la-rehabilitacion-y-musealizacion-del-antiguo-edificio-del-patrimonio-comunal-olivarero\/\" \/>\n<meta property=\"og:locale\" content=\"es_ES\" \/>\n<meta property=\"og:type\" content=\"article\" \/>\n<meta property=\"og:title\" content=\"Compromiso del PP en Torredonjimeno para impulsar la rehabilitaci\u00f3n y musealizaci\u00f3n del antiguo edificio del Patrimonio Comunal Olivarero - Torredonjimeno Actualidad\" \/>\n<meta property=\"og:description\" content=\"El Partido Popular de Ja\u00e9n est\u00e1 trabajando para promover acuerdos de colaboraci\u00f3n con las distintas administraciones para impulsar la rehabilitaci\u00f3n y musealizaci\u00f3n del antiguo Patrimonio Comunal Olivarero de Torredonjimeno, \u201cponiendo en valor todo su potencial\u201d. As\u00ed lo ha revelado el parlamentario auton\u00f3mico del PP por Ja\u00e9n y presidente provincial, Erik Dom\u00ednguez, que ha visitado este &hellip; Compromiso del PP en Torredonjimeno para impulsar la rehabilitaci\u00f3n y musealizaci\u00f3n del antiguo edificio del Patrimonio Comunal Olivarero Leer m\u00e1s &raquo;\" \/>\n<meta property=\"og:url\" content=\"https:\/\/torredonjimenoactualidad.com\/index.php\/2023\/08\/31\/compromiso-del-pp-en-torredonjimeno-para-impulsar-la-rehabilitacion-y-musealizacion-del-antiguo-edificio-del-patrimonio-comunal-olivarero\/\" \/>\n<meta property=\"og:site_name\" content=\"Torredonjimeno Actualidad\" \/>\n<meta property=\"article:published_time\" content=\"2023-08-31T08:52:18+00:00\" \/>\n<meta property=\"article:modified_time\" content=\"2023-08-31T08:52:19+00:00\" \/>\n<meta property=\"og:image\" content=\"https:\/\/torredonjimenoactualidad.com\/wp-content\/uploads\/2023\/08\/5d4dd062-ed76-466f-85c9-1223a880ec6a.jpg\" \/>\n\t<meta property=\"og:image:width\" content=\"1600\" \/>\n\t<meta property=\"og:image:height\" content=\"914\" \/>\n\t<meta property=\"og:image:type\" content=\"image\/jpeg\" \/>\n<meta name=\"author\" content=\"Alba Mar\u00eda Torres\" \/>\n<meta name=\"twitter:card\" content=\"summary_large_image\" \/>\n<meta name=\"twitter:label1\" content=\"Escrito por\" \/>\n\t<meta name=\"twitter:data1\" content=\"Alba Mar\u00eda Torres\" \/>\n\t<meta name=\"twitter:label2\" content=\"Tiempo de lectura\" \/>\n\t<meta name=\"twitter:data2\" content=\"2 minutos\" \/>\n<script type=\"application\/ld+json\" class=\"yoast-schema-graph\">{\"@context\":\"https:\/\/schema.org\",\"@graph\":[{\"@type\":\"Article\",\"@id\":\"https:\/\/torredonjimenoactualidad.com\/index.php\/2023\/08\/31\/compromiso-del-pp-en-torredonjimeno-para-impulsar-la-rehabilitacion-y-musealizacion-del-antiguo-edificio-del-patrimonio-comunal-olivarero\/#article\",\"isPartOf\":{\"@id\":\"https:\/\/torredonjimenoactualidad.com\/index.php\/2023\/08\/31\/compromiso-del-pp-en-torredonjimeno-para-impulsar-la-rehabilitacion-y-musealizacion-del-antiguo-edificio-del-patrimonio-comunal-olivarero\/\"},\"author\":{\"name\":\"Alba Mar\u00eda Torres\",\"@id\":\"https:\/\/torredonjimenoactualidad.com\/#\/schema\/person\/84de5f233e783ef2c75151a532b54977\"},\"headline\":\"Compromiso del PP en Torredonjimeno para impulsar la rehabilitaci\u00f3n y musealizaci\u00f3n del antiguo edificio del Patrimonio Comunal Olivarero\",\"datePublished\":\"2023-08-31T08:52:18+00:00\",\"dateModified\":\"2023-08-31T08:52:19+00:00\",\"mainEntityOfPage\":{\"@id\":\"https:\/\/torredonjimenoactualidad.com\/index.php\/2023\/08\/31\/compromiso-del-pp-en-torredonjimeno-para-impulsar-la-rehabilitacion-y-musealizacion-del-antiguo-edificio-del-patrimonio-comunal-olivarero\/\"},\"wordCount\":281,\"commentCount\":0,\"publisher\":{\"@id\":\"https:\/\/torredonjimenoactualidad.com\/#organization\"},\"articleSection\":[\"local\"],\"inLanguage\":\"es\",\"potentialAction\":[{\"@type\":\"CommentAction\",\"name\":\"Comment\",\"target\":[\"https:\/\/torredonjimenoactualidad.com\/index.php\/2023\/08\/31\/compromiso-del-pp-en-torredonjimeno-para-impulsar-la-rehabilitacion-y-musealizacion-del-antiguo-edificio-del-patrimonio-comunal-olivarero\/#respond\"]}]},{\"@type\":\"WebPage\",\"@id\":\"https:\/\/torredonjimenoactualidad.com\/index.php\/2023\/08\/31\/compromiso-del-pp-en-torredonjimeno-para-impulsar-la-rehabilitacion-y-musealizacion-del-antiguo-edificio-del-patrimonio-comunal-olivarero\/\",\"url\":\"https:\/\/torredonjimenoactualidad.com\/index.php\/2023\/08\/31\/compromiso-del-pp-en-torredonjimeno-para-impulsar-la-rehabilitacion-y-musealizacion-del-antiguo-edificio-del-patrimonio-comunal-olivarero\/\",\"name\":\"Compromiso del PP en Torredonjimeno para impulsar la rehabilitaci\u00f3n y musealizaci\u00f3n del antiguo edificio del Patrimonio Comunal Olivarero - Torredonjimeno Actualidad\",\"isPartOf\":{\"@id\":\"https:\/\/torredonjimenoactualidad.com\/#website\"},\"datePublished\":\"2023-08-31T08:52:18+00:00\",\"dateModified\":\"2023-08-31T08:52:19+00:00\",\"breadcrumb\":{\"@id\":\"https:\/\/torredonjimenoactualidad.com\/index.php\/2023\/08\/31\/compromiso-del-pp-en-torredonjimeno-para-impulsar-la-rehabilitacion-y-musealizacion-del-antiguo-edificio-del-patrimonio-comunal-olivarero\/#breadcrumb\"},\"inLanguage\":\"es\",\"potentialAction\":[{\"@type\":\"ReadAction\",\"target\":[\"https:\/\/torredonjimenoactualidad.com\/index.php\/2023\/08\/31\/compromiso-del-pp-en-torredonjimeno-para-impulsar-la-rehabilitacion-y-musealizacion-del-antiguo-edificio-del-patrimonio-comunal-olivarero\/\"]}]},{\"@type\":\"BreadcrumbList\",\"@id\":\"https:\/\/torredonjimenoactualidad.com\/index.php\/2023\/08\/31\/compromiso-del-pp-en-torredonjimeno-para-impulsar-la-rehabilitacion-y-musealizacion-del-antiguo-edificio-del-patrimonio-comunal-olivarero\/#breadcrumb\",\"itemListElement\":[{\"@type\":\"ListItem\",\"position\":1,\"name\":\"Portada\",\"item\":\"https:\/\/torredonjimenoactualidad.com\/\"},{\"@type\":\"ListItem\",\"position\":2,\"name\":\"Compromiso del PP en Torredonjimeno para impulsar la rehabilitaci\u00f3n y musealizaci\u00f3n del antiguo edificio del Patrimonio Comunal Olivarero\"}]},{\"@type\":\"WebSite\",\"@id\":\"https:\/\/torredonjimenoactualidad.com\/#website\",\"url\":\"https:\/\/torredonjimenoactualidad.com\/\",\"name\":\"Torredonjimeno Actualidad\",\"description\":\"\",\"publisher\":{\"@id\":\"https:\/\/torredonjimenoactualidad.com\/#organization\"},\"potentialAction\":[{\"@type\":\"SearchAction\",\"target\":{\"@type\":\"EntryPoint\",\"urlTemplate\":\"https:\/\/torredonjimenoactualidad.com\/?s={search_term_string}\"},\"query-input\":\"required name=search_term_string\"}],\"inLanguage\":\"es\"},{\"@type\":\"Organization\",\"@id\":\"https:\/\/torredonjimenoactualidad.com\/#organization\",\"name\":\"Torredonjimeno Actualidad\",\"url\":\"https:\/\/torredonjimenoactualidad.com\/\",\"logo\":{\"@type\":\"ImageObject\",\"inLanguage\":\"es\",\"@id\":\"https:\/\/torredonjimenoactualidad.com\/#\/schema\/logo\/image\/\",\"url\":\"https:\/\/torredonjimenoactualidad.com\/wp-content\/uploads\/2023\/02\/logo-torredonjimeno-544x180-1.png\",\"contentUrl\":\"https:\/\/torredonjimenoactualidad.com\/wp-content\/uploads\/2023\/02\/logo-torredonjimeno-544x180-1.png\",\"width\":545,\"height\":112,\"caption\":\"Torredonjimeno Actualidad\"},\"image\":{\"@id\":\"https:\/\/torredonjimenoactualidad.com\/#\/schema\/logo\/image\/\"}},{\"@type\":\"Person\",\"@id\":\"https:\/\/torredonjimenoactualidad.com\/#\/schema\/person\/84de5f233e783ef2c75151a532b54977\",\"name\":\"Alba Mar\u00eda Torres\",\"image\":{\"@type\":\"ImageObject\",\"inLanguage\":\"es\",\"@id\":\"https:\/\/torredonjimenoactualidad.com\/#\/schema\/person\/image\/\",\"url\":\"https:\/\/secure.gravatar.com\/avatar\/f9371f188c71501b4475a9ba2a71595850ec72967f800a2ed8e3e2102859ed65?s=96&d=mm&r=g\",\"contentUrl\":\"https:\/\/secure.gravatar.com\/avatar\/f9371f188c71501b4475a9ba2a71595850ec72967f800a2ed8e3e2102859ed65?s=96&d=mm&r=g\",\"caption\":\"Alba Mar\u00eda Torres\"},\"url\":\"https:\/\/torredonjimenoactualidad.com\/index.php\/author\/alba-torres\/\"}]}<\/script>\n<!-- \/ Yoast SEO plugin. -->","yoast_head_json":{"title":"Compromiso del PP en Torredonjimeno para impulsar la rehabilitaci\u00f3n y musealizaci\u00f3n del antiguo edificio del Patrimonio Comunal Olivarero - Torredonjimeno Actualidad","robots":{"index":"index","follow":"follow","max-snippet":"max-snippet:-1","max-image-preview":"max-image-preview:large","max-video-preview":"max-video-preview:-1"},"canonical":"https:\/\/torredonjimenoactualidad.com\/index.php\/2023\/08\/31\/compromiso-del-pp-en-torredonjimeno-para-impulsar-la-rehabilitacion-y-musealizacion-del-antiguo-edificio-del-patrimonio-comunal-olivarero\/","og_locale":"es_ES","og_type":"article","og_title":"Compromiso del PP en Torredonjimeno para impulsar la rehabilitaci\u00f3n y musealizaci\u00f3n del antiguo edificio del Patrimonio Comunal Olivarero - Torredonjimeno Actualidad","og_description":"El Partido Popular de Ja\u00e9n est\u00e1 trabajando para promover acuerdos de colaboraci\u00f3n con las distintas administraciones para impulsar la rehabilitaci\u00f3n y musealizaci\u00f3n del antiguo Patrimonio Comunal Olivarero de Torredonjimeno, \u201cponiendo en valor todo su potencial\u201d. As\u00ed lo ha revelado el parlamentario auton\u00f3mico del PP por Ja\u00e9n y presidente provincial, Erik Dom\u00ednguez, que ha visitado este &hellip; Compromiso del PP en Torredonjimeno para impulsar la rehabilitaci\u00f3n y musealizaci\u00f3n del antiguo edificio del Patrimonio Comunal Olivarero Leer m\u00e1s &raquo;","og_url":"https:\/\/torredonjimenoactualidad.com\/index.php\/2023\/08\/31\/compromiso-del-pp-en-torredonjimeno-para-impulsar-la-rehabilitacion-y-musealizacion-del-antiguo-edificio-del-patrimonio-comunal-olivarero\/","og_site_name":"Torredonjimeno Actualidad","article_published_time":"2023-08-31T08:52:18+00:00","article_modified_time":"2023-08-31T08:52:19+00:00","og_image":[{"width":1600,"height":914,"url":"https:\/\/torredonjimenoactualidad.com\/wp-content\/uploads\/2023\/08\/5d4dd062-ed76-466f-85c9-1223a880ec6a.jpg","type":"image\/jpeg"}],"author":"Alba Mar\u00eda Torres","twitter_card":"summary_large_image","twitter_misc":{"Escrito por":"Alba Mar\u00eda Torres","Tiempo de lectura":"2 minutos"},"schema":{"@context":"https:\/\/schema.org","@graph":[{"@type":"Article","@id":"https:\/\/torredonjimenoactualidad.com\/index.php\/2023\/08\/31\/compromiso-del-pp-en-torredonjimeno-para-impulsar-la-rehabilitacion-y-musealizacion-del-antiguo-edificio-del-patrimonio-comunal-olivarero\/#article","isPartOf":{"@id":"https:\/\/torredonjimenoactualidad.com\/index.php\/2023\/08\/31\/compromiso-del-pp-en-torredonjimeno-para-impulsar-la-rehabilitacion-y-musealizacion-del-antiguo-edificio-del-patrimonio-comunal-olivarero\/"},"author":{"name":"Alba Mar\u00eda Torres","@id":"https:\/\/torredonjimenoactualidad.com\/#\/schema\/person\/84de5f233e783ef2c75151a532b54977"},"headline":"Compromiso del PP en Torredonjimeno para impulsar la rehabilitaci\u00f3n y musealizaci\u00f3n del antiguo edificio del Patrimonio Comunal Olivarero","datePublished":"2023-08-31T08:52:18+00:00","dateModified":"2023-08-31T08:52:19+00:00","mainEntityOfPage":{"@id":"https:\/\/torredonjimenoactualidad.com\/index.php\/2023\/08\/31\/compromiso-del-pp-en-torredonjimeno-para-impulsar-la-rehabilitacion-y-musealizacion-del-antiguo-edificio-del-patrimonio-comunal-olivarero\/"},"wordCount":281,"commentCount":0,"publisher":{"@id":"https:\/\/torredonjimenoactualidad.com\/#organization"},"articleSection":["local"],"inLanguage":"es","potentialAction":[{"@type":"CommentAction","name":"Comment","target":["https:\/\/torredonjimenoactualidad.com\/index.php\/2023\/08\/31\/compromiso-del-pp-en-torredonjimeno-para-impulsar-la-rehabilitacion-y-musealizacion-del-antiguo-edificio-del-patrimonio-comunal-olivarero\/#respond"]}]},{"@type":"WebPage","@id":"https:\/\/torredonjimenoactualidad.com\/index.php\/2023\/08\/31\/compromiso-del-pp-en-torredonjimeno-para-impulsar-la-rehabilitacion-y-musealizacion-del-antiguo-edificio-del-patrimonio-comunal-olivarero\/","url":"https:\/\/torredonjimenoactualidad.com\/index.php\/2023\/08\/31\/compromiso-del-pp-en-torredonjimeno-para-impulsar-la-rehabilitacion-y-musealizacion-del-antiguo-edificio-del-patrimonio-comunal-olivarero\/","name":"Compromiso del PP en Torredonjimeno para impulsar la rehabilitaci\u00f3n y musealizaci\u00f3n del antiguo edificio del Patrimonio Comunal Olivarero - Torredonjimeno Actualidad","isPartOf":{"@id":"https:\/\/torredonjimenoactualidad.com\/#website"},"datePublished":"2023-08-31T08:52:18+00:00","dateModified":"2023-08-31T08:52:19+00:00","breadcrumb":{"@id":"https:\/\/torredonjimenoactualidad.com\/index.php\/2023\/08\/31\/compromiso-del-pp-en-torredonjimeno-para-impulsar-la-rehabilitacion-y-musealizacion-del-antiguo-edificio-del-patrimonio-comunal-olivarero\/#breadcrumb"},"inLanguage":"es","potentialAction":[{"@type":"ReadAction","target":["https:\/\/torredonjimenoactualidad.com\/index.php\/2023\/08\/31\/compromiso-del-pp-en-torredonjimeno-para-impulsar-la-rehabilitacion-y-musealizacion-del-antiguo-edificio-del-patrimonio-comunal-olivarero\/"]}]},{"@type":"BreadcrumbList","@id":"https:\/\/torredonjimenoactualidad.com\/index.php\/2023\/08\/31\/compromiso-del-pp-en-torredonjimeno-para-impulsar-la-rehabilitacion-y-musealizacion-del-antiguo-edificio-del-patrimonio-comunal-olivarero\/#breadcrumb","itemListElement":[{"@type":"ListItem","position":1,"name":"Portada","item":"https:\/\/torredonjimenoactualidad.com\/"},{"@type":"ListItem","position":2,"name":"Compromiso del PP en Torredonjimeno para impulsar la rehabilitaci\u00f3n y musealizaci\u00f3n del antiguo edificio del Patrimonio Comunal Olivarero"}]},{"@type":"WebSite","@id":"https:\/\/torredonjimenoactualidad.com\/#website","url":"https:\/\/torredonjimenoactualidad.com\/","name":"Torredonjimeno Actualidad","description":"","publisher":{"@id":"https:\/\/torredonjimenoactualidad.com\/#organization"},"potentialAction":[{"@type":"SearchAction","target":{"@type":"EntryPoint","urlTemplate":"https:\/\/torredonjimenoactualidad.com\/?s={search_term_string}"},"query-input":"required name=search_term_string"}],"inLanguage":"es"},{"@type":"Organization","@id":"https:\/\/torredonjimenoactualidad.com\/#organization","name":"Torredonjimeno Actualidad","url":"https:\/\/torredonjimenoactualidad.com\/","logo":{"@type":"ImageObject","inLanguage":"es","@id":"https:\/\/torredonjimenoactualidad.com\/#\/schema\/logo\/image\/","url":"https:\/\/torredonjimenoactualidad.com\/wp-content\/uploads\/2023\/02\/logo-torredonjimeno-544x180-1.png","contentUrl":"https:\/\/torredonjimenoactualidad.com\/wp-content\/uploads\/2023\/02\/logo-torredonjimeno-544x180-1.png","width":545,"height":112,"caption":"Torredonjimeno Actualidad"},"image":{"@id":"https:\/\/torredonjimenoactualidad.com\/#\/schema\/logo\/image\/"}},{"@type":"Person","@id":"https:\/\/torredonjimenoactualidad.com\/#\/schema\/person\/84de5f233e783ef2c75151a532b54977","name":"Alba Mar\u00eda Torres","image":{"@type":"ImageObject","inLanguage":"es","@id":"https:\/\/torredonjimenoactualidad.com\/#\/schema\/person\/image\/","url":"https:\/\/secure.gravatar.com\/avatar\/f9371f188c71501b4475a9ba2a71595850ec72967f800a2ed8e3e2102859ed65?s=96&d=mm&r=g","contentUrl":"https:\/\/secure.gravatar.com\/avatar\/f9371f188c71501b4475a9ba2a71595850ec72967f800a2ed8e3e2102859ed65?s=96&d=mm&r=g","caption":"Alba Mar\u00eda Torres"},"url":"https:\/\/torredonjimenoactualidad.com\/index.php\/author\/alba-torres\/"}]}},"_links":{"self":[{"href":"https:\/\/torredonjimenoactualidad.com\/index.php\/wp-json\/wp\/v2\/posts\/966","targetHints":{"allow":["GET"]}}],"collection":[{"href":"https:\/\/torredonjimenoactualidad.com\/index.php\/wp-json\/wp\/v2\/posts"}],"about":[{"href":"https:\/\/torredonjimenoactualidad.com\/index.php\/wp-json\/wp\/v2\/types\/post"}],"author":[{"embeddable":true,"href":"https:\/\/torredonjimenoactualidad.com\/index.php\/wp-json\/wp\/v2\/users\/2"}],"replies":[{"embeddable":true,"href":"https:\/\/torredonjimenoactualidad.com\/index.php\/wp-json\/wp\/v2\/comments?post=966"}],"version-history":[{"count":1,"href":"https:\/\/torredonjimenoactualidad.com\/index.php\/wp-json\/wp\/v2\/posts\/966\/revisions"}],"predecessor-version":[{"id":968,"href":"https:\/\/torredonjimenoactualidad.com\/index.php\/wp-json\/wp\/v2\/posts\/966\/revisions\/968"}],"wp:featuredmedia":[{"embeddable":true,"href":"https:\/\/torredonjimenoactualidad.com\/index.php\/wp-json\/wp\/v2\/media\/967"}],"wp:attachment":[{"href":"https:\/\/torredonjimenoactualidad.com\/index.php\/wp-json\/wp\/v2\/media?parent=966"}],"wp:term":[{"taxonomy":"category","embeddable":true,"href":"https:\/\/torredonjimenoactualidad.com\/index.php\/wp-json\/wp\/v2\/categories?post=966"},{"taxonomy":"post_tag","embeddable":true,"href":"https:\/\/torredonjimenoactualidad.com\/index.php\/wp-json\/wp\/v2\/tags?post=966"}],"curies":[{"name":"wp","href":"https:\/\/api.w.org\/{rel}","templated":true}]}}