{"id":960,"date":"2023-08-28T15:32:41","date_gmt":"2023-08-28T15:32:41","guid":{"rendered":"https:\/\/torredonjimenoactualidad.com\/?p=960"},"modified":"2023-08-28T15:41:23","modified_gmt":"2023-08-28T15:41:23","slug":"llaman-a-agricultores-y-ganaderos-de-la-provincia-a-participar-en-la-concentracion-del-5-de-septiembre-en-cordoba","status":"publish","type":"post","link":"https:\/\/torredonjimenoactualidad.com\/index.php\/2023\/08\/28\/llaman-a-agricultores-y-ganaderos-de-la-provincia-a-participar-en-la-concentracion-del-5-de-septiembre-en-cordoba\/","title":{"rendered":"Llaman a agricultores y ganaderos de la provincia a participar en la concentraci\u00f3n del 5 de septiembre en C\u00f3rdoba"},"content":{"rendered":"\n<p>Las organizaciones Asaja, COAG, UPA y Cooperativas Agro-alimentarias en Ja\u00e9n han hecho un llamamiento a la movilizaci\u00f3n de agricultores y ganaderos de la provincia para participar el 5 de septiembre en C\u00f3rdoba en la concentraci\u00f3n ante los ministros de la Uni\u00f3n Europea.<\/p>\n\n\n\n<p>Con ella, se quiere hacer una \u00abdefensa del modelo social y profesional de agricultura, amenazado por las pol\u00edticas de la UE\u00bb, y exigir \u00absoluciones pol\u00edticas coherentes en materia de cambio clim\u00e1tico y seguridad alimentaria\u00bb, seg\u00fan han informado este lunes las citadas entidades.<\/p>\n\n\n\n<p>Se plantea, adem\u00e1s, \u00abcomo respuesta al debilitamiento de la agricultura y la ganader\u00eda andaluzas a consecuencia del encarecimiento de los costes de producci\u00f3n, la sequ\u00eda, la falta de rentabilidad y la creciente competencia desleal de terceros pa\u00edses\u00bb.<\/p>\n\n\n\n<p>De esta forma, instan a las personas interesados en participar en esta concentraci\u00f3n en C\u00f3rdoba a ponerse en contacto con responsables de las diferentes organizaciones agrarias en los municipios para, junto a Cooperativas Agro-alimentarias, organizar los autobuses.<\/p>\n\n\n\n<p>Tendr\u00e1 lugar el pr\u00f3ximo martes a las 11,00 horas en la puerta del Puente (Plaza del Triunfo) de C\u00f3rdoba, aprovechando la reuni\u00f3n de los ministros de Agricultura europeos. El encuentro, que contar\u00e1 con la asistencia del comisario europeo de Agricultura y Desarrollo Rural, Janusz Wojciechowski, se celebrar\u00e1 en el marco de la Presidencia espa\u00f1ola del Consejo de la Uni\u00f3n Europea.<\/p>\n\n\n\n<p>Con esta protesta se quiere reclamar \u00abun cambio en los planteamientos comunitarios que permita proteger el tejido productivo jiennense &#8211;y el andaluz, espa\u00f1ol y europeo&#8211;, as\u00ed como la seguridad alimentaria del conjunto de la ciudadan\u00eda\u00bb.<\/p>\n\n\n\n<p>La p\u00e9rdida de cosecha por la falta de precipitaciones y las elevadas temperaturas es especialmente preocupante en sectores como el aceite de oliva, principal motor econ\u00f3mico de la provincia. En un solo ejercicio lleg\u00f3 a disminuir su producci\u00f3n en un 49 por ciento: al pasar de los 1.151 millones de toneladas molturados en la campa\u00f1a 2021-2022 a las 587.000 toneladas, en la 2022-2023.<\/p>\n\n\n\n<p>Tambi\u00e9n es acuciante en sectores como el de los cereales, en el que se estima una p\u00e9rdida del 52 por ciento de la cosecha, y la ganader\u00eda, donde se han disparado especialmente los costes de producci\u00f3n ante la falta de pastos para alimentar a los animales y el encarecimiento de las materias primas por el conflicto b\u00e9lico.<\/p>\n\n\n\n<h2 class=\"wp-block-heading\">BUROCRACIA Y TERCEROS PA\u00cdSES<\/h2>\n\n\n\n<p>Las organizaciones consideran que, mientras la sequ\u00eda acaba con la producci\u00f3n de aceite, \u00abla nueva PAC entierra a los agricultores en burocracia, con medidas en muchos casos dif\u00edciles de cumplir\u00bb.<\/p>\n\n\n\n<p>En este contexto, mientras el sector productor busca la f\u00f3rmula para mantener la rentabilidad de sus explotaciones, agricultores y ganaderos \u00abasisten indefensos a una entrada indiscriminada de alimentos procedentes de pa\u00edses terceros, con normativas medioambientales y laborales m\u00e1s laxas a las que est\u00e1n sujetos los productores europeos\u00bb.<\/p>\n\n\n\n<p>\u00abUna llegada de productos que viene, adem\u00e1s acompa\u00f1ada de sucesivas alertas sanitarias, encontr\u00e1ndose ya en el canal de comercializaci\u00f3n alimentos que no cumplen las normas de seguridad europeas y que son consumidos inevitablemente por la poblaci\u00f3n debido a unos sistemas de control deficitarios\u00bb, han a\u00f1adido. Por ello, piden un trato igualitario para producciones europeas y de terceros pa\u00edses.<\/p>\n\n\n\n<p>Lamentan tambi\u00e9n que la \u00abausencia\u00bb de una pol\u00edtica hidrol\u00f3gica nacional con criterios t\u00e9cnicos y dotada de presupuesto suficiente para modernizar la red de suministro \u00abponga en jaque\u00bb un sector que aporta cerca del diez por ciento del Producto Interior Bruto (PIB) del pa\u00eds.<\/p>\n","protected":false},"excerpt":{"rendered":"<p>Las organizaciones Asaja, COAG, UPA y Cooperativas Agro-alimentarias en Ja\u00e9n han hecho un llamamiento a la movilizaci\u00f3n de agricultores y ganaderos de la provincia para participar el 5 de septiembre en C\u00f3rdoba en la concentraci\u00f3n ante los ministros de la Uni\u00f3n Europea. Con ella, se quiere hacer una \u00abdefensa del modelo social y profesional de &hellip;<\/p>\n<p class=\"read-more\"> <a class=\"\" href=\"https:\/\/torredonjimenoactualidad.com\/index.php\/2023\/08\/28\/llaman-a-agricultores-y-ganaderos-de-la-provincia-a-participar-en-la-concentracion-del-5-de-septiembre-en-cordoba\/\"> <span class=\"screen-reader-text\">Llaman a agricultores y ganaderos de la provincia a participar en la concentraci\u00f3n del 5 de septiembre en C\u00f3rdoba<\/span> Leer m\u00e1s &raquo;<\/a><\/p>\n","protected":false},"author":2,"featured_media":961,"comment_status":"open","ping_status":"open","sticky":false,"template":"","format":"standard","meta":{"site-sidebar-layout":"default","site-content-layout":"default","ast-global-header-display":"","ast-main-header-display":"","ast-hfb-above-header-display":"","ast-hfb-below-header-display":"","ast-hfb-mobile-header-display":"","site-post-title":"","ast-breadcrumbs-content":"","ast-featured-img":"","footer-sml-layout":"","theme-transparent-header-meta":"","adv-header-id-meta":"","stick-header-meta":"","header-above-stick-meta":"","header-main-stick-meta":"","header-below-stick-meta":"","footnotes":""},"categories":[8],"tags":[],"class_list":["post-960","post","type-post","status-publish","format-standard","has-post-thumbnail","hentry","category-provincia"],"yoast_head":"<!-- This site is optimized with the Yoast SEO plugin v20.8 - https:\/\/yoast.com\/wordpress\/plugins\/seo\/ -->\n<title>Llaman a agricultores y ganaderos de la provincia a participar en la concentraci\u00f3n del 5 de septiembre en C\u00f3rdoba - Torredonjimeno Actualidad<\/title>\n<meta name=\"robots\" content=\"index, follow, max-snippet:-1, max-image-preview:large, max-video-preview:-1\" \/>\n<link rel=\"canonical\" href=\"https:\/\/torredonjimenoactualidad.com\/index.php\/2023\/08\/28\/llaman-a-agricultores-y-ganaderos-de-la-provincia-a-participar-en-la-concentracion-del-5-de-septiembre-en-cordoba\/\" \/>\n<meta property=\"og:locale\" content=\"es_ES\" \/>\n<meta property=\"og:type\" content=\"article\" \/>\n<meta property=\"og:title\" content=\"Llaman a agricultores y ganaderos de la provincia a participar en la concentraci\u00f3n del 5 de septiembre en C\u00f3rdoba - Torredonjimeno Actualidad\" \/>\n<meta property=\"og:description\" content=\"Las organizaciones Asaja, COAG, UPA y Cooperativas Agro-alimentarias en Ja\u00e9n han hecho un llamamiento a la movilizaci\u00f3n de agricultores y ganaderos de la provincia para participar el 5 de septiembre en C\u00f3rdoba en la concentraci\u00f3n ante los ministros de la Uni\u00f3n Europea. Con ella, se quiere hacer una \u00abdefensa del modelo social y profesional de &hellip; Llaman a agricultores y ganaderos de la provincia a participar en la concentraci\u00f3n del 5 de septiembre en C\u00f3rdoba Leer m\u00e1s &raquo;\" \/>\n<meta property=\"og:url\" content=\"https:\/\/torredonjimenoactualidad.com\/index.php\/2023\/08\/28\/llaman-a-agricultores-y-ganaderos-de-la-provincia-a-participar-en-la-concentracion-del-5-de-septiembre-en-cordoba\/\" \/>\n<meta property=\"og:site_name\" content=\"Torredonjimeno Actualidad\" \/>\n<meta property=\"article:published_time\" content=\"2023-08-28T15:32:41+00:00\" \/>\n<meta property=\"article:modified_time\" content=\"2023-08-28T15:41:23+00:00\" \/>\n<meta property=\"og:image\" content=\"https:\/\/torredonjimenoactualidad.com\/wp-content\/uploads\/2023\/08\/fotonoticia_20230828172419_1920.jpg\" \/>\n\t<meta property=\"og:image:width\" content=\"1920\" \/>\n\t<meta property=\"og:image:height\" content=\"1097\" \/>\n\t<meta property=\"og:image:type\" content=\"image\/jpeg\" \/>\n<meta name=\"author\" content=\"Alba Mar\u00eda Torres\" \/>\n<meta name=\"twitter:card\" content=\"summary_large_image\" \/>\n<meta name=\"twitter:label1\" content=\"Escrito por\" \/>\n\t<meta name=\"twitter:data1\" content=\"Alba Mar\u00eda Torres\" \/>\n\t<meta name=\"twitter:label2\" content=\"Tiempo de lectura\" \/>\n\t<meta name=\"twitter:data2\" content=\"3 minutos\" \/>\n<script type=\"application\/ld+json\" class=\"yoast-schema-graph\">{\"@context\":\"https:\/\/schema.org\",\"@graph\":[{\"@type\":\"Article\",\"@id\":\"https:\/\/torredonjimenoactualidad.com\/index.php\/2023\/08\/28\/llaman-a-agricultores-y-ganaderos-de-la-provincia-a-participar-en-la-concentracion-del-5-de-septiembre-en-cordoba\/#article\",\"isPartOf\":{\"@id\":\"https:\/\/torredonjimenoactualidad.com\/index.php\/2023\/08\/28\/llaman-a-agricultores-y-ganaderos-de-la-provincia-a-participar-en-la-concentracion-del-5-de-septiembre-en-cordoba\/\"},\"author\":{\"name\":\"Alba Mar\u00eda Torres\",\"@id\":\"https:\/\/torredonjimenoactualidad.com\/#\/schema\/person\/84de5f233e783ef2c75151a532b54977\"},\"headline\":\"Llaman a agricultores y ganaderos de la provincia a participar en la concentraci\u00f3n del 5 de septiembre en C\u00f3rdoba\",\"datePublished\":\"2023-08-28T15:32:41+00:00\",\"dateModified\":\"2023-08-28T15:41:23+00:00\",\"mainEntityOfPage\":{\"@id\":\"https:\/\/torredonjimenoactualidad.com\/index.php\/2023\/08\/28\/llaman-a-agricultores-y-ganaderos-de-la-provincia-a-participar-en-la-concentracion-del-5-de-septiembre-en-cordoba\/\"},\"wordCount\":621,\"commentCount\":0,\"publisher\":{\"@id\":\"https:\/\/torredonjimenoactualidad.com\/#organization\"},\"articleSection\":[\"provincia\"],\"inLanguage\":\"es\",\"potentialAction\":[{\"@type\":\"CommentAction\",\"name\":\"Comment\",\"target\":[\"https:\/\/torredonjimenoactualidad.com\/index.php\/2023\/08\/28\/llaman-a-agricultores-y-ganaderos-de-la-provincia-a-participar-en-la-concentracion-del-5-de-septiembre-en-cordoba\/#respond\"]}]},{\"@type\":\"WebPage\",\"@id\":\"https:\/\/torredonjimenoactualidad.com\/index.php\/2023\/08\/28\/llaman-a-agricultores-y-ganaderos-de-la-provincia-a-participar-en-la-concentracion-del-5-de-septiembre-en-cordoba\/\",\"url\":\"https:\/\/torredonjimenoactualidad.com\/index.php\/2023\/08\/28\/llaman-a-agricultores-y-ganaderos-de-la-provincia-a-participar-en-la-concentracion-del-5-de-septiembre-en-cordoba\/\",\"name\":\"Llaman a agricultores y ganaderos de la provincia a participar en la concentraci\u00f3n del 5 de septiembre en C\u00f3rdoba - Torredonjimeno Actualidad\",\"isPartOf\":{\"@id\":\"https:\/\/torredonjimenoactualidad.com\/#website\"},\"datePublished\":\"2023-08-28T15:32:41+00:00\",\"dateModified\":\"2023-08-28T15:41:23+00:00\",\"breadcrumb\":{\"@id\":\"https:\/\/torredonjimenoactualidad.com\/index.php\/2023\/08\/28\/llaman-a-agricultores-y-ganaderos-de-la-provincia-a-participar-en-la-concentracion-del-5-de-septiembre-en-cordoba\/#breadcrumb\"},\"inLanguage\":\"es\",\"potentialAction\":[{\"@type\":\"ReadAction\",\"target\":[\"https:\/\/torredonjimenoactualidad.com\/index.php\/2023\/08\/28\/llaman-a-agricultores-y-ganaderos-de-la-provincia-a-participar-en-la-concentracion-del-5-de-septiembre-en-cordoba\/\"]}]},{\"@type\":\"BreadcrumbList\",\"@id\":\"https:\/\/torredonjimenoactualidad.com\/index.php\/2023\/08\/28\/llaman-a-agricultores-y-ganaderos-de-la-provincia-a-participar-en-la-concentracion-del-5-de-septiembre-en-cordoba\/#breadcrumb\",\"itemListElement\":[{\"@type\":\"ListItem\",\"position\":1,\"name\":\"Portada\",\"item\":\"https:\/\/torredonjimenoactualidad.com\/\"},{\"@type\":\"ListItem\",\"position\":2,\"name\":\"Llaman a agricultores y ganaderos de la provincia a participar en la concentraci\u00f3n del 5 de septiembre en C\u00f3rdoba\"}]},{\"@type\":\"WebSite\",\"@id\":\"https:\/\/torredonjimenoactualidad.com\/#website\",\"url\":\"https:\/\/torredonjimenoactualidad.com\/\",\"name\":\"Torredonjimeno Actualidad\",\"description\":\"\",\"publisher\":{\"@id\":\"https:\/\/torredonjimenoactualidad.com\/#organization\"},\"potentialAction\":[{\"@type\":\"SearchAction\",\"target\":{\"@type\":\"EntryPoint\",\"urlTemplate\":\"https:\/\/torredonjimenoactualidad.com\/?s={search_term_string}\"},\"query-input\":\"required name=search_term_string\"}],\"inLanguage\":\"es\"},{\"@type\":\"Organization\",\"@id\":\"https:\/\/torredonjimenoactualidad.com\/#organization\",\"name\":\"Torredonjimeno Actualidad\",\"url\":\"https:\/\/torredonjimenoactualidad.com\/\",\"logo\":{\"@type\":\"ImageObject\",\"inLanguage\":\"es\",\"@id\":\"https:\/\/torredonjimenoactualidad.com\/#\/schema\/logo\/image\/\",\"url\":\"https:\/\/torredonjimenoactualidad.com\/wp-content\/uploads\/2023\/02\/logo-torredonjimeno-544x180-1.png\",\"contentUrl\":\"https:\/\/torredonjimenoactualidad.com\/wp-content\/uploads\/2023\/02\/logo-torredonjimeno-544x180-1.png\",\"width\":545,\"height\":112,\"caption\":\"Torredonjimeno Actualidad\"},\"image\":{\"@id\":\"https:\/\/torredonjimenoactualidad.com\/#\/schema\/logo\/image\/\"}},{\"@type\":\"Person\",\"@id\":\"https:\/\/torredonjimenoactualidad.com\/#\/schema\/person\/84de5f233e783ef2c75151a532b54977\",\"name\":\"Alba Mar\u00eda Torres\",\"image\":{\"@type\":\"ImageObject\",\"inLanguage\":\"es\",\"@id\":\"https:\/\/torredonjimenoactualidad.com\/#\/schema\/person\/image\/\",\"url\":\"https:\/\/secure.gravatar.com\/avatar\/f9371f188c71501b4475a9ba2a71595850ec72967f800a2ed8e3e2102859ed65?s=96&d=mm&r=g\",\"contentUrl\":\"https:\/\/secure.gravatar.com\/avatar\/f9371f188c71501b4475a9ba2a71595850ec72967f800a2ed8e3e2102859ed65?s=96&d=mm&r=g\",\"caption\":\"Alba Mar\u00eda Torres\"},\"url\":\"https:\/\/torredonjimenoactualidad.com\/index.php\/author\/alba-torres\/\"}]}<\/script>\n<!-- \/ Yoast SEO plugin. -->","yoast_head_json":{"title":"Llaman a agricultores y ganaderos de la provincia a participar en la concentraci\u00f3n del 5 de septiembre en C\u00f3rdoba - Torredonjimeno Actualidad","robots":{"index":"index","follow":"follow","max-snippet":"max-snippet:-1","max-image-preview":"max-image-preview:large","max-video-preview":"max-video-preview:-1"},"canonical":"https:\/\/torredonjimenoactualidad.com\/index.php\/2023\/08\/28\/llaman-a-agricultores-y-ganaderos-de-la-provincia-a-participar-en-la-concentracion-del-5-de-septiembre-en-cordoba\/","og_locale":"es_ES","og_type":"article","og_title":"Llaman a agricultores y ganaderos de la provincia a participar en la concentraci\u00f3n del 5 de septiembre en C\u00f3rdoba - Torredonjimeno Actualidad","og_description":"Las organizaciones Asaja, COAG, UPA y Cooperativas Agro-alimentarias en Ja\u00e9n han hecho un llamamiento a la movilizaci\u00f3n de agricultores y ganaderos de la provincia para participar el 5 de septiembre en C\u00f3rdoba en la concentraci\u00f3n ante los ministros de la Uni\u00f3n Europea. Con ella, se quiere hacer una \u00abdefensa del modelo social y profesional de &hellip; Llaman a agricultores y ganaderos de la provincia a participar en la concentraci\u00f3n del 5 de septiembre en C\u00f3rdoba Leer m\u00e1s &raquo;","og_url":"https:\/\/torredonjimenoactualidad.com\/index.php\/2023\/08\/28\/llaman-a-agricultores-y-ganaderos-de-la-provincia-a-participar-en-la-concentracion-del-5-de-septiembre-en-cordoba\/","og_site_name":"Torredonjimeno Actualidad","article_published_time":"2023-08-28T15:32:41+00:00","article_modified_time":"2023-08-28T15:41:23+00:00","og_image":[{"width":1920,"height":1097,"url":"https:\/\/torredonjimenoactualidad.com\/wp-content\/uploads\/2023\/08\/fotonoticia_20230828172419_1920.jpg","type":"image\/jpeg"}],"author":"Alba Mar\u00eda Torres","twitter_card":"summary_large_image","twitter_misc":{"Escrito por":"Alba Mar\u00eda Torres","Tiempo de lectura":"3 minutos"},"schema":{"@context":"https:\/\/schema.org","@graph":[{"@type":"Article","@id":"https:\/\/torredonjimenoactualidad.com\/index.php\/2023\/08\/28\/llaman-a-agricultores-y-ganaderos-de-la-provincia-a-participar-en-la-concentracion-del-5-de-septiembre-en-cordoba\/#article","isPartOf":{"@id":"https:\/\/torredonjimenoactualidad.com\/index.php\/2023\/08\/28\/llaman-a-agricultores-y-ganaderos-de-la-provincia-a-participar-en-la-concentracion-del-5-de-septiembre-en-cordoba\/"},"author":{"name":"Alba Mar\u00eda Torres","@id":"https:\/\/torredonjimenoactualidad.com\/#\/schema\/person\/84de5f233e783ef2c75151a532b54977"},"headline":"Llaman a agricultores y ganaderos de la provincia a participar en la concentraci\u00f3n del 5 de septiembre en C\u00f3rdoba","datePublished":"2023-08-28T15:32:41+00:00","dateModified":"2023-08-28T15:41:23+00:00","mainEntityOfPage":{"@id":"https:\/\/torredonjimenoactualidad.com\/index.php\/2023\/08\/28\/llaman-a-agricultores-y-ganaderos-de-la-provincia-a-participar-en-la-concentracion-del-5-de-septiembre-en-cordoba\/"},"wordCount":621,"commentCount":0,"publisher":{"@id":"https:\/\/torredonjimenoactualidad.com\/#organization"},"articleSection":["provincia"],"inLanguage":"es","potentialAction":[{"@type":"CommentAction","name":"Comment","target":["https:\/\/torredonjimenoactualidad.com\/index.php\/2023\/08\/28\/llaman-a-agricultores-y-ganaderos-de-la-provincia-a-participar-en-la-concentracion-del-5-de-septiembre-en-cordoba\/#respond"]}]},{"@type":"WebPage","@id":"https:\/\/torredonjimenoactualidad.com\/index.php\/2023\/08\/28\/llaman-a-agricultores-y-ganaderos-de-la-provincia-a-participar-en-la-concentracion-del-5-de-septiembre-en-cordoba\/","url":"https:\/\/torredonjimenoactualidad.com\/index.php\/2023\/08\/28\/llaman-a-agricultores-y-ganaderos-de-la-provincia-a-participar-en-la-concentracion-del-5-de-septiembre-en-cordoba\/","name":"Llaman a agricultores y ganaderos de la provincia a participar en la concentraci\u00f3n del 5 de septiembre en C\u00f3rdoba - Torredonjimeno Actualidad","isPartOf":{"@id":"https:\/\/torredonjimenoactualidad.com\/#website"},"datePublished":"2023-08-28T15:32:41+00:00","dateModified":"2023-08-28T15:41:23+00:00","breadcrumb":{"@id":"https:\/\/torredonjimenoactualidad.com\/index.php\/2023\/08\/28\/llaman-a-agricultores-y-ganaderos-de-la-provincia-a-participar-en-la-concentracion-del-5-de-septiembre-en-cordoba\/#breadcrumb"},"inLanguage":"es","potentialAction":[{"@type":"ReadAction","target":["https:\/\/torredonjimenoactualidad.com\/index.php\/2023\/08\/28\/llaman-a-agricultores-y-ganaderos-de-la-provincia-a-participar-en-la-concentracion-del-5-de-septiembre-en-cordoba\/"]}]},{"@type":"BreadcrumbList","@id":"https:\/\/torredonjimenoactualidad.com\/index.php\/2023\/08\/28\/llaman-a-agricultores-y-ganaderos-de-la-provincia-a-participar-en-la-concentracion-del-5-de-septiembre-en-cordoba\/#breadcrumb","itemListElement":[{"@type":"ListItem","position":1,"name":"Portada","item":"https:\/\/torredonjimenoactualidad.com\/"},{"@type":"ListItem","position":2,"name":"Llaman a agricultores y ganaderos de la provincia a participar en la concentraci\u00f3n del 5 de septiembre en C\u00f3rdoba"}]},{"@type":"WebSite","@id":"https:\/\/torredonjimenoactualidad.com\/#website","url":"https:\/\/torredonjimenoactualidad.com\/","name":"Torredonjimeno Actualidad","description":"","publisher":{"@id":"https:\/\/torredonjimenoactualidad.com\/#organization"},"potentialAction":[{"@type":"SearchAction","target":{"@type":"EntryPoint","urlTemplate":"https:\/\/torredonjimenoactualidad.com\/?s={search_term_string}"},"query-input":"required name=search_term_string"}],"inLanguage":"es"},{"@type":"Organization","@id":"https:\/\/torredonjimenoactualidad.com\/#organization","name":"Torredonjimeno Actualidad","url":"https:\/\/torredonjimenoactualidad.com\/","logo":{"@type":"ImageObject","inLanguage":"es","@id":"https:\/\/torredonjimenoactualidad.com\/#\/schema\/logo\/image\/","url":"https:\/\/torredonjimenoactualidad.com\/wp-content\/uploads\/2023\/02\/logo-torredonjimeno-544x180-1.png","contentUrl":"https:\/\/torredonjimenoactualidad.com\/wp-content\/uploads\/2023\/02\/logo-torredonjimeno-544x180-1.png","width":545,"height":112,"caption":"Torredonjimeno Actualidad"},"image":{"@id":"https:\/\/torredonjimenoactualidad.com\/#\/schema\/logo\/image\/"}},{"@type":"Person","@id":"https:\/\/torredonjimenoactualidad.com\/#\/schema\/person\/84de5f233e783ef2c75151a532b54977","name":"Alba Mar\u00eda Torres","image":{"@type":"ImageObject","inLanguage":"es","@id":"https:\/\/torredonjimenoactualidad.com\/#\/schema\/person\/image\/","url":"https:\/\/secure.gravatar.com\/avatar\/f9371f188c71501b4475a9ba2a71595850ec72967f800a2ed8e3e2102859ed65?s=96&d=mm&r=g","contentUrl":"https:\/\/secure.gravatar.com\/avatar\/f9371f188c71501b4475a9ba2a71595850ec72967f800a2ed8e3e2102859ed65?s=96&d=mm&r=g","caption":"Alba Mar\u00eda Torres"},"url":"https:\/\/torredonjimenoactualidad.com\/index.php\/author\/alba-torres\/"}]}},"_links":{"self":[{"href":"https:\/\/torredonjimenoactualidad.com\/index.php\/wp-json\/wp\/v2\/posts\/960","targetHints":{"allow":["GET"]}}],"collection":[{"href":"https:\/\/torredonjimenoactualidad.com\/index.php\/wp-json\/wp\/v2\/posts"}],"about":[{"href":"https:\/\/torredonjimenoactualidad.com\/index.php\/wp-json\/wp\/v2\/types\/post"}],"author":[{"embeddable":true,"href":"https:\/\/torredonjimenoactualidad.com\/index.php\/wp-json\/wp\/v2\/users\/2"}],"replies":[{"embeddable":true,"href":"https:\/\/torredonjimenoactualidad.com\/index.php\/wp-json\/wp\/v2\/comments?post=960"}],"version-history":[{"count":1,"href":"https:\/\/torredonjimenoactualidad.com\/index.php\/wp-json\/wp\/v2\/posts\/960\/revisions"}],"predecessor-version":[{"id":962,"href":"https:\/\/torredonjimenoactualidad.com\/index.php\/wp-json\/wp\/v2\/posts\/960\/revisions\/962"}],"wp:featuredmedia":[{"embeddable":true,"href":"https:\/\/torredonjimenoactualidad.com\/index.php\/wp-json\/wp\/v2\/media\/961"}],"wp:attachment":[{"href":"https:\/\/torredonjimenoactualidad.com\/index.php\/wp-json\/wp\/v2\/media?parent=960"}],"wp:term":[{"taxonomy":"category","embeddable":true,"href":"https:\/\/torredonjimenoactualidad.com\/index.php\/wp-json\/wp\/v2\/categories?post=960"},{"taxonomy":"post_tag","embeddable":true,"href":"https:\/\/torredonjimenoactualidad.com\/index.php\/wp-json\/wp\/v2\/tags?post=960"}],"curies":[{"name":"wp","href":"https:\/\/api.w.org\/{rel}","templated":true}]}}