{"id":955,"date":"2023-08-26T16:36:36","date_gmt":"2023-08-26T16:36:36","guid":{"rendered":"https:\/\/torredonjimenoactualidad.com\/?p=955"},"modified":"2023-08-26T16:40:05","modified_gmt":"2023-08-26T16:40:05","slug":"un-fallecido-y-cuatro-heridos-al-colisionar-dos-vehiculos-en-martos","status":"publish","type":"post","link":"https:\/\/torredonjimenoactualidad.com\/index.php\/2023\/08\/26\/un-fallecido-y-cuatro-heridos-al-colisionar-dos-vehiculos-en-martos\/","title":{"rendered":"Un fallecido y cuatro heridos al colisionar dos veh\u00edculos en Martos"},"content":{"rendered":"\n<p>Un hombre ha fallecido y otras cuatro personas han resultado heridas esta tarde al colisionar dos veh\u00edculos en Martos, seg\u00fan informa Emergencias 112 Andaluc\u00eda, servicio adscrito a la Consejer\u00eda de la Presidencia, Interior, Di\u00e1logo Social y Simplificaci\u00f3n Administrativa de la Junta.<\/p>\n\n\n\n<p>El primer aviso de este suceso lo ha recibido el tel\u00e9fono 112 poco antes de las 15:00 horas, el ciudadano que alert\u00f3 indicaba que se hab\u00eda producido una colisi\u00f3n entre dos coches en el kil\u00f3metro 78 de la A-316 (sentido Alcaudete) y que hab\u00eda personas atrapadas. La sala coordinadora activ\u00f3 a los Bomberos de Martos, al Centro de Emergencias Sanitarias 061, a la Guardia Civil de Tr\u00e1fico, a la Polic\u00eda Local y a Mantenimiento de la calzada.<\/p>\n\n\n\n<p>Los servicios sanitarios han confirmado que un var\u00f3n ha fallecido en este accidente y otras cuatro personas, tres hombres y una mujer, han resultado heridas y evacuadas al Hospital Neurotraumatol\u00f3gico de la capital.<\/p>\n","protected":false},"excerpt":{"rendered":"<p>Un hombre ha fallecido y otras cuatro personas han resultado heridas esta tarde al colisionar dos veh\u00edculos en Martos, seg\u00fan informa Emergencias 112 Andaluc\u00eda, servicio adscrito a la Consejer\u00eda de la Presidencia, Interior, Di\u00e1logo Social y Simplificaci\u00f3n Administrativa de la Junta. El primer aviso de este suceso lo ha recibido el tel\u00e9fono 112 poco antes &hellip;<\/p>\n<p class=\"read-more\"> <a class=\"\" href=\"https:\/\/torredonjimenoactualidad.com\/index.php\/2023\/08\/26\/un-fallecido-y-cuatro-heridos-al-colisionar-dos-vehiculos-en-martos\/\"> <span class=\"screen-reader-text\">Un fallecido y cuatro heridos al colisionar dos veh\u00edculos en Martos<\/span> Leer m\u00e1s &raquo;<\/a><\/p>\n","protected":false},"author":2,"featured_media":956,"comment_status":"open","ping_status":"open","sticky":false,"template":"","format":"standard","meta":{"site-sidebar-layout":"default","site-content-layout":"default","ast-global-header-display":"","ast-main-header-display":"","ast-hfb-above-header-display":"","ast-hfb-below-header-display":"","ast-hfb-mobile-header-display":"","site-post-title":"","ast-breadcrumbs-content":"","ast-featured-img":"","footer-sml-layout":"","theme-transparent-header-meta":"","adv-header-id-meta":"","stick-header-meta":"","header-above-stick-meta":"","header-main-stick-meta":"","header-below-stick-meta":"","footnotes":""},"categories":[8],"tags":[],"class_list":["post-955","post","type-post","status-publish","format-standard","has-post-thumbnail","hentry","category-provincia"],"yoast_head":"<!-- This site is optimized with the Yoast SEO plugin v20.8 - https:\/\/yoast.com\/wordpress\/plugins\/seo\/ -->\n<title>Un fallecido y cuatro heridos al colisionar dos veh\u00edculos en Martos - Torredonjimeno Actualidad<\/title>\n<meta name=\"robots\" content=\"index, follow, max-snippet:-1, max-image-preview:large, max-video-preview:-1\" \/>\n<link rel=\"canonical\" href=\"https:\/\/torredonjimenoactualidad.com\/index.php\/2023\/08\/26\/un-fallecido-y-cuatro-heridos-al-colisionar-dos-vehiculos-en-martos\/\" \/>\n<meta property=\"og:locale\" content=\"es_ES\" \/>\n<meta property=\"og:type\" content=\"article\" \/>\n<meta property=\"og:title\" content=\"Un fallecido y cuatro heridos al colisionar dos veh\u00edculos en Martos - Torredonjimeno Actualidad\" \/>\n<meta property=\"og:description\" content=\"Un hombre ha fallecido y otras cuatro personas han resultado heridas esta tarde al colisionar dos veh\u00edculos en Martos, seg\u00fan informa Emergencias 112 Andaluc\u00eda, servicio adscrito a la Consejer\u00eda de la Presidencia, Interior, Di\u00e1logo Social y Simplificaci\u00f3n Administrativa de la Junta. El primer aviso de este suceso lo ha recibido el tel\u00e9fono 112 poco antes &hellip; Un fallecido y cuatro heridos al colisionar dos veh\u00edculos en Martos Leer m\u00e1s &raquo;\" \/>\n<meta property=\"og:url\" content=\"https:\/\/torredonjimenoactualidad.com\/index.php\/2023\/08\/26\/un-fallecido-y-cuatro-heridos-al-colisionar-dos-vehiculos-en-martos\/\" \/>\n<meta property=\"og:site_name\" content=\"Torredonjimeno Actualidad\" \/>\n<meta property=\"article:published_time\" content=\"2023-08-26T16:36:36+00:00\" \/>\n<meta property=\"article:modified_time\" content=\"2023-08-26T16:40:05+00:00\" \/>\n<meta property=\"og:image\" content=\"https:\/\/torredonjimenoactualidad.com\/wp-content\/uploads\/2023\/08\/TRA-scaled.jpg\" \/>\n\t<meta property=\"og:image:width\" content=\"2560\" \/>\n\t<meta property=\"og:image:height\" content=\"1509\" \/>\n\t<meta property=\"og:image:type\" content=\"image\/jpeg\" \/>\n<meta name=\"author\" content=\"Alba Mar\u00eda Torres\" \/>\n<meta name=\"twitter:card\" content=\"summary_large_image\" \/>\n<meta name=\"twitter:label1\" content=\"Escrito por\" \/>\n\t<meta name=\"twitter:data1\" content=\"Alba Mar\u00eda Torres\" \/>\n\t<meta name=\"twitter:label2\" content=\"Tiempo de lectura\" \/>\n\t<meta name=\"twitter:data2\" content=\"1 minuto\" \/>\n<script type=\"application\/ld+json\" class=\"yoast-schema-graph\">{\"@context\":\"https:\/\/schema.org\",\"@graph\":[{\"@type\":\"Article\",\"@id\":\"https:\/\/torredonjimenoactualidad.com\/index.php\/2023\/08\/26\/un-fallecido-y-cuatro-heridos-al-colisionar-dos-vehiculos-en-martos\/#article\",\"isPartOf\":{\"@id\":\"https:\/\/torredonjimenoactualidad.com\/index.php\/2023\/08\/26\/un-fallecido-y-cuatro-heridos-al-colisionar-dos-vehiculos-en-martos\/\"},\"author\":{\"name\":\"Alba Mar\u00eda Torres\",\"@id\":\"https:\/\/torredonjimenoactualidad.com\/#\/schema\/person\/84de5f233e783ef2c75151a532b54977\"},\"headline\":\"Un fallecido y cuatro heridos al colisionar dos veh\u00edculos en Martos\",\"datePublished\":\"2023-08-26T16:36:36+00:00\",\"dateModified\":\"2023-08-26T16:40:05+00:00\",\"mainEntityOfPage\":{\"@id\":\"https:\/\/torredonjimenoactualidad.com\/index.php\/2023\/08\/26\/un-fallecido-y-cuatro-heridos-al-colisionar-dos-vehiculos-en-martos\/\"},\"wordCount\":173,\"commentCount\":0,\"publisher\":{\"@id\":\"https:\/\/torredonjimenoactualidad.com\/#organization\"},\"articleSection\":[\"provincia\"],\"inLanguage\":\"es\",\"potentialAction\":[{\"@type\":\"CommentAction\",\"name\":\"Comment\",\"target\":[\"https:\/\/torredonjimenoactualidad.com\/index.php\/2023\/08\/26\/un-fallecido-y-cuatro-heridos-al-colisionar-dos-vehiculos-en-martos\/#respond\"]}]},{\"@type\":\"WebPage\",\"@id\":\"https:\/\/torredonjimenoactualidad.com\/index.php\/2023\/08\/26\/un-fallecido-y-cuatro-heridos-al-colisionar-dos-vehiculos-en-martos\/\",\"url\":\"https:\/\/torredonjimenoactualidad.com\/index.php\/2023\/08\/26\/un-fallecido-y-cuatro-heridos-al-colisionar-dos-vehiculos-en-martos\/\",\"name\":\"Un fallecido y cuatro heridos al colisionar dos veh\u00edculos en Martos - Torredonjimeno Actualidad\",\"isPartOf\":{\"@id\":\"https:\/\/torredonjimenoactualidad.com\/#website\"},\"datePublished\":\"2023-08-26T16:36:36+00:00\",\"dateModified\":\"2023-08-26T16:40:05+00:00\",\"breadcrumb\":{\"@id\":\"https:\/\/torredonjimenoactualidad.com\/index.php\/2023\/08\/26\/un-fallecido-y-cuatro-heridos-al-colisionar-dos-vehiculos-en-martos\/#breadcrumb\"},\"inLanguage\":\"es\",\"potentialAction\":[{\"@type\":\"ReadAction\",\"target\":[\"https:\/\/torredonjimenoactualidad.com\/index.php\/2023\/08\/26\/un-fallecido-y-cuatro-heridos-al-colisionar-dos-vehiculos-en-martos\/\"]}]},{\"@type\":\"BreadcrumbList\",\"@id\":\"https:\/\/torredonjimenoactualidad.com\/index.php\/2023\/08\/26\/un-fallecido-y-cuatro-heridos-al-colisionar-dos-vehiculos-en-martos\/#breadcrumb\",\"itemListElement\":[{\"@type\":\"ListItem\",\"position\":1,\"name\":\"Portada\",\"item\":\"https:\/\/torredonjimenoactualidad.com\/\"},{\"@type\":\"ListItem\",\"position\":2,\"name\":\"Un fallecido y cuatro heridos al colisionar dos veh\u00edculos en Martos\"}]},{\"@type\":\"WebSite\",\"@id\":\"https:\/\/torredonjimenoactualidad.com\/#website\",\"url\":\"https:\/\/torredonjimenoactualidad.com\/\",\"name\":\"Torredonjimeno Actualidad\",\"description\":\"\",\"publisher\":{\"@id\":\"https:\/\/torredonjimenoactualidad.com\/#organization\"},\"potentialAction\":[{\"@type\":\"SearchAction\",\"target\":{\"@type\":\"EntryPoint\",\"urlTemplate\":\"https:\/\/torredonjimenoactualidad.com\/?s={search_term_string}\"},\"query-input\":\"required name=search_term_string\"}],\"inLanguage\":\"es\"},{\"@type\":\"Organization\",\"@id\":\"https:\/\/torredonjimenoactualidad.com\/#organization\",\"name\":\"Torredonjimeno Actualidad\",\"url\":\"https:\/\/torredonjimenoactualidad.com\/\",\"logo\":{\"@type\":\"ImageObject\",\"inLanguage\":\"es\",\"@id\":\"https:\/\/torredonjimenoactualidad.com\/#\/schema\/logo\/image\/\",\"url\":\"https:\/\/torredonjimenoactualidad.com\/wp-content\/uploads\/2023\/02\/logo-torredonjimeno-544x180-1.png\",\"contentUrl\":\"https:\/\/torredonjimenoactualidad.com\/wp-content\/uploads\/2023\/02\/logo-torredonjimeno-544x180-1.png\",\"width\":545,\"height\":112,\"caption\":\"Torredonjimeno Actualidad\"},\"image\":{\"@id\":\"https:\/\/torredonjimenoactualidad.com\/#\/schema\/logo\/image\/\"}},{\"@type\":\"Person\",\"@id\":\"https:\/\/torredonjimenoactualidad.com\/#\/schema\/person\/84de5f233e783ef2c75151a532b54977\",\"name\":\"Alba Mar\u00eda Torres\",\"image\":{\"@type\":\"ImageObject\",\"inLanguage\":\"es\",\"@id\":\"https:\/\/torredonjimenoactualidad.com\/#\/schema\/person\/image\/\",\"url\":\"https:\/\/secure.gravatar.com\/avatar\/f9371f188c71501b4475a9ba2a71595850ec72967f800a2ed8e3e2102859ed65?s=96&d=mm&r=g\",\"contentUrl\":\"https:\/\/secure.gravatar.com\/avatar\/f9371f188c71501b4475a9ba2a71595850ec72967f800a2ed8e3e2102859ed65?s=96&d=mm&r=g\",\"caption\":\"Alba Mar\u00eda Torres\"},\"url\":\"https:\/\/torredonjimenoactualidad.com\/index.php\/author\/alba-torres\/\"}]}<\/script>\n<!-- \/ Yoast SEO plugin. -->","yoast_head_json":{"title":"Un fallecido y cuatro heridos al colisionar dos veh\u00edculos en Martos - Torredonjimeno Actualidad","robots":{"index":"index","follow":"follow","max-snippet":"max-snippet:-1","max-image-preview":"max-image-preview:large","max-video-preview":"max-video-preview:-1"},"canonical":"https:\/\/torredonjimenoactualidad.com\/index.php\/2023\/08\/26\/un-fallecido-y-cuatro-heridos-al-colisionar-dos-vehiculos-en-martos\/","og_locale":"es_ES","og_type":"article","og_title":"Un fallecido y cuatro heridos al colisionar dos veh\u00edculos en Martos - Torredonjimeno Actualidad","og_description":"Un hombre ha fallecido y otras cuatro personas han resultado heridas esta tarde al colisionar dos veh\u00edculos en Martos, seg\u00fan informa Emergencias 112 Andaluc\u00eda, servicio adscrito a la Consejer\u00eda de la Presidencia, Interior, Di\u00e1logo Social y Simplificaci\u00f3n Administrativa de la Junta. El primer aviso de este suceso lo ha recibido el tel\u00e9fono 112 poco antes &hellip; Un fallecido y cuatro heridos al colisionar dos veh\u00edculos en Martos Leer m\u00e1s &raquo;","og_url":"https:\/\/torredonjimenoactualidad.com\/index.php\/2023\/08\/26\/un-fallecido-y-cuatro-heridos-al-colisionar-dos-vehiculos-en-martos\/","og_site_name":"Torredonjimeno Actualidad","article_published_time":"2023-08-26T16:36:36+00:00","article_modified_time":"2023-08-26T16:40:05+00:00","og_image":[{"width":2560,"height":1509,"url":"https:\/\/torredonjimenoactualidad.com\/wp-content\/uploads\/2023\/08\/TRA-scaled.jpg","type":"image\/jpeg"}],"author":"Alba Mar\u00eda Torres","twitter_card":"summary_large_image","twitter_misc":{"Escrito por":"Alba Mar\u00eda Torres","Tiempo de lectura":"1 minuto"},"schema":{"@context":"https:\/\/schema.org","@graph":[{"@type":"Article","@id":"https:\/\/torredonjimenoactualidad.com\/index.php\/2023\/08\/26\/un-fallecido-y-cuatro-heridos-al-colisionar-dos-vehiculos-en-martos\/#article","isPartOf":{"@id":"https:\/\/torredonjimenoactualidad.com\/index.php\/2023\/08\/26\/un-fallecido-y-cuatro-heridos-al-colisionar-dos-vehiculos-en-martos\/"},"author":{"name":"Alba Mar\u00eda Torres","@id":"https:\/\/torredonjimenoactualidad.com\/#\/schema\/person\/84de5f233e783ef2c75151a532b54977"},"headline":"Un fallecido y cuatro heridos al colisionar dos veh\u00edculos en Martos","datePublished":"2023-08-26T16:36:36+00:00","dateModified":"2023-08-26T16:40:05+00:00","mainEntityOfPage":{"@id":"https:\/\/torredonjimenoactualidad.com\/index.php\/2023\/08\/26\/un-fallecido-y-cuatro-heridos-al-colisionar-dos-vehiculos-en-martos\/"},"wordCount":173,"commentCount":0,"publisher":{"@id":"https:\/\/torredonjimenoactualidad.com\/#organization"},"articleSection":["provincia"],"inLanguage":"es","potentialAction":[{"@type":"CommentAction","name":"Comment","target":["https:\/\/torredonjimenoactualidad.com\/index.php\/2023\/08\/26\/un-fallecido-y-cuatro-heridos-al-colisionar-dos-vehiculos-en-martos\/#respond"]}]},{"@type":"WebPage","@id":"https:\/\/torredonjimenoactualidad.com\/index.php\/2023\/08\/26\/un-fallecido-y-cuatro-heridos-al-colisionar-dos-vehiculos-en-martos\/","url":"https:\/\/torredonjimenoactualidad.com\/index.php\/2023\/08\/26\/un-fallecido-y-cuatro-heridos-al-colisionar-dos-vehiculos-en-martos\/","name":"Un fallecido y cuatro heridos al colisionar dos veh\u00edculos en Martos - Torredonjimeno Actualidad","isPartOf":{"@id":"https:\/\/torredonjimenoactualidad.com\/#website"},"datePublished":"2023-08-26T16:36:36+00:00","dateModified":"2023-08-26T16:40:05+00:00","breadcrumb":{"@id":"https:\/\/torredonjimenoactualidad.com\/index.php\/2023\/08\/26\/un-fallecido-y-cuatro-heridos-al-colisionar-dos-vehiculos-en-martos\/#breadcrumb"},"inLanguage":"es","potentialAction":[{"@type":"ReadAction","target":["https:\/\/torredonjimenoactualidad.com\/index.php\/2023\/08\/26\/un-fallecido-y-cuatro-heridos-al-colisionar-dos-vehiculos-en-martos\/"]}]},{"@type":"BreadcrumbList","@id":"https:\/\/torredonjimenoactualidad.com\/index.php\/2023\/08\/26\/un-fallecido-y-cuatro-heridos-al-colisionar-dos-vehiculos-en-martos\/#breadcrumb","itemListElement":[{"@type":"ListItem","position":1,"name":"Portada","item":"https:\/\/torredonjimenoactualidad.com\/"},{"@type":"ListItem","position":2,"name":"Un fallecido y cuatro heridos al colisionar dos veh\u00edculos en Martos"}]},{"@type":"WebSite","@id":"https:\/\/torredonjimenoactualidad.com\/#website","url":"https:\/\/torredonjimenoactualidad.com\/","name":"Torredonjimeno Actualidad","description":"","publisher":{"@id":"https:\/\/torredonjimenoactualidad.com\/#organization"},"potentialAction":[{"@type":"SearchAction","target":{"@type":"EntryPoint","urlTemplate":"https:\/\/torredonjimenoactualidad.com\/?s={search_term_string}"},"query-input":"required name=search_term_string"}],"inLanguage":"es"},{"@type":"Organization","@id":"https:\/\/torredonjimenoactualidad.com\/#organization","name":"Torredonjimeno Actualidad","url":"https:\/\/torredonjimenoactualidad.com\/","logo":{"@type":"ImageObject","inLanguage":"es","@id":"https:\/\/torredonjimenoactualidad.com\/#\/schema\/logo\/image\/","url":"https:\/\/torredonjimenoactualidad.com\/wp-content\/uploads\/2023\/02\/logo-torredonjimeno-544x180-1.png","contentUrl":"https:\/\/torredonjimenoactualidad.com\/wp-content\/uploads\/2023\/02\/logo-torredonjimeno-544x180-1.png","width":545,"height":112,"caption":"Torredonjimeno Actualidad"},"image":{"@id":"https:\/\/torredonjimenoactualidad.com\/#\/schema\/logo\/image\/"}},{"@type":"Person","@id":"https:\/\/torredonjimenoactualidad.com\/#\/schema\/person\/84de5f233e783ef2c75151a532b54977","name":"Alba Mar\u00eda Torres","image":{"@type":"ImageObject","inLanguage":"es","@id":"https:\/\/torredonjimenoactualidad.com\/#\/schema\/person\/image\/","url":"https:\/\/secure.gravatar.com\/avatar\/f9371f188c71501b4475a9ba2a71595850ec72967f800a2ed8e3e2102859ed65?s=96&d=mm&r=g","contentUrl":"https:\/\/secure.gravatar.com\/avatar\/f9371f188c71501b4475a9ba2a71595850ec72967f800a2ed8e3e2102859ed65?s=96&d=mm&r=g","caption":"Alba Mar\u00eda Torres"},"url":"https:\/\/torredonjimenoactualidad.com\/index.php\/author\/alba-torres\/"}]}},"_links":{"self":[{"href":"https:\/\/torredonjimenoactualidad.com\/index.php\/wp-json\/wp\/v2\/posts\/955","targetHints":{"allow":["GET"]}}],"collection":[{"href":"https:\/\/torredonjimenoactualidad.com\/index.php\/wp-json\/wp\/v2\/posts"}],"about":[{"href":"https:\/\/torredonjimenoactualidad.com\/index.php\/wp-json\/wp\/v2\/types\/post"}],"author":[{"embeddable":true,"href":"https:\/\/torredonjimenoactualidad.com\/index.php\/wp-json\/wp\/v2\/users\/2"}],"replies":[{"embeddable":true,"href":"https:\/\/torredonjimenoactualidad.com\/index.php\/wp-json\/wp\/v2\/comments?post=955"}],"version-history":[{"count":1,"href":"https:\/\/torredonjimenoactualidad.com\/index.php\/wp-json\/wp\/v2\/posts\/955\/revisions"}],"predecessor-version":[{"id":957,"href":"https:\/\/torredonjimenoactualidad.com\/index.php\/wp-json\/wp\/v2\/posts\/955\/revisions\/957"}],"wp:featuredmedia":[{"embeddable":true,"href":"https:\/\/torredonjimenoactualidad.com\/index.php\/wp-json\/wp\/v2\/media\/956"}],"wp:attachment":[{"href":"https:\/\/torredonjimenoactualidad.com\/index.php\/wp-json\/wp\/v2\/media?parent=955"}],"wp:term":[{"taxonomy":"category","embeddable":true,"href":"https:\/\/torredonjimenoactualidad.com\/index.php\/wp-json\/wp\/v2\/categories?post=955"},{"taxonomy":"post_tag","embeddable":true,"href":"https:\/\/torredonjimenoactualidad.com\/index.php\/wp-json\/wp\/v2\/tags?post=955"}],"curies":[{"name":"wp","href":"https:\/\/api.w.org\/{rel}","templated":true}]}}