{"id":952,"date":"2023-08-26T06:58:38","date_gmt":"2023-08-26T06:58:38","guid":{"rendered":"https:\/\/torredonjimenoactualidad.com\/?p=952"},"modified":"2023-08-26T06:58:39","modified_gmt":"2023-08-26T06:58:39","slug":"la-junta-pone-en-marcha-un-nuevo-servicio-de-autobus-los-domingos-para-unir-jamilena-con-torredonjimeno-martos-y-jaen","status":"publish","type":"post","link":"https:\/\/torredonjimenoactualidad.com\/index.php\/2023\/08\/26\/la-junta-pone-en-marcha-un-nuevo-servicio-de-autobus-los-domingos-para-unir-jamilena-con-torredonjimeno-martos-y-jaen\/","title":{"rendered":"La Junta pone en marcha un nuevo servicio de autob\u00fas los domingos para unir Jamilena con Torredonjimeno, Martos y Ja\u00e9n"},"content":{"rendered":"\n<p>El delegado de Fomento, Articulaci\u00f3n del Territorio y Vivienda, Miguel Contreras, y el director-gerente del Consorcio de Transportes del \u00c1rea Metropolitana de Ja\u00e9n, Sergio L\u00f3pez, han mantenido una reuni\u00f3n de trabajo con el alcalde de Jamilena, Tom\u00e1s Li\u00e9bana, para analizar los servicios de transporte interurbano que se prestan y que tienen parada en dicha localidad. Un encuentro de trabajo en el que se ha acordado la puesta en marcha de una experiencia piloto de ampliaci\u00f3n de dicho servicio. \u201cEs una prioridad escuchar a los alcaldes y estudiar las necesidades que demandan, teniendo a los ayuntamientos como instrumentos que impulsen y apoyen el uso del transporte p\u00fablico entre sus vecinos\u201d, ha se\u00f1alado Miguel Contreras.<\/p>\n\n\n\n<p>De este modo, y tras la solicitud del primer edil del municipio para ampliar servicios dada la cercan\u00eda con la capital y con otros municipios de la comarca que son foco de actividad industrial, comercial y de oferta educativa, la Consejer\u00eda de Fomento, Articulaci\u00f3n del Territorio y Vivienda, a trav\u00e9s del Consorcio de Transportes, ha llegado a un acuerdo con la empresa concesionaria de la l\u00ednea entre Ja\u00e9n y Martos para, de forma provisional y como experiencia piloto, establecer un nuevo servicio entre Jamilena y Torredonjimeno desde el pr\u00f3ximo 3 de septiembre, con salida a las 10 horas; los viajes de vuelta a Jamilena ser\u00e1n a las 12:30 y a las 14 horas. \u201cCon este nuevo servicio que se pone en marcha de forma provisional vamos a comprobar la demanda real y, en caso de ser viable, ser\u00e1 atendida por la Junta con la inestimable colaboraci\u00f3n de los ayuntamientos y, por supuesto, de las empresas concesionarias\u201d, ha apostillado el delegado.&nbsp;<\/p>\n\n\n\n<p>Paralelamente, el director gerente del Consorcio ha avanzado que se van a estudiar los horarios de los actuales servicios de transporte para analizar un posible reajuste que propicie un aumento del uso del transporte p\u00fablico de viajeros\u201d. Adem\u00e1s, Sergio L\u00f3pez ha indicado que \u201cse va a trabajar en especial la atenci\u00f3n a los usuarios m\u00e1s j\u00f3venes para posibilitar su desplazamiento a centros educativos superiores que les hagan tener m\u00e1s accesible el mayor n\u00famero de salidas formativas\u201d.<\/p>\n\n\n\n<p>Tras el acuerdo para poner en marcha esta experiencia piloto, el alcalde de Jamilena ha agradecido el talante de di\u00e1logo y el compromiso de colaboraci\u00f3n de la administraci\u00f3n auton\u00f3mica.<\/p>\n","protected":false},"excerpt":{"rendered":"<p>El delegado de Fomento, Articulaci\u00f3n del Territorio y Vivienda, Miguel Contreras, y el director-gerente del Consorcio de Transportes del \u00c1rea Metropolitana de Ja\u00e9n, Sergio L\u00f3pez, han mantenido una reuni\u00f3n de trabajo con el alcalde de Jamilena, Tom\u00e1s Li\u00e9bana, para analizar los servicios de transporte interurbano que se prestan y que tienen parada en dicha localidad. &hellip;<\/p>\n<p class=\"read-more\"> <a class=\"\" href=\"https:\/\/torredonjimenoactualidad.com\/index.php\/2023\/08\/26\/la-junta-pone-en-marcha-un-nuevo-servicio-de-autobus-los-domingos-para-unir-jamilena-con-torredonjimeno-martos-y-jaen\/\"> <span class=\"screen-reader-text\">La Junta pone en marcha un nuevo servicio de autob\u00fas los domingos para unir Jamilena con Torredonjimeno, Martos y Ja\u00e9n<\/span> Leer m\u00e1s &raquo;<\/a><\/p>\n","protected":false},"author":2,"featured_media":953,"comment_status":"open","ping_status":"open","sticky":false,"template":"","format":"standard","meta":{"site-sidebar-layout":"default","site-content-layout":"default","ast-global-header-display":"","ast-main-header-display":"","ast-hfb-above-header-display":"","ast-hfb-below-header-display":"","ast-hfb-mobile-header-display":"","site-post-title":"","ast-breadcrumbs-content":"","ast-featured-img":"","footer-sml-layout":"","theme-transparent-header-meta":"","adv-header-id-meta":"","stick-header-meta":"","header-above-stick-meta":"","header-main-stick-meta":"","header-below-stick-meta":"","footnotes":""},"categories":[8],"tags":[],"class_list":["post-952","post","type-post","status-publish","format-standard","has-post-thumbnail","hentry","category-provincia"],"yoast_head":"<!-- This site is optimized with the Yoast SEO plugin v20.8 - https:\/\/yoast.com\/wordpress\/plugins\/seo\/ -->\n<title>La Junta pone en marcha un nuevo servicio de autob\u00fas los domingos para unir Jamilena con Torredonjimeno, Martos y Ja\u00e9n - Torredonjimeno Actualidad<\/title>\n<meta name=\"robots\" content=\"index, follow, max-snippet:-1, max-image-preview:large, max-video-preview:-1\" \/>\n<link rel=\"canonical\" href=\"https:\/\/torredonjimenoactualidad.com\/index.php\/2023\/08\/26\/la-junta-pone-en-marcha-un-nuevo-servicio-de-autobus-los-domingos-para-unir-jamilena-con-torredonjimeno-martos-y-jaen\/\" \/>\n<meta property=\"og:locale\" content=\"es_ES\" \/>\n<meta property=\"og:type\" content=\"article\" \/>\n<meta property=\"og:title\" content=\"La Junta pone en marcha un nuevo servicio de autob\u00fas los domingos para unir Jamilena con Torredonjimeno, Martos y Ja\u00e9n - Torredonjimeno Actualidad\" \/>\n<meta property=\"og:description\" content=\"El delegado de Fomento, Articulaci\u00f3n del Territorio y Vivienda, Miguel Contreras, y el director-gerente del Consorcio de Transportes del \u00c1rea Metropolitana de Ja\u00e9n, Sergio L\u00f3pez, han mantenido una reuni\u00f3n de trabajo con el alcalde de Jamilena, Tom\u00e1s Li\u00e9bana, para analizar los servicios de transporte interurbano que se prestan y que tienen parada en dicha localidad. &hellip; La Junta pone en marcha un nuevo servicio de autob\u00fas los domingos para unir Jamilena con Torredonjimeno, Martos y Ja\u00e9n Leer m\u00e1s &raquo;\" \/>\n<meta property=\"og:url\" content=\"https:\/\/torredonjimenoactualidad.com\/index.php\/2023\/08\/26\/la-junta-pone-en-marcha-un-nuevo-servicio-de-autobus-los-domingos-para-unir-jamilena-con-torredonjimeno-martos-y-jaen\/\" \/>\n<meta property=\"og:site_name\" content=\"Torredonjimeno Actualidad\" \/>\n<meta property=\"article:published_time\" content=\"2023-08-26T06:58:38+00:00\" \/>\n<meta property=\"article:modified_time\" content=\"2023-08-26T06:58:39+00:00\" \/>\n<meta property=\"og:image\" content=\"https:\/\/torredonjimenoactualidad.com\/wp-content\/uploads\/2023\/08\/369646222_671203825042025_1524470032971962292_n.jpg\" \/>\n\t<meta property=\"og:image:width\" content=\"982\" \/>\n\t<meta property=\"og:image:height\" content=\"551\" \/>\n\t<meta property=\"og:image:type\" content=\"image\/jpeg\" \/>\n<meta name=\"author\" content=\"Alba Mar\u00eda Torres\" \/>\n<meta name=\"twitter:card\" content=\"summary_large_image\" \/>\n<meta name=\"twitter:label1\" content=\"Escrito por\" \/>\n\t<meta name=\"twitter:data1\" content=\"Alba Mar\u00eda Torres\" \/>\n\t<meta name=\"twitter:label2\" content=\"Tiempo de lectura\" \/>\n\t<meta name=\"twitter:data2\" content=\"2 minutos\" \/>\n<script type=\"application\/ld+json\" class=\"yoast-schema-graph\">{\"@context\":\"https:\/\/schema.org\",\"@graph\":[{\"@type\":\"Article\",\"@id\":\"https:\/\/torredonjimenoactualidad.com\/index.php\/2023\/08\/26\/la-junta-pone-en-marcha-un-nuevo-servicio-de-autobus-los-domingos-para-unir-jamilena-con-torredonjimeno-martos-y-jaen\/#article\",\"isPartOf\":{\"@id\":\"https:\/\/torredonjimenoactualidad.com\/index.php\/2023\/08\/26\/la-junta-pone-en-marcha-un-nuevo-servicio-de-autobus-los-domingos-para-unir-jamilena-con-torredonjimeno-martos-y-jaen\/\"},\"author\":{\"name\":\"Alba Mar\u00eda Torres\",\"@id\":\"https:\/\/torredonjimenoactualidad.com\/#\/schema\/person\/84de5f233e783ef2c75151a532b54977\"},\"headline\":\"La Junta pone en marcha un nuevo servicio de autob\u00fas los domingos para unir Jamilena con Torredonjimeno, Martos y Ja\u00e9n\",\"datePublished\":\"2023-08-26T06:58:38+00:00\",\"dateModified\":\"2023-08-26T06:58:39+00:00\",\"mainEntityOfPage\":{\"@id\":\"https:\/\/torredonjimenoactualidad.com\/index.php\/2023\/08\/26\/la-junta-pone-en-marcha-un-nuevo-servicio-de-autobus-los-domingos-para-unir-jamilena-con-torredonjimeno-martos-y-jaen\/\"},\"wordCount\":427,\"commentCount\":0,\"publisher\":{\"@id\":\"https:\/\/torredonjimenoactualidad.com\/#organization\"},\"articleSection\":[\"provincia\"],\"inLanguage\":\"es\",\"potentialAction\":[{\"@type\":\"CommentAction\",\"name\":\"Comment\",\"target\":[\"https:\/\/torredonjimenoactualidad.com\/index.php\/2023\/08\/26\/la-junta-pone-en-marcha-un-nuevo-servicio-de-autobus-los-domingos-para-unir-jamilena-con-torredonjimeno-martos-y-jaen\/#respond\"]}]},{\"@type\":\"WebPage\",\"@id\":\"https:\/\/torredonjimenoactualidad.com\/index.php\/2023\/08\/26\/la-junta-pone-en-marcha-un-nuevo-servicio-de-autobus-los-domingos-para-unir-jamilena-con-torredonjimeno-martos-y-jaen\/\",\"url\":\"https:\/\/torredonjimenoactualidad.com\/index.php\/2023\/08\/26\/la-junta-pone-en-marcha-un-nuevo-servicio-de-autobus-los-domingos-para-unir-jamilena-con-torredonjimeno-martos-y-jaen\/\",\"name\":\"La Junta pone en marcha un nuevo servicio de autob\u00fas los domingos para unir Jamilena con Torredonjimeno, Martos y Ja\u00e9n - Torredonjimeno Actualidad\",\"isPartOf\":{\"@id\":\"https:\/\/torredonjimenoactualidad.com\/#website\"},\"datePublished\":\"2023-08-26T06:58:38+00:00\",\"dateModified\":\"2023-08-26T06:58:39+00:00\",\"breadcrumb\":{\"@id\":\"https:\/\/torredonjimenoactualidad.com\/index.php\/2023\/08\/26\/la-junta-pone-en-marcha-un-nuevo-servicio-de-autobus-los-domingos-para-unir-jamilena-con-torredonjimeno-martos-y-jaen\/#breadcrumb\"},\"inLanguage\":\"es\",\"potentialAction\":[{\"@type\":\"ReadAction\",\"target\":[\"https:\/\/torredonjimenoactualidad.com\/index.php\/2023\/08\/26\/la-junta-pone-en-marcha-un-nuevo-servicio-de-autobus-los-domingos-para-unir-jamilena-con-torredonjimeno-martos-y-jaen\/\"]}]},{\"@type\":\"BreadcrumbList\",\"@id\":\"https:\/\/torredonjimenoactualidad.com\/index.php\/2023\/08\/26\/la-junta-pone-en-marcha-un-nuevo-servicio-de-autobus-los-domingos-para-unir-jamilena-con-torredonjimeno-martos-y-jaen\/#breadcrumb\",\"itemListElement\":[{\"@type\":\"ListItem\",\"position\":1,\"name\":\"Portada\",\"item\":\"https:\/\/torredonjimenoactualidad.com\/\"},{\"@type\":\"ListItem\",\"position\":2,\"name\":\"La Junta pone en marcha un nuevo servicio de autob\u00fas los domingos para unir Jamilena con Torredonjimeno, Martos y Ja\u00e9n\"}]},{\"@type\":\"WebSite\",\"@id\":\"https:\/\/torredonjimenoactualidad.com\/#website\",\"url\":\"https:\/\/torredonjimenoactualidad.com\/\",\"name\":\"Torredonjimeno Actualidad\",\"description\":\"\",\"publisher\":{\"@id\":\"https:\/\/torredonjimenoactualidad.com\/#organization\"},\"potentialAction\":[{\"@type\":\"SearchAction\",\"target\":{\"@type\":\"EntryPoint\",\"urlTemplate\":\"https:\/\/torredonjimenoactualidad.com\/?s={search_term_string}\"},\"query-input\":\"required name=search_term_string\"}],\"inLanguage\":\"es\"},{\"@type\":\"Organization\",\"@id\":\"https:\/\/torredonjimenoactualidad.com\/#organization\",\"name\":\"Torredonjimeno Actualidad\",\"url\":\"https:\/\/torredonjimenoactualidad.com\/\",\"logo\":{\"@type\":\"ImageObject\",\"inLanguage\":\"es\",\"@id\":\"https:\/\/torredonjimenoactualidad.com\/#\/schema\/logo\/image\/\",\"url\":\"https:\/\/torredonjimenoactualidad.com\/wp-content\/uploads\/2023\/02\/logo-torredonjimeno-544x180-1.png\",\"contentUrl\":\"https:\/\/torredonjimenoactualidad.com\/wp-content\/uploads\/2023\/02\/logo-torredonjimeno-544x180-1.png\",\"width\":545,\"height\":112,\"caption\":\"Torredonjimeno Actualidad\"},\"image\":{\"@id\":\"https:\/\/torredonjimenoactualidad.com\/#\/schema\/logo\/image\/\"}},{\"@type\":\"Person\",\"@id\":\"https:\/\/torredonjimenoactualidad.com\/#\/schema\/person\/84de5f233e783ef2c75151a532b54977\",\"name\":\"Alba Mar\u00eda Torres\",\"image\":{\"@type\":\"ImageObject\",\"inLanguage\":\"es\",\"@id\":\"https:\/\/torredonjimenoactualidad.com\/#\/schema\/person\/image\/\",\"url\":\"https:\/\/secure.gravatar.com\/avatar\/f9371f188c71501b4475a9ba2a71595850ec72967f800a2ed8e3e2102859ed65?s=96&d=mm&r=g\",\"contentUrl\":\"https:\/\/secure.gravatar.com\/avatar\/f9371f188c71501b4475a9ba2a71595850ec72967f800a2ed8e3e2102859ed65?s=96&d=mm&r=g\",\"caption\":\"Alba Mar\u00eda Torres\"},\"url\":\"https:\/\/torredonjimenoactualidad.com\/index.php\/author\/alba-torres\/\"}]}<\/script>\n<!-- \/ Yoast SEO plugin. -->","yoast_head_json":{"title":"La Junta pone en marcha un nuevo servicio de autob\u00fas los domingos para unir Jamilena con Torredonjimeno, Martos y Ja\u00e9n - Torredonjimeno Actualidad","robots":{"index":"index","follow":"follow","max-snippet":"max-snippet:-1","max-image-preview":"max-image-preview:large","max-video-preview":"max-video-preview:-1"},"canonical":"https:\/\/torredonjimenoactualidad.com\/index.php\/2023\/08\/26\/la-junta-pone-en-marcha-un-nuevo-servicio-de-autobus-los-domingos-para-unir-jamilena-con-torredonjimeno-martos-y-jaen\/","og_locale":"es_ES","og_type":"article","og_title":"La Junta pone en marcha un nuevo servicio de autob\u00fas los domingos para unir Jamilena con Torredonjimeno, Martos y Ja\u00e9n - Torredonjimeno Actualidad","og_description":"El delegado de Fomento, Articulaci\u00f3n del Territorio y Vivienda, Miguel Contreras, y el director-gerente del Consorcio de Transportes del \u00c1rea Metropolitana de Ja\u00e9n, Sergio L\u00f3pez, han mantenido una reuni\u00f3n de trabajo con el alcalde de Jamilena, Tom\u00e1s Li\u00e9bana, para analizar los servicios de transporte interurbano que se prestan y que tienen parada en dicha localidad. &hellip; La Junta pone en marcha un nuevo servicio de autob\u00fas los domingos para unir Jamilena con Torredonjimeno, Martos y Ja\u00e9n Leer m\u00e1s &raquo;","og_url":"https:\/\/torredonjimenoactualidad.com\/index.php\/2023\/08\/26\/la-junta-pone-en-marcha-un-nuevo-servicio-de-autobus-los-domingos-para-unir-jamilena-con-torredonjimeno-martos-y-jaen\/","og_site_name":"Torredonjimeno Actualidad","article_published_time":"2023-08-26T06:58:38+00:00","article_modified_time":"2023-08-26T06:58:39+00:00","og_image":[{"width":982,"height":551,"url":"https:\/\/torredonjimenoactualidad.com\/wp-content\/uploads\/2023\/08\/369646222_671203825042025_1524470032971962292_n.jpg","type":"image\/jpeg"}],"author":"Alba Mar\u00eda Torres","twitter_card":"summary_large_image","twitter_misc":{"Escrito por":"Alba Mar\u00eda Torres","Tiempo de lectura":"2 minutos"},"schema":{"@context":"https:\/\/schema.org","@graph":[{"@type":"Article","@id":"https:\/\/torredonjimenoactualidad.com\/index.php\/2023\/08\/26\/la-junta-pone-en-marcha-un-nuevo-servicio-de-autobus-los-domingos-para-unir-jamilena-con-torredonjimeno-martos-y-jaen\/#article","isPartOf":{"@id":"https:\/\/torredonjimenoactualidad.com\/index.php\/2023\/08\/26\/la-junta-pone-en-marcha-un-nuevo-servicio-de-autobus-los-domingos-para-unir-jamilena-con-torredonjimeno-martos-y-jaen\/"},"author":{"name":"Alba Mar\u00eda Torres","@id":"https:\/\/torredonjimenoactualidad.com\/#\/schema\/person\/84de5f233e783ef2c75151a532b54977"},"headline":"La Junta pone en marcha un nuevo servicio de autob\u00fas los domingos para unir Jamilena con Torredonjimeno, Martos y Ja\u00e9n","datePublished":"2023-08-26T06:58:38+00:00","dateModified":"2023-08-26T06:58:39+00:00","mainEntityOfPage":{"@id":"https:\/\/torredonjimenoactualidad.com\/index.php\/2023\/08\/26\/la-junta-pone-en-marcha-un-nuevo-servicio-de-autobus-los-domingos-para-unir-jamilena-con-torredonjimeno-martos-y-jaen\/"},"wordCount":427,"commentCount":0,"publisher":{"@id":"https:\/\/torredonjimenoactualidad.com\/#organization"},"articleSection":["provincia"],"inLanguage":"es","potentialAction":[{"@type":"CommentAction","name":"Comment","target":["https:\/\/torredonjimenoactualidad.com\/index.php\/2023\/08\/26\/la-junta-pone-en-marcha-un-nuevo-servicio-de-autobus-los-domingos-para-unir-jamilena-con-torredonjimeno-martos-y-jaen\/#respond"]}]},{"@type":"WebPage","@id":"https:\/\/torredonjimenoactualidad.com\/index.php\/2023\/08\/26\/la-junta-pone-en-marcha-un-nuevo-servicio-de-autobus-los-domingos-para-unir-jamilena-con-torredonjimeno-martos-y-jaen\/","url":"https:\/\/torredonjimenoactualidad.com\/index.php\/2023\/08\/26\/la-junta-pone-en-marcha-un-nuevo-servicio-de-autobus-los-domingos-para-unir-jamilena-con-torredonjimeno-martos-y-jaen\/","name":"La Junta pone en marcha un nuevo servicio de autob\u00fas los domingos para unir Jamilena con Torredonjimeno, Martos y Ja\u00e9n - Torredonjimeno Actualidad","isPartOf":{"@id":"https:\/\/torredonjimenoactualidad.com\/#website"},"datePublished":"2023-08-26T06:58:38+00:00","dateModified":"2023-08-26T06:58:39+00:00","breadcrumb":{"@id":"https:\/\/torredonjimenoactualidad.com\/index.php\/2023\/08\/26\/la-junta-pone-en-marcha-un-nuevo-servicio-de-autobus-los-domingos-para-unir-jamilena-con-torredonjimeno-martos-y-jaen\/#breadcrumb"},"inLanguage":"es","potentialAction":[{"@type":"ReadAction","target":["https:\/\/torredonjimenoactualidad.com\/index.php\/2023\/08\/26\/la-junta-pone-en-marcha-un-nuevo-servicio-de-autobus-los-domingos-para-unir-jamilena-con-torredonjimeno-martos-y-jaen\/"]}]},{"@type":"BreadcrumbList","@id":"https:\/\/torredonjimenoactualidad.com\/index.php\/2023\/08\/26\/la-junta-pone-en-marcha-un-nuevo-servicio-de-autobus-los-domingos-para-unir-jamilena-con-torredonjimeno-martos-y-jaen\/#breadcrumb","itemListElement":[{"@type":"ListItem","position":1,"name":"Portada","item":"https:\/\/torredonjimenoactualidad.com\/"},{"@type":"ListItem","position":2,"name":"La Junta pone en marcha un nuevo servicio de autob\u00fas los domingos para unir Jamilena con Torredonjimeno, Martos y Ja\u00e9n"}]},{"@type":"WebSite","@id":"https:\/\/torredonjimenoactualidad.com\/#website","url":"https:\/\/torredonjimenoactualidad.com\/","name":"Torredonjimeno Actualidad","description":"","publisher":{"@id":"https:\/\/torredonjimenoactualidad.com\/#organization"},"potentialAction":[{"@type":"SearchAction","target":{"@type":"EntryPoint","urlTemplate":"https:\/\/torredonjimenoactualidad.com\/?s={search_term_string}"},"query-input":"required name=search_term_string"}],"inLanguage":"es"},{"@type":"Organization","@id":"https:\/\/torredonjimenoactualidad.com\/#organization","name":"Torredonjimeno Actualidad","url":"https:\/\/torredonjimenoactualidad.com\/","logo":{"@type":"ImageObject","inLanguage":"es","@id":"https:\/\/torredonjimenoactualidad.com\/#\/schema\/logo\/image\/","url":"https:\/\/torredonjimenoactualidad.com\/wp-content\/uploads\/2023\/02\/logo-torredonjimeno-544x180-1.png","contentUrl":"https:\/\/torredonjimenoactualidad.com\/wp-content\/uploads\/2023\/02\/logo-torredonjimeno-544x180-1.png","width":545,"height":112,"caption":"Torredonjimeno Actualidad"},"image":{"@id":"https:\/\/torredonjimenoactualidad.com\/#\/schema\/logo\/image\/"}},{"@type":"Person","@id":"https:\/\/torredonjimenoactualidad.com\/#\/schema\/person\/84de5f233e783ef2c75151a532b54977","name":"Alba Mar\u00eda Torres","image":{"@type":"ImageObject","inLanguage":"es","@id":"https:\/\/torredonjimenoactualidad.com\/#\/schema\/person\/image\/","url":"https:\/\/secure.gravatar.com\/avatar\/f9371f188c71501b4475a9ba2a71595850ec72967f800a2ed8e3e2102859ed65?s=96&d=mm&r=g","contentUrl":"https:\/\/secure.gravatar.com\/avatar\/f9371f188c71501b4475a9ba2a71595850ec72967f800a2ed8e3e2102859ed65?s=96&d=mm&r=g","caption":"Alba Mar\u00eda Torres"},"url":"https:\/\/torredonjimenoactualidad.com\/index.php\/author\/alba-torres\/"}]}},"_links":{"self":[{"href":"https:\/\/torredonjimenoactualidad.com\/index.php\/wp-json\/wp\/v2\/posts\/952","targetHints":{"allow":["GET"]}}],"collection":[{"href":"https:\/\/torredonjimenoactualidad.com\/index.php\/wp-json\/wp\/v2\/posts"}],"about":[{"href":"https:\/\/torredonjimenoactualidad.com\/index.php\/wp-json\/wp\/v2\/types\/post"}],"author":[{"embeddable":true,"href":"https:\/\/torredonjimenoactualidad.com\/index.php\/wp-json\/wp\/v2\/users\/2"}],"replies":[{"embeddable":true,"href":"https:\/\/torredonjimenoactualidad.com\/index.php\/wp-json\/wp\/v2\/comments?post=952"}],"version-history":[{"count":1,"href":"https:\/\/torredonjimenoactualidad.com\/index.php\/wp-json\/wp\/v2\/posts\/952\/revisions"}],"predecessor-version":[{"id":954,"href":"https:\/\/torredonjimenoactualidad.com\/index.php\/wp-json\/wp\/v2\/posts\/952\/revisions\/954"}],"wp:featuredmedia":[{"embeddable":true,"href":"https:\/\/torredonjimenoactualidad.com\/index.php\/wp-json\/wp\/v2\/media\/953"}],"wp:attachment":[{"href":"https:\/\/torredonjimenoactualidad.com\/index.php\/wp-json\/wp\/v2\/media?parent=952"}],"wp:term":[{"taxonomy":"category","embeddable":true,"href":"https:\/\/torredonjimenoactualidad.com\/index.php\/wp-json\/wp\/v2\/categories?post=952"},{"taxonomy":"post_tag","embeddable":true,"href":"https:\/\/torredonjimenoactualidad.com\/index.php\/wp-json\/wp\/v2\/tags?post=952"}],"curies":[{"name":"wp","href":"https:\/\/api.w.org\/{rel}","templated":true}]}}