{"id":949,"date":"2023-08-23T14:32:19","date_gmt":"2023-08-23T14:32:19","guid":{"rendered":"https:\/\/torredonjimenoactualidad.com\/?p=949"},"modified":"2023-08-23T14:32:20","modified_gmt":"2023-08-23T14:32:20","slug":"el-hospital-universitario-de-jaen-comienza-la-instalacion-del-pet-tac","status":"publish","type":"post","link":"https:\/\/torredonjimenoactualidad.com\/index.php\/2023\/08\/23\/el-hospital-universitario-de-jaen-comienza-la-instalacion-del-pet-tac\/","title":{"rendered":"El Hospital Universitario de Ja\u00e9n comienza la instalaci\u00f3n del PET-TAC"},"content":{"rendered":"\n<p>El Hospital Universitario de Ja\u00e9n ha comenzado la instalaci\u00f3n del nuevo PET-TAC. El equipo ya se encuentra en este centro sanitario, donde se realizan los trabajos oportunos para situarlo en la planta semis\u00f3tano del Hospital Materno-Infantil.<\/p>\n\n\n\n<p>As\u00ed lo ha indicado este mi\u00e9rcoles la delegada territorial de Salud y Consumo, Elena Gonz\u00e1lez, quien ha asistido a la llegada del equipo, junto al director gerente del hospital jiennense, Francisco Javier Vadillo.<\/p>\n\n\n\n<p>\u00abA partir de ahora se realizar\u00e1n las comprobaciones t\u00e9cnicas necesarias, la puesta a punto y las certificaciones pertinentes del Con\u00bbsejo de Seguridad Nuclear, as\u00ed como la formaci\u00f3n de los profesionales previas a ponerlo en funcionamiento\u00bb, ha explicado Gonz\u00e1lez.<\/p>\n\n\n\n<p>El nuevo PET-TAC supone una inversi\u00f3n de 2.093.399 euros, financiada con fondos europeos, y se incorpora como parte del Plan de Inversi\u00f3n en Equipos de Alta Tecnolog\u00eda en el que Andaluc\u00eda recibe m\u00e1s de 144 millones de euros para la renovaci\u00f3n y ampliaci\u00f3n de equipamiento diagn\u00f3stico y terap\u00e9utico. Su puesta en marcha supondr\u00e1 poder realizar 2.500 exploraciones al a\u00f1o.<\/p>\n\n\n\n<p>Las obras de adecuaci\u00f3n del patio interior para la sala del dispositivo, la sala de control, la sala de pacientes inyectados, el m\u00f3dulo de almac\u00e9n y los diferentes boxes han contado con una inversi\u00f3n superior a los 1,3 millones de euros.<\/p>\n\n\n\n<p>Se han ejecutado a lo largo de los \u00faltimos seis meses, tiempo en el que la empresa adjudicataria ha afrontado \u00abretos de ingenier\u00eda que finalizar\u00e1n con una instalaci\u00f3n de vanguardia que albergar\u00e1 este equipo de \u00faltima tecnolog\u00eda\u00bb.<\/p>\n\n\n\n<p>\u00abEl nuevo PET-TAC en Ja\u00e9n se suma a otros equipamientos con los que ya cuenta el Hospital de Ja\u00e9n, como la reciente puesta en marcha del TAC Espectral, la renovaci\u00f3n de dos gamma c\u00e1maras, las nuevas resonancias magn\u00e9ticas de 3 y 1,5 teslas, respectivamente, la nueva sala de hemodin\u00e1mica, el equipo de quimioterapia digital de alta tasa, o la cirug\u00eda rob\u00f3tica gracias a la puesta en marcha del equipo Da Vinci\u00bb, ha comentado la delegada.<\/p>\n\n\n\n<p>El PET-TAC es un equipo diagn\u00f3stico del que hasta ahora carec\u00eda la provincia de Ja\u00e9n. Esta tecnolog\u00eda, denominada tomograf\u00eda por emisi\u00f3n de positrones, realiza una exploraci\u00f3n no invasiva de diagn\u00f3stico por imagen capaz de medir la actividad metab\u00f3lica del cuerpo humano.<\/p>\n\n\n\n<h2 class=\"wp-block-heading\">AVANCE<\/h2>\n\n\n\n<p>Esta t\u00e9cnica de imagen supone un avance en la detecci\u00f3n precoz de tumores y posibilita que se planifique el tratamiento m\u00e1s adecuado desde sus inicios, aumentando as\u00ed las posibilidades de \u00e9xito.<\/p>\n\n\n\n<p>Este equipo permite realizar estudios, de los que un elevado porcentaje va dirigido a pacientes oncol\u00f3gicos. Adem\u00e1s, permite ver el grado de extensi\u00f3n del tumor y valorar la respuesta al tratamiento, comprobar si el paciente responde o no de forma precoz a un tratamiento, y, en caso negativo, bien suspenderlo o pasar a otra l\u00ednea sin necesidad de agotar todos los ciclos, o permite la localizaci\u00f3n de met\u00e1stasis o extensi\u00f3n tumoral con mayor precisi\u00f3n.<\/p>\n\n\n\n<p>Tambi\u00e9n se utiliza para el estudio de pacientes con enfermedades inflamatorias &#8211;como vasculitis&#8211;, infecciosas (por v\u00e1lvulas card\u00edacas o pr\u00f3tesis), o neurol\u00f3gicas, como el p\u00e1rkinson o las demencias donde permite excluir enfermedades como el alzh\u00e9imer en casos en los que la edad o cuadro cl\u00ednico del paciente no corresponda a los criterios establecidos.<\/p>\n","protected":false},"excerpt":{"rendered":"<p>El Hospital Universitario de Ja\u00e9n ha comenzado la instalaci\u00f3n del nuevo PET-TAC. El equipo ya se encuentra en este centro sanitario, donde se realizan los trabajos oportunos para situarlo en la planta semis\u00f3tano del Hospital Materno-Infantil. As\u00ed lo ha indicado este mi\u00e9rcoles la delegada territorial de Salud y Consumo, Elena Gonz\u00e1lez, quien ha asistido a &hellip;<\/p>\n<p class=\"read-more\"> <a class=\"\" href=\"https:\/\/torredonjimenoactualidad.com\/index.php\/2023\/08\/23\/el-hospital-universitario-de-jaen-comienza-la-instalacion-del-pet-tac\/\"> <span class=\"screen-reader-text\">El Hospital Universitario de Ja\u00e9n comienza la instalaci\u00f3n del PET-TAC<\/span> Leer m\u00e1s &raquo;<\/a><\/p>\n","protected":false},"author":2,"featured_media":950,"comment_status":"open","ping_status":"open","sticky":false,"template":"","format":"standard","meta":{"site-sidebar-layout":"default","site-content-layout":"default","ast-global-header-display":"","ast-main-header-display":"","ast-hfb-above-header-display":"","ast-hfb-below-header-display":"","ast-hfb-mobile-header-display":"","site-post-title":"","ast-breadcrumbs-content":"","ast-featured-img":"","footer-sml-layout":"","theme-transparent-header-meta":"","adv-header-id-meta":"","stick-header-meta":"","header-above-stick-meta":"","header-main-stick-meta":"","header-below-stick-meta":"","footnotes":""},"categories":[8],"tags":[],"class_list":["post-949","post","type-post","status-publish","format-standard","has-post-thumbnail","hentry","category-provincia"],"yoast_head":"<!-- This site is optimized with the Yoast SEO plugin v20.8 - https:\/\/yoast.com\/wordpress\/plugins\/seo\/ -->\n<title>El Hospital Universitario de Ja\u00e9n comienza la instalaci\u00f3n del PET-TAC - Torredonjimeno Actualidad<\/title>\n<meta name=\"robots\" content=\"index, follow, max-snippet:-1, max-image-preview:large, max-video-preview:-1\" \/>\n<link rel=\"canonical\" href=\"https:\/\/torredonjimenoactualidad.com\/index.php\/2023\/08\/23\/el-hospital-universitario-de-jaen-comienza-la-instalacion-del-pet-tac\/\" \/>\n<meta property=\"og:locale\" content=\"es_ES\" \/>\n<meta property=\"og:type\" content=\"article\" \/>\n<meta property=\"og:title\" content=\"El Hospital Universitario de Ja\u00e9n comienza la instalaci\u00f3n del PET-TAC - Torredonjimeno Actualidad\" \/>\n<meta property=\"og:description\" content=\"El Hospital Universitario de Ja\u00e9n ha comenzado la instalaci\u00f3n del nuevo PET-TAC. El equipo ya se encuentra en este centro sanitario, donde se realizan los trabajos oportunos para situarlo en la planta semis\u00f3tano del Hospital Materno-Infantil. As\u00ed lo ha indicado este mi\u00e9rcoles la delegada territorial de Salud y Consumo, Elena Gonz\u00e1lez, quien ha asistido a &hellip; El Hospital Universitario de Ja\u00e9n comienza la instalaci\u00f3n del PET-TAC Leer m\u00e1s &raquo;\" \/>\n<meta property=\"og:url\" content=\"https:\/\/torredonjimenoactualidad.com\/index.php\/2023\/08\/23\/el-hospital-universitario-de-jaen-comienza-la-instalacion-del-pet-tac\/\" \/>\n<meta property=\"og:site_name\" content=\"Torredonjimeno Actualidad\" \/>\n<meta property=\"article:published_time\" content=\"2023-08-23T14:32:19+00:00\" \/>\n<meta property=\"article:modified_time\" content=\"2023-08-23T14:32:20+00:00\" \/>\n<meta property=\"og:image\" content=\"https:\/\/torredonjimenoactualidad.com\/wp-content\/uploads\/2023\/08\/369912316_670111061817968_6978973253177864620_n.jpg\" \/>\n\t<meta property=\"og:image:width\" content=\"1288\" \/>\n\t<meta property=\"og:image:height\" content=\"736\" \/>\n\t<meta property=\"og:image:type\" content=\"image\/jpeg\" \/>\n<meta name=\"author\" content=\"Alba Mar\u00eda Torres\" \/>\n<meta name=\"twitter:card\" content=\"summary_large_image\" \/>\n<meta name=\"twitter:label1\" content=\"Escrito por\" \/>\n\t<meta name=\"twitter:data1\" content=\"Alba Mar\u00eda Torres\" \/>\n\t<meta name=\"twitter:label2\" content=\"Tiempo de lectura\" \/>\n\t<meta name=\"twitter:data2\" content=\"3 minutos\" \/>\n<script type=\"application\/ld+json\" class=\"yoast-schema-graph\">{\"@context\":\"https:\/\/schema.org\",\"@graph\":[{\"@type\":\"Article\",\"@id\":\"https:\/\/torredonjimenoactualidad.com\/index.php\/2023\/08\/23\/el-hospital-universitario-de-jaen-comienza-la-instalacion-del-pet-tac\/#article\",\"isPartOf\":{\"@id\":\"https:\/\/torredonjimenoactualidad.com\/index.php\/2023\/08\/23\/el-hospital-universitario-de-jaen-comienza-la-instalacion-del-pet-tac\/\"},\"author\":{\"name\":\"Alba Mar\u00eda Torres\",\"@id\":\"https:\/\/torredonjimenoactualidad.com\/#\/schema\/person\/84de5f233e783ef2c75151a532b54977\"},\"headline\":\"El Hospital Universitario de Ja\u00e9n comienza la instalaci\u00f3n del PET-TAC\",\"datePublished\":\"2023-08-23T14:32:19+00:00\",\"dateModified\":\"2023-08-23T14:32:20+00:00\",\"mainEntityOfPage\":{\"@id\":\"https:\/\/torredonjimenoactualidad.com\/index.php\/2023\/08\/23\/el-hospital-universitario-de-jaen-comienza-la-instalacion-del-pet-tac\/\"},\"wordCount\":588,\"commentCount\":0,\"publisher\":{\"@id\":\"https:\/\/torredonjimenoactualidad.com\/#organization\"},\"articleSection\":[\"provincia\"],\"inLanguage\":\"es\",\"potentialAction\":[{\"@type\":\"CommentAction\",\"name\":\"Comment\",\"target\":[\"https:\/\/torredonjimenoactualidad.com\/index.php\/2023\/08\/23\/el-hospital-universitario-de-jaen-comienza-la-instalacion-del-pet-tac\/#respond\"]}]},{\"@type\":\"WebPage\",\"@id\":\"https:\/\/torredonjimenoactualidad.com\/index.php\/2023\/08\/23\/el-hospital-universitario-de-jaen-comienza-la-instalacion-del-pet-tac\/\",\"url\":\"https:\/\/torredonjimenoactualidad.com\/index.php\/2023\/08\/23\/el-hospital-universitario-de-jaen-comienza-la-instalacion-del-pet-tac\/\",\"name\":\"El Hospital Universitario de Ja\u00e9n comienza la instalaci\u00f3n del PET-TAC - Torredonjimeno Actualidad\",\"isPartOf\":{\"@id\":\"https:\/\/torredonjimenoactualidad.com\/#website\"},\"datePublished\":\"2023-08-23T14:32:19+00:00\",\"dateModified\":\"2023-08-23T14:32:20+00:00\",\"breadcrumb\":{\"@id\":\"https:\/\/torredonjimenoactualidad.com\/index.php\/2023\/08\/23\/el-hospital-universitario-de-jaen-comienza-la-instalacion-del-pet-tac\/#breadcrumb\"},\"inLanguage\":\"es\",\"potentialAction\":[{\"@type\":\"ReadAction\",\"target\":[\"https:\/\/torredonjimenoactualidad.com\/index.php\/2023\/08\/23\/el-hospital-universitario-de-jaen-comienza-la-instalacion-del-pet-tac\/\"]}]},{\"@type\":\"BreadcrumbList\",\"@id\":\"https:\/\/torredonjimenoactualidad.com\/index.php\/2023\/08\/23\/el-hospital-universitario-de-jaen-comienza-la-instalacion-del-pet-tac\/#breadcrumb\",\"itemListElement\":[{\"@type\":\"ListItem\",\"position\":1,\"name\":\"Portada\",\"item\":\"https:\/\/torredonjimenoactualidad.com\/\"},{\"@type\":\"ListItem\",\"position\":2,\"name\":\"El Hospital Universitario de Ja\u00e9n comienza la instalaci\u00f3n del PET-TAC\"}]},{\"@type\":\"WebSite\",\"@id\":\"https:\/\/torredonjimenoactualidad.com\/#website\",\"url\":\"https:\/\/torredonjimenoactualidad.com\/\",\"name\":\"Torredonjimeno Actualidad\",\"description\":\"\",\"publisher\":{\"@id\":\"https:\/\/torredonjimenoactualidad.com\/#organization\"},\"potentialAction\":[{\"@type\":\"SearchAction\",\"target\":{\"@type\":\"EntryPoint\",\"urlTemplate\":\"https:\/\/torredonjimenoactualidad.com\/?s={search_term_string}\"},\"query-input\":\"required name=search_term_string\"}],\"inLanguage\":\"es\"},{\"@type\":\"Organization\",\"@id\":\"https:\/\/torredonjimenoactualidad.com\/#organization\",\"name\":\"Torredonjimeno Actualidad\",\"url\":\"https:\/\/torredonjimenoactualidad.com\/\",\"logo\":{\"@type\":\"ImageObject\",\"inLanguage\":\"es\",\"@id\":\"https:\/\/torredonjimenoactualidad.com\/#\/schema\/logo\/image\/\",\"url\":\"https:\/\/torredonjimenoactualidad.com\/wp-content\/uploads\/2023\/02\/logo-torredonjimeno-544x180-1.png\",\"contentUrl\":\"https:\/\/torredonjimenoactualidad.com\/wp-content\/uploads\/2023\/02\/logo-torredonjimeno-544x180-1.png\",\"width\":545,\"height\":112,\"caption\":\"Torredonjimeno Actualidad\"},\"image\":{\"@id\":\"https:\/\/torredonjimenoactualidad.com\/#\/schema\/logo\/image\/\"}},{\"@type\":\"Person\",\"@id\":\"https:\/\/torredonjimenoactualidad.com\/#\/schema\/person\/84de5f233e783ef2c75151a532b54977\",\"name\":\"Alba Mar\u00eda Torres\",\"image\":{\"@type\":\"ImageObject\",\"inLanguage\":\"es\",\"@id\":\"https:\/\/torredonjimenoactualidad.com\/#\/schema\/person\/image\/\",\"url\":\"https:\/\/secure.gravatar.com\/avatar\/f9371f188c71501b4475a9ba2a71595850ec72967f800a2ed8e3e2102859ed65?s=96&d=mm&r=g\",\"contentUrl\":\"https:\/\/secure.gravatar.com\/avatar\/f9371f188c71501b4475a9ba2a71595850ec72967f800a2ed8e3e2102859ed65?s=96&d=mm&r=g\",\"caption\":\"Alba Mar\u00eda Torres\"},\"url\":\"https:\/\/torredonjimenoactualidad.com\/index.php\/author\/alba-torres\/\"}]}<\/script>\n<!-- \/ Yoast SEO plugin. -->","yoast_head_json":{"title":"El Hospital Universitario de Ja\u00e9n comienza la instalaci\u00f3n del PET-TAC - Torredonjimeno Actualidad","robots":{"index":"index","follow":"follow","max-snippet":"max-snippet:-1","max-image-preview":"max-image-preview:large","max-video-preview":"max-video-preview:-1"},"canonical":"https:\/\/torredonjimenoactualidad.com\/index.php\/2023\/08\/23\/el-hospital-universitario-de-jaen-comienza-la-instalacion-del-pet-tac\/","og_locale":"es_ES","og_type":"article","og_title":"El Hospital Universitario de Ja\u00e9n comienza la instalaci\u00f3n del PET-TAC - Torredonjimeno Actualidad","og_description":"El Hospital Universitario de Ja\u00e9n ha comenzado la instalaci\u00f3n del nuevo PET-TAC. El equipo ya se encuentra en este centro sanitario, donde se realizan los trabajos oportunos para situarlo en la planta semis\u00f3tano del Hospital Materno-Infantil. As\u00ed lo ha indicado este mi\u00e9rcoles la delegada territorial de Salud y Consumo, Elena Gonz\u00e1lez, quien ha asistido a &hellip; El Hospital Universitario de Ja\u00e9n comienza la instalaci\u00f3n del PET-TAC Leer m\u00e1s &raquo;","og_url":"https:\/\/torredonjimenoactualidad.com\/index.php\/2023\/08\/23\/el-hospital-universitario-de-jaen-comienza-la-instalacion-del-pet-tac\/","og_site_name":"Torredonjimeno Actualidad","article_published_time":"2023-08-23T14:32:19+00:00","article_modified_time":"2023-08-23T14:32:20+00:00","og_image":[{"width":1288,"height":736,"url":"https:\/\/torredonjimenoactualidad.com\/wp-content\/uploads\/2023\/08\/369912316_670111061817968_6978973253177864620_n.jpg","type":"image\/jpeg"}],"author":"Alba Mar\u00eda Torres","twitter_card":"summary_large_image","twitter_misc":{"Escrito por":"Alba Mar\u00eda Torres","Tiempo de lectura":"3 minutos"},"schema":{"@context":"https:\/\/schema.org","@graph":[{"@type":"Article","@id":"https:\/\/torredonjimenoactualidad.com\/index.php\/2023\/08\/23\/el-hospital-universitario-de-jaen-comienza-la-instalacion-del-pet-tac\/#article","isPartOf":{"@id":"https:\/\/torredonjimenoactualidad.com\/index.php\/2023\/08\/23\/el-hospital-universitario-de-jaen-comienza-la-instalacion-del-pet-tac\/"},"author":{"name":"Alba Mar\u00eda Torres","@id":"https:\/\/torredonjimenoactualidad.com\/#\/schema\/person\/84de5f233e783ef2c75151a532b54977"},"headline":"El Hospital Universitario de Ja\u00e9n comienza la instalaci\u00f3n del PET-TAC","datePublished":"2023-08-23T14:32:19+00:00","dateModified":"2023-08-23T14:32:20+00:00","mainEntityOfPage":{"@id":"https:\/\/torredonjimenoactualidad.com\/index.php\/2023\/08\/23\/el-hospital-universitario-de-jaen-comienza-la-instalacion-del-pet-tac\/"},"wordCount":588,"commentCount":0,"publisher":{"@id":"https:\/\/torredonjimenoactualidad.com\/#organization"},"articleSection":["provincia"],"inLanguage":"es","potentialAction":[{"@type":"CommentAction","name":"Comment","target":["https:\/\/torredonjimenoactualidad.com\/index.php\/2023\/08\/23\/el-hospital-universitario-de-jaen-comienza-la-instalacion-del-pet-tac\/#respond"]}]},{"@type":"WebPage","@id":"https:\/\/torredonjimenoactualidad.com\/index.php\/2023\/08\/23\/el-hospital-universitario-de-jaen-comienza-la-instalacion-del-pet-tac\/","url":"https:\/\/torredonjimenoactualidad.com\/index.php\/2023\/08\/23\/el-hospital-universitario-de-jaen-comienza-la-instalacion-del-pet-tac\/","name":"El Hospital Universitario de Ja\u00e9n comienza la instalaci\u00f3n del PET-TAC - Torredonjimeno Actualidad","isPartOf":{"@id":"https:\/\/torredonjimenoactualidad.com\/#website"},"datePublished":"2023-08-23T14:32:19+00:00","dateModified":"2023-08-23T14:32:20+00:00","breadcrumb":{"@id":"https:\/\/torredonjimenoactualidad.com\/index.php\/2023\/08\/23\/el-hospital-universitario-de-jaen-comienza-la-instalacion-del-pet-tac\/#breadcrumb"},"inLanguage":"es","potentialAction":[{"@type":"ReadAction","target":["https:\/\/torredonjimenoactualidad.com\/index.php\/2023\/08\/23\/el-hospital-universitario-de-jaen-comienza-la-instalacion-del-pet-tac\/"]}]},{"@type":"BreadcrumbList","@id":"https:\/\/torredonjimenoactualidad.com\/index.php\/2023\/08\/23\/el-hospital-universitario-de-jaen-comienza-la-instalacion-del-pet-tac\/#breadcrumb","itemListElement":[{"@type":"ListItem","position":1,"name":"Portada","item":"https:\/\/torredonjimenoactualidad.com\/"},{"@type":"ListItem","position":2,"name":"El Hospital Universitario de Ja\u00e9n comienza la instalaci\u00f3n del PET-TAC"}]},{"@type":"WebSite","@id":"https:\/\/torredonjimenoactualidad.com\/#website","url":"https:\/\/torredonjimenoactualidad.com\/","name":"Torredonjimeno Actualidad","description":"","publisher":{"@id":"https:\/\/torredonjimenoactualidad.com\/#organization"},"potentialAction":[{"@type":"SearchAction","target":{"@type":"EntryPoint","urlTemplate":"https:\/\/torredonjimenoactualidad.com\/?s={search_term_string}"},"query-input":"required name=search_term_string"}],"inLanguage":"es"},{"@type":"Organization","@id":"https:\/\/torredonjimenoactualidad.com\/#organization","name":"Torredonjimeno Actualidad","url":"https:\/\/torredonjimenoactualidad.com\/","logo":{"@type":"ImageObject","inLanguage":"es","@id":"https:\/\/torredonjimenoactualidad.com\/#\/schema\/logo\/image\/","url":"https:\/\/torredonjimenoactualidad.com\/wp-content\/uploads\/2023\/02\/logo-torredonjimeno-544x180-1.png","contentUrl":"https:\/\/torredonjimenoactualidad.com\/wp-content\/uploads\/2023\/02\/logo-torredonjimeno-544x180-1.png","width":545,"height":112,"caption":"Torredonjimeno Actualidad"},"image":{"@id":"https:\/\/torredonjimenoactualidad.com\/#\/schema\/logo\/image\/"}},{"@type":"Person","@id":"https:\/\/torredonjimenoactualidad.com\/#\/schema\/person\/84de5f233e783ef2c75151a532b54977","name":"Alba Mar\u00eda Torres","image":{"@type":"ImageObject","inLanguage":"es","@id":"https:\/\/torredonjimenoactualidad.com\/#\/schema\/person\/image\/","url":"https:\/\/secure.gravatar.com\/avatar\/f9371f188c71501b4475a9ba2a71595850ec72967f800a2ed8e3e2102859ed65?s=96&d=mm&r=g","contentUrl":"https:\/\/secure.gravatar.com\/avatar\/f9371f188c71501b4475a9ba2a71595850ec72967f800a2ed8e3e2102859ed65?s=96&d=mm&r=g","caption":"Alba Mar\u00eda Torres"},"url":"https:\/\/torredonjimenoactualidad.com\/index.php\/author\/alba-torres\/"}]}},"_links":{"self":[{"href":"https:\/\/torredonjimenoactualidad.com\/index.php\/wp-json\/wp\/v2\/posts\/949","targetHints":{"allow":["GET"]}}],"collection":[{"href":"https:\/\/torredonjimenoactualidad.com\/index.php\/wp-json\/wp\/v2\/posts"}],"about":[{"href":"https:\/\/torredonjimenoactualidad.com\/index.php\/wp-json\/wp\/v2\/types\/post"}],"author":[{"embeddable":true,"href":"https:\/\/torredonjimenoactualidad.com\/index.php\/wp-json\/wp\/v2\/users\/2"}],"replies":[{"embeddable":true,"href":"https:\/\/torredonjimenoactualidad.com\/index.php\/wp-json\/wp\/v2\/comments?post=949"}],"version-history":[{"count":1,"href":"https:\/\/torredonjimenoactualidad.com\/index.php\/wp-json\/wp\/v2\/posts\/949\/revisions"}],"predecessor-version":[{"id":951,"href":"https:\/\/torredonjimenoactualidad.com\/index.php\/wp-json\/wp\/v2\/posts\/949\/revisions\/951"}],"wp:featuredmedia":[{"embeddable":true,"href":"https:\/\/torredonjimenoactualidad.com\/index.php\/wp-json\/wp\/v2\/media\/950"}],"wp:attachment":[{"href":"https:\/\/torredonjimenoactualidad.com\/index.php\/wp-json\/wp\/v2\/media?parent=949"}],"wp:term":[{"taxonomy":"category","embeddable":true,"href":"https:\/\/torredonjimenoactualidad.com\/index.php\/wp-json\/wp\/v2\/categories?post=949"},{"taxonomy":"post_tag","embeddable":true,"href":"https:\/\/torredonjimenoactualidad.com\/index.php\/wp-json\/wp\/v2\/tags?post=949"}],"curies":[{"name":"wp","href":"https:\/\/api.w.org\/{rel}","templated":true}]}}