{"id":941,"date":"2023-08-17T16:20:46","date_gmt":"2023-08-17T16:20:46","guid":{"rendered":"https:\/\/torredonjimenoactualidad.com\/?p=941"},"modified":"2023-08-17T16:20:47","modified_gmt":"2023-08-17T16:20:47","slug":"el-hospital-de-jaen-consolida-la-especializacion-en-el-codigo-infarto-con-la-segunda-sala-de-hemodinamica","status":"publish","type":"post","link":"https:\/\/torredonjimenoactualidad.com\/index.php\/2023\/08\/17\/el-hospital-de-jaen-consolida-la-especializacion-en-el-codigo-infarto-con-la-segunda-sala-de-hemodinamica\/","title":{"rendered":"El Hospital de Ja\u00e9n consolida la especializaci\u00f3n en el &#8216;C\u00f3digo Infarto&#8217; con la segunda sala de hemodin\u00e1mica"},"content":{"rendered":"\n<p>El Hospital Universitario de Ja\u00e9n ha consolidado la especializaci\u00f3n en el desarrollo pleno del &#8216;C\u00f3digo Infarto&#8217; en la provincia para pacientes con infarto agudo de miocardio gracias a la segunda sala de hemodin\u00e1mica.<\/p>\n\n\n\n<p>As\u00ed lo ha destacado la consejera de Salud y Consumo, Catalina Garc\u00eda, durante una visita a las citadas dependencias, que iniciaron su actividad en mayo y que se suman a la sala puesta en marcha en 2021, seg\u00fan ha informado este jueves el Gobierno andaluz.<\/p>\n\n\n\n<p>Acompa\u00f1ada por la delegada territorial, Elena Gonz\u00e1lez; el director gerente del Hospital jiennense, Francisco Javier Vadillo, y el jefe de Servicio de Cardiolog\u00eda, Juan Carlos Fern\u00e1ndez, ha explicado que la nueva sala cuenta con la \u00faltima tecnolog\u00eda digital. Ha supuesto una inversi\u00f3n de m\u00e1s de 1,2 millones de euros entre la obra (388.000 euros) y la adquisici\u00f3n del equipo t\u00e9cnico (817.000 euros).<\/p>\n\n\n\n<p>El programa &#8216;C\u00f3digo Infarto&#8217; permite tratar a los pacientes con infarto de miocardio mediante un cateterismo card\u00edaco urgente en las primeras horas de su inicio con objeto de realizar una revascularizaci\u00f3n de la arteria responsable del infarto, lo que se denomina angioplastia primaria. Con este procedimiento las complicaciones posteriores se reducen considerablemente y la evoluci\u00f3n cl\u00ednica es m\u00e1s favorable.<\/p>\n\n\n\n<p>\u00abEl trabajo que se realiza en las dos salas permite que los pacientes diagnosticados de estenosis a\u00f3rtica severa puedan ser atendidos y tratados en el renovado Servicio de Hemodin\u00e1mica, desplegando as\u00ed en la provincia una t\u00e9cnica novedosa como es el implante percut\u00e1neo de v\u00e1lvula a\u00f3rtica\u00bb, ha afirmado Garc\u00eda.<\/p>\n\n\n\n<p>De hecho, seg\u00fan ha a\u00f1adido la titular de Salud y Consumo, este procedimiento permite que determinados pacientes con esta patolog\u00eda sean tratados sin necesidad de someterse a una cirug\u00eda abierta.<\/p>\n\n\n\n<p>\u00abEste tipo de intervenci\u00f3n tiene un claro beneficio en la mejora calidad de vida del paciente con estenosis a\u00f3rtica, una enfermedad de alto riesgo y muy prevalente en la poblaci\u00f3n anciana\u00bb, ha manifestado.<\/p>\n\n\n\n<p>Junto a ello, ha hecho hincapi\u00e9 en \u00abel proceso de humanizaci\u00f3n de espacios\u00bb. En este caso, ha implicado que la renovaci\u00f3n de las instalaciones haya sido dise\u00f1ada para ofrecer una mayor comodidad e intimidad a los pacientes y sus acompa\u00f1antes, \u00abcreando entornos m\u00e1s amables y puntos de atenci\u00f3n personalizada, lo que sin duda contribuir\u00e1 a mejorar su experiencia a lo largo del proceso asistencial\u00bb.<\/p>\n\n\n\n<p>Por otro lado, la consejera ha puesto como \u00abejemplo del buen trabajo\u00bb que est\u00e1 llevando el equipo de la Unidad de Hemodin\u00e1mica del Servicio de Cardiolog\u00eda del Hospital de Ja\u00e9n el primer premio logrado en el 34\u00ba Congreso Nacional de la Asociaci\u00f3n de Cardiolog\u00eda Intervencionista de la Sociedad Espa\u00f1ola de Cardiolog\u00eda, celebrado en junio en Santander.<\/p>\n\n\n\n<p>Este galard\u00f3n se ha otorgado al mejor caso de tratamiento percut\u00e1neo de una oclusi\u00f3n cr\u00f3nica de una arteria coronaria y ha reca\u00eddo en el equipo liderado por el cardi\u00f3logo intervencionista del Hospital de Ja\u00e9n Juan \u00c1ngel Herrador.<\/p>\n","protected":false},"excerpt":{"rendered":"<p>El Hospital Universitario de Ja\u00e9n ha consolidado la especializaci\u00f3n en el desarrollo pleno del &#8216;C\u00f3digo Infarto&#8217; en la provincia para pacientes con infarto agudo de miocardio gracias a la segunda sala de hemodin\u00e1mica. As\u00ed lo ha destacado la consejera de Salud y Consumo, Catalina Garc\u00eda, durante una visita a las citadas dependencias, que iniciaron su &hellip;<\/p>\n<p class=\"read-more\"> <a class=\"\" href=\"https:\/\/torredonjimenoactualidad.com\/index.php\/2023\/08\/17\/el-hospital-de-jaen-consolida-la-especializacion-en-el-codigo-infarto-con-la-segunda-sala-de-hemodinamica\/\"> <span class=\"screen-reader-text\">El Hospital de Ja\u00e9n consolida la especializaci\u00f3n en el &#8216;C\u00f3digo Infarto&#8217; con la segunda sala de hemodin\u00e1mica<\/span> Leer m\u00e1s &raquo;<\/a><\/p>\n","protected":false},"author":2,"featured_media":942,"comment_status":"closed","ping_status":"open","sticky":false,"template":"","format":"standard","meta":{"site-sidebar-layout":"default","site-content-layout":"default","ast-global-header-display":"","ast-main-header-display":"","ast-hfb-above-header-display":"","ast-hfb-below-header-display":"","ast-hfb-mobile-header-display":"","site-post-title":"","ast-breadcrumbs-content":"","ast-featured-img":"","footer-sml-layout":"","theme-transparent-header-meta":"","adv-header-id-meta":"","stick-header-meta":"","header-above-stick-meta":"","header-main-stick-meta":"","header-below-stick-meta":"","footnotes":""},"categories":[8],"tags":[],"class_list":["post-941","post","type-post","status-publish","format-standard","has-post-thumbnail","hentry","category-provincia"],"yoast_head":"<!-- This site is optimized with the Yoast SEO plugin v20.8 - https:\/\/yoast.com\/wordpress\/plugins\/seo\/ -->\n<title>El Hospital de Ja\u00e9n consolida la especializaci\u00f3n en el &#039;C\u00f3digo Infarto&#039; con la segunda sala de hemodin\u00e1mica - Torredonjimeno Actualidad<\/title>\n<meta name=\"robots\" content=\"index, follow, max-snippet:-1, max-image-preview:large, max-video-preview:-1\" \/>\n<link rel=\"canonical\" href=\"https:\/\/torredonjimenoactualidad.com\/index.php\/2023\/08\/17\/el-hospital-de-jaen-consolida-la-especializacion-en-el-codigo-infarto-con-la-segunda-sala-de-hemodinamica\/\" \/>\n<meta property=\"og:locale\" content=\"es_ES\" \/>\n<meta property=\"og:type\" content=\"article\" \/>\n<meta property=\"og:title\" content=\"El Hospital de Ja\u00e9n consolida la especializaci\u00f3n en el &#039;C\u00f3digo Infarto&#039; con la segunda sala de hemodin\u00e1mica - Torredonjimeno Actualidad\" \/>\n<meta property=\"og:description\" content=\"El Hospital Universitario de Ja\u00e9n ha consolidado la especializaci\u00f3n en el desarrollo pleno del &#8216;C\u00f3digo Infarto&#8217; en la provincia para pacientes con infarto agudo de miocardio gracias a la segunda sala de hemodin\u00e1mica. As\u00ed lo ha destacado la consejera de Salud y Consumo, Catalina Garc\u00eda, durante una visita a las citadas dependencias, que iniciaron su &hellip; El Hospital de Ja\u00e9n consolida la especializaci\u00f3n en el &#8216;C\u00f3digo Infarto&#8217; con la segunda sala de hemodin\u00e1mica Leer m\u00e1s &raquo;\" \/>\n<meta property=\"og:url\" content=\"https:\/\/torredonjimenoactualidad.com\/index.php\/2023\/08\/17\/el-hospital-de-jaen-consolida-la-especializacion-en-el-codigo-infarto-con-la-segunda-sala-de-hemodinamica\/\" \/>\n<meta property=\"og:site_name\" content=\"Torredonjimeno Actualidad\" \/>\n<meta property=\"article:published_time\" content=\"2023-08-17T16:20:46+00:00\" \/>\n<meta property=\"article:modified_time\" content=\"2023-08-17T16:20:47+00:00\" \/>\n<meta property=\"og:image\" content=\"https:\/\/torredonjimenoactualidad.com\/wp-content\/uploads\/2023\/08\/fotonoticia_20230817143511_1920.jpg\" \/>\n\t<meta property=\"og:image:width\" content=\"1786\" \/>\n\t<meta property=\"og:image:height\" content=\"1021\" \/>\n\t<meta property=\"og:image:type\" content=\"image\/jpeg\" \/>\n<meta name=\"author\" content=\"Alba Mar\u00eda Torres\" \/>\n<meta name=\"twitter:card\" content=\"summary_large_image\" \/>\n<meta name=\"twitter:label1\" content=\"Escrito por\" \/>\n\t<meta name=\"twitter:data1\" content=\"Alba Mar\u00eda Torres\" \/>\n\t<meta name=\"twitter:label2\" content=\"Tiempo de lectura\" \/>\n\t<meta name=\"twitter:data2\" content=\"3 minutos\" \/>\n<script type=\"application\/ld+json\" class=\"yoast-schema-graph\">{\"@context\":\"https:\/\/schema.org\",\"@graph\":[{\"@type\":\"Article\",\"@id\":\"https:\/\/torredonjimenoactualidad.com\/index.php\/2023\/08\/17\/el-hospital-de-jaen-consolida-la-especializacion-en-el-codigo-infarto-con-la-segunda-sala-de-hemodinamica\/#article\",\"isPartOf\":{\"@id\":\"https:\/\/torredonjimenoactualidad.com\/index.php\/2023\/08\/17\/el-hospital-de-jaen-consolida-la-especializacion-en-el-codigo-infarto-con-la-segunda-sala-de-hemodinamica\/\"},\"author\":{\"name\":\"Alba Mar\u00eda Torres\",\"@id\":\"https:\/\/torredonjimenoactualidad.com\/#\/schema\/person\/84de5f233e783ef2c75151a532b54977\"},\"headline\":\"El Hospital de Ja\u00e9n consolida la especializaci\u00f3n en el &#8216;C\u00f3digo Infarto&#8217; con la segunda sala de hemodin\u00e1mica\",\"datePublished\":\"2023-08-17T16:20:46+00:00\",\"dateModified\":\"2023-08-17T16:20:47+00:00\",\"mainEntityOfPage\":{\"@id\":\"https:\/\/torredonjimenoactualidad.com\/index.php\/2023\/08\/17\/el-hospital-de-jaen-consolida-la-especializacion-en-el-codigo-infarto-con-la-segunda-sala-de-hemodinamica\/\"},\"wordCount\":538,\"publisher\":{\"@id\":\"https:\/\/torredonjimenoactualidad.com\/#organization\"},\"articleSection\":[\"provincia\"],\"inLanguage\":\"es\"},{\"@type\":\"WebPage\",\"@id\":\"https:\/\/torredonjimenoactualidad.com\/index.php\/2023\/08\/17\/el-hospital-de-jaen-consolida-la-especializacion-en-el-codigo-infarto-con-la-segunda-sala-de-hemodinamica\/\",\"url\":\"https:\/\/torredonjimenoactualidad.com\/index.php\/2023\/08\/17\/el-hospital-de-jaen-consolida-la-especializacion-en-el-codigo-infarto-con-la-segunda-sala-de-hemodinamica\/\",\"name\":\"El Hospital de Ja\u00e9n consolida la especializaci\u00f3n en el 'C\u00f3digo Infarto' con la segunda sala de hemodin\u00e1mica - Torredonjimeno Actualidad\",\"isPartOf\":{\"@id\":\"https:\/\/torredonjimenoactualidad.com\/#website\"},\"datePublished\":\"2023-08-17T16:20:46+00:00\",\"dateModified\":\"2023-08-17T16:20:47+00:00\",\"breadcrumb\":{\"@id\":\"https:\/\/torredonjimenoactualidad.com\/index.php\/2023\/08\/17\/el-hospital-de-jaen-consolida-la-especializacion-en-el-codigo-infarto-con-la-segunda-sala-de-hemodinamica\/#breadcrumb\"},\"inLanguage\":\"es\",\"potentialAction\":[{\"@type\":\"ReadAction\",\"target\":[\"https:\/\/torredonjimenoactualidad.com\/index.php\/2023\/08\/17\/el-hospital-de-jaen-consolida-la-especializacion-en-el-codigo-infarto-con-la-segunda-sala-de-hemodinamica\/\"]}]},{\"@type\":\"BreadcrumbList\",\"@id\":\"https:\/\/torredonjimenoactualidad.com\/index.php\/2023\/08\/17\/el-hospital-de-jaen-consolida-la-especializacion-en-el-codigo-infarto-con-la-segunda-sala-de-hemodinamica\/#breadcrumb\",\"itemListElement\":[{\"@type\":\"ListItem\",\"position\":1,\"name\":\"Portada\",\"item\":\"https:\/\/torredonjimenoactualidad.com\/\"},{\"@type\":\"ListItem\",\"position\":2,\"name\":\"El Hospital de Ja\u00e9n consolida la especializaci\u00f3n en el &#8216;C\u00f3digo Infarto&#8217; con la segunda sala de hemodin\u00e1mica\"}]},{\"@type\":\"WebSite\",\"@id\":\"https:\/\/torredonjimenoactualidad.com\/#website\",\"url\":\"https:\/\/torredonjimenoactualidad.com\/\",\"name\":\"Torredonjimeno Actualidad\",\"description\":\"\",\"publisher\":{\"@id\":\"https:\/\/torredonjimenoactualidad.com\/#organization\"},\"potentialAction\":[{\"@type\":\"SearchAction\",\"target\":{\"@type\":\"EntryPoint\",\"urlTemplate\":\"https:\/\/torredonjimenoactualidad.com\/?s={search_term_string}\"},\"query-input\":\"required name=search_term_string\"}],\"inLanguage\":\"es\"},{\"@type\":\"Organization\",\"@id\":\"https:\/\/torredonjimenoactualidad.com\/#organization\",\"name\":\"Torredonjimeno Actualidad\",\"url\":\"https:\/\/torredonjimenoactualidad.com\/\",\"logo\":{\"@type\":\"ImageObject\",\"inLanguage\":\"es\",\"@id\":\"https:\/\/torredonjimenoactualidad.com\/#\/schema\/logo\/image\/\",\"url\":\"https:\/\/torredonjimenoactualidad.com\/wp-content\/uploads\/2023\/02\/logo-torredonjimeno-544x180-1.png\",\"contentUrl\":\"https:\/\/torredonjimenoactualidad.com\/wp-content\/uploads\/2023\/02\/logo-torredonjimeno-544x180-1.png\",\"width\":545,\"height\":112,\"caption\":\"Torredonjimeno Actualidad\"},\"image\":{\"@id\":\"https:\/\/torredonjimenoactualidad.com\/#\/schema\/logo\/image\/\"}},{\"@type\":\"Person\",\"@id\":\"https:\/\/torredonjimenoactualidad.com\/#\/schema\/person\/84de5f233e783ef2c75151a532b54977\",\"name\":\"Alba Mar\u00eda Torres\",\"image\":{\"@type\":\"ImageObject\",\"inLanguage\":\"es\",\"@id\":\"https:\/\/torredonjimenoactualidad.com\/#\/schema\/person\/image\/\",\"url\":\"https:\/\/secure.gravatar.com\/avatar\/f9371f188c71501b4475a9ba2a71595850ec72967f800a2ed8e3e2102859ed65?s=96&d=mm&r=g\",\"contentUrl\":\"https:\/\/secure.gravatar.com\/avatar\/f9371f188c71501b4475a9ba2a71595850ec72967f800a2ed8e3e2102859ed65?s=96&d=mm&r=g\",\"caption\":\"Alba Mar\u00eda Torres\"},\"url\":\"https:\/\/torredonjimenoactualidad.com\/index.php\/author\/alba-torres\/\"}]}<\/script>\n<!-- \/ Yoast SEO plugin. -->","yoast_head_json":{"title":"El Hospital de Ja\u00e9n consolida la especializaci\u00f3n en el 'C\u00f3digo Infarto' con la segunda sala de hemodin\u00e1mica - Torredonjimeno Actualidad","robots":{"index":"index","follow":"follow","max-snippet":"max-snippet:-1","max-image-preview":"max-image-preview:large","max-video-preview":"max-video-preview:-1"},"canonical":"https:\/\/torredonjimenoactualidad.com\/index.php\/2023\/08\/17\/el-hospital-de-jaen-consolida-la-especializacion-en-el-codigo-infarto-con-la-segunda-sala-de-hemodinamica\/","og_locale":"es_ES","og_type":"article","og_title":"El Hospital de Ja\u00e9n consolida la especializaci\u00f3n en el 'C\u00f3digo Infarto' con la segunda sala de hemodin\u00e1mica - Torredonjimeno Actualidad","og_description":"El Hospital Universitario de Ja\u00e9n ha consolidado la especializaci\u00f3n en el desarrollo pleno del &#8216;C\u00f3digo Infarto&#8217; en la provincia para pacientes con infarto agudo de miocardio gracias a la segunda sala de hemodin\u00e1mica. As\u00ed lo ha destacado la consejera de Salud y Consumo, Catalina Garc\u00eda, durante una visita a las citadas dependencias, que iniciaron su &hellip; El Hospital de Ja\u00e9n consolida la especializaci\u00f3n en el &#8216;C\u00f3digo Infarto&#8217; con la segunda sala de hemodin\u00e1mica Leer m\u00e1s &raquo;","og_url":"https:\/\/torredonjimenoactualidad.com\/index.php\/2023\/08\/17\/el-hospital-de-jaen-consolida-la-especializacion-en-el-codigo-infarto-con-la-segunda-sala-de-hemodinamica\/","og_site_name":"Torredonjimeno Actualidad","article_published_time":"2023-08-17T16:20:46+00:00","article_modified_time":"2023-08-17T16:20:47+00:00","og_image":[{"width":1786,"height":1021,"url":"https:\/\/torredonjimenoactualidad.com\/wp-content\/uploads\/2023\/08\/fotonoticia_20230817143511_1920.jpg","type":"image\/jpeg"}],"author":"Alba Mar\u00eda Torres","twitter_card":"summary_large_image","twitter_misc":{"Escrito por":"Alba Mar\u00eda Torres","Tiempo de lectura":"3 minutos"},"schema":{"@context":"https:\/\/schema.org","@graph":[{"@type":"Article","@id":"https:\/\/torredonjimenoactualidad.com\/index.php\/2023\/08\/17\/el-hospital-de-jaen-consolida-la-especializacion-en-el-codigo-infarto-con-la-segunda-sala-de-hemodinamica\/#article","isPartOf":{"@id":"https:\/\/torredonjimenoactualidad.com\/index.php\/2023\/08\/17\/el-hospital-de-jaen-consolida-la-especializacion-en-el-codigo-infarto-con-la-segunda-sala-de-hemodinamica\/"},"author":{"name":"Alba Mar\u00eda Torres","@id":"https:\/\/torredonjimenoactualidad.com\/#\/schema\/person\/84de5f233e783ef2c75151a532b54977"},"headline":"El Hospital de Ja\u00e9n consolida la especializaci\u00f3n en el &#8216;C\u00f3digo Infarto&#8217; con la segunda sala de hemodin\u00e1mica","datePublished":"2023-08-17T16:20:46+00:00","dateModified":"2023-08-17T16:20:47+00:00","mainEntityOfPage":{"@id":"https:\/\/torredonjimenoactualidad.com\/index.php\/2023\/08\/17\/el-hospital-de-jaen-consolida-la-especializacion-en-el-codigo-infarto-con-la-segunda-sala-de-hemodinamica\/"},"wordCount":538,"publisher":{"@id":"https:\/\/torredonjimenoactualidad.com\/#organization"},"articleSection":["provincia"],"inLanguage":"es"},{"@type":"WebPage","@id":"https:\/\/torredonjimenoactualidad.com\/index.php\/2023\/08\/17\/el-hospital-de-jaen-consolida-la-especializacion-en-el-codigo-infarto-con-la-segunda-sala-de-hemodinamica\/","url":"https:\/\/torredonjimenoactualidad.com\/index.php\/2023\/08\/17\/el-hospital-de-jaen-consolida-la-especializacion-en-el-codigo-infarto-con-la-segunda-sala-de-hemodinamica\/","name":"El Hospital de Ja\u00e9n consolida la especializaci\u00f3n en el 'C\u00f3digo Infarto' con la segunda sala de hemodin\u00e1mica - Torredonjimeno Actualidad","isPartOf":{"@id":"https:\/\/torredonjimenoactualidad.com\/#website"},"datePublished":"2023-08-17T16:20:46+00:00","dateModified":"2023-08-17T16:20:47+00:00","breadcrumb":{"@id":"https:\/\/torredonjimenoactualidad.com\/index.php\/2023\/08\/17\/el-hospital-de-jaen-consolida-la-especializacion-en-el-codigo-infarto-con-la-segunda-sala-de-hemodinamica\/#breadcrumb"},"inLanguage":"es","potentialAction":[{"@type":"ReadAction","target":["https:\/\/torredonjimenoactualidad.com\/index.php\/2023\/08\/17\/el-hospital-de-jaen-consolida-la-especializacion-en-el-codigo-infarto-con-la-segunda-sala-de-hemodinamica\/"]}]},{"@type":"BreadcrumbList","@id":"https:\/\/torredonjimenoactualidad.com\/index.php\/2023\/08\/17\/el-hospital-de-jaen-consolida-la-especializacion-en-el-codigo-infarto-con-la-segunda-sala-de-hemodinamica\/#breadcrumb","itemListElement":[{"@type":"ListItem","position":1,"name":"Portada","item":"https:\/\/torredonjimenoactualidad.com\/"},{"@type":"ListItem","position":2,"name":"El Hospital de Ja\u00e9n consolida la especializaci\u00f3n en el &#8216;C\u00f3digo Infarto&#8217; con la segunda sala de hemodin\u00e1mica"}]},{"@type":"WebSite","@id":"https:\/\/torredonjimenoactualidad.com\/#website","url":"https:\/\/torredonjimenoactualidad.com\/","name":"Torredonjimeno Actualidad","description":"","publisher":{"@id":"https:\/\/torredonjimenoactualidad.com\/#organization"},"potentialAction":[{"@type":"SearchAction","target":{"@type":"EntryPoint","urlTemplate":"https:\/\/torredonjimenoactualidad.com\/?s={search_term_string}"},"query-input":"required name=search_term_string"}],"inLanguage":"es"},{"@type":"Organization","@id":"https:\/\/torredonjimenoactualidad.com\/#organization","name":"Torredonjimeno Actualidad","url":"https:\/\/torredonjimenoactualidad.com\/","logo":{"@type":"ImageObject","inLanguage":"es","@id":"https:\/\/torredonjimenoactualidad.com\/#\/schema\/logo\/image\/","url":"https:\/\/torredonjimenoactualidad.com\/wp-content\/uploads\/2023\/02\/logo-torredonjimeno-544x180-1.png","contentUrl":"https:\/\/torredonjimenoactualidad.com\/wp-content\/uploads\/2023\/02\/logo-torredonjimeno-544x180-1.png","width":545,"height":112,"caption":"Torredonjimeno Actualidad"},"image":{"@id":"https:\/\/torredonjimenoactualidad.com\/#\/schema\/logo\/image\/"}},{"@type":"Person","@id":"https:\/\/torredonjimenoactualidad.com\/#\/schema\/person\/84de5f233e783ef2c75151a532b54977","name":"Alba Mar\u00eda Torres","image":{"@type":"ImageObject","inLanguage":"es","@id":"https:\/\/torredonjimenoactualidad.com\/#\/schema\/person\/image\/","url":"https:\/\/secure.gravatar.com\/avatar\/f9371f188c71501b4475a9ba2a71595850ec72967f800a2ed8e3e2102859ed65?s=96&d=mm&r=g","contentUrl":"https:\/\/secure.gravatar.com\/avatar\/f9371f188c71501b4475a9ba2a71595850ec72967f800a2ed8e3e2102859ed65?s=96&d=mm&r=g","caption":"Alba Mar\u00eda Torres"},"url":"https:\/\/torredonjimenoactualidad.com\/index.php\/author\/alba-torres\/"}]}},"_links":{"self":[{"href":"https:\/\/torredonjimenoactualidad.com\/index.php\/wp-json\/wp\/v2\/posts\/941","targetHints":{"allow":["GET"]}}],"collection":[{"href":"https:\/\/torredonjimenoactualidad.com\/index.php\/wp-json\/wp\/v2\/posts"}],"about":[{"href":"https:\/\/torredonjimenoactualidad.com\/index.php\/wp-json\/wp\/v2\/types\/post"}],"author":[{"embeddable":true,"href":"https:\/\/torredonjimenoactualidad.com\/index.php\/wp-json\/wp\/v2\/users\/2"}],"replies":[{"embeddable":true,"href":"https:\/\/torredonjimenoactualidad.com\/index.php\/wp-json\/wp\/v2\/comments?post=941"}],"version-history":[{"count":1,"href":"https:\/\/torredonjimenoactualidad.com\/index.php\/wp-json\/wp\/v2\/posts\/941\/revisions"}],"predecessor-version":[{"id":943,"href":"https:\/\/torredonjimenoactualidad.com\/index.php\/wp-json\/wp\/v2\/posts\/941\/revisions\/943"}],"wp:featuredmedia":[{"embeddable":true,"href":"https:\/\/torredonjimenoactualidad.com\/index.php\/wp-json\/wp\/v2\/media\/942"}],"wp:attachment":[{"href":"https:\/\/torredonjimenoactualidad.com\/index.php\/wp-json\/wp\/v2\/media?parent=941"}],"wp:term":[{"taxonomy":"category","embeddable":true,"href":"https:\/\/torredonjimenoactualidad.com\/index.php\/wp-json\/wp\/v2\/categories?post=941"},{"taxonomy":"post_tag","embeddable":true,"href":"https:\/\/torredonjimenoactualidad.com\/index.php\/wp-json\/wp\/v2\/tags?post=941"}],"curies":[{"name":"wp","href":"https:\/\/api.w.org\/{rel}","templated":true}]}}