{"id":938,"date":"2023-08-16T14:55:44","date_gmt":"2023-08-16T14:55:44","guid":{"rendered":"https:\/\/torredonjimenoactualidad.com\/?p=938"},"modified":"2023-08-16T14:55:46","modified_gmt":"2023-08-16T14:55:46","slug":"el-pp-de-jaen-pone-en-valor-el-esfuerzo-inversor-de-la-junta-en-infraestructuras-hidraulicas-para-combatir-la-escasez-de-agua","status":"publish","type":"post","link":"https:\/\/torredonjimenoactualidad.com\/index.php\/2023\/08\/16\/el-pp-de-jaen-pone-en-valor-el-esfuerzo-inversor-de-la-junta-en-infraestructuras-hidraulicas-para-combatir-la-escasez-de-agua\/","title":{"rendered":"El PP de Ja\u00e9n pone en valor el esfuerzo inversor de la Junta en infraestructuras hidr\u00e1ulicas para combatir la escasez de agua"},"content":{"rendered":"\n<p>El Partido Popular de Ja\u00e9n ha destacado la apuesta inversora de la Junta de Andaluc\u00eda en materia de infraestructuras hidr\u00e1ulicas para hacer frente a la escasez de agua en nuestra tierra. \u201cDesde 2019 y hasta agosto de este a\u00f1o, hasta hoy, el Gobierno de Juanma Moreno ha invertido cerca de 180 millones de euros en la provincia en diferentes intervenciones\u201d, ha se\u00f1alado la diputada auton\u00f3mica del PP de Ja\u00e9n, Maribel Lozano, algo que, a su juicio, \u201cdemuestra la implicaci\u00f3n que tiene el Gobierno andaluz con facilitar recursos que permitan afrontar el problema del agua\u201d, pues estas actuaciones mejoran el abastecimiento y el riego.<\/p>\n\n\n\n<p>La apuesta del Gobierno de Juanma Moreno en este asunto \u201cno tiene precedentes, jam\u00e1s un Gobierno andaluz se hab\u00eda concienciado tanto y puesto tantos recursos encima de la mesa para atajar un problema tan grave en nuestra tierra y que no ha surgido hace dos d\u00edas si no que son ya muchos a\u00f1os los que Andaluc\u00eda lleva advirtiendo que puede secarse si no contribuimos a evitarlo\u201d, ha afirmado la diputada regional.<\/p>\n\n\n\n<p>Por ello, dos de los pilares de la pol\u00edtica del agua del Gobierno de la Junta son la depuraci\u00f3n y la reutilizaci\u00f3n de aguas regeneradas. Ejemplo de ello son las obras que se est\u00e1n acometiendo en la comarca de Cazorla, concretamente la agrupaci\u00f3n de vertidos y de la estaci\u00f3n depuradora de aguas residuales de Burunchel, que supone una inversi\u00f3n de 3,44 millones de euros y que va a dar servicio a una poblaci\u00f3n superior al medio millar de habitantes. Asimismo, se encuentra en informaci\u00f3n p\u00fablica el proyecto de agrupaci\u00f3n de vertidos y de la EDAR (Estaci\u00f3n Depuradora de Aguas Residuales) de Arroyo Fr\u00edo, con un presupuesto base de licitaci\u00f3n de 7,5 millones de euros y que afecta a una poblaci\u00f3n de 255 vecinos. Y se est\u00e1 elaborando proyecto similar para El Palomar, con un importe de algo m\u00e1s de 75.000 euros y una poblaci\u00f3n de referencia de 222 personas, entre el n\u00facleo urbano y los diseminados.<\/p>\n\n\n\n<p>Adem\u00e1s, la Consejer\u00eda invertir\u00e1 1,6 millones de euros en la agrupaci\u00f3n de vertidos y la depuradora de Cazalilla. Las obras, de hecho, ya se han iniciado. Tambi\u00e9n se encuentra en obras en Campillo del R\u00edo, poblaci\u00f3n del municipio de Torreblascopedro, la nueva EDAR que permitir\u00e1 beneficiar a una poblaci\u00f3n estimada de 635 habitantes, con un caudal medio de tratamiento de 9,15 m3\/h.<\/p>\n\n\n\n<p>Esto adem\u00e1s ha sido posible gracias a una gesti\u00f3n \u00f3ptima de un canon que los socialistas cobraban para luego guardarlo en cajones, \u201cotro ejemplo m\u00e1s del desastre que supon\u00eda el PSOE al frente del Gobierno andaluz\u201d. Lozano se sigue preguntando \u201cc\u00f3mo es posible que los socialistas al frente de la Junta cobrasen un dinero para no invertirlo sabiendo la necesidad que tiene nuestra tierra de este tipo de obras\u201d. Afortunadamente y \u201ccomo siempre dijimos, ven\u00edamos a la Junta a demostrar que se pueden hacer las cosas mal o bien y que nosotros sabemos hacerlas bien porque somos un partido de gobierno\u201d, recalca Lozano.<\/p>\n\n\n\n<p>Y gracias a ese canon se est\u00e1n acometiendo tantas obras a lo largo y ancho de la provincia de Ja\u00e9n, pues muchas llevaban m\u00e1s de una d\u00e9cada de espera y que est\u00e1n implicando un gran esfuerzo inversor de la Junta para hacerlas realidad y, adem\u00e1s, ha permitido suspender su cobro durante un a\u00f1o, \u201ccomo forma de compensar el esfuerzo que ya han hecho a\u00f1os anteriores los ciudadanos\u201d. Pero deben saber los jiennenses que \u201cgracias a su esfuerzo y la gesti\u00f3n del Gobierno de Juanma Moreno\u201d, la Junta de Andaluc\u00eda ha invertido en obras de depuraci\u00f3n en los \u00faltimos cuatro a\u00f1os en la provincia m\u00e1s de 154 millones de euros, en un total de 81 actuaciones distribuidas entre 71 municipios. Finalizadas est\u00e1n 13 de ellas por importe de 49 millones de euros. En ejecuci\u00f3n se encuentran otras 13 intervenciones con una inversi\u00f3n de 32,7 millones de euros. Otras cinco actuaciones se iniciar\u00e1n en breve y suponen una inversi\u00f3n de 21 millones de euros. En licitaci\u00f3n se encuentran un total de 11 obras por importe de 48,5 millones de euros, mientras que en proyectos redactados y aprobados o pendientes de aprobaci\u00f3n ya se han invertido 846.295 euros y corresponden a 13 actuaciones.<\/p>\n\n\n\n<p>Las 26 obras restantes se encuentran en fase de redacci\u00f3n o licitaci\u00f3n de la redacci\u00f3n de los proyectos y conllevan una inversi\u00f3n superior a los 2,6 millones de euros. En cuanto a proyectos de abastecimiento de agua potable se est\u00e1 elaborando la revisi\u00f3n y actualizaci\u00f3n del proyecto constructivo de sustituci\u00f3n del Canal del Quiebrajano por un importe de 148.333 euros, actuaci\u00f3n que va a beneficiar a los municipios de Arjona, Arjonilla, Esca\u00f1uela, Fuerte del Rey, Lahiguera, Higuera de Calatrava, Ja\u00e9n, Lopera, Porcuna, Santiago de Calatrava y Villardompardo, s\u00f3lo en la provincia de Ja\u00e9n, localidades que forman parte del Subsistencia Quiebrajano en el seno del Consorcio V\u00edboras-Quiebrajano y cuya poblaci\u00f3n asciende a 142.000 habitantes.<\/p>\n\n\n\n<p>Tambi\u00e9n est\u00e1 en marcha la revisi\u00f3n y actualizaci\u00f3n del proyecto constructivo de conducciones generales de abastecimiento del Sistema V\u00edboras, en su segunda fase, Fuentes de Martos\u2013ETAP de Martos, por un importe de 84.700 euros y que afecta a los municipios de Jamilena, Martos, Torredelcampo y <strong>Torredonjimeno<\/strong>, con una poblaci\u00f3n de 55.000 habitantes.<\/p>\n\n\n\n<p>En resumen, ha concluido la dirigente popular, \u201cuna apuesta inversora sin precedentes, un trabajo impecable de la Junta de Andaluc\u00eda que viene a solucionar los problemas de abastecimiento que han padecido miles de jiennenses durante a\u00f1os, con restricciones y falta de atenci\u00f3n por anteriores gobiernos auton\u00f3micos\u201d.<\/p>\n","protected":false},"excerpt":{"rendered":"<p>El Partido Popular de Ja\u00e9n ha destacado la apuesta inversora de la Junta de Andaluc\u00eda en materia de infraestructuras hidr\u00e1ulicas para hacer frente a la escasez de agua en nuestra tierra. \u201cDesde 2019 y hasta agosto de este a\u00f1o, hasta hoy, el Gobierno de Juanma Moreno ha invertido cerca de 180 millones de euros en &hellip;<\/p>\n<p class=\"read-more\"> <a class=\"\" href=\"https:\/\/torredonjimenoactualidad.com\/index.php\/2023\/08\/16\/el-pp-de-jaen-pone-en-valor-el-esfuerzo-inversor-de-la-junta-en-infraestructuras-hidraulicas-para-combatir-la-escasez-de-agua\/\"> <span class=\"screen-reader-text\">El PP de Ja\u00e9n pone en valor el esfuerzo inversor de la Junta en infraestructuras hidr\u00e1ulicas para combatir la escasez de agua<\/span> Leer m\u00e1s &raquo;<\/a><\/p>\n","protected":false},"author":2,"featured_media":939,"comment_status":"open","ping_status":"open","sticky":false,"template":"","format":"standard","meta":{"site-sidebar-layout":"default","site-content-layout":"default","ast-global-header-display":"","ast-main-header-display":"","ast-hfb-above-header-display":"","ast-hfb-below-header-display":"","ast-hfb-mobile-header-display":"","site-post-title":"","ast-breadcrumbs-content":"","ast-featured-img":"","footer-sml-layout":"","theme-transparent-header-meta":"","adv-header-id-meta":"","stick-header-meta":"","header-above-stick-meta":"","header-main-stick-meta":"","header-below-stick-meta":"","footnotes":""},"categories":[8],"tags":[],"class_list":["post-938","post","type-post","status-publish","format-standard","has-post-thumbnail","hentry","category-provincia"],"yoast_head":"<!-- This site is optimized with the Yoast SEO plugin v20.8 - https:\/\/yoast.com\/wordpress\/plugins\/seo\/ -->\n<title>El PP de Ja\u00e9n pone en valor el esfuerzo inversor de la Junta en infraestructuras hidr\u00e1ulicas para combatir la escasez de agua - Torredonjimeno Actualidad<\/title>\n<meta name=\"robots\" content=\"index, follow, max-snippet:-1, max-image-preview:large, max-video-preview:-1\" \/>\n<link rel=\"canonical\" href=\"https:\/\/torredonjimenoactualidad.com\/index.php\/2023\/08\/16\/el-pp-de-jaen-pone-en-valor-el-esfuerzo-inversor-de-la-junta-en-infraestructuras-hidraulicas-para-combatir-la-escasez-de-agua\/\" \/>\n<meta property=\"og:locale\" content=\"es_ES\" \/>\n<meta property=\"og:type\" content=\"article\" \/>\n<meta property=\"og:title\" content=\"El PP de Ja\u00e9n pone en valor el esfuerzo inversor de la Junta en infraestructuras hidr\u00e1ulicas para combatir la escasez de agua - Torredonjimeno Actualidad\" \/>\n<meta property=\"og:description\" content=\"El Partido Popular de Ja\u00e9n ha destacado la apuesta inversora de la Junta de Andaluc\u00eda en materia de infraestructuras hidr\u00e1ulicas para hacer frente a la escasez de agua en nuestra tierra. \u201cDesde 2019 y hasta agosto de este a\u00f1o, hasta hoy, el Gobierno de Juanma Moreno ha invertido cerca de 180 millones de euros en &hellip; El PP de Ja\u00e9n pone en valor el esfuerzo inversor de la Junta en infraestructuras hidr\u00e1ulicas para combatir la escasez de agua Leer m\u00e1s &raquo;\" \/>\n<meta property=\"og:url\" content=\"https:\/\/torredonjimenoactualidad.com\/index.php\/2023\/08\/16\/el-pp-de-jaen-pone-en-valor-el-esfuerzo-inversor-de-la-junta-en-infraestructuras-hidraulicas-para-combatir-la-escasez-de-agua\/\" \/>\n<meta property=\"og:site_name\" content=\"Torredonjimeno Actualidad\" \/>\n<meta property=\"article:published_time\" content=\"2023-08-16T14:55:44+00:00\" \/>\n<meta property=\"article:modified_time\" content=\"2023-08-16T14:55:46+00:00\" \/>\n<meta property=\"og:image\" content=\"https:\/\/torredonjimenoactualidad.com\/wp-content\/uploads\/2023\/08\/366968370_2733744053435479_6651421753934689683_n-scaled.jpg\" \/>\n\t<meta property=\"og:image:width\" content=\"2560\" \/>\n\t<meta property=\"og:image:height\" content=\"1463\" \/>\n\t<meta property=\"og:image:type\" content=\"image\/jpeg\" \/>\n<meta name=\"author\" content=\"Alba Mar\u00eda Torres\" \/>\n<meta name=\"twitter:card\" content=\"summary_large_image\" \/>\n<meta name=\"twitter:label1\" content=\"Escrito por\" \/>\n\t<meta name=\"twitter:data1\" content=\"Alba Mar\u00eda Torres\" \/>\n\t<meta name=\"twitter:label2\" content=\"Tiempo de lectura\" \/>\n\t<meta name=\"twitter:data2\" content=\"5 minutos\" \/>\n<script type=\"application\/ld+json\" class=\"yoast-schema-graph\">{\"@context\":\"https:\/\/schema.org\",\"@graph\":[{\"@type\":\"Article\",\"@id\":\"https:\/\/torredonjimenoactualidad.com\/index.php\/2023\/08\/16\/el-pp-de-jaen-pone-en-valor-el-esfuerzo-inversor-de-la-junta-en-infraestructuras-hidraulicas-para-combatir-la-escasez-de-agua\/#article\",\"isPartOf\":{\"@id\":\"https:\/\/torredonjimenoactualidad.com\/index.php\/2023\/08\/16\/el-pp-de-jaen-pone-en-valor-el-esfuerzo-inversor-de-la-junta-en-infraestructuras-hidraulicas-para-combatir-la-escasez-de-agua\/\"},\"author\":{\"name\":\"Alba Mar\u00eda Torres\",\"@id\":\"https:\/\/torredonjimenoactualidad.com\/#\/schema\/person\/84de5f233e783ef2c75151a532b54977\"},\"headline\":\"El PP de Ja\u00e9n pone en valor el esfuerzo inversor de la Junta en infraestructuras hidr\u00e1ulicas para combatir la escasez de agua\",\"datePublished\":\"2023-08-16T14:55:44+00:00\",\"dateModified\":\"2023-08-16T14:55:46+00:00\",\"mainEntityOfPage\":{\"@id\":\"https:\/\/torredonjimenoactualidad.com\/index.php\/2023\/08\/16\/el-pp-de-jaen-pone-en-valor-el-esfuerzo-inversor-de-la-junta-en-infraestructuras-hidraulicas-para-combatir-la-escasez-de-agua\/\"},\"wordCount\":991,\"commentCount\":0,\"publisher\":{\"@id\":\"https:\/\/torredonjimenoactualidad.com\/#organization\"},\"articleSection\":[\"provincia\"],\"inLanguage\":\"es\",\"potentialAction\":[{\"@type\":\"CommentAction\",\"name\":\"Comment\",\"target\":[\"https:\/\/torredonjimenoactualidad.com\/index.php\/2023\/08\/16\/el-pp-de-jaen-pone-en-valor-el-esfuerzo-inversor-de-la-junta-en-infraestructuras-hidraulicas-para-combatir-la-escasez-de-agua\/#respond\"]}]},{\"@type\":\"WebPage\",\"@id\":\"https:\/\/torredonjimenoactualidad.com\/index.php\/2023\/08\/16\/el-pp-de-jaen-pone-en-valor-el-esfuerzo-inversor-de-la-junta-en-infraestructuras-hidraulicas-para-combatir-la-escasez-de-agua\/\",\"url\":\"https:\/\/torredonjimenoactualidad.com\/index.php\/2023\/08\/16\/el-pp-de-jaen-pone-en-valor-el-esfuerzo-inversor-de-la-junta-en-infraestructuras-hidraulicas-para-combatir-la-escasez-de-agua\/\",\"name\":\"El PP de Ja\u00e9n pone en valor el esfuerzo inversor de la Junta en infraestructuras hidr\u00e1ulicas para combatir la escasez de agua - Torredonjimeno Actualidad\",\"isPartOf\":{\"@id\":\"https:\/\/torredonjimenoactualidad.com\/#website\"},\"datePublished\":\"2023-08-16T14:55:44+00:00\",\"dateModified\":\"2023-08-16T14:55:46+00:00\",\"breadcrumb\":{\"@id\":\"https:\/\/torredonjimenoactualidad.com\/index.php\/2023\/08\/16\/el-pp-de-jaen-pone-en-valor-el-esfuerzo-inversor-de-la-junta-en-infraestructuras-hidraulicas-para-combatir-la-escasez-de-agua\/#breadcrumb\"},\"inLanguage\":\"es\",\"potentialAction\":[{\"@type\":\"ReadAction\",\"target\":[\"https:\/\/torredonjimenoactualidad.com\/index.php\/2023\/08\/16\/el-pp-de-jaen-pone-en-valor-el-esfuerzo-inversor-de-la-junta-en-infraestructuras-hidraulicas-para-combatir-la-escasez-de-agua\/\"]}]},{\"@type\":\"BreadcrumbList\",\"@id\":\"https:\/\/torredonjimenoactualidad.com\/index.php\/2023\/08\/16\/el-pp-de-jaen-pone-en-valor-el-esfuerzo-inversor-de-la-junta-en-infraestructuras-hidraulicas-para-combatir-la-escasez-de-agua\/#breadcrumb\",\"itemListElement\":[{\"@type\":\"ListItem\",\"position\":1,\"name\":\"Portada\",\"item\":\"https:\/\/torredonjimenoactualidad.com\/\"},{\"@type\":\"ListItem\",\"position\":2,\"name\":\"El PP de Ja\u00e9n pone en valor el esfuerzo inversor de la Junta en infraestructuras hidr\u00e1ulicas para combatir la escasez de agua\"}]},{\"@type\":\"WebSite\",\"@id\":\"https:\/\/torredonjimenoactualidad.com\/#website\",\"url\":\"https:\/\/torredonjimenoactualidad.com\/\",\"name\":\"Torredonjimeno Actualidad\",\"description\":\"\",\"publisher\":{\"@id\":\"https:\/\/torredonjimenoactualidad.com\/#organization\"},\"potentialAction\":[{\"@type\":\"SearchAction\",\"target\":{\"@type\":\"EntryPoint\",\"urlTemplate\":\"https:\/\/torredonjimenoactualidad.com\/?s={search_term_string}\"},\"query-input\":\"required name=search_term_string\"}],\"inLanguage\":\"es\"},{\"@type\":\"Organization\",\"@id\":\"https:\/\/torredonjimenoactualidad.com\/#organization\",\"name\":\"Torredonjimeno Actualidad\",\"url\":\"https:\/\/torredonjimenoactualidad.com\/\",\"logo\":{\"@type\":\"ImageObject\",\"inLanguage\":\"es\",\"@id\":\"https:\/\/torredonjimenoactualidad.com\/#\/schema\/logo\/image\/\",\"url\":\"https:\/\/torredonjimenoactualidad.com\/wp-content\/uploads\/2023\/02\/logo-torredonjimeno-544x180-1.png\",\"contentUrl\":\"https:\/\/torredonjimenoactualidad.com\/wp-content\/uploads\/2023\/02\/logo-torredonjimeno-544x180-1.png\",\"width\":545,\"height\":112,\"caption\":\"Torredonjimeno Actualidad\"},\"image\":{\"@id\":\"https:\/\/torredonjimenoactualidad.com\/#\/schema\/logo\/image\/\"}},{\"@type\":\"Person\",\"@id\":\"https:\/\/torredonjimenoactualidad.com\/#\/schema\/person\/84de5f233e783ef2c75151a532b54977\",\"name\":\"Alba Mar\u00eda Torres\",\"image\":{\"@type\":\"ImageObject\",\"inLanguage\":\"es\",\"@id\":\"https:\/\/torredonjimenoactualidad.com\/#\/schema\/person\/image\/\",\"url\":\"https:\/\/secure.gravatar.com\/avatar\/f9371f188c71501b4475a9ba2a71595850ec72967f800a2ed8e3e2102859ed65?s=96&d=mm&r=g\",\"contentUrl\":\"https:\/\/secure.gravatar.com\/avatar\/f9371f188c71501b4475a9ba2a71595850ec72967f800a2ed8e3e2102859ed65?s=96&d=mm&r=g\",\"caption\":\"Alba Mar\u00eda Torres\"},\"url\":\"https:\/\/torredonjimenoactualidad.com\/index.php\/author\/alba-torres\/\"}]}<\/script>\n<!-- \/ Yoast SEO plugin. -->","yoast_head_json":{"title":"El PP de Ja\u00e9n pone en valor el esfuerzo inversor de la Junta en infraestructuras hidr\u00e1ulicas para combatir la escasez de agua - Torredonjimeno Actualidad","robots":{"index":"index","follow":"follow","max-snippet":"max-snippet:-1","max-image-preview":"max-image-preview:large","max-video-preview":"max-video-preview:-1"},"canonical":"https:\/\/torredonjimenoactualidad.com\/index.php\/2023\/08\/16\/el-pp-de-jaen-pone-en-valor-el-esfuerzo-inversor-de-la-junta-en-infraestructuras-hidraulicas-para-combatir-la-escasez-de-agua\/","og_locale":"es_ES","og_type":"article","og_title":"El PP de Ja\u00e9n pone en valor el esfuerzo inversor de la Junta en infraestructuras hidr\u00e1ulicas para combatir la escasez de agua - Torredonjimeno Actualidad","og_description":"El Partido Popular de Ja\u00e9n ha destacado la apuesta inversora de la Junta de Andaluc\u00eda en materia de infraestructuras hidr\u00e1ulicas para hacer frente a la escasez de agua en nuestra tierra. \u201cDesde 2019 y hasta agosto de este a\u00f1o, hasta hoy, el Gobierno de Juanma Moreno ha invertido cerca de 180 millones de euros en &hellip; El PP de Ja\u00e9n pone en valor el esfuerzo inversor de la Junta en infraestructuras hidr\u00e1ulicas para combatir la escasez de agua Leer m\u00e1s &raquo;","og_url":"https:\/\/torredonjimenoactualidad.com\/index.php\/2023\/08\/16\/el-pp-de-jaen-pone-en-valor-el-esfuerzo-inversor-de-la-junta-en-infraestructuras-hidraulicas-para-combatir-la-escasez-de-agua\/","og_site_name":"Torredonjimeno Actualidad","article_published_time":"2023-08-16T14:55:44+00:00","article_modified_time":"2023-08-16T14:55:46+00:00","og_image":[{"width":2560,"height":1463,"url":"https:\/\/torredonjimenoactualidad.com\/wp-content\/uploads\/2023\/08\/366968370_2733744053435479_6651421753934689683_n-scaled.jpg","type":"image\/jpeg"}],"author":"Alba Mar\u00eda Torres","twitter_card":"summary_large_image","twitter_misc":{"Escrito por":"Alba Mar\u00eda Torres","Tiempo de lectura":"5 minutos"},"schema":{"@context":"https:\/\/schema.org","@graph":[{"@type":"Article","@id":"https:\/\/torredonjimenoactualidad.com\/index.php\/2023\/08\/16\/el-pp-de-jaen-pone-en-valor-el-esfuerzo-inversor-de-la-junta-en-infraestructuras-hidraulicas-para-combatir-la-escasez-de-agua\/#article","isPartOf":{"@id":"https:\/\/torredonjimenoactualidad.com\/index.php\/2023\/08\/16\/el-pp-de-jaen-pone-en-valor-el-esfuerzo-inversor-de-la-junta-en-infraestructuras-hidraulicas-para-combatir-la-escasez-de-agua\/"},"author":{"name":"Alba Mar\u00eda Torres","@id":"https:\/\/torredonjimenoactualidad.com\/#\/schema\/person\/84de5f233e783ef2c75151a532b54977"},"headline":"El PP de Ja\u00e9n pone en valor el esfuerzo inversor de la Junta en infraestructuras hidr\u00e1ulicas para combatir la escasez de agua","datePublished":"2023-08-16T14:55:44+00:00","dateModified":"2023-08-16T14:55:46+00:00","mainEntityOfPage":{"@id":"https:\/\/torredonjimenoactualidad.com\/index.php\/2023\/08\/16\/el-pp-de-jaen-pone-en-valor-el-esfuerzo-inversor-de-la-junta-en-infraestructuras-hidraulicas-para-combatir-la-escasez-de-agua\/"},"wordCount":991,"commentCount":0,"publisher":{"@id":"https:\/\/torredonjimenoactualidad.com\/#organization"},"articleSection":["provincia"],"inLanguage":"es","potentialAction":[{"@type":"CommentAction","name":"Comment","target":["https:\/\/torredonjimenoactualidad.com\/index.php\/2023\/08\/16\/el-pp-de-jaen-pone-en-valor-el-esfuerzo-inversor-de-la-junta-en-infraestructuras-hidraulicas-para-combatir-la-escasez-de-agua\/#respond"]}]},{"@type":"WebPage","@id":"https:\/\/torredonjimenoactualidad.com\/index.php\/2023\/08\/16\/el-pp-de-jaen-pone-en-valor-el-esfuerzo-inversor-de-la-junta-en-infraestructuras-hidraulicas-para-combatir-la-escasez-de-agua\/","url":"https:\/\/torredonjimenoactualidad.com\/index.php\/2023\/08\/16\/el-pp-de-jaen-pone-en-valor-el-esfuerzo-inversor-de-la-junta-en-infraestructuras-hidraulicas-para-combatir-la-escasez-de-agua\/","name":"El PP de Ja\u00e9n pone en valor el esfuerzo inversor de la Junta en infraestructuras hidr\u00e1ulicas para combatir la escasez de agua - Torredonjimeno Actualidad","isPartOf":{"@id":"https:\/\/torredonjimenoactualidad.com\/#website"},"datePublished":"2023-08-16T14:55:44+00:00","dateModified":"2023-08-16T14:55:46+00:00","breadcrumb":{"@id":"https:\/\/torredonjimenoactualidad.com\/index.php\/2023\/08\/16\/el-pp-de-jaen-pone-en-valor-el-esfuerzo-inversor-de-la-junta-en-infraestructuras-hidraulicas-para-combatir-la-escasez-de-agua\/#breadcrumb"},"inLanguage":"es","potentialAction":[{"@type":"ReadAction","target":["https:\/\/torredonjimenoactualidad.com\/index.php\/2023\/08\/16\/el-pp-de-jaen-pone-en-valor-el-esfuerzo-inversor-de-la-junta-en-infraestructuras-hidraulicas-para-combatir-la-escasez-de-agua\/"]}]},{"@type":"BreadcrumbList","@id":"https:\/\/torredonjimenoactualidad.com\/index.php\/2023\/08\/16\/el-pp-de-jaen-pone-en-valor-el-esfuerzo-inversor-de-la-junta-en-infraestructuras-hidraulicas-para-combatir-la-escasez-de-agua\/#breadcrumb","itemListElement":[{"@type":"ListItem","position":1,"name":"Portada","item":"https:\/\/torredonjimenoactualidad.com\/"},{"@type":"ListItem","position":2,"name":"El PP de Ja\u00e9n pone en valor el esfuerzo inversor de la Junta en infraestructuras hidr\u00e1ulicas para combatir la escasez de agua"}]},{"@type":"WebSite","@id":"https:\/\/torredonjimenoactualidad.com\/#website","url":"https:\/\/torredonjimenoactualidad.com\/","name":"Torredonjimeno Actualidad","description":"","publisher":{"@id":"https:\/\/torredonjimenoactualidad.com\/#organization"},"potentialAction":[{"@type":"SearchAction","target":{"@type":"EntryPoint","urlTemplate":"https:\/\/torredonjimenoactualidad.com\/?s={search_term_string}"},"query-input":"required name=search_term_string"}],"inLanguage":"es"},{"@type":"Organization","@id":"https:\/\/torredonjimenoactualidad.com\/#organization","name":"Torredonjimeno Actualidad","url":"https:\/\/torredonjimenoactualidad.com\/","logo":{"@type":"ImageObject","inLanguage":"es","@id":"https:\/\/torredonjimenoactualidad.com\/#\/schema\/logo\/image\/","url":"https:\/\/torredonjimenoactualidad.com\/wp-content\/uploads\/2023\/02\/logo-torredonjimeno-544x180-1.png","contentUrl":"https:\/\/torredonjimenoactualidad.com\/wp-content\/uploads\/2023\/02\/logo-torredonjimeno-544x180-1.png","width":545,"height":112,"caption":"Torredonjimeno Actualidad"},"image":{"@id":"https:\/\/torredonjimenoactualidad.com\/#\/schema\/logo\/image\/"}},{"@type":"Person","@id":"https:\/\/torredonjimenoactualidad.com\/#\/schema\/person\/84de5f233e783ef2c75151a532b54977","name":"Alba Mar\u00eda Torres","image":{"@type":"ImageObject","inLanguage":"es","@id":"https:\/\/torredonjimenoactualidad.com\/#\/schema\/person\/image\/","url":"https:\/\/secure.gravatar.com\/avatar\/f9371f188c71501b4475a9ba2a71595850ec72967f800a2ed8e3e2102859ed65?s=96&d=mm&r=g","contentUrl":"https:\/\/secure.gravatar.com\/avatar\/f9371f188c71501b4475a9ba2a71595850ec72967f800a2ed8e3e2102859ed65?s=96&d=mm&r=g","caption":"Alba Mar\u00eda Torres"},"url":"https:\/\/torredonjimenoactualidad.com\/index.php\/author\/alba-torres\/"}]}},"_links":{"self":[{"href":"https:\/\/torredonjimenoactualidad.com\/index.php\/wp-json\/wp\/v2\/posts\/938","targetHints":{"allow":["GET"]}}],"collection":[{"href":"https:\/\/torredonjimenoactualidad.com\/index.php\/wp-json\/wp\/v2\/posts"}],"about":[{"href":"https:\/\/torredonjimenoactualidad.com\/index.php\/wp-json\/wp\/v2\/types\/post"}],"author":[{"embeddable":true,"href":"https:\/\/torredonjimenoactualidad.com\/index.php\/wp-json\/wp\/v2\/users\/2"}],"replies":[{"embeddable":true,"href":"https:\/\/torredonjimenoactualidad.com\/index.php\/wp-json\/wp\/v2\/comments?post=938"}],"version-history":[{"count":1,"href":"https:\/\/torredonjimenoactualidad.com\/index.php\/wp-json\/wp\/v2\/posts\/938\/revisions"}],"predecessor-version":[{"id":940,"href":"https:\/\/torredonjimenoactualidad.com\/index.php\/wp-json\/wp\/v2\/posts\/938\/revisions\/940"}],"wp:featuredmedia":[{"embeddable":true,"href":"https:\/\/torredonjimenoactualidad.com\/index.php\/wp-json\/wp\/v2\/media\/939"}],"wp:attachment":[{"href":"https:\/\/torredonjimenoactualidad.com\/index.php\/wp-json\/wp\/v2\/media?parent=938"}],"wp:term":[{"taxonomy":"category","embeddable":true,"href":"https:\/\/torredonjimenoactualidad.com\/index.php\/wp-json\/wp\/v2\/categories?post=938"},{"taxonomy":"post_tag","embeddable":true,"href":"https:\/\/torredonjimenoactualidad.com\/index.php\/wp-json\/wp\/v2\/tags?post=938"}],"curies":[{"name":"wp","href":"https:\/\/api.w.org\/{rel}","templated":true}]}}