{"id":937,"date":"2023-08-18T14:42:46","date_gmt":"2023-08-18T14:42:46","guid":{"rendered":"https:\/\/torredonjimenoactualidad.com\/?p=937"},"modified":"2023-08-18T14:42:48","modified_gmt":"2023-08-18T14:42:48","slug":"apuesta-de-la-diputacion-de-jaen-por-la-conservacion-y-dinamizacion-de-las-vias-verdes-de-la-provincia","status":"publish","type":"post","link":"https:\/\/torredonjimenoactualidad.com\/index.php\/2023\/08\/18\/apuesta-de-la-diputacion-de-jaen-por-la-conservacion-y-dinamizacion-de-las-vias-verdes-de-la-provincia\/","title":{"rendered":"Apuesta de la Diputaci\u00f3n de Ja\u00e9n por la conservaci\u00f3n y dinamizaci\u00f3n de las v\u00edas verdes de la provincia"},"content":{"rendered":"\n<p>La Diputaci\u00f3n Provincial de Ja\u00e9n ha subrayado su apuesta por la conservaci\u00f3n, mejora y dinamizaci\u00f3n de los caminos naturales v\u00edas verdes que gestiona en la provincia de Ja\u00e9n, &#8211;V\u00eda Verde del Aceite; de Segura; y del Guadalimar&#8211; y que suman casi 100 kil\u00f3metros de antiguos trazados ferroviarios recuperados como itinerarios para uso recreativo, tur\u00edstico y deportivo en el territorio jiennense.<\/p>\n\n\n\n<p>La diputada de Medio Ambiente y Lucha contra el Cambio Clim\u00e1tico, Isabel Uceda, ha indicado que la apuesta de la Administraci\u00f3n provincial por estas infraestructuras comenz\u00f3 hace ya veinte a\u00f1os con la puesta en marcha del Camino Natural V\u00eda Verde del Aceite y tiene como objetivo \u00abla creaci\u00f3n de un corredor verde que atraviese nuestra provincia de este a oeste utilizando antiguos trazados ferroviarios y que constituir\u00eda el que ser\u00eda uno de los caminos naturales m\u00e1s grandes de Europa\u00bb.<\/p>\n\n\n\n<p>En este \u00faltimo mandato, \u00abla inversi\u00f3n realizada en mantenimiento y conservaci\u00f3n de las v\u00edas verdes ha superado los 1,7 millones de euros\u00bb remarca Uceda para se\u00f1alar, entre otras actuaciones, la plantaci\u00f3n de m\u00e1s de 2.500 \u00e1rboles, la sustituci\u00f3n de 50 puntos de luz por luminarias fotovoltaicas o la realizaci\u00f3n de actividades para conmemorar el vig\u00e9simo aniversario del Camino Natural V\u00eda Verde del Aceite\u00bb.<\/p>\n\n\n\n<p>Asimismo, la Diputaci\u00f3n Provincial de Ja\u00e9n ha trabajado en la redacci\u00f3n de nuevos proyectos para la apertura de nuevos tramos. En este punto, ha indicado que el Ministerio de Agricultura, Pesca y Alimentaci\u00f3n ha aprobado recientemente el proyecto para ejecutar un nuevo tramo del Camino Natural V\u00eda Verde de Segura, el que discurre entre Arroyo del Ojanco y Villanueva del Arzobispo, que tendr\u00e1 un presupuesto de m\u00e1s de 4,5 millones de euros, sumar\u00e1 m\u00e1s de 26,6 kil\u00f3metros a esta v\u00eda y la convertir\u00e1 en un itinerario de largo recorrido, con 53,6 kil\u00f3metros, pasando por el Parque Natural Sierras de Cazorla, Segura y Las Villas.<\/p>\n\n\n\n<p>Adem\u00e1s, desde la Diputaci\u00f3n \u00abse est\u00e1 llevando a cabo este a\u00f1o un Plan de Dinamizaci\u00f3n de los caminos naturales que gestiona para contribuir a darlos a conocer e incrementar la utilizaci\u00f3n de los mismos\u00bb. Este plan se suma a las actividades de dinamizaci\u00f3n y participaci\u00f3n social en estas v\u00edas verdes realizadas recientemente, como jornadas, marchas senderistas o la conmemoraci\u00f3n del 20\u00ba aniversario de la V\u00eda Verde del Aceite, que han contabilizado una participaci\u00f3n superior a las 1.700 personas.<\/p>\n","protected":false},"excerpt":{"rendered":"<p>La Diputaci\u00f3n Provincial de Ja\u00e9n ha subrayado su apuesta por la conservaci\u00f3n, mejora y dinamizaci\u00f3n de los caminos naturales v\u00edas verdes que gestiona en la provincia de Ja\u00e9n, &#8211;V\u00eda Verde del Aceite; de Segura; y del Guadalimar&#8211; y que suman casi 100 kil\u00f3metros de antiguos trazados ferroviarios recuperados como itinerarios para uso recreativo, tur\u00edstico y &hellip;<\/p>\n<p class=\"read-more\"> <a class=\"\" href=\"https:\/\/torredonjimenoactualidad.com\/index.php\/2023\/08\/18\/apuesta-de-la-diputacion-de-jaen-por-la-conservacion-y-dinamizacion-de-las-vias-verdes-de-la-provincia\/\"> <span class=\"screen-reader-text\">Apuesta de la Diputaci\u00f3n de Ja\u00e9n por la conservaci\u00f3n y dinamizaci\u00f3n de las v\u00edas verdes de la provincia<\/span> Leer m\u00e1s &raquo;<\/a><\/p>\n","protected":false},"author":2,"featured_media":944,"comment_status":"closed","ping_status":"open","sticky":false,"template":"","format":"standard","meta":{"site-sidebar-layout":"default","site-content-layout":"default","ast-global-header-display":"","ast-main-header-display":"","ast-hfb-above-header-display":"","ast-hfb-below-header-display":"","ast-hfb-mobile-header-display":"","site-post-title":"","ast-breadcrumbs-content":"","ast-featured-img":"","footer-sml-layout":"","theme-transparent-header-meta":"","adv-header-id-meta":"","stick-header-meta":"","header-above-stick-meta":"","header-main-stick-meta":"","header-below-stick-meta":"","footnotes":""},"categories":[8],"tags":[],"class_list":["post-937","post","type-post","status-publish","format-standard","has-post-thumbnail","hentry","category-provincia"],"yoast_head":"<!-- This site is optimized with the Yoast SEO plugin v20.8 - https:\/\/yoast.com\/wordpress\/plugins\/seo\/ -->\n<title>Apuesta de la Diputaci\u00f3n de Ja\u00e9n por la conservaci\u00f3n y dinamizaci\u00f3n de las v\u00edas verdes de la provincia - Torredonjimeno Actualidad<\/title>\n<meta name=\"robots\" content=\"index, follow, max-snippet:-1, max-image-preview:large, max-video-preview:-1\" \/>\n<link rel=\"canonical\" href=\"https:\/\/torredonjimenoactualidad.com\/index.php\/2023\/08\/18\/apuesta-de-la-diputacion-de-jaen-por-la-conservacion-y-dinamizacion-de-las-vias-verdes-de-la-provincia\/\" \/>\n<meta property=\"og:locale\" content=\"es_ES\" \/>\n<meta property=\"og:type\" content=\"article\" \/>\n<meta property=\"og:title\" content=\"Apuesta de la Diputaci\u00f3n de Ja\u00e9n por la conservaci\u00f3n y dinamizaci\u00f3n de las v\u00edas verdes de la provincia - Torredonjimeno Actualidad\" \/>\n<meta property=\"og:description\" content=\"La Diputaci\u00f3n Provincial de Ja\u00e9n ha subrayado su apuesta por la conservaci\u00f3n, mejora y dinamizaci\u00f3n de los caminos naturales v\u00edas verdes que gestiona en la provincia de Ja\u00e9n, &#8211;V\u00eda Verde del Aceite; de Segura; y del Guadalimar&#8211; y que suman casi 100 kil\u00f3metros de antiguos trazados ferroviarios recuperados como itinerarios para uso recreativo, tur\u00edstico y &hellip; Apuesta de la Diputaci\u00f3n de Ja\u00e9n por la conservaci\u00f3n y dinamizaci\u00f3n de las v\u00edas verdes de la provincia Leer m\u00e1s &raquo;\" \/>\n<meta property=\"og:url\" content=\"https:\/\/torredonjimenoactualidad.com\/index.php\/2023\/08\/18\/apuesta-de-la-diputacion-de-jaen-por-la-conservacion-y-dinamizacion-de-las-vias-verdes-de-la-provincia\/\" \/>\n<meta property=\"og:site_name\" content=\"Torredonjimeno Actualidad\" \/>\n<meta property=\"article:published_time\" content=\"2023-08-18T14:42:46+00:00\" \/>\n<meta property=\"article:modified_time\" content=\"2023-08-18T14:42:48+00:00\" \/>\n<meta property=\"og:image\" content=\"https:\/\/torredonjimenoactualidad.com\/wp-content\/uploads\/2023\/08\/IMG_1459-scaled.jpg\" \/>\n\t<meta property=\"og:image:width\" content=\"2560\" \/>\n\t<meta property=\"og:image:height\" content=\"1440\" \/>\n\t<meta property=\"og:image:type\" content=\"image\/jpeg\" \/>\n<meta name=\"author\" content=\"Alba Mar\u00eda Torres\" \/>\n<meta name=\"twitter:card\" content=\"summary_large_image\" \/>\n<meta name=\"twitter:label1\" content=\"Escrito por\" \/>\n\t<meta name=\"twitter:data1\" content=\"Alba Mar\u00eda Torres\" \/>\n\t<meta name=\"twitter:label2\" content=\"Tiempo de lectura\" \/>\n\t<meta name=\"twitter:data2\" content=\"2 minutos\" \/>\n<script type=\"application\/ld+json\" class=\"yoast-schema-graph\">{\"@context\":\"https:\/\/schema.org\",\"@graph\":[{\"@type\":\"Article\",\"@id\":\"https:\/\/torredonjimenoactualidad.com\/index.php\/2023\/08\/18\/apuesta-de-la-diputacion-de-jaen-por-la-conservacion-y-dinamizacion-de-las-vias-verdes-de-la-provincia\/#article\",\"isPartOf\":{\"@id\":\"https:\/\/torredonjimenoactualidad.com\/index.php\/2023\/08\/18\/apuesta-de-la-diputacion-de-jaen-por-la-conservacion-y-dinamizacion-de-las-vias-verdes-de-la-provincia\/\"},\"author\":{\"name\":\"Alba Mar\u00eda Torres\",\"@id\":\"https:\/\/torredonjimenoactualidad.com\/#\/schema\/person\/84de5f233e783ef2c75151a532b54977\"},\"headline\":\"Apuesta de la Diputaci\u00f3n de Ja\u00e9n por la conservaci\u00f3n y dinamizaci\u00f3n de las v\u00edas verdes de la provincia\",\"datePublished\":\"2023-08-18T14:42:46+00:00\",\"dateModified\":\"2023-08-18T14:42:48+00:00\",\"mainEntityOfPage\":{\"@id\":\"https:\/\/torredonjimenoactualidad.com\/index.php\/2023\/08\/18\/apuesta-de-la-diputacion-de-jaen-por-la-conservacion-y-dinamizacion-de-las-vias-verdes-de-la-provincia\/\"},\"wordCount\":446,\"publisher\":{\"@id\":\"https:\/\/torredonjimenoactualidad.com\/#organization\"},\"articleSection\":[\"provincia\"],\"inLanguage\":\"es\"},{\"@type\":\"WebPage\",\"@id\":\"https:\/\/torredonjimenoactualidad.com\/index.php\/2023\/08\/18\/apuesta-de-la-diputacion-de-jaen-por-la-conservacion-y-dinamizacion-de-las-vias-verdes-de-la-provincia\/\",\"url\":\"https:\/\/torredonjimenoactualidad.com\/index.php\/2023\/08\/18\/apuesta-de-la-diputacion-de-jaen-por-la-conservacion-y-dinamizacion-de-las-vias-verdes-de-la-provincia\/\",\"name\":\"Apuesta de la Diputaci\u00f3n de Ja\u00e9n por la conservaci\u00f3n y dinamizaci\u00f3n de las v\u00edas verdes de la provincia - Torredonjimeno Actualidad\",\"isPartOf\":{\"@id\":\"https:\/\/torredonjimenoactualidad.com\/#website\"},\"datePublished\":\"2023-08-18T14:42:46+00:00\",\"dateModified\":\"2023-08-18T14:42:48+00:00\",\"breadcrumb\":{\"@id\":\"https:\/\/torredonjimenoactualidad.com\/index.php\/2023\/08\/18\/apuesta-de-la-diputacion-de-jaen-por-la-conservacion-y-dinamizacion-de-las-vias-verdes-de-la-provincia\/#breadcrumb\"},\"inLanguage\":\"es\",\"potentialAction\":[{\"@type\":\"ReadAction\",\"target\":[\"https:\/\/torredonjimenoactualidad.com\/index.php\/2023\/08\/18\/apuesta-de-la-diputacion-de-jaen-por-la-conservacion-y-dinamizacion-de-las-vias-verdes-de-la-provincia\/\"]}]},{\"@type\":\"BreadcrumbList\",\"@id\":\"https:\/\/torredonjimenoactualidad.com\/index.php\/2023\/08\/18\/apuesta-de-la-diputacion-de-jaen-por-la-conservacion-y-dinamizacion-de-las-vias-verdes-de-la-provincia\/#breadcrumb\",\"itemListElement\":[{\"@type\":\"ListItem\",\"position\":1,\"name\":\"Portada\",\"item\":\"https:\/\/torredonjimenoactualidad.com\/\"},{\"@type\":\"ListItem\",\"position\":2,\"name\":\"Apuesta de la Diputaci\u00f3n de Ja\u00e9n por la conservaci\u00f3n y dinamizaci\u00f3n de las v\u00edas verdes de la provincia\"}]},{\"@type\":\"WebSite\",\"@id\":\"https:\/\/torredonjimenoactualidad.com\/#website\",\"url\":\"https:\/\/torredonjimenoactualidad.com\/\",\"name\":\"Torredonjimeno Actualidad\",\"description\":\"\",\"publisher\":{\"@id\":\"https:\/\/torredonjimenoactualidad.com\/#organization\"},\"potentialAction\":[{\"@type\":\"SearchAction\",\"target\":{\"@type\":\"EntryPoint\",\"urlTemplate\":\"https:\/\/torredonjimenoactualidad.com\/?s={search_term_string}\"},\"query-input\":\"required name=search_term_string\"}],\"inLanguage\":\"es\"},{\"@type\":\"Organization\",\"@id\":\"https:\/\/torredonjimenoactualidad.com\/#organization\",\"name\":\"Torredonjimeno Actualidad\",\"url\":\"https:\/\/torredonjimenoactualidad.com\/\",\"logo\":{\"@type\":\"ImageObject\",\"inLanguage\":\"es\",\"@id\":\"https:\/\/torredonjimenoactualidad.com\/#\/schema\/logo\/image\/\",\"url\":\"https:\/\/torredonjimenoactualidad.com\/wp-content\/uploads\/2023\/02\/logo-torredonjimeno-544x180-1.png\",\"contentUrl\":\"https:\/\/torredonjimenoactualidad.com\/wp-content\/uploads\/2023\/02\/logo-torredonjimeno-544x180-1.png\",\"width\":545,\"height\":112,\"caption\":\"Torredonjimeno Actualidad\"},\"image\":{\"@id\":\"https:\/\/torredonjimenoactualidad.com\/#\/schema\/logo\/image\/\"}},{\"@type\":\"Person\",\"@id\":\"https:\/\/torredonjimenoactualidad.com\/#\/schema\/person\/84de5f233e783ef2c75151a532b54977\",\"name\":\"Alba Mar\u00eda Torres\",\"image\":{\"@type\":\"ImageObject\",\"inLanguage\":\"es\",\"@id\":\"https:\/\/torredonjimenoactualidad.com\/#\/schema\/person\/image\/\",\"url\":\"https:\/\/secure.gravatar.com\/avatar\/f9371f188c71501b4475a9ba2a71595850ec72967f800a2ed8e3e2102859ed65?s=96&d=mm&r=g\",\"contentUrl\":\"https:\/\/secure.gravatar.com\/avatar\/f9371f188c71501b4475a9ba2a71595850ec72967f800a2ed8e3e2102859ed65?s=96&d=mm&r=g\",\"caption\":\"Alba Mar\u00eda Torres\"},\"url\":\"https:\/\/torredonjimenoactualidad.com\/index.php\/author\/alba-torres\/\"}]}<\/script>\n<!-- \/ Yoast SEO plugin. -->","yoast_head_json":{"title":"Apuesta de la Diputaci\u00f3n de Ja\u00e9n por la conservaci\u00f3n y dinamizaci\u00f3n de las v\u00edas verdes de la provincia - Torredonjimeno Actualidad","robots":{"index":"index","follow":"follow","max-snippet":"max-snippet:-1","max-image-preview":"max-image-preview:large","max-video-preview":"max-video-preview:-1"},"canonical":"https:\/\/torredonjimenoactualidad.com\/index.php\/2023\/08\/18\/apuesta-de-la-diputacion-de-jaen-por-la-conservacion-y-dinamizacion-de-las-vias-verdes-de-la-provincia\/","og_locale":"es_ES","og_type":"article","og_title":"Apuesta de la Diputaci\u00f3n de Ja\u00e9n por la conservaci\u00f3n y dinamizaci\u00f3n de las v\u00edas verdes de la provincia - Torredonjimeno Actualidad","og_description":"La Diputaci\u00f3n Provincial de Ja\u00e9n ha subrayado su apuesta por la conservaci\u00f3n, mejora y dinamizaci\u00f3n de los caminos naturales v\u00edas verdes que gestiona en la provincia de Ja\u00e9n, &#8211;V\u00eda Verde del Aceite; de Segura; y del Guadalimar&#8211; y que suman casi 100 kil\u00f3metros de antiguos trazados ferroviarios recuperados como itinerarios para uso recreativo, tur\u00edstico y &hellip; Apuesta de la Diputaci\u00f3n de Ja\u00e9n por la conservaci\u00f3n y dinamizaci\u00f3n de las v\u00edas verdes de la provincia Leer m\u00e1s &raquo;","og_url":"https:\/\/torredonjimenoactualidad.com\/index.php\/2023\/08\/18\/apuesta-de-la-diputacion-de-jaen-por-la-conservacion-y-dinamizacion-de-las-vias-verdes-de-la-provincia\/","og_site_name":"Torredonjimeno Actualidad","article_published_time":"2023-08-18T14:42:46+00:00","article_modified_time":"2023-08-18T14:42:48+00:00","og_image":[{"width":2560,"height":1440,"url":"https:\/\/torredonjimenoactualidad.com\/wp-content\/uploads\/2023\/08\/IMG_1459-scaled.jpg","type":"image\/jpeg"}],"author":"Alba Mar\u00eda Torres","twitter_card":"summary_large_image","twitter_misc":{"Escrito por":"Alba Mar\u00eda Torres","Tiempo de lectura":"2 minutos"},"schema":{"@context":"https:\/\/schema.org","@graph":[{"@type":"Article","@id":"https:\/\/torredonjimenoactualidad.com\/index.php\/2023\/08\/18\/apuesta-de-la-diputacion-de-jaen-por-la-conservacion-y-dinamizacion-de-las-vias-verdes-de-la-provincia\/#article","isPartOf":{"@id":"https:\/\/torredonjimenoactualidad.com\/index.php\/2023\/08\/18\/apuesta-de-la-diputacion-de-jaen-por-la-conservacion-y-dinamizacion-de-las-vias-verdes-de-la-provincia\/"},"author":{"name":"Alba Mar\u00eda Torres","@id":"https:\/\/torredonjimenoactualidad.com\/#\/schema\/person\/84de5f233e783ef2c75151a532b54977"},"headline":"Apuesta de la Diputaci\u00f3n de Ja\u00e9n por la conservaci\u00f3n y dinamizaci\u00f3n de las v\u00edas verdes de la provincia","datePublished":"2023-08-18T14:42:46+00:00","dateModified":"2023-08-18T14:42:48+00:00","mainEntityOfPage":{"@id":"https:\/\/torredonjimenoactualidad.com\/index.php\/2023\/08\/18\/apuesta-de-la-diputacion-de-jaen-por-la-conservacion-y-dinamizacion-de-las-vias-verdes-de-la-provincia\/"},"wordCount":446,"publisher":{"@id":"https:\/\/torredonjimenoactualidad.com\/#organization"},"articleSection":["provincia"],"inLanguage":"es"},{"@type":"WebPage","@id":"https:\/\/torredonjimenoactualidad.com\/index.php\/2023\/08\/18\/apuesta-de-la-diputacion-de-jaen-por-la-conservacion-y-dinamizacion-de-las-vias-verdes-de-la-provincia\/","url":"https:\/\/torredonjimenoactualidad.com\/index.php\/2023\/08\/18\/apuesta-de-la-diputacion-de-jaen-por-la-conservacion-y-dinamizacion-de-las-vias-verdes-de-la-provincia\/","name":"Apuesta de la Diputaci\u00f3n de Ja\u00e9n por la conservaci\u00f3n y dinamizaci\u00f3n de las v\u00edas verdes de la provincia - Torredonjimeno Actualidad","isPartOf":{"@id":"https:\/\/torredonjimenoactualidad.com\/#website"},"datePublished":"2023-08-18T14:42:46+00:00","dateModified":"2023-08-18T14:42:48+00:00","breadcrumb":{"@id":"https:\/\/torredonjimenoactualidad.com\/index.php\/2023\/08\/18\/apuesta-de-la-diputacion-de-jaen-por-la-conservacion-y-dinamizacion-de-las-vias-verdes-de-la-provincia\/#breadcrumb"},"inLanguage":"es","potentialAction":[{"@type":"ReadAction","target":["https:\/\/torredonjimenoactualidad.com\/index.php\/2023\/08\/18\/apuesta-de-la-diputacion-de-jaen-por-la-conservacion-y-dinamizacion-de-las-vias-verdes-de-la-provincia\/"]}]},{"@type":"BreadcrumbList","@id":"https:\/\/torredonjimenoactualidad.com\/index.php\/2023\/08\/18\/apuesta-de-la-diputacion-de-jaen-por-la-conservacion-y-dinamizacion-de-las-vias-verdes-de-la-provincia\/#breadcrumb","itemListElement":[{"@type":"ListItem","position":1,"name":"Portada","item":"https:\/\/torredonjimenoactualidad.com\/"},{"@type":"ListItem","position":2,"name":"Apuesta de la Diputaci\u00f3n de Ja\u00e9n por la conservaci\u00f3n y dinamizaci\u00f3n de las v\u00edas verdes de la provincia"}]},{"@type":"WebSite","@id":"https:\/\/torredonjimenoactualidad.com\/#website","url":"https:\/\/torredonjimenoactualidad.com\/","name":"Torredonjimeno Actualidad","description":"","publisher":{"@id":"https:\/\/torredonjimenoactualidad.com\/#organization"},"potentialAction":[{"@type":"SearchAction","target":{"@type":"EntryPoint","urlTemplate":"https:\/\/torredonjimenoactualidad.com\/?s={search_term_string}"},"query-input":"required name=search_term_string"}],"inLanguage":"es"},{"@type":"Organization","@id":"https:\/\/torredonjimenoactualidad.com\/#organization","name":"Torredonjimeno Actualidad","url":"https:\/\/torredonjimenoactualidad.com\/","logo":{"@type":"ImageObject","inLanguage":"es","@id":"https:\/\/torredonjimenoactualidad.com\/#\/schema\/logo\/image\/","url":"https:\/\/torredonjimenoactualidad.com\/wp-content\/uploads\/2023\/02\/logo-torredonjimeno-544x180-1.png","contentUrl":"https:\/\/torredonjimenoactualidad.com\/wp-content\/uploads\/2023\/02\/logo-torredonjimeno-544x180-1.png","width":545,"height":112,"caption":"Torredonjimeno Actualidad"},"image":{"@id":"https:\/\/torredonjimenoactualidad.com\/#\/schema\/logo\/image\/"}},{"@type":"Person","@id":"https:\/\/torredonjimenoactualidad.com\/#\/schema\/person\/84de5f233e783ef2c75151a532b54977","name":"Alba Mar\u00eda Torres","image":{"@type":"ImageObject","inLanguage":"es","@id":"https:\/\/torredonjimenoactualidad.com\/#\/schema\/person\/image\/","url":"https:\/\/secure.gravatar.com\/avatar\/f9371f188c71501b4475a9ba2a71595850ec72967f800a2ed8e3e2102859ed65?s=96&d=mm&r=g","contentUrl":"https:\/\/secure.gravatar.com\/avatar\/f9371f188c71501b4475a9ba2a71595850ec72967f800a2ed8e3e2102859ed65?s=96&d=mm&r=g","caption":"Alba Mar\u00eda Torres"},"url":"https:\/\/torredonjimenoactualidad.com\/index.php\/author\/alba-torres\/"}]}},"_links":{"self":[{"href":"https:\/\/torredonjimenoactualidad.com\/index.php\/wp-json\/wp\/v2\/posts\/937","targetHints":{"allow":["GET"]}}],"collection":[{"href":"https:\/\/torredonjimenoactualidad.com\/index.php\/wp-json\/wp\/v2\/posts"}],"about":[{"href":"https:\/\/torredonjimenoactualidad.com\/index.php\/wp-json\/wp\/v2\/types\/post"}],"author":[{"embeddable":true,"href":"https:\/\/torredonjimenoactualidad.com\/index.php\/wp-json\/wp\/v2\/users\/2"}],"replies":[{"embeddable":true,"href":"https:\/\/torredonjimenoactualidad.com\/index.php\/wp-json\/wp\/v2\/comments?post=937"}],"version-history":[{"count":1,"href":"https:\/\/torredonjimenoactualidad.com\/index.php\/wp-json\/wp\/v2\/posts\/937\/revisions"}],"predecessor-version":[{"id":945,"href":"https:\/\/torredonjimenoactualidad.com\/index.php\/wp-json\/wp\/v2\/posts\/937\/revisions\/945"}],"wp:featuredmedia":[{"embeddable":true,"href":"https:\/\/torredonjimenoactualidad.com\/index.php\/wp-json\/wp\/v2\/media\/944"}],"wp:attachment":[{"href":"https:\/\/torredonjimenoactualidad.com\/index.php\/wp-json\/wp\/v2\/media?parent=937"}],"wp:term":[{"taxonomy":"category","embeddable":true,"href":"https:\/\/torredonjimenoactualidad.com\/index.php\/wp-json\/wp\/v2\/categories?post=937"},{"taxonomy":"post_tag","embeddable":true,"href":"https:\/\/torredonjimenoactualidad.com\/index.php\/wp-json\/wp\/v2\/tags?post=937"}],"curies":[{"name":"wp","href":"https:\/\/api.w.org\/{rel}","templated":true}]}}