{"id":928,"date":"2023-08-10T17:15:19","date_gmt":"2023-08-10T17:15:19","guid":{"rendered":"https:\/\/torredonjimenoactualidad.com\/?p=928"},"modified":"2023-08-10T17:17:29","modified_gmt":"2023-08-10T17:17:29","slug":"medio-centenar-de-guardias-civiles-conforman-el-dispositivo-especial-por-la-fiesta-de-la-aparicion-de-la-morenita","status":"publish","type":"post","link":"https:\/\/torredonjimenoactualidad.com\/index.php\/2023\/08\/10\/medio-centenar-de-guardias-civiles-conforman-el-dispositivo-especial-por-la-fiesta-de-la-aparicion-de-la-morenita\/","title":{"rendered":"Medio centenar de guardias civiles conforman el dispositivo especial por la fiesta de la Aparici\u00f3n de La Morenita"},"content":{"rendered":"\n<p>La Guardia Civil ha establecido un dispositivo espec\u00edfico, compuesto por aproximadamente 50 agentes, que velar\u00e1 por el orden p\u00fablico y por la protecci\u00f3n de los asistentes en los diversos actos programados con motivo de la fiesta de la Aparici\u00f3n de la Virgen de la Cabeza en And\u00fajar.<\/p>\n\n\n\n<p>La subdelegada de Gobierno de Espa\u00f1a en Ja\u00e9n, Catalina Madue\u00f1o, ha destacado el \u00abimportante refuerzo de la seguridad\u00bb que se desplegar\u00e1 en And\u00fajar con motivo de esta fiesta que se celebra entre los d\u00edas 11 y 12 de agosto.<\/p>\n\n\n\n<p>\u00abEste a\u00f1o, esta arraigada festividad tiene lugar en un fin de semana, por lo que la previsi\u00f3n es que haya una notable afluencia de personas y de veh\u00edculos en el cerro del Cabezo\u00bb, ha dicho Madue\u00f1o y ha a\u00f1adido que \u00abla Comandancia pone en marcha un operativo especial, en el que participan efectivos de distintas unidades\u00bb.<\/p>\n\n\n\n<p>La subdelegada ha asegurado que se trata de un operativo muy similar al que se pon\u00eda en marcha en los a\u00f1os anteriores a la pandemia\u00bb. \u00abEste a\u00f1o, estamos notando que, en todos los eventos que conllevan una gran afluencia de personas, se est\u00e1 incrementando la participaci\u00f3n, hay m\u00e1s gente\u00bb, ha dicho Madue\u00f1o, que ha apuntado que al coincidir la Aparici\u00f3n con fin de semana, tambi\u00e9n puede influir en un mayor n\u00famero de personas.<\/p>\n\n\n\n<p>\u00abSe ha dise\u00f1ado un operativo amplio, integral, din\u00e1mico y progresivo, es decir, puede incorporar m\u00e1s medios en funci\u00f3n de las necesidades que se vayan dando en cada una de las zonas\u00bb, ha analizado la representante del Ejecutivo.<\/p>\n\n\n\n<p>Madue\u00f1o ha afirmado que el objetivo fundamental de la Guardia Civil es garantizar la seguridad de las personas, as\u00ed como el normal y pac\u00edfico ejercicio de los derechos libertades desplazadas al lugar de la celebraci\u00f3n. \u00abA partir de esa premisa, tienen encomendada la misi\u00f3n de prevenir cualquier delito o falta que pudiera cometerse y velar por la seguridad vial mediante la vigilancia, la ordenaci\u00f3n y la regulaci\u00f3n del tr\u00e1fico en la carretera A-6177, de And\u00fajar al Santuario\u00bb, ha dicho Madue\u00f1o.<\/p>\n\n\n\n<p>Igualmente, la Guardia Civil tambi\u00e9n participa en la defensa del medio ambiente, especialmente en el Parque Natural de la Sierra de And\u00fajar y en el monte p\u00fablico Lugar Nuevo, \u00abdos joyas de gran valor ecol\u00f3gico que deben ser preservadas\u00bb.<\/p>\n\n\n\n<p>En el operativo participan agentes del Subsector de Tr\u00e1fico, que tiene encomendada la vigilancia y el control de las carreteras que confluyen en And\u00fajar y en el Santuario. Tambi\u00e9n habr\u00e1 presencia del Seprona, de efectivos Seguridad Ciudadana, del Servicio de Intervenci\u00f3n R\u00e1pida (SIR), de la Polic\u00eda Judicial, de los T\u00e9dax, de Informaci\u00f3n y del Servicio Cinol\u00f3gico.<\/p>\n\n\n\n<p>\u00abSe trata de un operativo muy amplio y muy bien dimensionado, que tiene un car\u00e1cter eminentemente preventivo y disuasorio, pero que tambi\u00e9n est\u00e1 preparado para dar respuesta a cualquier incidente de orden p\u00fablico que pudiera producirse en las inmediaciones del Santuario y en todo el Cerro del Cabezo\u00bb, ha concluido la subdelegada en funciones, al tiempo que ha destacado la cooperaci\u00f3n con la Polic\u00eda Local de And\u00fajar.<\/p>\n","protected":false},"excerpt":{"rendered":"<p>La Guardia Civil ha establecido un dispositivo espec\u00edfico, compuesto por aproximadamente 50 agentes, que velar\u00e1 por el orden p\u00fablico y por la protecci\u00f3n de los asistentes en los diversos actos programados con motivo de la fiesta de la Aparici\u00f3n de la Virgen de la Cabeza en And\u00fajar. La subdelegada de Gobierno de Espa\u00f1a en Ja\u00e9n, &hellip;<\/p>\n<p class=\"read-more\"> <a class=\"\" href=\"https:\/\/torredonjimenoactualidad.com\/index.php\/2023\/08\/10\/medio-centenar-de-guardias-civiles-conforman-el-dispositivo-especial-por-la-fiesta-de-la-aparicion-de-la-morenita\/\"> <span class=\"screen-reader-text\">Medio centenar de guardias civiles conforman el dispositivo especial por la fiesta de la Aparici\u00f3n de La Morenita<\/span> Leer m\u00e1s &raquo;<\/a><\/p>\n","protected":false},"author":2,"featured_media":929,"comment_status":"open","ping_status":"open","sticky":false,"template":"","format":"standard","meta":{"site-sidebar-layout":"default","site-content-layout":"default","ast-global-header-display":"","ast-main-header-display":"","ast-hfb-above-header-display":"","ast-hfb-below-header-display":"","ast-hfb-mobile-header-display":"","site-post-title":"","ast-breadcrumbs-content":"","ast-featured-img":"","footer-sml-layout":"","theme-transparent-header-meta":"","adv-header-id-meta":"","stick-header-meta":"","header-above-stick-meta":"","header-main-stick-meta":"","header-below-stick-meta":"","footnotes":""},"categories":[8],"tags":[],"class_list":["post-928","post","type-post","status-publish","format-standard","has-post-thumbnail","hentry","category-provincia"],"yoast_head":"<!-- This site is optimized with the Yoast SEO plugin v20.8 - https:\/\/yoast.com\/wordpress\/plugins\/seo\/ -->\n<title>Medio centenar de guardias civiles conforman el dispositivo especial por la fiesta de la Aparici\u00f3n de La Morenita - Torredonjimeno Actualidad<\/title>\n<meta name=\"robots\" content=\"index, follow, max-snippet:-1, max-image-preview:large, max-video-preview:-1\" \/>\n<link rel=\"canonical\" href=\"https:\/\/torredonjimenoactualidad.com\/index.php\/2023\/08\/10\/medio-centenar-de-guardias-civiles-conforman-el-dispositivo-especial-por-la-fiesta-de-la-aparicion-de-la-morenita\/\" \/>\n<meta property=\"og:locale\" content=\"es_ES\" \/>\n<meta property=\"og:type\" content=\"article\" \/>\n<meta property=\"og:title\" content=\"Medio centenar de guardias civiles conforman el dispositivo especial por la fiesta de la Aparici\u00f3n de La Morenita - Torredonjimeno Actualidad\" \/>\n<meta property=\"og:description\" content=\"La Guardia Civil ha establecido un dispositivo espec\u00edfico, compuesto por aproximadamente 50 agentes, que velar\u00e1 por el orden p\u00fablico y por la protecci\u00f3n de los asistentes en los diversos actos programados con motivo de la fiesta de la Aparici\u00f3n de la Virgen de la Cabeza en And\u00fajar. La subdelegada de Gobierno de Espa\u00f1a en Ja\u00e9n, &hellip; Medio centenar de guardias civiles conforman el dispositivo especial por la fiesta de la Aparici\u00f3n de La Morenita Leer m\u00e1s &raquo;\" \/>\n<meta property=\"og:url\" content=\"https:\/\/torredonjimenoactualidad.com\/index.php\/2023\/08\/10\/medio-centenar-de-guardias-civiles-conforman-el-dispositivo-especial-por-la-fiesta-de-la-aparicion-de-la-morenita\/\" \/>\n<meta property=\"og:site_name\" content=\"Torredonjimeno Actualidad\" \/>\n<meta property=\"article:published_time\" content=\"2023-08-10T17:15:19+00:00\" \/>\n<meta property=\"article:modified_time\" content=\"2023-08-10T17:17:29+00:00\" \/>\n<meta property=\"og:image\" content=\"https:\/\/torredonjimenoactualidad.com\/wp-content\/uploads\/2023\/08\/Guardia-civil-El-Cerro.jpg\" \/>\n\t<meta property=\"og:image:width\" content=\"850\" \/>\n\t<meta property=\"og:image:height\" content=\"478\" \/>\n\t<meta property=\"og:image:type\" content=\"image\/jpeg\" \/>\n<meta name=\"author\" content=\"Alba Mar\u00eda Torres\" \/>\n<meta name=\"twitter:card\" content=\"summary_large_image\" \/>\n<meta name=\"twitter:label1\" content=\"Escrito por\" \/>\n\t<meta name=\"twitter:data1\" content=\"Alba Mar\u00eda Torres\" \/>\n\t<meta name=\"twitter:label2\" content=\"Tiempo de lectura\" \/>\n\t<meta name=\"twitter:data2\" content=\"3 minutos\" \/>\n<script type=\"application\/ld+json\" class=\"yoast-schema-graph\">{\"@context\":\"https:\/\/schema.org\",\"@graph\":[{\"@type\":\"Article\",\"@id\":\"https:\/\/torredonjimenoactualidad.com\/index.php\/2023\/08\/10\/medio-centenar-de-guardias-civiles-conforman-el-dispositivo-especial-por-la-fiesta-de-la-aparicion-de-la-morenita\/#article\",\"isPartOf\":{\"@id\":\"https:\/\/torredonjimenoactualidad.com\/index.php\/2023\/08\/10\/medio-centenar-de-guardias-civiles-conforman-el-dispositivo-especial-por-la-fiesta-de-la-aparicion-de-la-morenita\/\"},\"author\":{\"name\":\"Alba Mar\u00eda Torres\",\"@id\":\"https:\/\/torredonjimenoactualidad.com\/#\/schema\/person\/84de5f233e783ef2c75151a532b54977\"},\"headline\":\"Medio centenar de guardias civiles conforman el dispositivo especial por la fiesta de la Aparici\u00f3n de La Morenita\",\"datePublished\":\"2023-08-10T17:15:19+00:00\",\"dateModified\":\"2023-08-10T17:17:29+00:00\",\"mainEntityOfPage\":{\"@id\":\"https:\/\/torredonjimenoactualidad.com\/index.php\/2023\/08\/10\/medio-centenar-de-guardias-civiles-conforman-el-dispositivo-especial-por-la-fiesta-de-la-aparicion-de-la-morenita\/\"},\"wordCount\":566,\"commentCount\":0,\"publisher\":{\"@id\":\"https:\/\/torredonjimenoactualidad.com\/#organization\"},\"articleSection\":[\"provincia\"],\"inLanguage\":\"es\",\"potentialAction\":[{\"@type\":\"CommentAction\",\"name\":\"Comment\",\"target\":[\"https:\/\/torredonjimenoactualidad.com\/index.php\/2023\/08\/10\/medio-centenar-de-guardias-civiles-conforman-el-dispositivo-especial-por-la-fiesta-de-la-aparicion-de-la-morenita\/#respond\"]}]},{\"@type\":\"WebPage\",\"@id\":\"https:\/\/torredonjimenoactualidad.com\/index.php\/2023\/08\/10\/medio-centenar-de-guardias-civiles-conforman-el-dispositivo-especial-por-la-fiesta-de-la-aparicion-de-la-morenita\/\",\"url\":\"https:\/\/torredonjimenoactualidad.com\/index.php\/2023\/08\/10\/medio-centenar-de-guardias-civiles-conforman-el-dispositivo-especial-por-la-fiesta-de-la-aparicion-de-la-morenita\/\",\"name\":\"Medio centenar de guardias civiles conforman el dispositivo especial por la fiesta de la Aparici\u00f3n de La Morenita - Torredonjimeno Actualidad\",\"isPartOf\":{\"@id\":\"https:\/\/torredonjimenoactualidad.com\/#website\"},\"datePublished\":\"2023-08-10T17:15:19+00:00\",\"dateModified\":\"2023-08-10T17:17:29+00:00\",\"breadcrumb\":{\"@id\":\"https:\/\/torredonjimenoactualidad.com\/index.php\/2023\/08\/10\/medio-centenar-de-guardias-civiles-conforman-el-dispositivo-especial-por-la-fiesta-de-la-aparicion-de-la-morenita\/#breadcrumb\"},\"inLanguage\":\"es\",\"potentialAction\":[{\"@type\":\"ReadAction\",\"target\":[\"https:\/\/torredonjimenoactualidad.com\/index.php\/2023\/08\/10\/medio-centenar-de-guardias-civiles-conforman-el-dispositivo-especial-por-la-fiesta-de-la-aparicion-de-la-morenita\/\"]}]},{\"@type\":\"BreadcrumbList\",\"@id\":\"https:\/\/torredonjimenoactualidad.com\/index.php\/2023\/08\/10\/medio-centenar-de-guardias-civiles-conforman-el-dispositivo-especial-por-la-fiesta-de-la-aparicion-de-la-morenita\/#breadcrumb\",\"itemListElement\":[{\"@type\":\"ListItem\",\"position\":1,\"name\":\"Portada\",\"item\":\"https:\/\/torredonjimenoactualidad.com\/\"},{\"@type\":\"ListItem\",\"position\":2,\"name\":\"Medio centenar de guardias civiles conforman el dispositivo especial por la fiesta de la Aparici\u00f3n de La Morenita\"}]},{\"@type\":\"WebSite\",\"@id\":\"https:\/\/torredonjimenoactualidad.com\/#website\",\"url\":\"https:\/\/torredonjimenoactualidad.com\/\",\"name\":\"Torredonjimeno Actualidad\",\"description\":\"\",\"publisher\":{\"@id\":\"https:\/\/torredonjimenoactualidad.com\/#organization\"},\"potentialAction\":[{\"@type\":\"SearchAction\",\"target\":{\"@type\":\"EntryPoint\",\"urlTemplate\":\"https:\/\/torredonjimenoactualidad.com\/?s={search_term_string}\"},\"query-input\":\"required name=search_term_string\"}],\"inLanguage\":\"es\"},{\"@type\":\"Organization\",\"@id\":\"https:\/\/torredonjimenoactualidad.com\/#organization\",\"name\":\"Torredonjimeno Actualidad\",\"url\":\"https:\/\/torredonjimenoactualidad.com\/\",\"logo\":{\"@type\":\"ImageObject\",\"inLanguage\":\"es\",\"@id\":\"https:\/\/torredonjimenoactualidad.com\/#\/schema\/logo\/image\/\",\"url\":\"https:\/\/torredonjimenoactualidad.com\/wp-content\/uploads\/2023\/02\/logo-torredonjimeno-544x180-1.png\",\"contentUrl\":\"https:\/\/torredonjimenoactualidad.com\/wp-content\/uploads\/2023\/02\/logo-torredonjimeno-544x180-1.png\",\"width\":545,\"height\":112,\"caption\":\"Torredonjimeno Actualidad\"},\"image\":{\"@id\":\"https:\/\/torredonjimenoactualidad.com\/#\/schema\/logo\/image\/\"}},{\"@type\":\"Person\",\"@id\":\"https:\/\/torredonjimenoactualidad.com\/#\/schema\/person\/84de5f233e783ef2c75151a532b54977\",\"name\":\"Alba Mar\u00eda Torres\",\"image\":{\"@type\":\"ImageObject\",\"inLanguage\":\"es\",\"@id\":\"https:\/\/torredonjimenoactualidad.com\/#\/schema\/person\/image\/\",\"url\":\"https:\/\/secure.gravatar.com\/avatar\/f9371f188c71501b4475a9ba2a71595850ec72967f800a2ed8e3e2102859ed65?s=96&d=mm&r=g\",\"contentUrl\":\"https:\/\/secure.gravatar.com\/avatar\/f9371f188c71501b4475a9ba2a71595850ec72967f800a2ed8e3e2102859ed65?s=96&d=mm&r=g\",\"caption\":\"Alba Mar\u00eda Torres\"},\"url\":\"https:\/\/torredonjimenoactualidad.com\/index.php\/author\/alba-torres\/\"}]}<\/script>\n<!-- \/ Yoast SEO plugin. -->","yoast_head_json":{"title":"Medio centenar de guardias civiles conforman el dispositivo especial por la fiesta de la Aparici\u00f3n de La Morenita - Torredonjimeno Actualidad","robots":{"index":"index","follow":"follow","max-snippet":"max-snippet:-1","max-image-preview":"max-image-preview:large","max-video-preview":"max-video-preview:-1"},"canonical":"https:\/\/torredonjimenoactualidad.com\/index.php\/2023\/08\/10\/medio-centenar-de-guardias-civiles-conforman-el-dispositivo-especial-por-la-fiesta-de-la-aparicion-de-la-morenita\/","og_locale":"es_ES","og_type":"article","og_title":"Medio centenar de guardias civiles conforman el dispositivo especial por la fiesta de la Aparici\u00f3n de La Morenita - Torredonjimeno Actualidad","og_description":"La Guardia Civil ha establecido un dispositivo espec\u00edfico, compuesto por aproximadamente 50 agentes, que velar\u00e1 por el orden p\u00fablico y por la protecci\u00f3n de los asistentes en los diversos actos programados con motivo de la fiesta de la Aparici\u00f3n de la Virgen de la Cabeza en And\u00fajar. La subdelegada de Gobierno de Espa\u00f1a en Ja\u00e9n, &hellip; Medio centenar de guardias civiles conforman el dispositivo especial por la fiesta de la Aparici\u00f3n de La Morenita Leer m\u00e1s &raquo;","og_url":"https:\/\/torredonjimenoactualidad.com\/index.php\/2023\/08\/10\/medio-centenar-de-guardias-civiles-conforman-el-dispositivo-especial-por-la-fiesta-de-la-aparicion-de-la-morenita\/","og_site_name":"Torredonjimeno Actualidad","article_published_time":"2023-08-10T17:15:19+00:00","article_modified_time":"2023-08-10T17:17:29+00:00","og_image":[{"width":850,"height":478,"url":"https:\/\/torredonjimenoactualidad.com\/wp-content\/uploads\/2023\/08\/Guardia-civil-El-Cerro.jpg","type":"image\/jpeg"}],"author":"Alba Mar\u00eda Torres","twitter_card":"summary_large_image","twitter_misc":{"Escrito por":"Alba Mar\u00eda Torres","Tiempo de lectura":"3 minutos"},"schema":{"@context":"https:\/\/schema.org","@graph":[{"@type":"Article","@id":"https:\/\/torredonjimenoactualidad.com\/index.php\/2023\/08\/10\/medio-centenar-de-guardias-civiles-conforman-el-dispositivo-especial-por-la-fiesta-de-la-aparicion-de-la-morenita\/#article","isPartOf":{"@id":"https:\/\/torredonjimenoactualidad.com\/index.php\/2023\/08\/10\/medio-centenar-de-guardias-civiles-conforman-el-dispositivo-especial-por-la-fiesta-de-la-aparicion-de-la-morenita\/"},"author":{"name":"Alba Mar\u00eda Torres","@id":"https:\/\/torredonjimenoactualidad.com\/#\/schema\/person\/84de5f233e783ef2c75151a532b54977"},"headline":"Medio centenar de guardias civiles conforman el dispositivo especial por la fiesta de la Aparici\u00f3n de La Morenita","datePublished":"2023-08-10T17:15:19+00:00","dateModified":"2023-08-10T17:17:29+00:00","mainEntityOfPage":{"@id":"https:\/\/torredonjimenoactualidad.com\/index.php\/2023\/08\/10\/medio-centenar-de-guardias-civiles-conforman-el-dispositivo-especial-por-la-fiesta-de-la-aparicion-de-la-morenita\/"},"wordCount":566,"commentCount":0,"publisher":{"@id":"https:\/\/torredonjimenoactualidad.com\/#organization"},"articleSection":["provincia"],"inLanguage":"es","potentialAction":[{"@type":"CommentAction","name":"Comment","target":["https:\/\/torredonjimenoactualidad.com\/index.php\/2023\/08\/10\/medio-centenar-de-guardias-civiles-conforman-el-dispositivo-especial-por-la-fiesta-de-la-aparicion-de-la-morenita\/#respond"]}]},{"@type":"WebPage","@id":"https:\/\/torredonjimenoactualidad.com\/index.php\/2023\/08\/10\/medio-centenar-de-guardias-civiles-conforman-el-dispositivo-especial-por-la-fiesta-de-la-aparicion-de-la-morenita\/","url":"https:\/\/torredonjimenoactualidad.com\/index.php\/2023\/08\/10\/medio-centenar-de-guardias-civiles-conforman-el-dispositivo-especial-por-la-fiesta-de-la-aparicion-de-la-morenita\/","name":"Medio centenar de guardias civiles conforman el dispositivo especial por la fiesta de la Aparici\u00f3n de La Morenita - Torredonjimeno Actualidad","isPartOf":{"@id":"https:\/\/torredonjimenoactualidad.com\/#website"},"datePublished":"2023-08-10T17:15:19+00:00","dateModified":"2023-08-10T17:17:29+00:00","breadcrumb":{"@id":"https:\/\/torredonjimenoactualidad.com\/index.php\/2023\/08\/10\/medio-centenar-de-guardias-civiles-conforman-el-dispositivo-especial-por-la-fiesta-de-la-aparicion-de-la-morenita\/#breadcrumb"},"inLanguage":"es","potentialAction":[{"@type":"ReadAction","target":["https:\/\/torredonjimenoactualidad.com\/index.php\/2023\/08\/10\/medio-centenar-de-guardias-civiles-conforman-el-dispositivo-especial-por-la-fiesta-de-la-aparicion-de-la-morenita\/"]}]},{"@type":"BreadcrumbList","@id":"https:\/\/torredonjimenoactualidad.com\/index.php\/2023\/08\/10\/medio-centenar-de-guardias-civiles-conforman-el-dispositivo-especial-por-la-fiesta-de-la-aparicion-de-la-morenita\/#breadcrumb","itemListElement":[{"@type":"ListItem","position":1,"name":"Portada","item":"https:\/\/torredonjimenoactualidad.com\/"},{"@type":"ListItem","position":2,"name":"Medio centenar de guardias civiles conforman el dispositivo especial por la fiesta de la Aparici\u00f3n de La Morenita"}]},{"@type":"WebSite","@id":"https:\/\/torredonjimenoactualidad.com\/#website","url":"https:\/\/torredonjimenoactualidad.com\/","name":"Torredonjimeno Actualidad","description":"","publisher":{"@id":"https:\/\/torredonjimenoactualidad.com\/#organization"},"potentialAction":[{"@type":"SearchAction","target":{"@type":"EntryPoint","urlTemplate":"https:\/\/torredonjimenoactualidad.com\/?s={search_term_string}"},"query-input":"required name=search_term_string"}],"inLanguage":"es"},{"@type":"Organization","@id":"https:\/\/torredonjimenoactualidad.com\/#organization","name":"Torredonjimeno Actualidad","url":"https:\/\/torredonjimenoactualidad.com\/","logo":{"@type":"ImageObject","inLanguage":"es","@id":"https:\/\/torredonjimenoactualidad.com\/#\/schema\/logo\/image\/","url":"https:\/\/torredonjimenoactualidad.com\/wp-content\/uploads\/2023\/02\/logo-torredonjimeno-544x180-1.png","contentUrl":"https:\/\/torredonjimenoactualidad.com\/wp-content\/uploads\/2023\/02\/logo-torredonjimeno-544x180-1.png","width":545,"height":112,"caption":"Torredonjimeno Actualidad"},"image":{"@id":"https:\/\/torredonjimenoactualidad.com\/#\/schema\/logo\/image\/"}},{"@type":"Person","@id":"https:\/\/torredonjimenoactualidad.com\/#\/schema\/person\/84de5f233e783ef2c75151a532b54977","name":"Alba Mar\u00eda Torres","image":{"@type":"ImageObject","inLanguage":"es","@id":"https:\/\/torredonjimenoactualidad.com\/#\/schema\/person\/image\/","url":"https:\/\/secure.gravatar.com\/avatar\/f9371f188c71501b4475a9ba2a71595850ec72967f800a2ed8e3e2102859ed65?s=96&d=mm&r=g","contentUrl":"https:\/\/secure.gravatar.com\/avatar\/f9371f188c71501b4475a9ba2a71595850ec72967f800a2ed8e3e2102859ed65?s=96&d=mm&r=g","caption":"Alba Mar\u00eda Torres"},"url":"https:\/\/torredonjimenoactualidad.com\/index.php\/author\/alba-torres\/"}]}},"_links":{"self":[{"href":"https:\/\/torredonjimenoactualidad.com\/index.php\/wp-json\/wp\/v2\/posts\/928","targetHints":{"allow":["GET"]}}],"collection":[{"href":"https:\/\/torredonjimenoactualidad.com\/index.php\/wp-json\/wp\/v2\/posts"}],"about":[{"href":"https:\/\/torredonjimenoactualidad.com\/index.php\/wp-json\/wp\/v2\/types\/post"}],"author":[{"embeddable":true,"href":"https:\/\/torredonjimenoactualidad.com\/index.php\/wp-json\/wp\/v2\/users\/2"}],"replies":[{"embeddable":true,"href":"https:\/\/torredonjimenoactualidad.com\/index.php\/wp-json\/wp\/v2\/comments?post=928"}],"version-history":[{"count":2,"href":"https:\/\/torredonjimenoactualidad.com\/index.php\/wp-json\/wp\/v2\/posts\/928\/revisions"}],"predecessor-version":[{"id":931,"href":"https:\/\/torredonjimenoactualidad.com\/index.php\/wp-json\/wp\/v2\/posts\/928\/revisions\/931"}],"wp:featuredmedia":[{"embeddable":true,"href":"https:\/\/torredonjimenoactualidad.com\/index.php\/wp-json\/wp\/v2\/media\/929"}],"wp:attachment":[{"href":"https:\/\/torredonjimenoactualidad.com\/index.php\/wp-json\/wp\/v2\/media?parent=928"}],"wp:term":[{"taxonomy":"category","embeddable":true,"href":"https:\/\/torredonjimenoactualidad.com\/index.php\/wp-json\/wp\/v2\/categories?post=928"},{"taxonomy":"post_tag","embeddable":true,"href":"https:\/\/torredonjimenoactualidad.com\/index.php\/wp-json\/wp\/v2\/tags?post=928"}],"curies":[{"name":"wp","href":"https:\/\/api.w.org\/{rel}","templated":true}]}}