{"id":924,"date":"2023-08-10T06:23:58","date_gmt":"2023-08-10T06:23:58","guid":{"rendered":"https:\/\/torredonjimenoactualidad.com\/?p=924"},"modified":"2023-08-10T06:24:22","modified_gmt":"2023-08-10T06:24:22","slug":"salud-organiza-un-dispositivo-especial-por-la-celebracion-en-andujar-de-la-aparicion-de-la-virgen-de-la-cabeza","status":"publish","type":"post","link":"https:\/\/torredonjimenoactualidad.com\/index.php\/2023\/08\/10\/salud-organiza-un-dispositivo-especial-por-la-celebracion-en-andujar-de-la-aparicion-de-la-virgen-de-la-cabeza\/","title":{"rendered":"Salud organiza un dispositivo especial por la celebraci\u00f3n en And\u00fajar de la Aparici\u00f3n de la Virgen de la Cabeza"},"content":{"rendered":"\n<p>El \u00c1rea Sanitaria Norte de Ja\u00e9n apoyar\u00e1, en la madrugada del pr\u00f3ximo d\u00eda 11 al 12 de agosto, la salida de la Virgen de la Cabeza al Cerro del Cabezo mediante un dispositivo especial, disponible durante el fin de semana en el municipio de And\u00fajar, en caso de que sea necesario.<\/p>\n\n\n\n<p>As\u00ed, tal y como ha informado la Delegaci\u00f3n de Salud en una nota, para la conmemoraci\u00f3n de la Aparici\u00f3n se contar\u00e1 con dos equipos sanitarios completos y dos ambulancias, que estar\u00e1n a disposici\u00f3n del centro coordinador (EPES 061), que ser\u00e1 el encargado de su activaci\u00f3n. Adem\u00e1s del material sanitario, estar\u00e1n preparados para atender las urgencias que puedan producirse dos m\u00e9dicos, dos enfermeros, dos t\u00e9cnicos y un celador.<\/p>\n\n\n\n<p>\u00abLos equipos de la localidad de And\u00fajar estar\u00e1n dispuestos para intervenir, en caso de que as\u00ed se requiera, para atender los romeros que lo precisen, siempre en coordinaci\u00f3n con EPES 061\u00bb, ha destacado la delegada territorial de Salud y Consumo, Elena Gonz\u00e1lez.<\/p>\n\n\n\n<p>Estas unidades se suman al dispositivo dispuesto por Protecci\u00f3n Civil, que se pondr\u00e1 en marcha a las 19,00 horas, y estar\u00e1 activo hasta las 4,00 horas del d\u00eda 12. El dispositivo estar\u00e1 formado por un m\u00e9dico, un enfermero, cinco t\u00e9cnico de emergencias sanitarias, tres t\u00e9cnico superiores sanitarios y cinco socorristas.<\/p>\n\n\n\n<p>En cuanto a medios, se cuenta con una ambulancia de soporte vital avanzado disponibles, y dos veh\u00edculos todoterreno, uno de ellos para traslado sanitario, dos motocicletas, una carpa de asistencia sanitaria, as\u00ed como material de inmovilizaci\u00f3n y t\u00e9cnico sanitario.<\/p>\n\n\n\n<p>Durante este a\u00f1o, el Centro de Emergencias Sanitarias 061, perteneciente al Servicio Andaluz de Salud de la Consejer\u00eda de Salud y Consumo, ya puso en marcha un dispositivo sanitario especial para la atenci\u00f3n de los romeros que se desplazaron al Parque Natural de la Sierra de And\u00fajar para celebrar la Virgen de la Cabeza, el pasado mes de abril<\/p>\n","protected":false},"excerpt":{"rendered":"<p>El \u00c1rea Sanitaria Norte de Ja\u00e9n apoyar\u00e1, en la madrugada del pr\u00f3ximo d\u00eda 11 al 12 de agosto, la salida de la Virgen de la Cabeza al Cerro del Cabezo mediante un dispositivo especial, disponible durante el fin de semana en el municipio de And\u00fajar, en caso de que sea necesario. As\u00ed, tal y como &hellip;<\/p>\n<p class=\"read-more\"> <a class=\"\" href=\"https:\/\/torredonjimenoactualidad.com\/index.php\/2023\/08\/10\/salud-organiza-un-dispositivo-especial-por-la-celebracion-en-andujar-de-la-aparicion-de-la-virgen-de-la-cabeza\/\"> <span class=\"screen-reader-text\">Salud organiza un dispositivo especial por la celebraci\u00f3n en And\u00fajar de la Aparici\u00f3n de la Virgen de la Cabeza<\/span> Leer m\u00e1s &raquo;<\/a><\/p>\n","protected":false},"author":2,"featured_media":925,"comment_status":"closed","ping_status":"open","sticky":false,"template":"","format":"standard","meta":{"site-sidebar-layout":"default","site-content-layout":"default","ast-global-header-display":"","ast-main-header-display":"","ast-hfb-above-header-display":"","ast-hfb-below-header-display":"","ast-hfb-mobile-header-display":"","site-post-title":"","ast-breadcrumbs-content":"","ast-featured-img":"","footer-sml-layout":"","theme-transparent-header-meta":"","adv-header-id-meta":"","stick-header-meta":"","header-above-stick-meta":"","header-main-stick-meta":"","header-below-stick-meta":"","footnotes":""},"categories":[8],"tags":[],"class_list":["post-924","post","type-post","status-publish","format-standard","has-post-thumbnail","hentry","category-provincia"],"yoast_head":"<!-- This site is optimized with the Yoast SEO plugin v20.8 - https:\/\/yoast.com\/wordpress\/plugins\/seo\/ -->\n<title>Salud organiza un dispositivo especial por la celebraci\u00f3n en And\u00fajar de la Aparici\u00f3n de la Virgen de la Cabeza - Torredonjimeno Actualidad<\/title>\n<meta name=\"robots\" content=\"index, follow, max-snippet:-1, max-image-preview:large, max-video-preview:-1\" \/>\n<link rel=\"canonical\" href=\"https:\/\/torredonjimenoactualidad.com\/index.php\/2023\/08\/10\/salud-organiza-un-dispositivo-especial-por-la-celebracion-en-andujar-de-la-aparicion-de-la-virgen-de-la-cabeza\/\" \/>\n<meta property=\"og:locale\" content=\"es_ES\" \/>\n<meta property=\"og:type\" content=\"article\" \/>\n<meta property=\"og:title\" content=\"Salud organiza un dispositivo especial por la celebraci\u00f3n en And\u00fajar de la Aparici\u00f3n de la Virgen de la Cabeza - Torredonjimeno Actualidad\" \/>\n<meta property=\"og:description\" content=\"El \u00c1rea Sanitaria Norte de Ja\u00e9n apoyar\u00e1, en la madrugada del pr\u00f3ximo d\u00eda 11 al 12 de agosto, la salida de la Virgen de la Cabeza al Cerro del Cabezo mediante un dispositivo especial, disponible durante el fin de semana en el municipio de And\u00fajar, en caso de que sea necesario. As\u00ed, tal y como &hellip; Salud organiza un dispositivo especial por la celebraci\u00f3n en And\u00fajar de la Aparici\u00f3n de la Virgen de la Cabeza Leer m\u00e1s &raquo;\" \/>\n<meta property=\"og:url\" content=\"https:\/\/torredonjimenoactualidad.com\/index.php\/2023\/08\/10\/salud-organiza-un-dispositivo-especial-por-la-celebracion-en-andujar-de-la-aparicion-de-la-virgen-de-la-cabeza\/\" \/>\n<meta property=\"og:site_name\" content=\"Torredonjimeno Actualidad\" \/>\n<meta property=\"article:published_time\" content=\"2023-08-10T06:23:58+00:00\" \/>\n<meta property=\"article:modified_time\" content=\"2023-08-10T06:24:22+00:00\" \/>\n<meta property=\"og:image\" content=\"https:\/\/torredonjimenoactualidad.com\/wp-content\/uploads\/2023\/08\/fotonoticia_20230809122620_1920-2.jpg\" \/>\n\t<meta property=\"og:image:width\" content=\"1920\" \/>\n\t<meta property=\"og:image:height\" content=\"1098\" \/>\n\t<meta property=\"og:image:type\" content=\"image\/jpeg\" \/>\n<meta name=\"author\" content=\"Alba Mar\u00eda Torres\" \/>\n<meta name=\"twitter:card\" content=\"summary_large_image\" \/>\n<meta name=\"twitter:label1\" content=\"Escrito por\" \/>\n\t<meta name=\"twitter:data1\" content=\"Alba Mar\u00eda Torres\" \/>\n\t<meta name=\"twitter:label2\" content=\"Tiempo de lectura\" \/>\n\t<meta name=\"twitter:data2\" content=\"2 minutos\" \/>\n<script type=\"application\/ld+json\" class=\"yoast-schema-graph\">{\"@context\":\"https:\/\/schema.org\",\"@graph\":[{\"@type\":\"Article\",\"@id\":\"https:\/\/torredonjimenoactualidad.com\/index.php\/2023\/08\/10\/salud-organiza-un-dispositivo-especial-por-la-celebracion-en-andujar-de-la-aparicion-de-la-virgen-de-la-cabeza\/#article\",\"isPartOf\":{\"@id\":\"https:\/\/torredonjimenoactualidad.com\/index.php\/2023\/08\/10\/salud-organiza-un-dispositivo-especial-por-la-celebracion-en-andujar-de-la-aparicion-de-la-virgen-de-la-cabeza\/\"},\"author\":{\"name\":\"Alba Mar\u00eda Torres\",\"@id\":\"https:\/\/torredonjimenoactualidad.com\/#\/schema\/person\/84de5f233e783ef2c75151a532b54977\"},\"headline\":\"Salud organiza un dispositivo especial por la celebraci\u00f3n en And\u00fajar de la Aparici\u00f3n de la Virgen de la Cabeza\",\"datePublished\":\"2023-08-10T06:23:58+00:00\",\"dateModified\":\"2023-08-10T06:24:22+00:00\",\"mainEntityOfPage\":{\"@id\":\"https:\/\/torredonjimenoactualidad.com\/index.php\/2023\/08\/10\/salud-organiza-un-dispositivo-especial-por-la-celebracion-en-andujar-de-la-aparicion-de-la-virgen-de-la-cabeza\/\"},\"wordCount\":352,\"publisher\":{\"@id\":\"https:\/\/torredonjimenoactualidad.com\/#organization\"},\"articleSection\":[\"provincia\"],\"inLanguage\":\"es\"},{\"@type\":\"WebPage\",\"@id\":\"https:\/\/torredonjimenoactualidad.com\/index.php\/2023\/08\/10\/salud-organiza-un-dispositivo-especial-por-la-celebracion-en-andujar-de-la-aparicion-de-la-virgen-de-la-cabeza\/\",\"url\":\"https:\/\/torredonjimenoactualidad.com\/index.php\/2023\/08\/10\/salud-organiza-un-dispositivo-especial-por-la-celebracion-en-andujar-de-la-aparicion-de-la-virgen-de-la-cabeza\/\",\"name\":\"Salud organiza un dispositivo especial por la celebraci\u00f3n en And\u00fajar de la Aparici\u00f3n de la Virgen de la Cabeza - Torredonjimeno Actualidad\",\"isPartOf\":{\"@id\":\"https:\/\/torredonjimenoactualidad.com\/#website\"},\"datePublished\":\"2023-08-10T06:23:58+00:00\",\"dateModified\":\"2023-08-10T06:24:22+00:00\",\"breadcrumb\":{\"@id\":\"https:\/\/torredonjimenoactualidad.com\/index.php\/2023\/08\/10\/salud-organiza-un-dispositivo-especial-por-la-celebracion-en-andujar-de-la-aparicion-de-la-virgen-de-la-cabeza\/#breadcrumb\"},\"inLanguage\":\"es\",\"potentialAction\":[{\"@type\":\"ReadAction\",\"target\":[\"https:\/\/torredonjimenoactualidad.com\/index.php\/2023\/08\/10\/salud-organiza-un-dispositivo-especial-por-la-celebracion-en-andujar-de-la-aparicion-de-la-virgen-de-la-cabeza\/\"]}]},{\"@type\":\"BreadcrumbList\",\"@id\":\"https:\/\/torredonjimenoactualidad.com\/index.php\/2023\/08\/10\/salud-organiza-un-dispositivo-especial-por-la-celebracion-en-andujar-de-la-aparicion-de-la-virgen-de-la-cabeza\/#breadcrumb\",\"itemListElement\":[{\"@type\":\"ListItem\",\"position\":1,\"name\":\"Portada\",\"item\":\"https:\/\/torredonjimenoactualidad.com\/\"},{\"@type\":\"ListItem\",\"position\":2,\"name\":\"Salud organiza un dispositivo especial por la celebraci\u00f3n en And\u00fajar de la Aparici\u00f3n de la Virgen de la Cabeza\"}]},{\"@type\":\"WebSite\",\"@id\":\"https:\/\/torredonjimenoactualidad.com\/#website\",\"url\":\"https:\/\/torredonjimenoactualidad.com\/\",\"name\":\"Torredonjimeno Actualidad\",\"description\":\"\",\"publisher\":{\"@id\":\"https:\/\/torredonjimenoactualidad.com\/#organization\"},\"potentialAction\":[{\"@type\":\"SearchAction\",\"target\":{\"@type\":\"EntryPoint\",\"urlTemplate\":\"https:\/\/torredonjimenoactualidad.com\/?s={search_term_string}\"},\"query-input\":\"required name=search_term_string\"}],\"inLanguage\":\"es\"},{\"@type\":\"Organization\",\"@id\":\"https:\/\/torredonjimenoactualidad.com\/#organization\",\"name\":\"Torredonjimeno Actualidad\",\"url\":\"https:\/\/torredonjimenoactualidad.com\/\",\"logo\":{\"@type\":\"ImageObject\",\"inLanguage\":\"es\",\"@id\":\"https:\/\/torredonjimenoactualidad.com\/#\/schema\/logo\/image\/\",\"url\":\"https:\/\/torredonjimenoactualidad.com\/wp-content\/uploads\/2023\/02\/logo-torredonjimeno-544x180-1.png\",\"contentUrl\":\"https:\/\/torredonjimenoactualidad.com\/wp-content\/uploads\/2023\/02\/logo-torredonjimeno-544x180-1.png\",\"width\":545,\"height\":112,\"caption\":\"Torredonjimeno Actualidad\"},\"image\":{\"@id\":\"https:\/\/torredonjimenoactualidad.com\/#\/schema\/logo\/image\/\"}},{\"@type\":\"Person\",\"@id\":\"https:\/\/torredonjimenoactualidad.com\/#\/schema\/person\/84de5f233e783ef2c75151a532b54977\",\"name\":\"Alba Mar\u00eda Torres\",\"image\":{\"@type\":\"ImageObject\",\"inLanguage\":\"es\",\"@id\":\"https:\/\/torredonjimenoactualidad.com\/#\/schema\/person\/image\/\",\"url\":\"https:\/\/secure.gravatar.com\/avatar\/f9371f188c71501b4475a9ba2a71595850ec72967f800a2ed8e3e2102859ed65?s=96&d=mm&r=g\",\"contentUrl\":\"https:\/\/secure.gravatar.com\/avatar\/f9371f188c71501b4475a9ba2a71595850ec72967f800a2ed8e3e2102859ed65?s=96&d=mm&r=g\",\"caption\":\"Alba Mar\u00eda Torres\"},\"url\":\"https:\/\/torredonjimenoactualidad.com\/index.php\/author\/alba-torres\/\"}]}<\/script>\n<!-- \/ Yoast SEO plugin. -->","yoast_head_json":{"title":"Salud organiza un dispositivo especial por la celebraci\u00f3n en And\u00fajar de la Aparici\u00f3n de la Virgen de la Cabeza - Torredonjimeno Actualidad","robots":{"index":"index","follow":"follow","max-snippet":"max-snippet:-1","max-image-preview":"max-image-preview:large","max-video-preview":"max-video-preview:-1"},"canonical":"https:\/\/torredonjimenoactualidad.com\/index.php\/2023\/08\/10\/salud-organiza-un-dispositivo-especial-por-la-celebracion-en-andujar-de-la-aparicion-de-la-virgen-de-la-cabeza\/","og_locale":"es_ES","og_type":"article","og_title":"Salud organiza un dispositivo especial por la celebraci\u00f3n en And\u00fajar de la Aparici\u00f3n de la Virgen de la Cabeza - Torredonjimeno Actualidad","og_description":"El \u00c1rea Sanitaria Norte de Ja\u00e9n apoyar\u00e1, en la madrugada del pr\u00f3ximo d\u00eda 11 al 12 de agosto, la salida de la Virgen de la Cabeza al Cerro del Cabezo mediante un dispositivo especial, disponible durante el fin de semana en el municipio de And\u00fajar, en caso de que sea necesario. As\u00ed, tal y como &hellip; Salud organiza un dispositivo especial por la celebraci\u00f3n en And\u00fajar de la Aparici\u00f3n de la Virgen de la Cabeza Leer m\u00e1s &raquo;","og_url":"https:\/\/torredonjimenoactualidad.com\/index.php\/2023\/08\/10\/salud-organiza-un-dispositivo-especial-por-la-celebracion-en-andujar-de-la-aparicion-de-la-virgen-de-la-cabeza\/","og_site_name":"Torredonjimeno Actualidad","article_published_time":"2023-08-10T06:23:58+00:00","article_modified_time":"2023-08-10T06:24:22+00:00","og_image":[{"width":1920,"height":1098,"url":"https:\/\/torredonjimenoactualidad.com\/wp-content\/uploads\/2023\/08\/fotonoticia_20230809122620_1920-2.jpg","type":"image\/jpeg"}],"author":"Alba Mar\u00eda Torres","twitter_card":"summary_large_image","twitter_misc":{"Escrito por":"Alba Mar\u00eda Torres","Tiempo de lectura":"2 minutos"},"schema":{"@context":"https:\/\/schema.org","@graph":[{"@type":"Article","@id":"https:\/\/torredonjimenoactualidad.com\/index.php\/2023\/08\/10\/salud-organiza-un-dispositivo-especial-por-la-celebracion-en-andujar-de-la-aparicion-de-la-virgen-de-la-cabeza\/#article","isPartOf":{"@id":"https:\/\/torredonjimenoactualidad.com\/index.php\/2023\/08\/10\/salud-organiza-un-dispositivo-especial-por-la-celebracion-en-andujar-de-la-aparicion-de-la-virgen-de-la-cabeza\/"},"author":{"name":"Alba Mar\u00eda Torres","@id":"https:\/\/torredonjimenoactualidad.com\/#\/schema\/person\/84de5f233e783ef2c75151a532b54977"},"headline":"Salud organiza un dispositivo especial por la celebraci\u00f3n en And\u00fajar de la Aparici\u00f3n de la Virgen de la Cabeza","datePublished":"2023-08-10T06:23:58+00:00","dateModified":"2023-08-10T06:24:22+00:00","mainEntityOfPage":{"@id":"https:\/\/torredonjimenoactualidad.com\/index.php\/2023\/08\/10\/salud-organiza-un-dispositivo-especial-por-la-celebracion-en-andujar-de-la-aparicion-de-la-virgen-de-la-cabeza\/"},"wordCount":352,"publisher":{"@id":"https:\/\/torredonjimenoactualidad.com\/#organization"},"articleSection":["provincia"],"inLanguage":"es"},{"@type":"WebPage","@id":"https:\/\/torredonjimenoactualidad.com\/index.php\/2023\/08\/10\/salud-organiza-un-dispositivo-especial-por-la-celebracion-en-andujar-de-la-aparicion-de-la-virgen-de-la-cabeza\/","url":"https:\/\/torredonjimenoactualidad.com\/index.php\/2023\/08\/10\/salud-organiza-un-dispositivo-especial-por-la-celebracion-en-andujar-de-la-aparicion-de-la-virgen-de-la-cabeza\/","name":"Salud organiza un dispositivo especial por la celebraci\u00f3n en And\u00fajar de la Aparici\u00f3n de la Virgen de la Cabeza - Torredonjimeno Actualidad","isPartOf":{"@id":"https:\/\/torredonjimenoactualidad.com\/#website"},"datePublished":"2023-08-10T06:23:58+00:00","dateModified":"2023-08-10T06:24:22+00:00","breadcrumb":{"@id":"https:\/\/torredonjimenoactualidad.com\/index.php\/2023\/08\/10\/salud-organiza-un-dispositivo-especial-por-la-celebracion-en-andujar-de-la-aparicion-de-la-virgen-de-la-cabeza\/#breadcrumb"},"inLanguage":"es","potentialAction":[{"@type":"ReadAction","target":["https:\/\/torredonjimenoactualidad.com\/index.php\/2023\/08\/10\/salud-organiza-un-dispositivo-especial-por-la-celebracion-en-andujar-de-la-aparicion-de-la-virgen-de-la-cabeza\/"]}]},{"@type":"BreadcrumbList","@id":"https:\/\/torredonjimenoactualidad.com\/index.php\/2023\/08\/10\/salud-organiza-un-dispositivo-especial-por-la-celebracion-en-andujar-de-la-aparicion-de-la-virgen-de-la-cabeza\/#breadcrumb","itemListElement":[{"@type":"ListItem","position":1,"name":"Portada","item":"https:\/\/torredonjimenoactualidad.com\/"},{"@type":"ListItem","position":2,"name":"Salud organiza un dispositivo especial por la celebraci\u00f3n en And\u00fajar de la Aparici\u00f3n de la Virgen de la Cabeza"}]},{"@type":"WebSite","@id":"https:\/\/torredonjimenoactualidad.com\/#website","url":"https:\/\/torredonjimenoactualidad.com\/","name":"Torredonjimeno Actualidad","description":"","publisher":{"@id":"https:\/\/torredonjimenoactualidad.com\/#organization"},"potentialAction":[{"@type":"SearchAction","target":{"@type":"EntryPoint","urlTemplate":"https:\/\/torredonjimenoactualidad.com\/?s={search_term_string}"},"query-input":"required name=search_term_string"}],"inLanguage":"es"},{"@type":"Organization","@id":"https:\/\/torredonjimenoactualidad.com\/#organization","name":"Torredonjimeno Actualidad","url":"https:\/\/torredonjimenoactualidad.com\/","logo":{"@type":"ImageObject","inLanguage":"es","@id":"https:\/\/torredonjimenoactualidad.com\/#\/schema\/logo\/image\/","url":"https:\/\/torredonjimenoactualidad.com\/wp-content\/uploads\/2023\/02\/logo-torredonjimeno-544x180-1.png","contentUrl":"https:\/\/torredonjimenoactualidad.com\/wp-content\/uploads\/2023\/02\/logo-torredonjimeno-544x180-1.png","width":545,"height":112,"caption":"Torredonjimeno Actualidad"},"image":{"@id":"https:\/\/torredonjimenoactualidad.com\/#\/schema\/logo\/image\/"}},{"@type":"Person","@id":"https:\/\/torredonjimenoactualidad.com\/#\/schema\/person\/84de5f233e783ef2c75151a532b54977","name":"Alba Mar\u00eda Torres","image":{"@type":"ImageObject","inLanguage":"es","@id":"https:\/\/torredonjimenoactualidad.com\/#\/schema\/person\/image\/","url":"https:\/\/secure.gravatar.com\/avatar\/f9371f188c71501b4475a9ba2a71595850ec72967f800a2ed8e3e2102859ed65?s=96&d=mm&r=g","contentUrl":"https:\/\/secure.gravatar.com\/avatar\/f9371f188c71501b4475a9ba2a71595850ec72967f800a2ed8e3e2102859ed65?s=96&d=mm&r=g","caption":"Alba Mar\u00eda Torres"},"url":"https:\/\/torredonjimenoactualidad.com\/index.php\/author\/alba-torres\/"}]}},"_links":{"self":[{"href":"https:\/\/torredonjimenoactualidad.com\/index.php\/wp-json\/wp\/v2\/posts\/924","targetHints":{"allow":["GET"]}}],"collection":[{"href":"https:\/\/torredonjimenoactualidad.com\/index.php\/wp-json\/wp\/v2\/posts"}],"about":[{"href":"https:\/\/torredonjimenoactualidad.com\/index.php\/wp-json\/wp\/v2\/types\/post"}],"author":[{"embeddable":true,"href":"https:\/\/torredonjimenoactualidad.com\/index.php\/wp-json\/wp\/v2\/users\/2"}],"replies":[{"embeddable":true,"href":"https:\/\/torredonjimenoactualidad.com\/index.php\/wp-json\/wp\/v2\/comments?post=924"}],"version-history":[{"count":2,"href":"https:\/\/torredonjimenoactualidad.com\/index.php\/wp-json\/wp\/v2\/posts\/924\/revisions"}],"predecessor-version":[{"id":927,"href":"https:\/\/torredonjimenoactualidad.com\/index.php\/wp-json\/wp\/v2\/posts\/924\/revisions\/927"}],"wp:featuredmedia":[{"embeddable":true,"href":"https:\/\/torredonjimenoactualidad.com\/index.php\/wp-json\/wp\/v2\/media\/925"}],"wp:attachment":[{"href":"https:\/\/torredonjimenoactualidad.com\/index.php\/wp-json\/wp\/v2\/media?parent=924"}],"wp:term":[{"taxonomy":"category","embeddable":true,"href":"https:\/\/torredonjimenoactualidad.com\/index.php\/wp-json\/wp\/v2\/categories?post=924"},{"taxonomy":"post_tag","embeddable":true,"href":"https:\/\/torredonjimenoactualidad.com\/index.php\/wp-json\/wp\/v2\/tags?post=924"}],"curies":[{"name":"wp","href":"https:\/\/api.w.org\/{rel}","templated":true}]}}