{"id":921,"date":"2023-08-09T06:39:52","date_gmt":"2023-08-09T06:39:52","guid":{"rendered":"https:\/\/torredonjimenoactualidad.com\/?p=921"},"modified":"2023-08-09T06:39:54","modified_gmt":"2023-08-09T06:39:54","slug":"la-diputacion-promueve-una-campana-de-prevencion-y-concienciacion-sobre-el-acoso-sexual","status":"publish","type":"post","link":"https:\/\/torredonjimenoactualidad.com\/index.php\/2023\/08\/09\/la-diputacion-promueve-una-campana-de-prevencion-y-concienciacion-sobre-el-acoso-sexual\/","title":{"rendered":"La Diputaci\u00f3n promueve una campa\u00f1a de prevenci\u00f3n y concienciaci\u00f3n sobre el acoso sexual"},"content":{"rendered":"\n<p>La Diputaci\u00f3n Provincial de Ja\u00e9n ha puesto en marcha un a\u00f1o m\u00e1s una campa\u00f1a dirigida a concienciar a la ciudadan\u00eda sobre el acoso sexual y contribuir a prevenir situaciones de violencia sobre las mujeres y las ni\u00f1as, coincidiendo con la celebraci\u00f3n en numerosos municipios jiennenses de sus fiestas locales, que se llevan a cabo especialmente durante el periodo estival.<\/p>\n\n\n\n<p>Esta iniciativa, que lleva por lema &#8216;Aire fresco y sin acoso&#8217;, pretende contribuir a eliminar e identificar las posibles conductas machistas que se puedan producir en el marco de estas jornadas festivas. \u00abEs fundamental educar a las mujeres para que identifiquen situaciones de violencia, se empoderen y sean capaces de denunciarlas, as\u00ed como educar a los hombres en el respeto y la igualdad\u00bb, ha destacado la diputada de Igualdad y Juventud, Mar\u00eda Dolores Ruiz.<\/p>\n\n\n\n<p>La Diputaci\u00f3n de Ja\u00e9n ha editado m\u00e1s de 50.000 abanicos con el lema de esta campa\u00f1a que se han distribuido por los 97 municipios jiennenses en colaboraci\u00f3n con los ayuntamientos jiennenses, una iniciativa que tambi\u00e9n se difundir\u00e1 a trav\u00e9s de las redes sociales de la Administraci\u00f3n provincial.<\/p>\n\n\n\n<p>La diputada de Igualdad y Juventud recuerda que la puesta en marcha de esta campa\u00f1a forma parte de las actividades que lleva a cabo la Diputaci\u00f3n de Ja\u00e9n en materia de igualdad, as\u00ed como de sensibilizaci\u00f3n contra la violencia de g\u00e9nero a lo largo de todo el a\u00f1o, entre las que se encuentran acciones de formaci\u00f3n a trav\u00e9s de la Escuela de Feminismo y Empoderamiento, el programa &#8217;12 meses. Igualdad&#8217;, la realizaci\u00f3n de charlas y talleres en centros educativos de la provincia o iniciativas como el Festival de Cortos contra la Violencia de G\u00e9nero, entre muchas otras.<\/p>\n","protected":false},"excerpt":{"rendered":"<p>La Diputaci\u00f3n Provincial de Ja\u00e9n ha puesto en marcha un a\u00f1o m\u00e1s una campa\u00f1a dirigida a concienciar a la ciudadan\u00eda sobre el acoso sexual y contribuir a prevenir situaciones de violencia sobre las mujeres y las ni\u00f1as, coincidiendo con la celebraci\u00f3n en numerosos municipios jiennenses de sus fiestas locales, que se llevan a cabo especialmente &hellip;<\/p>\n<p class=\"read-more\"> <a class=\"\" href=\"https:\/\/torredonjimenoactualidad.com\/index.php\/2023\/08\/09\/la-diputacion-promueve-una-campana-de-prevencion-y-concienciacion-sobre-el-acoso-sexual\/\"> <span class=\"screen-reader-text\">La Diputaci\u00f3n promueve una campa\u00f1a de prevenci\u00f3n y concienciaci\u00f3n sobre el acoso sexual<\/span> Leer m\u00e1s &raquo;<\/a><\/p>\n","protected":false},"author":2,"featured_media":922,"comment_status":"open","ping_status":"open","sticky":false,"template":"","format":"standard","meta":{"site-sidebar-layout":"default","site-content-layout":"default","ast-global-header-display":"","ast-main-header-display":"","ast-hfb-above-header-display":"","ast-hfb-below-header-display":"","ast-hfb-mobile-header-display":"","site-post-title":"","ast-breadcrumbs-content":"","ast-featured-img":"","footer-sml-layout":"","theme-transparent-header-meta":"","adv-header-id-meta":"","stick-header-meta":"","header-above-stick-meta":"","header-main-stick-meta":"","header-below-stick-meta":"","footnotes":""},"categories":[8],"tags":[],"class_list":["post-921","post","type-post","status-publish","format-standard","has-post-thumbnail","hentry","category-provincia"],"yoast_head":"<!-- This site is optimized with the Yoast SEO plugin v20.8 - https:\/\/yoast.com\/wordpress\/plugins\/seo\/ -->\n<title>La Diputaci\u00f3n promueve una campa\u00f1a de prevenci\u00f3n y concienciaci\u00f3n sobre el acoso sexual - Torredonjimeno Actualidad<\/title>\n<meta name=\"robots\" content=\"index, follow, max-snippet:-1, max-image-preview:large, max-video-preview:-1\" \/>\n<link rel=\"canonical\" href=\"https:\/\/torredonjimenoactualidad.com\/index.php\/2023\/08\/09\/la-diputacion-promueve-una-campana-de-prevencion-y-concienciacion-sobre-el-acoso-sexual\/\" \/>\n<meta property=\"og:locale\" content=\"es_ES\" \/>\n<meta property=\"og:type\" content=\"article\" \/>\n<meta property=\"og:title\" content=\"La Diputaci\u00f3n promueve una campa\u00f1a de prevenci\u00f3n y concienciaci\u00f3n sobre el acoso sexual - Torredonjimeno Actualidad\" \/>\n<meta property=\"og:description\" content=\"La Diputaci\u00f3n Provincial de Ja\u00e9n ha puesto en marcha un a\u00f1o m\u00e1s una campa\u00f1a dirigida a concienciar a la ciudadan\u00eda sobre el acoso sexual y contribuir a prevenir situaciones de violencia sobre las mujeres y las ni\u00f1as, coincidiendo con la celebraci\u00f3n en numerosos municipios jiennenses de sus fiestas locales, que se llevan a cabo especialmente &hellip; La Diputaci\u00f3n promueve una campa\u00f1a de prevenci\u00f3n y concienciaci\u00f3n sobre el acoso sexual Leer m\u00e1s &raquo;\" \/>\n<meta property=\"og:url\" content=\"https:\/\/torredonjimenoactualidad.com\/index.php\/2023\/08\/09\/la-diputacion-promueve-una-campana-de-prevencion-y-concienciacion-sobre-el-acoso-sexual\/\" \/>\n<meta property=\"og:site_name\" content=\"Torredonjimeno Actualidad\" \/>\n<meta property=\"article:published_time\" content=\"2023-08-09T06:39:52+00:00\" \/>\n<meta property=\"article:modified_time\" content=\"2023-08-09T06:39:54+00:00\" \/>\n<meta property=\"og:image\" content=\"https:\/\/torredonjimenoactualidad.com\/wp-content\/uploads\/2023\/08\/fotonoticia_20230808133514_1920.jpg\" \/>\n\t<meta property=\"og:image:width\" content=\"1920\" \/>\n\t<meta property=\"og:image:height\" content=\"1280\" \/>\n\t<meta property=\"og:image:type\" content=\"image\/jpeg\" \/>\n<meta name=\"author\" content=\"Alba Mar\u00eda Torres\" \/>\n<meta name=\"twitter:card\" content=\"summary_large_image\" \/>\n<meta name=\"twitter:label1\" content=\"Escrito por\" \/>\n\t<meta name=\"twitter:data1\" content=\"Alba Mar\u00eda Torres\" \/>\n\t<meta name=\"twitter:label2\" content=\"Tiempo de lectura\" \/>\n\t<meta name=\"twitter:data2\" content=\"2 minutos\" \/>\n<script type=\"application\/ld+json\" class=\"yoast-schema-graph\">{\"@context\":\"https:\/\/schema.org\",\"@graph\":[{\"@type\":\"Article\",\"@id\":\"https:\/\/torredonjimenoactualidad.com\/index.php\/2023\/08\/09\/la-diputacion-promueve-una-campana-de-prevencion-y-concienciacion-sobre-el-acoso-sexual\/#article\",\"isPartOf\":{\"@id\":\"https:\/\/torredonjimenoactualidad.com\/index.php\/2023\/08\/09\/la-diputacion-promueve-una-campana-de-prevencion-y-concienciacion-sobre-el-acoso-sexual\/\"},\"author\":{\"name\":\"Alba Mar\u00eda Torres\",\"@id\":\"https:\/\/torredonjimenoactualidad.com\/#\/schema\/person\/84de5f233e783ef2c75151a532b54977\"},\"headline\":\"La Diputaci\u00f3n promueve una campa\u00f1a de prevenci\u00f3n y concienciaci\u00f3n sobre el acoso sexual\",\"datePublished\":\"2023-08-09T06:39:52+00:00\",\"dateModified\":\"2023-08-09T06:39:54+00:00\",\"mainEntityOfPage\":{\"@id\":\"https:\/\/torredonjimenoactualidad.com\/index.php\/2023\/08\/09\/la-diputacion-promueve-una-campana-de-prevencion-y-concienciacion-sobre-el-acoso-sexual\/\"},\"wordCount\":318,\"commentCount\":0,\"publisher\":{\"@id\":\"https:\/\/torredonjimenoactualidad.com\/#organization\"},\"articleSection\":[\"provincia\"],\"inLanguage\":\"es\",\"potentialAction\":[{\"@type\":\"CommentAction\",\"name\":\"Comment\",\"target\":[\"https:\/\/torredonjimenoactualidad.com\/index.php\/2023\/08\/09\/la-diputacion-promueve-una-campana-de-prevencion-y-concienciacion-sobre-el-acoso-sexual\/#respond\"]}]},{\"@type\":\"WebPage\",\"@id\":\"https:\/\/torredonjimenoactualidad.com\/index.php\/2023\/08\/09\/la-diputacion-promueve-una-campana-de-prevencion-y-concienciacion-sobre-el-acoso-sexual\/\",\"url\":\"https:\/\/torredonjimenoactualidad.com\/index.php\/2023\/08\/09\/la-diputacion-promueve-una-campana-de-prevencion-y-concienciacion-sobre-el-acoso-sexual\/\",\"name\":\"La Diputaci\u00f3n promueve una campa\u00f1a de prevenci\u00f3n y concienciaci\u00f3n sobre el acoso sexual - Torredonjimeno Actualidad\",\"isPartOf\":{\"@id\":\"https:\/\/torredonjimenoactualidad.com\/#website\"},\"datePublished\":\"2023-08-09T06:39:52+00:00\",\"dateModified\":\"2023-08-09T06:39:54+00:00\",\"breadcrumb\":{\"@id\":\"https:\/\/torredonjimenoactualidad.com\/index.php\/2023\/08\/09\/la-diputacion-promueve-una-campana-de-prevencion-y-concienciacion-sobre-el-acoso-sexual\/#breadcrumb\"},\"inLanguage\":\"es\",\"potentialAction\":[{\"@type\":\"ReadAction\",\"target\":[\"https:\/\/torredonjimenoactualidad.com\/index.php\/2023\/08\/09\/la-diputacion-promueve-una-campana-de-prevencion-y-concienciacion-sobre-el-acoso-sexual\/\"]}]},{\"@type\":\"BreadcrumbList\",\"@id\":\"https:\/\/torredonjimenoactualidad.com\/index.php\/2023\/08\/09\/la-diputacion-promueve-una-campana-de-prevencion-y-concienciacion-sobre-el-acoso-sexual\/#breadcrumb\",\"itemListElement\":[{\"@type\":\"ListItem\",\"position\":1,\"name\":\"Portada\",\"item\":\"https:\/\/torredonjimenoactualidad.com\/\"},{\"@type\":\"ListItem\",\"position\":2,\"name\":\"La Diputaci\u00f3n promueve una campa\u00f1a de prevenci\u00f3n y concienciaci\u00f3n sobre el acoso sexual\"}]},{\"@type\":\"WebSite\",\"@id\":\"https:\/\/torredonjimenoactualidad.com\/#website\",\"url\":\"https:\/\/torredonjimenoactualidad.com\/\",\"name\":\"Torredonjimeno Actualidad\",\"description\":\"\",\"publisher\":{\"@id\":\"https:\/\/torredonjimenoactualidad.com\/#organization\"},\"potentialAction\":[{\"@type\":\"SearchAction\",\"target\":{\"@type\":\"EntryPoint\",\"urlTemplate\":\"https:\/\/torredonjimenoactualidad.com\/?s={search_term_string}\"},\"query-input\":\"required name=search_term_string\"}],\"inLanguage\":\"es\"},{\"@type\":\"Organization\",\"@id\":\"https:\/\/torredonjimenoactualidad.com\/#organization\",\"name\":\"Torredonjimeno Actualidad\",\"url\":\"https:\/\/torredonjimenoactualidad.com\/\",\"logo\":{\"@type\":\"ImageObject\",\"inLanguage\":\"es\",\"@id\":\"https:\/\/torredonjimenoactualidad.com\/#\/schema\/logo\/image\/\",\"url\":\"https:\/\/torredonjimenoactualidad.com\/wp-content\/uploads\/2023\/02\/logo-torredonjimeno-544x180-1.png\",\"contentUrl\":\"https:\/\/torredonjimenoactualidad.com\/wp-content\/uploads\/2023\/02\/logo-torredonjimeno-544x180-1.png\",\"width\":545,\"height\":112,\"caption\":\"Torredonjimeno Actualidad\"},\"image\":{\"@id\":\"https:\/\/torredonjimenoactualidad.com\/#\/schema\/logo\/image\/\"}},{\"@type\":\"Person\",\"@id\":\"https:\/\/torredonjimenoactualidad.com\/#\/schema\/person\/84de5f233e783ef2c75151a532b54977\",\"name\":\"Alba Mar\u00eda Torres\",\"image\":{\"@type\":\"ImageObject\",\"inLanguage\":\"es\",\"@id\":\"https:\/\/torredonjimenoactualidad.com\/#\/schema\/person\/image\/\",\"url\":\"https:\/\/secure.gravatar.com\/avatar\/f9371f188c71501b4475a9ba2a71595850ec72967f800a2ed8e3e2102859ed65?s=96&d=mm&r=g\",\"contentUrl\":\"https:\/\/secure.gravatar.com\/avatar\/f9371f188c71501b4475a9ba2a71595850ec72967f800a2ed8e3e2102859ed65?s=96&d=mm&r=g\",\"caption\":\"Alba Mar\u00eda Torres\"},\"url\":\"https:\/\/torredonjimenoactualidad.com\/index.php\/author\/alba-torres\/\"}]}<\/script>\n<!-- \/ Yoast SEO plugin. -->","yoast_head_json":{"title":"La Diputaci\u00f3n promueve una campa\u00f1a de prevenci\u00f3n y concienciaci\u00f3n sobre el acoso sexual - Torredonjimeno Actualidad","robots":{"index":"index","follow":"follow","max-snippet":"max-snippet:-1","max-image-preview":"max-image-preview:large","max-video-preview":"max-video-preview:-1"},"canonical":"https:\/\/torredonjimenoactualidad.com\/index.php\/2023\/08\/09\/la-diputacion-promueve-una-campana-de-prevencion-y-concienciacion-sobre-el-acoso-sexual\/","og_locale":"es_ES","og_type":"article","og_title":"La Diputaci\u00f3n promueve una campa\u00f1a de prevenci\u00f3n y concienciaci\u00f3n sobre el acoso sexual - Torredonjimeno Actualidad","og_description":"La Diputaci\u00f3n Provincial de Ja\u00e9n ha puesto en marcha un a\u00f1o m\u00e1s una campa\u00f1a dirigida a concienciar a la ciudadan\u00eda sobre el acoso sexual y contribuir a prevenir situaciones de violencia sobre las mujeres y las ni\u00f1as, coincidiendo con la celebraci\u00f3n en numerosos municipios jiennenses de sus fiestas locales, que se llevan a cabo especialmente &hellip; La Diputaci\u00f3n promueve una campa\u00f1a de prevenci\u00f3n y concienciaci\u00f3n sobre el acoso sexual Leer m\u00e1s &raquo;","og_url":"https:\/\/torredonjimenoactualidad.com\/index.php\/2023\/08\/09\/la-diputacion-promueve-una-campana-de-prevencion-y-concienciacion-sobre-el-acoso-sexual\/","og_site_name":"Torredonjimeno Actualidad","article_published_time":"2023-08-09T06:39:52+00:00","article_modified_time":"2023-08-09T06:39:54+00:00","og_image":[{"width":1920,"height":1280,"url":"https:\/\/torredonjimenoactualidad.com\/wp-content\/uploads\/2023\/08\/fotonoticia_20230808133514_1920.jpg","type":"image\/jpeg"}],"author":"Alba Mar\u00eda Torres","twitter_card":"summary_large_image","twitter_misc":{"Escrito por":"Alba Mar\u00eda Torres","Tiempo de lectura":"2 minutos"},"schema":{"@context":"https:\/\/schema.org","@graph":[{"@type":"Article","@id":"https:\/\/torredonjimenoactualidad.com\/index.php\/2023\/08\/09\/la-diputacion-promueve-una-campana-de-prevencion-y-concienciacion-sobre-el-acoso-sexual\/#article","isPartOf":{"@id":"https:\/\/torredonjimenoactualidad.com\/index.php\/2023\/08\/09\/la-diputacion-promueve-una-campana-de-prevencion-y-concienciacion-sobre-el-acoso-sexual\/"},"author":{"name":"Alba Mar\u00eda Torres","@id":"https:\/\/torredonjimenoactualidad.com\/#\/schema\/person\/84de5f233e783ef2c75151a532b54977"},"headline":"La Diputaci\u00f3n promueve una campa\u00f1a de prevenci\u00f3n y concienciaci\u00f3n sobre el acoso sexual","datePublished":"2023-08-09T06:39:52+00:00","dateModified":"2023-08-09T06:39:54+00:00","mainEntityOfPage":{"@id":"https:\/\/torredonjimenoactualidad.com\/index.php\/2023\/08\/09\/la-diputacion-promueve-una-campana-de-prevencion-y-concienciacion-sobre-el-acoso-sexual\/"},"wordCount":318,"commentCount":0,"publisher":{"@id":"https:\/\/torredonjimenoactualidad.com\/#organization"},"articleSection":["provincia"],"inLanguage":"es","potentialAction":[{"@type":"CommentAction","name":"Comment","target":["https:\/\/torredonjimenoactualidad.com\/index.php\/2023\/08\/09\/la-diputacion-promueve-una-campana-de-prevencion-y-concienciacion-sobre-el-acoso-sexual\/#respond"]}]},{"@type":"WebPage","@id":"https:\/\/torredonjimenoactualidad.com\/index.php\/2023\/08\/09\/la-diputacion-promueve-una-campana-de-prevencion-y-concienciacion-sobre-el-acoso-sexual\/","url":"https:\/\/torredonjimenoactualidad.com\/index.php\/2023\/08\/09\/la-diputacion-promueve-una-campana-de-prevencion-y-concienciacion-sobre-el-acoso-sexual\/","name":"La Diputaci\u00f3n promueve una campa\u00f1a de prevenci\u00f3n y concienciaci\u00f3n sobre el acoso sexual - Torredonjimeno Actualidad","isPartOf":{"@id":"https:\/\/torredonjimenoactualidad.com\/#website"},"datePublished":"2023-08-09T06:39:52+00:00","dateModified":"2023-08-09T06:39:54+00:00","breadcrumb":{"@id":"https:\/\/torredonjimenoactualidad.com\/index.php\/2023\/08\/09\/la-diputacion-promueve-una-campana-de-prevencion-y-concienciacion-sobre-el-acoso-sexual\/#breadcrumb"},"inLanguage":"es","potentialAction":[{"@type":"ReadAction","target":["https:\/\/torredonjimenoactualidad.com\/index.php\/2023\/08\/09\/la-diputacion-promueve-una-campana-de-prevencion-y-concienciacion-sobre-el-acoso-sexual\/"]}]},{"@type":"BreadcrumbList","@id":"https:\/\/torredonjimenoactualidad.com\/index.php\/2023\/08\/09\/la-diputacion-promueve-una-campana-de-prevencion-y-concienciacion-sobre-el-acoso-sexual\/#breadcrumb","itemListElement":[{"@type":"ListItem","position":1,"name":"Portada","item":"https:\/\/torredonjimenoactualidad.com\/"},{"@type":"ListItem","position":2,"name":"La Diputaci\u00f3n promueve una campa\u00f1a de prevenci\u00f3n y concienciaci\u00f3n sobre el acoso sexual"}]},{"@type":"WebSite","@id":"https:\/\/torredonjimenoactualidad.com\/#website","url":"https:\/\/torredonjimenoactualidad.com\/","name":"Torredonjimeno Actualidad","description":"","publisher":{"@id":"https:\/\/torredonjimenoactualidad.com\/#organization"},"potentialAction":[{"@type":"SearchAction","target":{"@type":"EntryPoint","urlTemplate":"https:\/\/torredonjimenoactualidad.com\/?s={search_term_string}"},"query-input":"required name=search_term_string"}],"inLanguage":"es"},{"@type":"Organization","@id":"https:\/\/torredonjimenoactualidad.com\/#organization","name":"Torredonjimeno Actualidad","url":"https:\/\/torredonjimenoactualidad.com\/","logo":{"@type":"ImageObject","inLanguage":"es","@id":"https:\/\/torredonjimenoactualidad.com\/#\/schema\/logo\/image\/","url":"https:\/\/torredonjimenoactualidad.com\/wp-content\/uploads\/2023\/02\/logo-torredonjimeno-544x180-1.png","contentUrl":"https:\/\/torredonjimenoactualidad.com\/wp-content\/uploads\/2023\/02\/logo-torredonjimeno-544x180-1.png","width":545,"height":112,"caption":"Torredonjimeno Actualidad"},"image":{"@id":"https:\/\/torredonjimenoactualidad.com\/#\/schema\/logo\/image\/"}},{"@type":"Person","@id":"https:\/\/torredonjimenoactualidad.com\/#\/schema\/person\/84de5f233e783ef2c75151a532b54977","name":"Alba Mar\u00eda Torres","image":{"@type":"ImageObject","inLanguage":"es","@id":"https:\/\/torredonjimenoactualidad.com\/#\/schema\/person\/image\/","url":"https:\/\/secure.gravatar.com\/avatar\/f9371f188c71501b4475a9ba2a71595850ec72967f800a2ed8e3e2102859ed65?s=96&d=mm&r=g","contentUrl":"https:\/\/secure.gravatar.com\/avatar\/f9371f188c71501b4475a9ba2a71595850ec72967f800a2ed8e3e2102859ed65?s=96&d=mm&r=g","caption":"Alba Mar\u00eda Torres"},"url":"https:\/\/torredonjimenoactualidad.com\/index.php\/author\/alba-torres\/"}]}},"_links":{"self":[{"href":"https:\/\/torredonjimenoactualidad.com\/index.php\/wp-json\/wp\/v2\/posts\/921","targetHints":{"allow":["GET"]}}],"collection":[{"href":"https:\/\/torredonjimenoactualidad.com\/index.php\/wp-json\/wp\/v2\/posts"}],"about":[{"href":"https:\/\/torredonjimenoactualidad.com\/index.php\/wp-json\/wp\/v2\/types\/post"}],"author":[{"embeddable":true,"href":"https:\/\/torredonjimenoactualidad.com\/index.php\/wp-json\/wp\/v2\/users\/2"}],"replies":[{"embeddable":true,"href":"https:\/\/torredonjimenoactualidad.com\/index.php\/wp-json\/wp\/v2\/comments?post=921"}],"version-history":[{"count":1,"href":"https:\/\/torredonjimenoactualidad.com\/index.php\/wp-json\/wp\/v2\/posts\/921\/revisions"}],"predecessor-version":[{"id":923,"href":"https:\/\/torredonjimenoactualidad.com\/index.php\/wp-json\/wp\/v2\/posts\/921\/revisions\/923"}],"wp:featuredmedia":[{"embeddable":true,"href":"https:\/\/torredonjimenoactualidad.com\/index.php\/wp-json\/wp\/v2\/media\/922"}],"wp:attachment":[{"href":"https:\/\/torredonjimenoactualidad.com\/index.php\/wp-json\/wp\/v2\/media?parent=921"}],"wp:term":[{"taxonomy":"category","embeddable":true,"href":"https:\/\/torredonjimenoactualidad.com\/index.php\/wp-json\/wp\/v2\/categories?post=921"},{"taxonomy":"post_tag","embeddable":true,"href":"https:\/\/torredonjimenoactualidad.com\/index.php\/wp-json\/wp\/v2\/tags?post=921"}],"curies":[{"name":"wp","href":"https:\/\/api.w.org\/{rel}","templated":true}]}}