{"id":895,"date":"2023-08-05T09:06:25","date_gmt":"2023-08-05T09:06:25","guid":{"rendered":"https:\/\/torredonjimenoactualidad.com\/?p=895"},"modified":"2023-08-05T09:06:26","modified_gmt":"2023-08-05T09:06:26","slug":"detenido-tras-robar-a-un-anciano-y-darle-un-punetazo-en-plena-calle-de-martos","status":"publish","type":"post","link":"https:\/\/torredonjimenoactualidad.com\/index.php\/2023\/08\/05\/detenido-tras-robar-a-un-anciano-y-darle-un-punetazo-en-plena-calle-de-martos\/","title":{"rendered":"Detenido tras robar a un anciano y darle un pu\u00f1etazo en plena calle de Martos"},"content":{"rendered":"\n<p>La Guardia Civil, ha detenido a un vecino de la localidad de Martos, de 19 a\u00f1os de edad, como presunto autor de un delito de robo con violencia e intimidaci\u00f3n con arma blanca.\u00a0Los hechos ocurrieron el pasado d\u00eda 2, cuando la Central Operativa de Servicios (062) de la Guardia Civil, comunic\u00f3 que se hab\u00eda producido un robo con violencia e intimidaci\u00f3n, en el que una persona de edad avanzada hab\u00eda resultado agredida en la localidad de Martos.<\/p>\n\n\n\n<p>Desplazadas varias patrullas de Seguridad Ciudadana de la Guardia Civil al lugar de los hechos, la v\u00edctima inform\u00f3, haber sido agredido por una persona, el cual le propin\u00f3 un fuerte pu\u00f1etazo en el rostro, sustray\u00e9ndole el terminal de telefon\u00eda m\u00f3vil y un monedero, amenazando en su huida con un objeto punzante a un testigo de los hechos.&nbsp;Establecido dispositivo para localizaci\u00f3n del autor, los agentes localizaron la vivienda en la que se hab\u00eda podido ocultar el mismo, person\u00e1ndose los agentes en el lugar, procedieron a la detenci\u00f3n del presunto autor.<\/p>\n","protected":false},"excerpt":{"rendered":"<p>La Guardia Civil, ha detenido a un vecino de la localidad de Martos, de 19 a\u00f1os de edad, como presunto autor de un delito de robo con violencia e intimidaci\u00f3n con arma blanca.\u00a0Los hechos ocurrieron el pasado d\u00eda 2, cuando la Central Operativa de Servicios (062) de la Guardia Civil, comunic\u00f3 que se hab\u00eda producido &hellip;<\/p>\n<p class=\"read-more\"> <a class=\"\" href=\"https:\/\/torredonjimenoactualidad.com\/index.php\/2023\/08\/05\/detenido-tras-robar-a-un-anciano-y-darle-un-punetazo-en-plena-calle-de-martos\/\"> <span class=\"screen-reader-text\">Detenido tras robar a un anciano y darle un pu\u00f1etazo en plena calle de Martos<\/span> Leer m\u00e1s &raquo;<\/a><\/p>\n","protected":false},"author":2,"featured_media":896,"comment_status":"open","ping_status":"open","sticky":false,"template":"","format":"standard","meta":{"site-sidebar-layout":"default","site-content-layout":"default","ast-global-header-display":"","ast-main-header-display":"","ast-hfb-above-header-display":"","ast-hfb-below-header-display":"","ast-hfb-mobile-header-display":"","site-post-title":"","ast-breadcrumbs-content":"","ast-featured-img":"","footer-sml-layout":"","theme-transparent-header-meta":"","adv-header-id-meta":"","stick-header-meta":"","header-above-stick-meta":"","header-main-stick-meta":"","header-below-stick-meta":"","footnotes":""},"categories":[8],"tags":[],"class_list":["post-895","post","type-post","status-publish","format-standard","has-post-thumbnail","hentry","category-provincia"],"yoast_head":"<!-- This site is optimized with the Yoast SEO plugin v20.8 - https:\/\/yoast.com\/wordpress\/plugins\/seo\/ -->\n<title>Detenido tras robar a un anciano y darle un pu\u00f1etazo en plena calle de Martos - Torredonjimeno Actualidad<\/title>\n<meta name=\"robots\" content=\"index, follow, max-snippet:-1, max-image-preview:large, max-video-preview:-1\" \/>\n<link rel=\"canonical\" href=\"https:\/\/torredonjimenoactualidad.com\/index.php\/2023\/08\/05\/detenido-tras-robar-a-un-anciano-y-darle-un-punetazo-en-plena-calle-de-martos\/\" \/>\n<meta property=\"og:locale\" content=\"es_ES\" \/>\n<meta property=\"og:type\" content=\"article\" \/>\n<meta property=\"og:title\" content=\"Detenido tras robar a un anciano y darle un pu\u00f1etazo en plena calle de Martos - Torredonjimeno Actualidad\" \/>\n<meta property=\"og:description\" content=\"La Guardia Civil, ha detenido a un vecino de la localidad de Martos, de 19 a\u00f1os de edad, como presunto autor de un delito de robo con violencia e intimidaci\u00f3n con arma blanca.\u00a0Los hechos ocurrieron el pasado d\u00eda 2, cuando la Central Operativa de Servicios (062) de la Guardia Civil, comunic\u00f3 que se hab\u00eda producido &hellip; Detenido tras robar a un anciano y darle un pu\u00f1etazo en plena calle de Martos Leer m\u00e1s &raquo;\" \/>\n<meta property=\"og:url\" content=\"https:\/\/torredonjimenoactualidad.com\/index.php\/2023\/08\/05\/detenido-tras-robar-a-un-anciano-y-darle-un-punetazo-en-plena-calle-de-martos\/\" \/>\n<meta property=\"og:site_name\" content=\"Torredonjimeno Actualidad\" \/>\n<meta property=\"article:published_time\" content=\"2023-08-05T09:06:25+00:00\" \/>\n<meta property=\"article:modified_time\" content=\"2023-08-05T09:06:26+00:00\" \/>\n<meta property=\"og:image\" content=\"https:\/\/torredonjimenoactualidad.com\/wp-content\/uploads\/2023\/08\/dete-scaled.jpg\" \/>\n\t<meta property=\"og:image:width\" content=\"2560\" \/>\n\t<meta property=\"og:image:height\" content=\"1463\" \/>\n\t<meta property=\"og:image:type\" content=\"image\/jpeg\" \/>\n<meta name=\"author\" content=\"Alba Mar\u00eda Torres\" \/>\n<meta name=\"twitter:card\" content=\"summary_large_image\" \/>\n<meta name=\"twitter:label1\" content=\"Escrito por\" \/>\n\t<meta name=\"twitter:data1\" content=\"Alba Mar\u00eda Torres\" \/>\n\t<meta name=\"twitter:label2\" content=\"Tiempo de lectura\" \/>\n\t<meta name=\"twitter:data2\" content=\"1 minuto\" \/>\n<script type=\"application\/ld+json\" class=\"yoast-schema-graph\">{\"@context\":\"https:\/\/schema.org\",\"@graph\":[{\"@type\":\"Article\",\"@id\":\"https:\/\/torredonjimenoactualidad.com\/index.php\/2023\/08\/05\/detenido-tras-robar-a-un-anciano-y-darle-un-punetazo-en-plena-calle-de-martos\/#article\",\"isPartOf\":{\"@id\":\"https:\/\/torredonjimenoactualidad.com\/index.php\/2023\/08\/05\/detenido-tras-robar-a-un-anciano-y-darle-un-punetazo-en-plena-calle-de-martos\/\"},\"author\":{\"name\":\"Alba Mar\u00eda Torres\",\"@id\":\"https:\/\/torredonjimenoactualidad.com\/#\/schema\/person\/84de5f233e783ef2c75151a532b54977\"},\"headline\":\"Detenido tras robar a un anciano y darle un pu\u00f1etazo en plena calle de Martos\",\"datePublished\":\"2023-08-05T09:06:25+00:00\",\"dateModified\":\"2023-08-05T09:06:26+00:00\",\"mainEntityOfPage\":{\"@id\":\"https:\/\/torredonjimenoactualidad.com\/index.php\/2023\/08\/05\/detenido-tras-robar-a-un-anciano-y-darle-un-punetazo-en-plena-calle-de-martos\/\"},\"wordCount\":197,\"commentCount\":0,\"publisher\":{\"@id\":\"https:\/\/torredonjimenoactualidad.com\/#organization\"},\"articleSection\":[\"provincia\"],\"inLanguage\":\"es\",\"potentialAction\":[{\"@type\":\"CommentAction\",\"name\":\"Comment\",\"target\":[\"https:\/\/torredonjimenoactualidad.com\/index.php\/2023\/08\/05\/detenido-tras-robar-a-un-anciano-y-darle-un-punetazo-en-plena-calle-de-martos\/#respond\"]}]},{\"@type\":\"WebPage\",\"@id\":\"https:\/\/torredonjimenoactualidad.com\/index.php\/2023\/08\/05\/detenido-tras-robar-a-un-anciano-y-darle-un-punetazo-en-plena-calle-de-martos\/\",\"url\":\"https:\/\/torredonjimenoactualidad.com\/index.php\/2023\/08\/05\/detenido-tras-robar-a-un-anciano-y-darle-un-punetazo-en-plena-calle-de-martos\/\",\"name\":\"Detenido tras robar a un anciano y darle un pu\u00f1etazo en plena calle de Martos - Torredonjimeno Actualidad\",\"isPartOf\":{\"@id\":\"https:\/\/torredonjimenoactualidad.com\/#website\"},\"datePublished\":\"2023-08-05T09:06:25+00:00\",\"dateModified\":\"2023-08-05T09:06:26+00:00\",\"breadcrumb\":{\"@id\":\"https:\/\/torredonjimenoactualidad.com\/index.php\/2023\/08\/05\/detenido-tras-robar-a-un-anciano-y-darle-un-punetazo-en-plena-calle-de-martos\/#breadcrumb\"},\"inLanguage\":\"es\",\"potentialAction\":[{\"@type\":\"ReadAction\",\"target\":[\"https:\/\/torredonjimenoactualidad.com\/index.php\/2023\/08\/05\/detenido-tras-robar-a-un-anciano-y-darle-un-punetazo-en-plena-calle-de-martos\/\"]}]},{\"@type\":\"BreadcrumbList\",\"@id\":\"https:\/\/torredonjimenoactualidad.com\/index.php\/2023\/08\/05\/detenido-tras-robar-a-un-anciano-y-darle-un-punetazo-en-plena-calle-de-martos\/#breadcrumb\",\"itemListElement\":[{\"@type\":\"ListItem\",\"position\":1,\"name\":\"Portada\",\"item\":\"https:\/\/torredonjimenoactualidad.com\/\"},{\"@type\":\"ListItem\",\"position\":2,\"name\":\"Detenido tras robar a un anciano y darle un pu\u00f1etazo en plena calle de Martos\"}]},{\"@type\":\"WebSite\",\"@id\":\"https:\/\/torredonjimenoactualidad.com\/#website\",\"url\":\"https:\/\/torredonjimenoactualidad.com\/\",\"name\":\"Torredonjimeno Actualidad\",\"description\":\"\",\"publisher\":{\"@id\":\"https:\/\/torredonjimenoactualidad.com\/#organization\"},\"potentialAction\":[{\"@type\":\"SearchAction\",\"target\":{\"@type\":\"EntryPoint\",\"urlTemplate\":\"https:\/\/torredonjimenoactualidad.com\/?s={search_term_string}\"},\"query-input\":\"required name=search_term_string\"}],\"inLanguage\":\"es\"},{\"@type\":\"Organization\",\"@id\":\"https:\/\/torredonjimenoactualidad.com\/#organization\",\"name\":\"Torredonjimeno Actualidad\",\"url\":\"https:\/\/torredonjimenoactualidad.com\/\",\"logo\":{\"@type\":\"ImageObject\",\"inLanguage\":\"es\",\"@id\":\"https:\/\/torredonjimenoactualidad.com\/#\/schema\/logo\/image\/\",\"url\":\"https:\/\/torredonjimenoactualidad.com\/wp-content\/uploads\/2023\/02\/logo-torredonjimeno-544x180-1.png\",\"contentUrl\":\"https:\/\/torredonjimenoactualidad.com\/wp-content\/uploads\/2023\/02\/logo-torredonjimeno-544x180-1.png\",\"width\":545,\"height\":112,\"caption\":\"Torredonjimeno Actualidad\"},\"image\":{\"@id\":\"https:\/\/torredonjimenoactualidad.com\/#\/schema\/logo\/image\/\"}},{\"@type\":\"Person\",\"@id\":\"https:\/\/torredonjimenoactualidad.com\/#\/schema\/person\/84de5f233e783ef2c75151a532b54977\",\"name\":\"Alba Mar\u00eda Torres\",\"image\":{\"@type\":\"ImageObject\",\"inLanguage\":\"es\",\"@id\":\"https:\/\/torredonjimenoactualidad.com\/#\/schema\/person\/image\/\",\"url\":\"https:\/\/secure.gravatar.com\/avatar\/f9371f188c71501b4475a9ba2a71595850ec72967f800a2ed8e3e2102859ed65?s=96&d=mm&r=g\",\"contentUrl\":\"https:\/\/secure.gravatar.com\/avatar\/f9371f188c71501b4475a9ba2a71595850ec72967f800a2ed8e3e2102859ed65?s=96&d=mm&r=g\",\"caption\":\"Alba Mar\u00eda Torres\"},\"url\":\"https:\/\/torredonjimenoactualidad.com\/index.php\/author\/alba-torres\/\"}]}<\/script>\n<!-- \/ Yoast SEO plugin. -->","yoast_head_json":{"title":"Detenido tras robar a un anciano y darle un pu\u00f1etazo en plena calle de Martos - Torredonjimeno Actualidad","robots":{"index":"index","follow":"follow","max-snippet":"max-snippet:-1","max-image-preview":"max-image-preview:large","max-video-preview":"max-video-preview:-1"},"canonical":"https:\/\/torredonjimenoactualidad.com\/index.php\/2023\/08\/05\/detenido-tras-robar-a-un-anciano-y-darle-un-punetazo-en-plena-calle-de-martos\/","og_locale":"es_ES","og_type":"article","og_title":"Detenido tras robar a un anciano y darle un pu\u00f1etazo en plena calle de Martos - Torredonjimeno Actualidad","og_description":"La Guardia Civil, ha detenido a un vecino de la localidad de Martos, de 19 a\u00f1os de edad, como presunto autor de un delito de robo con violencia e intimidaci\u00f3n con arma blanca.\u00a0Los hechos ocurrieron el pasado d\u00eda 2, cuando la Central Operativa de Servicios (062) de la Guardia Civil, comunic\u00f3 que se hab\u00eda producido &hellip; Detenido tras robar a un anciano y darle un pu\u00f1etazo en plena calle de Martos Leer m\u00e1s &raquo;","og_url":"https:\/\/torredonjimenoactualidad.com\/index.php\/2023\/08\/05\/detenido-tras-robar-a-un-anciano-y-darle-un-punetazo-en-plena-calle-de-martos\/","og_site_name":"Torredonjimeno Actualidad","article_published_time":"2023-08-05T09:06:25+00:00","article_modified_time":"2023-08-05T09:06:26+00:00","og_image":[{"width":2560,"height":1463,"url":"https:\/\/torredonjimenoactualidad.com\/wp-content\/uploads\/2023\/08\/dete-scaled.jpg","type":"image\/jpeg"}],"author":"Alba Mar\u00eda Torres","twitter_card":"summary_large_image","twitter_misc":{"Escrito por":"Alba Mar\u00eda Torres","Tiempo de lectura":"1 minuto"},"schema":{"@context":"https:\/\/schema.org","@graph":[{"@type":"Article","@id":"https:\/\/torredonjimenoactualidad.com\/index.php\/2023\/08\/05\/detenido-tras-robar-a-un-anciano-y-darle-un-punetazo-en-plena-calle-de-martos\/#article","isPartOf":{"@id":"https:\/\/torredonjimenoactualidad.com\/index.php\/2023\/08\/05\/detenido-tras-robar-a-un-anciano-y-darle-un-punetazo-en-plena-calle-de-martos\/"},"author":{"name":"Alba Mar\u00eda Torres","@id":"https:\/\/torredonjimenoactualidad.com\/#\/schema\/person\/84de5f233e783ef2c75151a532b54977"},"headline":"Detenido tras robar a un anciano y darle un pu\u00f1etazo en plena calle de Martos","datePublished":"2023-08-05T09:06:25+00:00","dateModified":"2023-08-05T09:06:26+00:00","mainEntityOfPage":{"@id":"https:\/\/torredonjimenoactualidad.com\/index.php\/2023\/08\/05\/detenido-tras-robar-a-un-anciano-y-darle-un-punetazo-en-plena-calle-de-martos\/"},"wordCount":197,"commentCount":0,"publisher":{"@id":"https:\/\/torredonjimenoactualidad.com\/#organization"},"articleSection":["provincia"],"inLanguage":"es","potentialAction":[{"@type":"CommentAction","name":"Comment","target":["https:\/\/torredonjimenoactualidad.com\/index.php\/2023\/08\/05\/detenido-tras-robar-a-un-anciano-y-darle-un-punetazo-en-plena-calle-de-martos\/#respond"]}]},{"@type":"WebPage","@id":"https:\/\/torredonjimenoactualidad.com\/index.php\/2023\/08\/05\/detenido-tras-robar-a-un-anciano-y-darle-un-punetazo-en-plena-calle-de-martos\/","url":"https:\/\/torredonjimenoactualidad.com\/index.php\/2023\/08\/05\/detenido-tras-robar-a-un-anciano-y-darle-un-punetazo-en-plena-calle-de-martos\/","name":"Detenido tras robar a un anciano y darle un pu\u00f1etazo en plena calle de Martos - Torredonjimeno Actualidad","isPartOf":{"@id":"https:\/\/torredonjimenoactualidad.com\/#website"},"datePublished":"2023-08-05T09:06:25+00:00","dateModified":"2023-08-05T09:06:26+00:00","breadcrumb":{"@id":"https:\/\/torredonjimenoactualidad.com\/index.php\/2023\/08\/05\/detenido-tras-robar-a-un-anciano-y-darle-un-punetazo-en-plena-calle-de-martos\/#breadcrumb"},"inLanguage":"es","potentialAction":[{"@type":"ReadAction","target":["https:\/\/torredonjimenoactualidad.com\/index.php\/2023\/08\/05\/detenido-tras-robar-a-un-anciano-y-darle-un-punetazo-en-plena-calle-de-martos\/"]}]},{"@type":"BreadcrumbList","@id":"https:\/\/torredonjimenoactualidad.com\/index.php\/2023\/08\/05\/detenido-tras-robar-a-un-anciano-y-darle-un-punetazo-en-plena-calle-de-martos\/#breadcrumb","itemListElement":[{"@type":"ListItem","position":1,"name":"Portada","item":"https:\/\/torredonjimenoactualidad.com\/"},{"@type":"ListItem","position":2,"name":"Detenido tras robar a un anciano y darle un pu\u00f1etazo en plena calle de Martos"}]},{"@type":"WebSite","@id":"https:\/\/torredonjimenoactualidad.com\/#website","url":"https:\/\/torredonjimenoactualidad.com\/","name":"Torredonjimeno Actualidad","description":"","publisher":{"@id":"https:\/\/torredonjimenoactualidad.com\/#organization"},"potentialAction":[{"@type":"SearchAction","target":{"@type":"EntryPoint","urlTemplate":"https:\/\/torredonjimenoactualidad.com\/?s={search_term_string}"},"query-input":"required name=search_term_string"}],"inLanguage":"es"},{"@type":"Organization","@id":"https:\/\/torredonjimenoactualidad.com\/#organization","name":"Torredonjimeno Actualidad","url":"https:\/\/torredonjimenoactualidad.com\/","logo":{"@type":"ImageObject","inLanguage":"es","@id":"https:\/\/torredonjimenoactualidad.com\/#\/schema\/logo\/image\/","url":"https:\/\/torredonjimenoactualidad.com\/wp-content\/uploads\/2023\/02\/logo-torredonjimeno-544x180-1.png","contentUrl":"https:\/\/torredonjimenoactualidad.com\/wp-content\/uploads\/2023\/02\/logo-torredonjimeno-544x180-1.png","width":545,"height":112,"caption":"Torredonjimeno Actualidad"},"image":{"@id":"https:\/\/torredonjimenoactualidad.com\/#\/schema\/logo\/image\/"}},{"@type":"Person","@id":"https:\/\/torredonjimenoactualidad.com\/#\/schema\/person\/84de5f233e783ef2c75151a532b54977","name":"Alba Mar\u00eda Torres","image":{"@type":"ImageObject","inLanguage":"es","@id":"https:\/\/torredonjimenoactualidad.com\/#\/schema\/person\/image\/","url":"https:\/\/secure.gravatar.com\/avatar\/f9371f188c71501b4475a9ba2a71595850ec72967f800a2ed8e3e2102859ed65?s=96&d=mm&r=g","contentUrl":"https:\/\/secure.gravatar.com\/avatar\/f9371f188c71501b4475a9ba2a71595850ec72967f800a2ed8e3e2102859ed65?s=96&d=mm&r=g","caption":"Alba Mar\u00eda Torres"},"url":"https:\/\/torredonjimenoactualidad.com\/index.php\/author\/alba-torres\/"}]}},"_links":{"self":[{"href":"https:\/\/torredonjimenoactualidad.com\/index.php\/wp-json\/wp\/v2\/posts\/895","targetHints":{"allow":["GET"]}}],"collection":[{"href":"https:\/\/torredonjimenoactualidad.com\/index.php\/wp-json\/wp\/v2\/posts"}],"about":[{"href":"https:\/\/torredonjimenoactualidad.com\/index.php\/wp-json\/wp\/v2\/types\/post"}],"author":[{"embeddable":true,"href":"https:\/\/torredonjimenoactualidad.com\/index.php\/wp-json\/wp\/v2\/users\/2"}],"replies":[{"embeddable":true,"href":"https:\/\/torredonjimenoactualidad.com\/index.php\/wp-json\/wp\/v2\/comments?post=895"}],"version-history":[{"count":1,"href":"https:\/\/torredonjimenoactualidad.com\/index.php\/wp-json\/wp\/v2\/posts\/895\/revisions"}],"predecessor-version":[{"id":897,"href":"https:\/\/torredonjimenoactualidad.com\/index.php\/wp-json\/wp\/v2\/posts\/895\/revisions\/897"}],"wp:featuredmedia":[{"embeddable":true,"href":"https:\/\/torredonjimenoactualidad.com\/index.php\/wp-json\/wp\/v2\/media\/896"}],"wp:attachment":[{"href":"https:\/\/torredonjimenoactualidad.com\/index.php\/wp-json\/wp\/v2\/media?parent=895"}],"wp:term":[{"taxonomy":"category","embeddable":true,"href":"https:\/\/torredonjimenoactualidad.com\/index.php\/wp-json\/wp\/v2\/categories?post=895"},{"taxonomy":"post_tag","embeddable":true,"href":"https:\/\/torredonjimenoactualidad.com\/index.php\/wp-json\/wp\/v2\/tags?post=895"}],"curies":[{"name":"wp","href":"https:\/\/api.w.org\/{rel}","templated":true}]}}