{"id":892,"date":"2023-08-04T16:56:03","date_gmt":"2023-08-04T16:56:03","guid":{"rendered":"https:\/\/torredonjimenoactualidad.com\/?p=892"},"modified":"2023-08-04T16:56:06","modified_gmt":"2023-08-04T16:56:06","slug":"especialistas-del-hospital-de-jaen-advierten-de-los-riesgos-de-lesiones-medulares-en-verano","status":"publish","type":"post","link":"https:\/\/torredonjimenoactualidad.com\/index.php\/2023\/08\/04\/especialistas-del-hospital-de-jaen-advierten-de-los-riesgos-de-lesiones-medulares-en-verano\/","title":{"rendered":"Especialistas del Hospital de Ja\u00e9n advierten de los riesgos de lesiones medulares en verano"},"content":{"rendered":"\n<p>Especialistas de la Unidad de Neurocirug\u00eda del Hospital Universitario de Ja\u00e9n est\u00e1n advritendo del riesgo de lesiones medulares en personas j\u00f3venes por zambullidas, sobre todo en piscinas, r\u00edos o en el mar, durante el verano, y tambi\u00e9n en episodios que pueden producirse en otros lugares, debido a traumatismos por ca\u00eddas al caminar, al practicar deporte o en personas mayores, que pueden sufrir trastornos de la marcha o derivadas de enfermedades degenerativas.<\/p>\n\n\n\n<p>En concreto, en lo relativo a los lanzamientos al agua, el director de la Unidad de Neurocirug\u00eda del Hospital de Ja\u00e9n, Osamah El-Rubaidi Abdullah, ha apuntado que cada a\u00f1o atienden \u00abentre dos y tres de casos que pueden terminar con la muerte del paciente o con o lesiones graves que limitan la movilidad y la calidad de vida de los adultos\u00bb.<\/p>\n\n\n\n<p>Asimismo ha destacado que \u00ablas zambullidas son la tercera causa de lesi\u00f3n medular m\u00e1s frecuente entre los j\u00f3venes, tras los accidentes de tr\u00e1fico y las ca\u00eddas, suponiendo aproximadamente el cinco por ciento de las lesiones medulares traum\u00e1ticas en nuestro pa\u00eds\u00bb.<\/p>\n\n\n\n<p>Como medidas de precauci\u00f3n recomiendan conocer la profundidad de una piscina, un r\u00edo o el mar, sobre todo en relaci\u00f3n con la altura desde la que uno se lanza, para evitarlas. Adem\u00e1s, subrayan que a la hora del ba\u00f1o, hay que zambullirse siempre con los brazos situados en prolongaci\u00f3n del cuerpo, protegiendo as\u00ed el cuello y la cabeza.<\/p>\n\n\n\n<p>S\u00f3lo es aconsejable zambullirse cuando la seguridad sea completa. Si el agua est\u00e1 turbia o no hay visibilidad, \u00abes imprescindible inspeccionar previamente la zona para comprobar su profundidad y que no haya elementos sobre los que se pueda golpear como piedras, u otro tipo de objetos contra los que se pueda impactar\u00bb, ha se\u00f1alado el director de la Unidad de Neurocirug\u00eda del Hospital de Ja\u00e9n.<\/p>\n\n\n\n<p>Al igual que en el caso de los menores, siempre que se produzca este tipo de accidente es muy importante no movilizar el cuello de la v\u00edctima, evitar movimientos de la columna y avisar al 112.<\/p>\n\n\n\n<p>Adem\u00e1s, se precisan medidas preventivas para evitar los ahogamientos, que pueden producirse en piscinas privadas o de comunidades, ba\u00f1eras o piscinas de pl\u00e1sticos. Para ello, se recomienda una supervisi\u00f3n estrecha, la colocaci\u00f3n de barreras de seguridad en estos espacios, y que los menores aprendan a nadar cuanto antes porque adem\u00e1s as\u00ed aprenden los l\u00edmites o cuidados en el agua. Adem\u00e1s, es importante el uso de dispositivos de flotaci\u00f3n homologados junto a la supervisi\u00f3n, aunque avisa de que \u00abel flotador no exime de seguir vigilando a los ni\u00f1os ya que existe riesgo de vuelco o mal uso\u00bb.<\/p>\n\n\n\n<p>El que la poblaci\u00f3n conozca las maniobras de reanimaci\u00f3n cardiopulmonar tambi\u00e9n ayuda a mitigar los efectos del ahogamiento. Para ello, hay que sacar del agua al menor inmediatamente, comprobar si respira, si est\u00e1 consciente, y avisar a los servicios de emergencia a trav\u00e9s del 112 para que acudan al lugar.<\/p>\n\n\n\n<p>El director de Neurocirug\u00eda del Hospital Universitario de Ja\u00e9n ha insistido en que el calor predominante en estas fechas y los efectos, en ocasiones, de la propia digesti\u00f3n, pueden influir en que se produzcan ca\u00eddas durante un paseo por la calle, en los juegos de ni\u00f1os o en la pr\u00e1ctica deportiva, especialmente en la actividad ciclista, por lo que hace un llamamiento a extremar las precauciones \u00absea cual sea la actividad f\u00edsica que se est\u00e9 llevando a cabo.<\/p>\n","protected":false},"excerpt":{"rendered":"<p>Especialistas de la Unidad de Neurocirug\u00eda del Hospital Universitario de Ja\u00e9n est\u00e1n advritendo del riesgo de lesiones medulares en personas j\u00f3venes por zambullidas, sobre todo en piscinas, r\u00edos o en el mar, durante el verano, y tambi\u00e9n en episodios que pueden producirse en otros lugares, debido a traumatismos por ca\u00eddas al caminar, al practicar deporte &hellip;<\/p>\n<p class=\"read-more\"> <a class=\"\" href=\"https:\/\/torredonjimenoactualidad.com\/index.php\/2023\/08\/04\/especialistas-del-hospital-de-jaen-advierten-de-los-riesgos-de-lesiones-medulares-en-verano\/\"> <span class=\"screen-reader-text\">Especialistas del Hospital de Ja\u00e9n advierten de los riesgos de lesiones medulares en verano<\/span> Leer m\u00e1s &raquo;<\/a><\/p>\n","protected":false},"author":2,"featured_media":893,"comment_status":"open","ping_status":"open","sticky":false,"template":"","format":"standard","meta":{"site-sidebar-layout":"default","site-content-layout":"default","ast-global-header-display":"","ast-main-header-display":"","ast-hfb-above-header-display":"","ast-hfb-below-header-display":"","ast-hfb-mobile-header-display":"","site-post-title":"","ast-breadcrumbs-content":"","ast-featured-img":"","footer-sml-layout":"","theme-transparent-header-meta":"","adv-header-id-meta":"","stick-header-meta":"","header-above-stick-meta":"","header-main-stick-meta":"","header-below-stick-meta":"","footnotes":""},"categories":[8],"tags":[],"class_list":["post-892","post","type-post","status-publish","format-standard","has-post-thumbnail","hentry","category-provincia"],"yoast_head":"<!-- This site is optimized with the Yoast SEO plugin v20.8 - https:\/\/yoast.com\/wordpress\/plugins\/seo\/ -->\n<title>Especialistas del Hospital de Ja\u00e9n advierten de los riesgos de lesiones medulares en verano - Torredonjimeno Actualidad<\/title>\n<meta name=\"robots\" content=\"index, follow, max-snippet:-1, max-image-preview:large, max-video-preview:-1\" \/>\n<link rel=\"canonical\" href=\"https:\/\/torredonjimenoactualidad.com\/index.php\/2023\/08\/04\/especialistas-del-hospital-de-jaen-advierten-de-los-riesgos-de-lesiones-medulares-en-verano\/\" \/>\n<meta property=\"og:locale\" content=\"es_ES\" \/>\n<meta property=\"og:type\" content=\"article\" \/>\n<meta property=\"og:title\" content=\"Especialistas del Hospital de Ja\u00e9n advierten de los riesgos de lesiones medulares en verano - Torredonjimeno Actualidad\" \/>\n<meta property=\"og:description\" content=\"Especialistas de la Unidad de Neurocirug\u00eda del Hospital Universitario de Ja\u00e9n est\u00e1n advritendo del riesgo de lesiones medulares en personas j\u00f3venes por zambullidas, sobre todo en piscinas, r\u00edos o en el mar, durante el verano, y tambi\u00e9n en episodios que pueden producirse en otros lugares, debido a traumatismos por ca\u00eddas al caminar, al practicar deporte &hellip; Especialistas del Hospital de Ja\u00e9n advierten de los riesgos de lesiones medulares en verano Leer m\u00e1s &raquo;\" \/>\n<meta property=\"og:url\" content=\"https:\/\/torredonjimenoactualidad.com\/index.php\/2023\/08\/04\/especialistas-del-hospital-de-jaen-advierten-de-los-riesgos-de-lesiones-medulares-en-verano\/\" \/>\n<meta property=\"og:site_name\" content=\"Torredonjimeno Actualidad\" \/>\n<meta property=\"article:published_time\" content=\"2023-08-04T16:56:03+00:00\" \/>\n<meta property=\"article:modified_time\" content=\"2023-08-04T16:56:06+00:00\" \/>\n<meta property=\"og:image\" content=\"https:\/\/torredonjimenoactualidad.com\/wp-content\/uploads\/2023\/08\/fotonoticia_20230804145929_1920.jpg\" \/>\n\t<meta property=\"og:image:width\" content=\"1920\" \/>\n\t<meta property=\"og:image:height\" content=\"1097\" \/>\n\t<meta property=\"og:image:type\" content=\"image\/jpeg\" \/>\n<meta name=\"author\" content=\"Alba Mar\u00eda Torres\" \/>\n<meta name=\"twitter:card\" content=\"summary_large_image\" \/>\n<meta name=\"twitter:label1\" content=\"Escrito por\" \/>\n\t<meta name=\"twitter:data1\" content=\"Alba Mar\u00eda Torres\" \/>\n\t<meta name=\"twitter:label2\" content=\"Tiempo de lectura\" \/>\n\t<meta name=\"twitter:data2\" content=\"3 minutos\" \/>\n<script type=\"application\/ld+json\" class=\"yoast-schema-graph\">{\"@context\":\"https:\/\/schema.org\",\"@graph\":[{\"@type\":\"Article\",\"@id\":\"https:\/\/torredonjimenoactualidad.com\/index.php\/2023\/08\/04\/especialistas-del-hospital-de-jaen-advierten-de-los-riesgos-de-lesiones-medulares-en-verano\/#article\",\"isPartOf\":{\"@id\":\"https:\/\/torredonjimenoactualidad.com\/index.php\/2023\/08\/04\/especialistas-del-hospital-de-jaen-advierten-de-los-riesgos-de-lesiones-medulares-en-verano\/\"},\"author\":{\"name\":\"Alba Mar\u00eda Torres\",\"@id\":\"https:\/\/torredonjimenoactualidad.com\/#\/schema\/person\/84de5f233e783ef2c75151a532b54977\"},\"headline\":\"Especialistas del Hospital de Ja\u00e9n advierten de los riesgos de lesiones medulares en verano\",\"datePublished\":\"2023-08-04T16:56:03+00:00\",\"dateModified\":\"2023-08-04T16:56:06+00:00\",\"mainEntityOfPage\":{\"@id\":\"https:\/\/torredonjimenoactualidad.com\/index.php\/2023\/08\/04\/especialistas-del-hospital-de-jaen-advierten-de-los-riesgos-de-lesiones-medulares-en-verano\/\"},\"wordCount\":618,\"commentCount\":0,\"publisher\":{\"@id\":\"https:\/\/torredonjimenoactualidad.com\/#organization\"},\"articleSection\":[\"provincia\"],\"inLanguage\":\"es\",\"potentialAction\":[{\"@type\":\"CommentAction\",\"name\":\"Comment\",\"target\":[\"https:\/\/torredonjimenoactualidad.com\/index.php\/2023\/08\/04\/especialistas-del-hospital-de-jaen-advierten-de-los-riesgos-de-lesiones-medulares-en-verano\/#respond\"]}]},{\"@type\":\"WebPage\",\"@id\":\"https:\/\/torredonjimenoactualidad.com\/index.php\/2023\/08\/04\/especialistas-del-hospital-de-jaen-advierten-de-los-riesgos-de-lesiones-medulares-en-verano\/\",\"url\":\"https:\/\/torredonjimenoactualidad.com\/index.php\/2023\/08\/04\/especialistas-del-hospital-de-jaen-advierten-de-los-riesgos-de-lesiones-medulares-en-verano\/\",\"name\":\"Especialistas del Hospital de Ja\u00e9n advierten de los riesgos de lesiones medulares en verano - Torredonjimeno Actualidad\",\"isPartOf\":{\"@id\":\"https:\/\/torredonjimenoactualidad.com\/#website\"},\"datePublished\":\"2023-08-04T16:56:03+00:00\",\"dateModified\":\"2023-08-04T16:56:06+00:00\",\"breadcrumb\":{\"@id\":\"https:\/\/torredonjimenoactualidad.com\/index.php\/2023\/08\/04\/especialistas-del-hospital-de-jaen-advierten-de-los-riesgos-de-lesiones-medulares-en-verano\/#breadcrumb\"},\"inLanguage\":\"es\",\"potentialAction\":[{\"@type\":\"ReadAction\",\"target\":[\"https:\/\/torredonjimenoactualidad.com\/index.php\/2023\/08\/04\/especialistas-del-hospital-de-jaen-advierten-de-los-riesgos-de-lesiones-medulares-en-verano\/\"]}]},{\"@type\":\"BreadcrumbList\",\"@id\":\"https:\/\/torredonjimenoactualidad.com\/index.php\/2023\/08\/04\/especialistas-del-hospital-de-jaen-advierten-de-los-riesgos-de-lesiones-medulares-en-verano\/#breadcrumb\",\"itemListElement\":[{\"@type\":\"ListItem\",\"position\":1,\"name\":\"Portada\",\"item\":\"https:\/\/torredonjimenoactualidad.com\/\"},{\"@type\":\"ListItem\",\"position\":2,\"name\":\"Especialistas del Hospital de Ja\u00e9n advierten de los riesgos de lesiones medulares en verano\"}]},{\"@type\":\"WebSite\",\"@id\":\"https:\/\/torredonjimenoactualidad.com\/#website\",\"url\":\"https:\/\/torredonjimenoactualidad.com\/\",\"name\":\"Torredonjimeno Actualidad\",\"description\":\"\",\"publisher\":{\"@id\":\"https:\/\/torredonjimenoactualidad.com\/#organization\"},\"potentialAction\":[{\"@type\":\"SearchAction\",\"target\":{\"@type\":\"EntryPoint\",\"urlTemplate\":\"https:\/\/torredonjimenoactualidad.com\/?s={search_term_string}\"},\"query-input\":\"required name=search_term_string\"}],\"inLanguage\":\"es\"},{\"@type\":\"Organization\",\"@id\":\"https:\/\/torredonjimenoactualidad.com\/#organization\",\"name\":\"Torredonjimeno Actualidad\",\"url\":\"https:\/\/torredonjimenoactualidad.com\/\",\"logo\":{\"@type\":\"ImageObject\",\"inLanguage\":\"es\",\"@id\":\"https:\/\/torredonjimenoactualidad.com\/#\/schema\/logo\/image\/\",\"url\":\"https:\/\/torredonjimenoactualidad.com\/wp-content\/uploads\/2023\/02\/logo-torredonjimeno-544x180-1.png\",\"contentUrl\":\"https:\/\/torredonjimenoactualidad.com\/wp-content\/uploads\/2023\/02\/logo-torredonjimeno-544x180-1.png\",\"width\":545,\"height\":112,\"caption\":\"Torredonjimeno Actualidad\"},\"image\":{\"@id\":\"https:\/\/torredonjimenoactualidad.com\/#\/schema\/logo\/image\/\"}},{\"@type\":\"Person\",\"@id\":\"https:\/\/torredonjimenoactualidad.com\/#\/schema\/person\/84de5f233e783ef2c75151a532b54977\",\"name\":\"Alba Mar\u00eda Torres\",\"image\":{\"@type\":\"ImageObject\",\"inLanguage\":\"es\",\"@id\":\"https:\/\/torredonjimenoactualidad.com\/#\/schema\/person\/image\/\",\"url\":\"https:\/\/secure.gravatar.com\/avatar\/f9371f188c71501b4475a9ba2a71595850ec72967f800a2ed8e3e2102859ed65?s=96&d=mm&r=g\",\"contentUrl\":\"https:\/\/secure.gravatar.com\/avatar\/f9371f188c71501b4475a9ba2a71595850ec72967f800a2ed8e3e2102859ed65?s=96&d=mm&r=g\",\"caption\":\"Alba Mar\u00eda Torres\"},\"url\":\"https:\/\/torredonjimenoactualidad.com\/index.php\/author\/alba-torres\/\"}]}<\/script>\n<!-- \/ Yoast SEO plugin. -->","yoast_head_json":{"title":"Especialistas del Hospital de Ja\u00e9n advierten de los riesgos de lesiones medulares en verano - Torredonjimeno Actualidad","robots":{"index":"index","follow":"follow","max-snippet":"max-snippet:-1","max-image-preview":"max-image-preview:large","max-video-preview":"max-video-preview:-1"},"canonical":"https:\/\/torredonjimenoactualidad.com\/index.php\/2023\/08\/04\/especialistas-del-hospital-de-jaen-advierten-de-los-riesgos-de-lesiones-medulares-en-verano\/","og_locale":"es_ES","og_type":"article","og_title":"Especialistas del Hospital de Ja\u00e9n advierten de los riesgos de lesiones medulares en verano - Torredonjimeno Actualidad","og_description":"Especialistas de la Unidad de Neurocirug\u00eda del Hospital Universitario de Ja\u00e9n est\u00e1n advritendo del riesgo de lesiones medulares en personas j\u00f3venes por zambullidas, sobre todo en piscinas, r\u00edos o en el mar, durante el verano, y tambi\u00e9n en episodios que pueden producirse en otros lugares, debido a traumatismos por ca\u00eddas al caminar, al practicar deporte &hellip; Especialistas del Hospital de Ja\u00e9n advierten de los riesgos de lesiones medulares en verano Leer m\u00e1s &raquo;","og_url":"https:\/\/torredonjimenoactualidad.com\/index.php\/2023\/08\/04\/especialistas-del-hospital-de-jaen-advierten-de-los-riesgos-de-lesiones-medulares-en-verano\/","og_site_name":"Torredonjimeno Actualidad","article_published_time":"2023-08-04T16:56:03+00:00","article_modified_time":"2023-08-04T16:56:06+00:00","og_image":[{"width":1920,"height":1097,"url":"https:\/\/torredonjimenoactualidad.com\/wp-content\/uploads\/2023\/08\/fotonoticia_20230804145929_1920.jpg","type":"image\/jpeg"}],"author":"Alba Mar\u00eda Torres","twitter_card":"summary_large_image","twitter_misc":{"Escrito por":"Alba Mar\u00eda Torres","Tiempo de lectura":"3 minutos"},"schema":{"@context":"https:\/\/schema.org","@graph":[{"@type":"Article","@id":"https:\/\/torredonjimenoactualidad.com\/index.php\/2023\/08\/04\/especialistas-del-hospital-de-jaen-advierten-de-los-riesgos-de-lesiones-medulares-en-verano\/#article","isPartOf":{"@id":"https:\/\/torredonjimenoactualidad.com\/index.php\/2023\/08\/04\/especialistas-del-hospital-de-jaen-advierten-de-los-riesgos-de-lesiones-medulares-en-verano\/"},"author":{"name":"Alba Mar\u00eda Torres","@id":"https:\/\/torredonjimenoactualidad.com\/#\/schema\/person\/84de5f233e783ef2c75151a532b54977"},"headline":"Especialistas del Hospital de Ja\u00e9n advierten de los riesgos de lesiones medulares en verano","datePublished":"2023-08-04T16:56:03+00:00","dateModified":"2023-08-04T16:56:06+00:00","mainEntityOfPage":{"@id":"https:\/\/torredonjimenoactualidad.com\/index.php\/2023\/08\/04\/especialistas-del-hospital-de-jaen-advierten-de-los-riesgos-de-lesiones-medulares-en-verano\/"},"wordCount":618,"commentCount":0,"publisher":{"@id":"https:\/\/torredonjimenoactualidad.com\/#organization"},"articleSection":["provincia"],"inLanguage":"es","potentialAction":[{"@type":"CommentAction","name":"Comment","target":["https:\/\/torredonjimenoactualidad.com\/index.php\/2023\/08\/04\/especialistas-del-hospital-de-jaen-advierten-de-los-riesgos-de-lesiones-medulares-en-verano\/#respond"]}]},{"@type":"WebPage","@id":"https:\/\/torredonjimenoactualidad.com\/index.php\/2023\/08\/04\/especialistas-del-hospital-de-jaen-advierten-de-los-riesgos-de-lesiones-medulares-en-verano\/","url":"https:\/\/torredonjimenoactualidad.com\/index.php\/2023\/08\/04\/especialistas-del-hospital-de-jaen-advierten-de-los-riesgos-de-lesiones-medulares-en-verano\/","name":"Especialistas del Hospital de Ja\u00e9n advierten de los riesgos de lesiones medulares en verano - Torredonjimeno Actualidad","isPartOf":{"@id":"https:\/\/torredonjimenoactualidad.com\/#website"},"datePublished":"2023-08-04T16:56:03+00:00","dateModified":"2023-08-04T16:56:06+00:00","breadcrumb":{"@id":"https:\/\/torredonjimenoactualidad.com\/index.php\/2023\/08\/04\/especialistas-del-hospital-de-jaen-advierten-de-los-riesgos-de-lesiones-medulares-en-verano\/#breadcrumb"},"inLanguage":"es","potentialAction":[{"@type":"ReadAction","target":["https:\/\/torredonjimenoactualidad.com\/index.php\/2023\/08\/04\/especialistas-del-hospital-de-jaen-advierten-de-los-riesgos-de-lesiones-medulares-en-verano\/"]}]},{"@type":"BreadcrumbList","@id":"https:\/\/torredonjimenoactualidad.com\/index.php\/2023\/08\/04\/especialistas-del-hospital-de-jaen-advierten-de-los-riesgos-de-lesiones-medulares-en-verano\/#breadcrumb","itemListElement":[{"@type":"ListItem","position":1,"name":"Portada","item":"https:\/\/torredonjimenoactualidad.com\/"},{"@type":"ListItem","position":2,"name":"Especialistas del Hospital de Ja\u00e9n advierten de los riesgos de lesiones medulares en verano"}]},{"@type":"WebSite","@id":"https:\/\/torredonjimenoactualidad.com\/#website","url":"https:\/\/torredonjimenoactualidad.com\/","name":"Torredonjimeno Actualidad","description":"","publisher":{"@id":"https:\/\/torredonjimenoactualidad.com\/#organization"},"potentialAction":[{"@type":"SearchAction","target":{"@type":"EntryPoint","urlTemplate":"https:\/\/torredonjimenoactualidad.com\/?s={search_term_string}"},"query-input":"required name=search_term_string"}],"inLanguage":"es"},{"@type":"Organization","@id":"https:\/\/torredonjimenoactualidad.com\/#organization","name":"Torredonjimeno Actualidad","url":"https:\/\/torredonjimenoactualidad.com\/","logo":{"@type":"ImageObject","inLanguage":"es","@id":"https:\/\/torredonjimenoactualidad.com\/#\/schema\/logo\/image\/","url":"https:\/\/torredonjimenoactualidad.com\/wp-content\/uploads\/2023\/02\/logo-torredonjimeno-544x180-1.png","contentUrl":"https:\/\/torredonjimenoactualidad.com\/wp-content\/uploads\/2023\/02\/logo-torredonjimeno-544x180-1.png","width":545,"height":112,"caption":"Torredonjimeno Actualidad"},"image":{"@id":"https:\/\/torredonjimenoactualidad.com\/#\/schema\/logo\/image\/"}},{"@type":"Person","@id":"https:\/\/torredonjimenoactualidad.com\/#\/schema\/person\/84de5f233e783ef2c75151a532b54977","name":"Alba Mar\u00eda Torres","image":{"@type":"ImageObject","inLanguage":"es","@id":"https:\/\/torredonjimenoactualidad.com\/#\/schema\/person\/image\/","url":"https:\/\/secure.gravatar.com\/avatar\/f9371f188c71501b4475a9ba2a71595850ec72967f800a2ed8e3e2102859ed65?s=96&d=mm&r=g","contentUrl":"https:\/\/secure.gravatar.com\/avatar\/f9371f188c71501b4475a9ba2a71595850ec72967f800a2ed8e3e2102859ed65?s=96&d=mm&r=g","caption":"Alba Mar\u00eda Torres"},"url":"https:\/\/torredonjimenoactualidad.com\/index.php\/author\/alba-torres\/"}]}},"_links":{"self":[{"href":"https:\/\/torredonjimenoactualidad.com\/index.php\/wp-json\/wp\/v2\/posts\/892","targetHints":{"allow":["GET"]}}],"collection":[{"href":"https:\/\/torredonjimenoactualidad.com\/index.php\/wp-json\/wp\/v2\/posts"}],"about":[{"href":"https:\/\/torredonjimenoactualidad.com\/index.php\/wp-json\/wp\/v2\/types\/post"}],"author":[{"embeddable":true,"href":"https:\/\/torredonjimenoactualidad.com\/index.php\/wp-json\/wp\/v2\/users\/2"}],"replies":[{"embeddable":true,"href":"https:\/\/torredonjimenoactualidad.com\/index.php\/wp-json\/wp\/v2\/comments?post=892"}],"version-history":[{"count":1,"href":"https:\/\/torredonjimenoactualidad.com\/index.php\/wp-json\/wp\/v2\/posts\/892\/revisions"}],"predecessor-version":[{"id":894,"href":"https:\/\/torredonjimenoactualidad.com\/index.php\/wp-json\/wp\/v2\/posts\/892\/revisions\/894"}],"wp:featuredmedia":[{"embeddable":true,"href":"https:\/\/torredonjimenoactualidad.com\/index.php\/wp-json\/wp\/v2\/media\/893"}],"wp:attachment":[{"href":"https:\/\/torredonjimenoactualidad.com\/index.php\/wp-json\/wp\/v2\/media?parent=892"}],"wp:term":[{"taxonomy":"category","embeddable":true,"href":"https:\/\/torredonjimenoactualidad.com\/index.php\/wp-json\/wp\/v2\/categories?post=892"},{"taxonomy":"post_tag","embeddable":true,"href":"https:\/\/torredonjimenoactualidad.com\/index.php\/wp-json\/wp\/v2\/tags?post=892"}],"curies":[{"name":"wp","href":"https:\/\/api.w.org\/{rel}","templated":true}]}}