{"id":889,"date":"2023-08-04T16:40:13","date_gmt":"2023-08-04T16:40:13","guid":{"rendered":"https:\/\/torredonjimenoactualidad.com\/?p=889"},"modified":"2023-08-04T16:40:14","modified_gmt":"2023-08-04T16:40:14","slug":"la-junta-destina-953-millones-para-formar-y-contratar-a-unos-400-desempleados-de-la-provincia","status":"publish","type":"post","link":"https:\/\/torredonjimenoactualidad.com\/index.php\/2023\/08\/04\/la-junta-destina-953-millones-para-formar-y-contratar-a-unos-400-desempleados-de-la-provincia\/","title":{"rendered":"La Junta destina 9,53 millones para formar y contratar a unos 400 desempleados de la provincia"},"content":{"rendered":"\n<p>La Consejer\u00eda de Empleo, Empresa y Trabajo Aut\u00f3nomo va a destinar 9,53 millones de euros para formar y contratar a unos 400 personas desempleadas de la provincia de Ja\u00e9n. Las subvenciones para acceder al programa est\u00e1n dirigidas tanto a entidades p\u00fablicas, incluidas las entidades y corporaciones locales, para las que hay una partida de 8,72 millones de euros para la provincia, as\u00ed como a entidades privadas sin \u00e1nimo de lucro con sede en la provincia y para las que hay una partida provincial de 810.835,32 euros.<\/p>\n\n\n\n<p>Desde este s\u00e1bado, 5 de agosto, y hasta el pr\u00f3ximo 22 de septiembre, las entidades p\u00fablicas y entidades sin \u00e1nimo de lucro interesadas en acogerse al programa Empleo y Formaci\u00f3n podr\u00e1n presentar sus solicitudes y acceder a subvenciones para la puesta en marcha de iniciativas de formaci\u00f3n en alternancia con la pr\u00e1ctica profesional.<\/p>\n\n\n\n<p>Se trata del programa de FP para el Empleo dise\u00f1ado por la Consejer\u00eda de Empleo, Empresa y Trabajo Aut\u00f3nomo de la Junta de Andaluc\u00eda que sustituy\u00f3 al programa de Escuelas Taller y Talleres de Empleo, cuya convocatoria se ha publicado este viernes en BOJA (<a target=\"_blank\" href=\"https:\/\/lajunta.es\/4b2nt\" rel=\"noreferrer noopener\">https:\/\/lajunta.es\/4b2nt<\/a>&nbsp;). El presupuesto para toda Andaluc\u00eda asciende a 94 millones de euros, con la intenci\u00f3n de beneficiar a m\u00e1s de 4.000 personas desempleadas.<\/p>\n\n\n\n<p>Tal y como indica la Consejer\u00eda en un comunicado, el programa Empleo y Formaci\u00f3n se puso en marcha en 2021 con el objetivo de mejorar el funcionamiento y resultados de las antiguas Escuelas Taller y Talleres de Empleo, incorporando como novedad que el alumnado es contratado desde el inicio de los proyectos, durante un a\u00f1o, percibiendo el salario establecido por convenio y nunca por debajo del salario m\u00ednimo interprofesional.<\/p>\n\n\n\n<p>En la web de la Consejer\u00eda de Empleo, Formaci\u00f3n y Trabajo Aut\u00f3nomo&nbsp;<a target=\"_blank\" href=\"https:\/\/lajunta.es\/3rl9h\" rel=\"noreferrer noopener\">https:\/\/lajunta.es\/3rl9h<\/a>&nbsp;se detallan las caracter\u00edsticas que han de cumplir las iniciativas que realizar\u00e1n las entidades, cuyas solicitudes se resolver\u00e1n en r\u00e9gimen de concurrencia competitiva.<\/p>\n\n\n\n<p>Los proyectos, de 12 meses de duraci\u00f3n, han de ser acciones formativas de car\u00e1cter presencial en alternancia con la pr\u00e1ctica profesional con el fin de mejorar las posibilidades de inserci\u00f3n laboral de las personas inscritas como demandantes de empleo no ocupadas a trav\u00e9s de actividades de utilidad p\u00fablica o de inter\u00e9s general y social. En cualquier caso, el tiempo dedicado a la actividad formativa no podr\u00e1 ser inferior a un 35 por ciento del total de horas de cada contrato.<\/p>\n\n\n\n<p>Estos proyectos de Formaci\u00f3n y Empleo ser\u00e1n dise\u00f1ados por las propias entidades solicitantes y no pueden subcontratar con terceros la actividad formativa. Tendr\u00e1n en cuenta las necesidades de cualificaci\u00f3n del mercado laboral del territorio donde se desarrolle, y que han de corresponderse con la oferta formativa detallada en el Anexo III de la convocatoria que contiene especialidades incluidas en el Fichero Andaluz de Especialidades Formativas.<\/p>\n\n\n\n<p>El plan formativo deber\u00e1 recoger, como m\u00ednimo, el contenido necesario para obtener al menos un certificado de profesionalidad, al que se deber\u00e1n a\u00f1adir acciones de orientaci\u00f3n, asesoramiento para la b\u00fasqueda de empleo, informaci\u00f3n laboral y profesional o formaci\u00f3n empresarial del alumnado. El tiempo dedicado a la actividad formativa en cada contrato no podr\u00e1 ser inferior a un 35 por ciento, ni superior al 50 por ciento, tomando como referencia 1.920 horas. El n\u00famero m\u00ednimo de alumnos ser\u00e1 de un m\u00ednimo de diez.<\/p>\n\n\n\n<p>Los formularios para la solicitud est\u00e1n disponibles para su presentaci\u00f3n a trav\u00e9s de la aplicaci\u00f3n inform\u00e1tica de gesti\u00f3n de la formaci\u00f3n profesional para el empleo (Gefoc entidades) ubicado en la oficina virtual de la Consejer\u00eda de Empleo, Empresa y Trabajo Aut\u00f3nomo:&nbsp;<a target=\"_blank\" href=\"https:\/\/lajunta.es\/17ibm\" rel=\"noreferrer noopener\">https:\/\/lajunta.es\/17ibm<\/a>.<\/p>\n\n\n\n<p>Las solicitudes ir\u00e1n dirigidas a las personas titulares de las Delegaciones Territoriales de Empleo, Empresa y Trabajo Aut\u00f3nomo de la provincia correspondiente.<\/p>\n\n\n\n<p>Una vez publicada la concesi\u00f3n de la subvenci\u00f3n, las entidades beneficiarias deber\u00e1n iniciar los proyectos con la puesta en marcha de todos los contratos de formaci\u00f3n en alternancia en un plazo m\u00e1ximo de cuatro meses.<\/p>\n","protected":false},"excerpt":{"rendered":"<p>La Consejer\u00eda de Empleo, Empresa y Trabajo Aut\u00f3nomo va a destinar 9,53 millones de euros para formar y contratar a unos 400 personas desempleadas de la provincia de Ja\u00e9n. Las subvenciones para acceder al programa est\u00e1n dirigidas tanto a entidades p\u00fablicas, incluidas las entidades y corporaciones locales, para las que hay una partida de 8,72 &hellip;<\/p>\n<p class=\"read-more\"> <a class=\"\" href=\"https:\/\/torredonjimenoactualidad.com\/index.php\/2023\/08\/04\/la-junta-destina-953-millones-para-formar-y-contratar-a-unos-400-desempleados-de-la-provincia\/\"> <span class=\"screen-reader-text\">La Junta destina 9,53 millones para formar y contratar a unos 400 desempleados de la provincia<\/span> Leer m\u00e1s &raquo;<\/a><\/p>\n","protected":false},"author":2,"featured_media":890,"comment_status":"open","ping_status":"open","sticky":false,"template":"","format":"standard","meta":{"site-sidebar-layout":"default","site-content-layout":"default","ast-global-header-display":"","ast-main-header-display":"","ast-hfb-above-header-display":"","ast-hfb-below-header-display":"","ast-hfb-mobile-header-display":"","site-post-title":"","ast-breadcrumbs-content":"","ast-featured-img":"","footer-sml-layout":"","theme-transparent-header-meta":"","adv-header-id-meta":"","stick-header-meta":"","header-above-stick-meta":"","header-main-stick-meta":"","header-below-stick-meta":"","footnotes":""},"categories":[8],"tags":[],"class_list":["post-889","post","type-post","status-publish","format-standard","has-post-thumbnail","hentry","category-provincia"],"yoast_head":"<!-- This site is optimized with the Yoast SEO plugin v20.8 - https:\/\/yoast.com\/wordpress\/plugins\/seo\/ -->\n<title>La Junta destina 9,53 millones para formar y contratar a unos 400 desempleados de la provincia - Torredonjimeno Actualidad<\/title>\n<meta name=\"robots\" content=\"index, follow, max-snippet:-1, max-image-preview:large, max-video-preview:-1\" \/>\n<link rel=\"canonical\" href=\"https:\/\/torredonjimenoactualidad.com\/index.php\/2023\/08\/04\/la-junta-destina-953-millones-para-formar-y-contratar-a-unos-400-desempleados-de-la-provincia\/\" \/>\n<meta property=\"og:locale\" content=\"es_ES\" \/>\n<meta property=\"og:type\" content=\"article\" \/>\n<meta property=\"og:title\" content=\"La Junta destina 9,53 millones para formar y contratar a unos 400 desempleados de la provincia - Torredonjimeno Actualidad\" \/>\n<meta property=\"og:description\" content=\"La Consejer\u00eda de Empleo, Empresa y Trabajo Aut\u00f3nomo va a destinar 9,53 millones de euros para formar y contratar a unos 400 personas desempleadas de la provincia de Ja\u00e9n. Las subvenciones para acceder al programa est\u00e1n dirigidas tanto a entidades p\u00fablicas, incluidas las entidades y corporaciones locales, para las que hay una partida de 8,72 &hellip; La Junta destina 9,53 millones para formar y contratar a unos 400 desempleados de la provincia Leer m\u00e1s &raquo;\" \/>\n<meta property=\"og:url\" content=\"https:\/\/torredonjimenoactualidad.com\/index.php\/2023\/08\/04\/la-junta-destina-953-millones-para-formar-y-contratar-a-unos-400-desempleados-de-la-provincia\/\" \/>\n<meta property=\"og:site_name\" content=\"Torredonjimeno Actualidad\" \/>\n<meta property=\"article:published_time\" content=\"2023-08-04T16:40:13+00:00\" \/>\n<meta property=\"article:modified_time\" content=\"2023-08-04T16:40:14+00:00\" \/>\n<meta property=\"og:image\" content=\"https:\/\/torredonjimenoactualidad.com\/wp-content\/uploads\/2023\/08\/vida_18508462_823291_1706x960.jpg\" \/>\n\t<meta property=\"og:image:width\" content=\"1706\" \/>\n\t<meta property=\"og:image:height\" content=\"960\" \/>\n\t<meta property=\"og:image:type\" content=\"image\/jpeg\" \/>\n<meta name=\"author\" content=\"Alba Mar\u00eda Torres\" \/>\n<meta name=\"twitter:card\" content=\"summary_large_image\" \/>\n<meta name=\"twitter:label1\" content=\"Escrito por\" \/>\n\t<meta name=\"twitter:data1\" content=\"Alba Mar\u00eda Torres\" \/>\n\t<meta name=\"twitter:label2\" content=\"Tiempo de lectura\" \/>\n\t<meta name=\"twitter:data2\" content=\"3 minutos\" \/>\n<script type=\"application\/ld+json\" class=\"yoast-schema-graph\">{\"@context\":\"https:\/\/schema.org\",\"@graph\":[{\"@type\":\"Article\",\"@id\":\"https:\/\/torredonjimenoactualidad.com\/index.php\/2023\/08\/04\/la-junta-destina-953-millones-para-formar-y-contratar-a-unos-400-desempleados-de-la-provincia\/#article\",\"isPartOf\":{\"@id\":\"https:\/\/torredonjimenoactualidad.com\/index.php\/2023\/08\/04\/la-junta-destina-953-millones-para-formar-y-contratar-a-unos-400-desempleados-de-la-provincia\/\"},\"author\":{\"name\":\"Alba Mar\u00eda Torres\",\"@id\":\"https:\/\/torredonjimenoactualidad.com\/#\/schema\/person\/84de5f233e783ef2c75151a532b54977\"},\"headline\":\"La Junta destina 9,53 millones para formar y contratar a unos 400 desempleados de la provincia\",\"datePublished\":\"2023-08-04T16:40:13+00:00\",\"dateModified\":\"2023-08-04T16:40:14+00:00\",\"mainEntityOfPage\":{\"@id\":\"https:\/\/torredonjimenoactualidad.com\/index.php\/2023\/08\/04\/la-junta-destina-953-millones-para-formar-y-contratar-a-unos-400-desempleados-de-la-provincia\/\"},\"wordCount\":720,\"commentCount\":0,\"publisher\":{\"@id\":\"https:\/\/torredonjimenoactualidad.com\/#organization\"},\"articleSection\":[\"provincia\"],\"inLanguage\":\"es\",\"potentialAction\":[{\"@type\":\"CommentAction\",\"name\":\"Comment\",\"target\":[\"https:\/\/torredonjimenoactualidad.com\/index.php\/2023\/08\/04\/la-junta-destina-953-millones-para-formar-y-contratar-a-unos-400-desempleados-de-la-provincia\/#respond\"]}]},{\"@type\":\"WebPage\",\"@id\":\"https:\/\/torredonjimenoactualidad.com\/index.php\/2023\/08\/04\/la-junta-destina-953-millones-para-formar-y-contratar-a-unos-400-desempleados-de-la-provincia\/\",\"url\":\"https:\/\/torredonjimenoactualidad.com\/index.php\/2023\/08\/04\/la-junta-destina-953-millones-para-formar-y-contratar-a-unos-400-desempleados-de-la-provincia\/\",\"name\":\"La Junta destina 9,53 millones para formar y contratar a unos 400 desempleados de la provincia - Torredonjimeno Actualidad\",\"isPartOf\":{\"@id\":\"https:\/\/torredonjimenoactualidad.com\/#website\"},\"datePublished\":\"2023-08-04T16:40:13+00:00\",\"dateModified\":\"2023-08-04T16:40:14+00:00\",\"breadcrumb\":{\"@id\":\"https:\/\/torredonjimenoactualidad.com\/index.php\/2023\/08\/04\/la-junta-destina-953-millones-para-formar-y-contratar-a-unos-400-desempleados-de-la-provincia\/#breadcrumb\"},\"inLanguage\":\"es\",\"potentialAction\":[{\"@type\":\"ReadAction\",\"target\":[\"https:\/\/torredonjimenoactualidad.com\/index.php\/2023\/08\/04\/la-junta-destina-953-millones-para-formar-y-contratar-a-unos-400-desempleados-de-la-provincia\/\"]}]},{\"@type\":\"BreadcrumbList\",\"@id\":\"https:\/\/torredonjimenoactualidad.com\/index.php\/2023\/08\/04\/la-junta-destina-953-millones-para-formar-y-contratar-a-unos-400-desempleados-de-la-provincia\/#breadcrumb\",\"itemListElement\":[{\"@type\":\"ListItem\",\"position\":1,\"name\":\"Portada\",\"item\":\"https:\/\/torredonjimenoactualidad.com\/\"},{\"@type\":\"ListItem\",\"position\":2,\"name\":\"La Junta destina 9,53 millones para formar y contratar a unos 400 desempleados de la provincia\"}]},{\"@type\":\"WebSite\",\"@id\":\"https:\/\/torredonjimenoactualidad.com\/#website\",\"url\":\"https:\/\/torredonjimenoactualidad.com\/\",\"name\":\"Torredonjimeno Actualidad\",\"description\":\"\",\"publisher\":{\"@id\":\"https:\/\/torredonjimenoactualidad.com\/#organization\"},\"potentialAction\":[{\"@type\":\"SearchAction\",\"target\":{\"@type\":\"EntryPoint\",\"urlTemplate\":\"https:\/\/torredonjimenoactualidad.com\/?s={search_term_string}\"},\"query-input\":\"required name=search_term_string\"}],\"inLanguage\":\"es\"},{\"@type\":\"Organization\",\"@id\":\"https:\/\/torredonjimenoactualidad.com\/#organization\",\"name\":\"Torredonjimeno Actualidad\",\"url\":\"https:\/\/torredonjimenoactualidad.com\/\",\"logo\":{\"@type\":\"ImageObject\",\"inLanguage\":\"es\",\"@id\":\"https:\/\/torredonjimenoactualidad.com\/#\/schema\/logo\/image\/\",\"url\":\"https:\/\/torredonjimenoactualidad.com\/wp-content\/uploads\/2023\/02\/logo-torredonjimeno-544x180-1.png\",\"contentUrl\":\"https:\/\/torredonjimenoactualidad.com\/wp-content\/uploads\/2023\/02\/logo-torredonjimeno-544x180-1.png\",\"width\":545,\"height\":112,\"caption\":\"Torredonjimeno Actualidad\"},\"image\":{\"@id\":\"https:\/\/torredonjimenoactualidad.com\/#\/schema\/logo\/image\/\"}},{\"@type\":\"Person\",\"@id\":\"https:\/\/torredonjimenoactualidad.com\/#\/schema\/person\/84de5f233e783ef2c75151a532b54977\",\"name\":\"Alba Mar\u00eda Torres\",\"image\":{\"@type\":\"ImageObject\",\"inLanguage\":\"es\",\"@id\":\"https:\/\/torredonjimenoactualidad.com\/#\/schema\/person\/image\/\",\"url\":\"https:\/\/secure.gravatar.com\/avatar\/f9371f188c71501b4475a9ba2a71595850ec72967f800a2ed8e3e2102859ed65?s=96&d=mm&r=g\",\"contentUrl\":\"https:\/\/secure.gravatar.com\/avatar\/f9371f188c71501b4475a9ba2a71595850ec72967f800a2ed8e3e2102859ed65?s=96&d=mm&r=g\",\"caption\":\"Alba Mar\u00eda Torres\"},\"url\":\"https:\/\/torredonjimenoactualidad.com\/index.php\/author\/alba-torres\/\"}]}<\/script>\n<!-- \/ Yoast SEO plugin. -->","yoast_head_json":{"title":"La Junta destina 9,53 millones para formar y contratar a unos 400 desempleados de la provincia - Torredonjimeno Actualidad","robots":{"index":"index","follow":"follow","max-snippet":"max-snippet:-1","max-image-preview":"max-image-preview:large","max-video-preview":"max-video-preview:-1"},"canonical":"https:\/\/torredonjimenoactualidad.com\/index.php\/2023\/08\/04\/la-junta-destina-953-millones-para-formar-y-contratar-a-unos-400-desempleados-de-la-provincia\/","og_locale":"es_ES","og_type":"article","og_title":"La Junta destina 9,53 millones para formar y contratar a unos 400 desempleados de la provincia - Torredonjimeno Actualidad","og_description":"La Consejer\u00eda de Empleo, Empresa y Trabajo Aut\u00f3nomo va a destinar 9,53 millones de euros para formar y contratar a unos 400 personas desempleadas de la provincia de Ja\u00e9n. Las subvenciones para acceder al programa est\u00e1n dirigidas tanto a entidades p\u00fablicas, incluidas las entidades y corporaciones locales, para las que hay una partida de 8,72 &hellip; La Junta destina 9,53 millones para formar y contratar a unos 400 desempleados de la provincia Leer m\u00e1s &raquo;","og_url":"https:\/\/torredonjimenoactualidad.com\/index.php\/2023\/08\/04\/la-junta-destina-953-millones-para-formar-y-contratar-a-unos-400-desempleados-de-la-provincia\/","og_site_name":"Torredonjimeno Actualidad","article_published_time":"2023-08-04T16:40:13+00:00","article_modified_time":"2023-08-04T16:40:14+00:00","og_image":[{"width":1706,"height":960,"url":"https:\/\/torredonjimenoactualidad.com\/wp-content\/uploads\/2023\/08\/vida_18508462_823291_1706x960.jpg","type":"image\/jpeg"}],"author":"Alba Mar\u00eda Torres","twitter_card":"summary_large_image","twitter_misc":{"Escrito por":"Alba Mar\u00eda Torres","Tiempo de lectura":"3 minutos"},"schema":{"@context":"https:\/\/schema.org","@graph":[{"@type":"Article","@id":"https:\/\/torredonjimenoactualidad.com\/index.php\/2023\/08\/04\/la-junta-destina-953-millones-para-formar-y-contratar-a-unos-400-desempleados-de-la-provincia\/#article","isPartOf":{"@id":"https:\/\/torredonjimenoactualidad.com\/index.php\/2023\/08\/04\/la-junta-destina-953-millones-para-formar-y-contratar-a-unos-400-desempleados-de-la-provincia\/"},"author":{"name":"Alba Mar\u00eda Torres","@id":"https:\/\/torredonjimenoactualidad.com\/#\/schema\/person\/84de5f233e783ef2c75151a532b54977"},"headline":"La Junta destina 9,53 millones para formar y contratar a unos 400 desempleados de la provincia","datePublished":"2023-08-04T16:40:13+00:00","dateModified":"2023-08-04T16:40:14+00:00","mainEntityOfPage":{"@id":"https:\/\/torredonjimenoactualidad.com\/index.php\/2023\/08\/04\/la-junta-destina-953-millones-para-formar-y-contratar-a-unos-400-desempleados-de-la-provincia\/"},"wordCount":720,"commentCount":0,"publisher":{"@id":"https:\/\/torredonjimenoactualidad.com\/#organization"},"articleSection":["provincia"],"inLanguage":"es","potentialAction":[{"@type":"CommentAction","name":"Comment","target":["https:\/\/torredonjimenoactualidad.com\/index.php\/2023\/08\/04\/la-junta-destina-953-millones-para-formar-y-contratar-a-unos-400-desempleados-de-la-provincia\/#respond"]}]},{"@type":"WebPage","@id":"https:\/\/torredonjimenoactualidad.com\/index.php\/2023\/08\/04\/la-junta-destina-953-millones-para-formar-y-contratar-a-unos-400-desempleados-de-la-provincia\/","url":"https:\/\/torredonjimenoactualidad.com\/index.php\/2023\/08\/04\/la-junta-destina-953-millones-para-formar-y-contratar-a-unos-400-desempleados-de-la-provincia\/","name":"La Junta destina 9,53 millones para formar y contratar a unos 400 desempleados de la provincia - Torredonjimeno Actualidad","isPartOf":{"@id":"https:\/\/torredonjimenoactualidad.com\/#website"},"datePublished":"2023-08-04T16:40:13+00:00","dateModified":"2023-08-04T16:40:14+00:00","breadcrumb":{"@id":"https:\/\/torredonjimenoactualidad.com\/index.php\/2023\/08\/04\/la-junta-destina-953-millones-para-formar-y-contratar-a-unos-400-desempleados-de-la-provincia\/#breadcrumb"},"inLanguage":"es","potentialAction":[{"@type":"ReadAction","target":["https:\/\/torredonjimenoactualidad.com\/index.php\/2023\/08\/04\/la-junta-destina-953-millones-para-formar-y-contratar-a-unos-400-desempleados-de-la-provincia\/"]}]},{"@type":"BreadcrumbList","@id":"https:\/\/torredonjimenoactualidad.com\/index.php\/2023\/08\/04\/la-junta-destina-953-millones-para-formar-y-contratar-a-unos-400-desempleados-de-la-provincia\/#breadcrumb","itemListElement":[{"@type":"ListItem","position":1,"name":"Portada","item":"https:\/\/torredonjimenoactualidad.com\/"},{"@type":"ListItem","position":2,"name":"La Junta destina 9,53 millones para formar y contratar a unos 400 desempleados de la provincia"}]},{"@type":"WebSite","@id":"https:\/\/torredonjimenoactualidad.com\/#website","url":"https:\/\/torredonjimenoactualidad.com\/","name":"Torredonjimeno Actualidad","description":"","publisher":{"@id":"https:\/\/torredonjimenoactualidad.com\/#organization"},"potentialAction":[{"@type":"SearchAction","target":{"@type":"EntryPoint","urlTemplate":"https:\/\/torredonjimenoactualidad.com\/?s={search_term_string}"},"query-input":"required name=search_term_string"}],"inLanguage":"es"},{"@type":"Organization","@id":"https:\/\/torredonjimenoactualidad.com\/#organization","name":"Torredonjimeno Actualidad","url":"https:\/\/torredonjimenoactualidad.com\/","logo":{"@type":"ImageObject","inLanguage":"es","@id":"https:\/\/torredonjimenoactualidad.com\/#\/schema\/logo\/image\/","url":"https:\/\/torredonjimenoactualidad.com\/wp-content\/uploads\/2023\/02\/logo-torredonjimeno-544x180-1.png","contentUrl":"https:\/\/torredonjimenoactualidad.com\/wp-content\/uploads\/2023\/02\/logo-torredonjimeno-544x180-1.png","width":545,"height":112,"caption":"Torredonjimeno Actualidad"},"image":{"@id":"https:\/\/torredonjimenoactualidad.com\/#\/schema\/logo\/image\/"}},{"@type":"Person","@id":"https:\/\/torredonjimenoactualidad.com\/#\/schema\/person\/84de5f233e783ef2c75151a532b54977","name":"Alba Mar\u00eda Torres","image":{"@type":"ImageObject","inLanguage":"es","@id":"https:\/\/torredonjimenoactualidad.com\/#\/schema\/person\/image\/","url":"https:\/\/secure.gravatar.com\/avatar\/f9371f188c71501b4475a9ba2a71595850ec72967f800a2ed8e3e2102859ed65?s=96&d=mm&r=g","contentUrl":"https:\/\/secure.gravatar.com\/avatar\/f9371f188c71501b4475a9ba2a71595850ec72967f800a2ed8e3e2102859ed65?s=96&d=mm&r=g","caption":"Alba Mar\u00eda Torres"},"url":"https:\/\/torredonjimenoactualidad.com\/index.php\/author\/alba-torres\/"}]}},"_links":{"self":[{"href":"https:\/\/torredonjimenoactualidad.com\/index.php\/wp-json\/wp\/v2\/posts\/889","targetHints":{"allow":["GET"]}}],"collection":[{"href":"https:\/\/torredonjimenoactualidad.com\/index.php\/wp-json\/wp\/v2\/posts"}],"about":[{"href":"https:\/\/torredonjimenoactualidad.com\/index.php\/wp-json\/wp\/v2\/types\/post"}],"author":[{"embeddable":true,"href":"https:\/\/torredonjimenoactualidad.com\/index.php\/wp-json\/wp\/v2\/users\/2"}],"replies":[{"embeddable":true,"href":"https:\/\/torredonjimenoactualidad.com\/index.php\/wp-json\/wp\/v2\/comments?post=889"}],"version-history":[{"count":1,"href":"https:\/\/torredonjimenoactualidad.com\/index.php\/wp-json\/wp\/v2\/posts\/889\/revisions"}],"predecessor-version":[{"id":891,"href":"https:\/\/torredonjimenoactualidad.com\/index.php\/wp-json\/wp\/v2\/posts\/889\/revisions\/891"}],"wp:featuredmedia":[{"embeddable":true,"href":"https:\/\/torredonjimenoactualidad.com\/index.php\/wp-json\/wp\/v2\/media\/890"}],"wp:attachment":[{"href":"https:\/\/torredonjimenoactualidad.com\/index.php\/wp-json\/wp\/v2\/media?parent=889"}],"wp:term":[{"taxonomy":"category","embeddable":true,"href":"https:\/\/torredonjimenoactualidad.com\/index.php\/wp-json\/wp\/v2\/categories?post=889"},{"taxonomy":"post_tag","embeddable":true,"href":"https:\/\/torredonjimenoactualidad.com\/index.php\/wp-json\/wp\/v2\/tags?post=889"}],"curies":[{"name":"wp","href":"https:\/\/api.w.org\/{rel}","templated":true}]}}