{"id":886,"date":"2023-08-02T12:43:32","date_gmt":"2023-08-02T12:43:32","guid":{"rendered":"https:\/\/torredonjimenoactualidad.com\/?p=886"},"modified":"2023-08-02T12:43:33","modified_gmt":"2023-08-02T12:43:33","slug":"la-junta-anima-a-pymes-y-autonomos-de-la-provincia-a-solicitar-las-ayudas-por-sobrecostes-energeticos","status":"publish","type":"post","link":"https:\/\/torredonjimenoactualidad.com\/index.php\/2023\/08\/02\/la-junta-anima-a-pymes-y-autonomos-de-la-provincia-a-solicitar-las-ayudas-por-sobrecostes-energeticos\/","title":{"rendered":"La Junta anima a pymes y aut\u00f3nomos de la provincia a solicitar las ayudas por sobrecostes energ\u00e9ticos"},"content":{"rendered":"\n<p>El delegado del Gobierno andaluz en Ja\u00e9n, Jes\u00fas Estrella, ha animado a las empresas, trabajadores aut\u00f3nomos y a todos los agentes implicados de la provincia de Ja\u00e9n a solicitar las ayudas de concurrencia no competitiva que ha aprobado la Junta de Andaluc\u00eda para compensar los sobrecostes energ\u00e9ticos que sufrieron en el 2022 por la subida de los precios como consecuencia de la guerra de Ucrania.<\/p>\n\n\n\n<p>\u00abConfiamos en que sean muchas las empresas de Ja\u00e9n que aprovechen este recurso, que consolida y fortalece a cada negocio en particular y al tejido productivo provincial en general\u00bb, ha se\u00f1alado en rueda de prensa el delegado, al tiempo que ha destacado que estas ayudas \u00abcontribuyen a crear empresas m\u00e1s fuertes, que son a su vez las que sustentan el empleo, el buen empleo\u00bb.<\/p>\n\n\n\n<p>Se trata de una medida urgente y extraordinaria, dotada con 525 millones de euros procedentes de Fondos Europeos, e incluida en el Pacto Social y Econ\u00f3mico firmado con los principales agentes econ\u00f3micos y sociales de Andaluc\u00eda.<\/p>\n\n\n\n<p>\u00abEstas subvenciones del Gobierno de la Junta de Andaluc\u00eda van a permitir ayudar econ\u00f3micamente a numerosas pymes y personas trabajadoras aut\u00f3nomas locales que se han visto especialmente afectadas por el incremento excepcional del precio de la energ\u00eda y la crisis internacional de materias primas y suministros en el per\u00edodo comprendido desde el 1 de febrero al 31 de diciembre de 2022\u00bb, ha explicado el delegado.<\/p>\n\n\n\n<p>Estrella ha incidido en el compromiso del Gobierno andaluz \u00aba la hora de poner en marcha una l\u00ednea de ayudas de este calado, con el objetivo de preservar la capacidad competitiva del tejido productivo. Adem\u00e1s, ha hecho hincapi\u00e9 en \u00abel esfuerzo que la Junta de Andaluc\u00eda est\u00e1 realizando para la recuperaci\u00f3n econ\u00f3mica de nuestra comunidad aut\u00f3noma, apoyando a las pymes y a las personas trabajadoras aut\u00f3nomas con los fondos que tenemos a nuestro alcance\u00bb.<\/p>\n\n\n\n<p>Por su parte, la delegada de Empleo, Empresa y Trabajo Aut\u00f3nomo, Ana Mata, ha explicado que la norma establece las condiciones para acceder a estas ayudas que \u00abser\u00e1n abonadas antes de que finalice el presente a\u00f1o, que oscilan entre los 300 euros y los 2.000.000 euros\u00bb.<\/p>\n\n\n\n<p>El Decreto ley por el que se convocan estas ayudas recoge que se considerar\u00e1n potenciales beneficiarios s\u00f3lo aquellas pymes y aut\u00f3nomos cuyo importe de la facturaci\u00f3n anual en electricidad con respecto a su cifra de negocios, para el ejercicio 2022, haya sido igual o superior a un porcentaje que se ha fijado en funci\u00f3n de los diferentes sectores de actividad.<\/p>\n\n\n\n<p>Una vez verificada la condici\u00f3n de \u00abespecialmente afectada\u00bb del solicitante, la ayuda se basar\u00e1 en el consumo de gas natural y\/o electricidad adquirido a proveedores externos y abonado por el solicitante.<\/p>\n\n\n\n<p>La Junta de Andaluc\u00eda tiene establecido con las comercializadoras energ\u00e9ticas un acuerdo de colaboraci\u00f3n por el que \u00e9stas suministran a la administraci\u00f3n los ficheros de datos de facturaci\u00f3n de sus clientes, cumpliendo las normativas pertinentes de protecci\u00f3n de datos. Esto permite la automatizaci\u00f3n de la misma, por lo que los solicitantes no tienen que adjuntar ninguna documentaci\u00f3n para el c\u00e1lculo de la ayuda.<\/p>\n\n\n\n<p>Tampoco ser\u00e1 necesario que los beneficiarios justifiquen posteriormente la subvenci\u00f3n, puesto que la ayuda se concede para financiar costes efectivos ya soportados y, por tanto, se habr\u00e1 comprobado de oficio que esos importes han sido ya afrontados.<\/p>\n","protected":false},"excerpt":{"rendered":"<p>El delegado del Gobierno andaluz en Ja\u00e9n, Jes\u00fas Estrella, ha animado a las empresas, trabajadores aut\u00f3nomos y a todos los agentes implicados de la provincia de Ja\u00e9n a solicitar las ayudas de concurrencia no competitiva que ha aprobado la Junta de Andaluc\u00eda para compensar los sobrecostes energ\u00e9ticos que sufrieron en el 2022 por la subida &hellip;<\/p>\n<p class=\"read-more\"> <a class=\"\" href=\"https:\/\/torredonjimenoactualidad.com\/index.php\/2023\/08\/02\/la-junta-anima-a-pymes-y-autonomos-de-la-provincia-a-solicitar-las-ayudas-por-sobrecostes-energeticos\/\"> <span class=\"screen-reader-text\">La Junta anima a pymes y aut\u00f3nomos de la provincia a solicitar las ayudas por sobrecostes energ\u00e9ticos<\/span> Leer m\u00e1s &raquo;<\/a><\/p>\n","protected":false},"author":2,"featured_media":887,"comment_status":"open","ping_status":"open","sticky":false,"template":"","format":"standard","meta":{"site-sidebar-layout":"default","site-content-layout":"default","ast-global-header-display":"","ast-main-header-display":"","ast-hfb-above-header-display":"","ast-hfb-below-header-display":"","ast-hfb-mobile-header-display":"","site-post-title":"","ast-breadcrumbs-content":"","ast-featured-img":"","footer-sml-layout":"","theme-transparent-header-meta":"","adv-header-id-meta":"","stick-header-meta":"","header-above-stick-meta":"","header-main-stick-meta":"","header-below-stick-meta":"","footnotes":""},"categories":[8],"tags":[],"class_list":["post-886","post","type-post","status-publish","format-standard","has-post-thumbnail","hentry","category-provincia"],"yoast_head":"<!-- This site is optimized with the Yoast SEO plugin v20.8 - https:\/\/yoast.com\/wordpress\/plugins\/seo\/ -->\n<title>La Junta anima a pymes y aut\u00f3nomos de la provincia a solicitar las ayudas por sobrecostes energ\u00e9ticos - Torredonjimeno Actualidad<\/title>\n<meta name=\"robots\" content=\"index, follow, max-snippet:-1, max-image-preview:large, max-video-preview:-1\" \/>\n<link rel=\"canonical\" href=\"https:\/\/torredonjimenoactualidad.com\/index.php\/2023\/08\/02\/la-junta-anima-a-pymes-y-autonomos-de-la-provincia-a-solicitar-las-ayudas-por-sobrecostes-energeticos\/\" \/>\n<meta property=\"og:locale\" content=\"es_ES\" \/>\n<meta property=\"og:type\" content=\"article\" \/>\n<meta property=\"og:title\" content=\"La Junta anima a pymes y aut\u00f3nomos de la provincia a solicitar las ayudas por sobrecostes energ\u00e9ticos - Torredonjimeno Actualidad\" \/>\n<meta property=\"og:description\" content=\"El delegado del Gobierno andaluz en Ja\u00e9n, Jes\u00fas Estrella, ha animado a las empresas, trabajadores aut\u00f3nomos y a todos los agentes implicados de la provincia de Ja\u00e9n a solicitar las ayudas de concurrencia no competitiva que ha aprobado la Junta de Andaluc\u00eda para compensar los sobrecostes energ\u00e9ticos que sufrieron en el 2022 por la subida &hellip; La Junta anima a pymes y aut\u00f3nomos de la provincia a solicitar las ayudas por sobrecostes energ\u00e9ticos Leer m\u00e1s &raquo;\" \/>\n<meta property=\"og:url\" content=\"https:\/\/torredonjimenoactualidad.com\/index.php\/2023\/08\/02\/la-junta-anima-a-pymes-y-autonomos-de-la-provincia-a-solicitar-las-ayudas-por-sobrecostes-energeticos\/\" \/>\n<meta property=\"og:site_name\" content=\"Torredonjimeno Actualidad\" \/>\n<meta property=\"article:published_time\" content=\"2023-08-02T12:43:32+00:00\" \/>\n<meta property=\"article:modified_time\" content=\"2023-08-02T12:43:33+00:00\" \/>\n<meta property=\"og:image\" content=\"https:\/\/torredonjimenoactualidad.com\/wp-content\/uploads\/2023\/08\/fotonoticia_20230802132952_1920.jpg\" \/>\n\t<meta property=\"og:image:width\" content=\"1920\" \/>\n\t<meta property=\"og:image:height\" content=\"1098\" \/>\n\t<meta property=\"og:image:type\" content=\"image\/jpeg\" \/>\n<meta name=\"author\" content=\"Alba Mar\u00eda Torres\" \/>\n<meta name=\"twitter:card\" content=\"summary_large_image\" \/>\n<meta name=\"twitter:label1\" content=\"Escrito por\" \/>\n\t<meta name=\"twitter:data1\" content=\"Alba Mar\u00eda Torres\" \/>\n\t<meta name=\"twitter:label2\" content=\"Tiempo de lectura\" \/>\n\t<meta name=\"twitter:data2\" content=\"3 minutos\" \/>\n<script type=\"application\/ld+json\" class=\"yoast-schema-graph\">{\"@context\":\"https:\/\/schema.org\",\"@graph\":[{\"@type\":\"Article\",\"@id\":\"https:\/\/torredonjimenoactualidad.com\/index.php\/2023\/08\/02\/la-junta-anima-a-pymes-y-autonomos-de-la-provincia-a-solicitar-las-ayudas-por-sobrecostes-energeticos\/#article\",\"isPartOf\":{\"@id\":\"https:\/\/torredonjimenoactualidad.com\/index.php\/2023\/08\/02\/la-junta-anima-a-pymes-y-autonomos-de-la-provincia-a-solicitar-las-ayudas-por-sobrecostes-energeticos\/\"},\"author\":{\"name\":\"Alba Mar\u00eda Torres\",\"@id\":\"https:\/\/torredonjimenoactualidad.com\/#\/schema\/person\/84de5f233e783ef2c75151a532b54977\"},\"headline\":\"La Junta anima a pymes y aut\u00f3nomos de la provincia a solicitar las ayudas por sobrecostes energ\u00e9ticos\",\"datePublished\":\"2023-08-02T12:43:32+00:00\",\"dateModified\":\"2023-08-02T12:43:33+00:00\",\"mainEntityOfPage\":{\"@id\":\"https:\/\/torredonjimenoactualidad.com\/index.php\/2023\/08\/02\/la-junta-anima-a-pymes-y-autonomos-de-la-provincia-a-solicitar-las-ayudas-por-sobrecostes-energeticos\/\"},\"wordCount\":596,\"commentCount\":0,\"publisher\":{\"@id\":\"https:\/\/torredonjimenoactualidad.com\/#organization\"},\"articleSection\":[\"provincia\"],\"inLanguage\":\"es\",\"potentialAction\":[{\"@type\":\"CommentAction\",\"name\":\"Comment\",\"target\":[\"https:\/\/torredonjimenoactualidad.com\/index.php\/2023\/08\/02\/la-junta-anima-a-pymes-y-autonomos-de-la-provincia-a-solicitar-las-ayudas-por-sobrecostes-energeticos\/#respond\"]}]},{\"@type\":\"WebPage\",\"@id\":\"https:\/\/torredonjimenoactualidad.com\/index.php\/2023\/08\/02\/la-junta-anima-a-pymes-y-autonomos-de-la-provincia-a-solicitar-las-ayudas-por-sobrecostes-energeticos\/\",\"url\":\"https:\/\/torredonjimenoactualidad.com\/index.php\/2023\/08\/02\/la-junta-anima-a-pymes-y-autonomos-de-la-provincia-a-solicitar-las-ayudas-por-sobrecostes-energeticos\/\",\"name\":\"La Junta anima a pymes y aut\u00f3nomos de la provincia a solicitar las ayudas por sobrecostes energ\u00e9ticos - Torredonjimeno Actualidad\",\"isPartOf\":{\"@id\":\"https:\/\/torredonjimenoactualidad.com\/#website\"},\"datePublished\":\"2023-08-02T12:43:32+00:00\",\"dateModified\":\"2023-08-02T12:43:33+00:00\",\"breadcrumb\":{\"@id\":\"https:\/\/torredonjimenoactualidad.com\/index.php\/2023\/08\/02\/la-junta-anima-a-pymes-y-autonomos-de-la-provincia-a-solicitar-las-ayudas-por-sobrecostes-energeticos\/#breadcrumb\"},\"inLanguage\":\"es\",\"potentialAction\":[{\"@type\":\"ReadAction\",\"target\":[\"https:\/\/torredonjimenoactualidad.com\/index.php\/2023\/08\/02\/la-junta-anima-a-pymes-y-autonomos-de-la-provincia-a-solicitar-las-ayudas-por-sobrecostes-energeticos\/\"]}]},{\"@type\":\"BreadcrumbList\",\"@id\":\"https:\/\/torredonjimenoactualidad.com\/index.php\/2023\/08\/02\/la-junta-anima-a-pymes-y-autonomos-de-la-provincia-a-solicitar-las-ayudas-por-sobrecostes-energeticos\/#breadcrumb\",\"itemListElement\":[{\"@type\":\"ListItem\",\"position\":1,\"name\":\"Portada\",\"item\":\"https:\/\/torredonjimenoactualidad.com\/\"},{\"@type\":\"ListItem\",\"position\":2,\"name\":\"La Junta anima a pymes y aut\u00f3nomos de la provincia a solicitar las ayudas por sobrecostes energ\u00e9ticos\"}]},{\"@type\":\"WebSite\",\"@id\":\"https:\/\/torredonjimenoactualidad.com\/#website\",\"url\":\"https:\/\/torredonjimenoactualidad.com\/\",\"name\":\"Torredonjimeno Actualidad\",\"description\":\"\",\"publisher\":{\"@id\":\"https:\/\/torredonjimenoactualidad.com\/#organization\"},\"potentialAction\":[{\"@type\":\"SearchAction\",\"target\":{\"@type\":\"EntryPoint\",\"urlTemplate\":\"https:\/\/torredonjimenoactualidad.com\/?s={search_term_string}\"},\"query-input\":\"required name=search_term_string\"}],\"inLanguage\":\"es\"},{\"@type\":\"Organization\",\"@id\":\"https:\/\/torredonjimenoactualidad.com\/#organization\",\"name\":\"Torredonjimeno Actualidad\",\"url\":\"https:\/\/torredonjimenoactualidad.com\/\",\"logo\":{\"@type\":\"ImageObject\",\"inLanguage\":\"es\",\"@id\":\"https:\/\/torredonjimenoactualidad.com\/#\/schema\/logo\/image\/\",\"url\":\"https:\/\/torredonjimenoactualidad.com\/wp-content\/uploads\/2023\/02\/logo-torredonjimeno-544x180-1.png\",\"contentUrl\":\"https:\/\/torredonjimenoactualidad.com\/wp-content\/uploads\/2023\/02\/logo-torredonjimeno-544x180-1.png\",\"width\":545,\"height\":112,\"caption\":\"Torredonjimeno Actualidad\"},\"image\":{\"@id\":\"https:\/\/torredonjimenoactualidad.com\/#\/schema\/logo\/image\/\"}},{\"@type\":\"Person\",\"@id\":\"https:\/\/torredonjimenoactualidad.com\/#\/schema\/person\/84de5f233e783ef2c75151a532b54977\",\"name\":\"Alba Mar\u00eda Torres\",\"image\":{\"@type\":\"ImageObject\",\"inLanguage\":\"es\",\"@id\":\"https:\/\/torredonjimenoactualidad.com\/#\/schema\/person\/image\/\",\"url\":\"https:\/\/secure.gravatar.com\/avatar\/f9371f188c71501b4475a9ba2a71595850ec72967f800a2ed8e3e2102859ed65?s=96&d=mm&r=g\",\"contentUrl\":\"https:\/\/secure.gravatar.com\/avatar\/f9371f188c71501b4475a9ba2a71595850ec72967f800a2ed8e3e2102859ed65?s=96&d=mm&r=g\",\"caption\":\"Alba Mar\u00eda Torres\"},\"url\":\"https:\/\/torredonjimenoactualidad.com\/index.php\/author\/alba-torres\/\"}]}<\/script>\n<!-- \/ Yoast SEO plugin. -->","yoast_head_json":{"title":"La Junta anima a pymes y aut\u00f3nomos de la provincia a solicitar las ayudas por sobrecostes energ\u00e9ticos - Torredonjimeno Actualidad","robots":{"index":"index","follow":"follow","max-snippet":"max-snippet:-1","max-image-preview":"max-image-preview:large","max-video-preview":"max-video-preview:-1"},"canonical":"https:\/\/torredonjimenoactualidad.com\/index.php\/2023\/08\/02\/la-junta-anima-a-pymes-y-autonomos-de-la-provincia-a-solicitar-las-ayudas-por-sobrecostes-energeticos\/","og_locale":"es_ES","og_type":"article","og_title":"La Junta anima a pymes y aut\u00f3nomos de la provincia a solicitar las ayudas por sobrecostes energ\u00e9ticos - Torredonjimeno Actualidad","og_description":"El delegado del Gobierno andaluz en Ja\u00e9n, Jes\u00fas Estrella, ha animado a las empresas, trabajadores aut\u00f3nomos y a todos los agentes implicados de la provincia de Ja\u00e9n a solicitar las ayudas de concurrencia no competitiva que ha aprobado la Junta de Andaluc\u00eda para compensar los sobrecostes energ\u00e9ticos que sufrieron en el 2022 por la subida &hellip; La Junta anima a pymes y aut\u00f3nomos de la provincia a solicitar las ayudas por sobrecostes energ\u00e9ticos Leer m\u00e1s &raquo;","og_url":"https:\/\/torredonjimenoactualidad.com\/index.php\/2023\/08\/02\/la-junta-anima-a-pymes-y-autonomos-de-la-provincia-a-solicitar-las-ayudas-por-sobrecostes-energeticos\/","og_site_name":"Torredonjimeno Actualidad","article_published_time":"2023-08-02T12:43:32+00:00","article_modified_time":"2023-08-02T12:43:33+00:00","og_image":[{"width":1920,"height":1098,"url":"https:\/\/torredonjimenoactualidad.com\/wp-content\/uploads\/2023\/08\/fotonoticia_20230802132952_1920.jpg","type":"image\/jpeg"}],"author":"Alba Mar\u00eda Torres","twitter_card":"summary_large_image","twitter_misc":{"Escrito por":"Alba Mar\u00eda Torres","Tiempo de lectura":"3 minutos"},"schema":{"@context":"https:\/\/schema.org","@graph":[{"@type":"Article","@id":"https:\/\/torredonjimenoactualidad.com\/index.php\/2023\/08\/02\/la-junta-anima-a-pymes-y-autonomos-de-la-provincia-a-solicitar-las-ayudas-por-sobrecostes-energeticos\/#article","isPartOf":{"@id":"https:\/\/torredonjimenoactualidad.com\/index.php\/2023\/08\/02\/la-junta-anima-a-pymes-y-autonomos-de-la-provincia-a-solicitar-las-ayudas-por-sobrecostes-energeticos\/"},"author":{"name":"Alba Mar\u00eda Torres","@id":"https:\/\/torredonjimenoactualidad.com\/#\/schema\/person\/84de5f233e783ef2c75151a532b54977"},"headline":"La Junta anima a pymes y aut\u00f3nomos de la provincia a solicitar las ayudas por sobrecostes energ\u00e9ticos","datePublished":"2023-08-02T12:43:32+00:00","dateModified":"2023-08-02T12:43:33+00:00","mainEntityOfPage":{"@id":"https:\/\/torredonjimenoactualidad.com\/index.php\/2023\/08\/02\/la-junta-anima-a-pymes-y-autonomos-de-la-provincia-a-solicitar-las-ayudas-por-sobrecostes-energeticos\/"},"wordCount":596,"commentCount":0,"publisher":{"@id":"https:\/\/torredonjimenoactualidad.com\/#organization"},"articleSection":["provincia"],"inLanguage":"es","potentialAction":[{"@type":"CommentAction","name":"Comment","target":["https:\/\/torredonjimenoactualidad.com\/index.php\/2023\/08\/02\/la-junta-anima-a-pymes-y-autonomos-de-la-provincia-a-solicitar-las-ayudas-por-sobrecostes-energeticos\/#respond"]}]},{"@type":"WebPage","@id":"https:\/\/torredonjimenoactualidad.com\/index.php\/2023\/08\/02\/la-junta-anima-a-pymes-y-autonomos-de-la-provincia-a-solicitar-las-ayudas-por-sobrecostes-energeticos\/","url":"https:\/\/torredonjimenoactualidad.com\/index.php\/2023\/08\/02\/la-junta-anima-a-pymes-y-autonomos-de-la-provincia-a-solicitar-las-ayudas-por-sobrecostes-energeticos\/","name":"La Junta anima a pymes y aut\u00f3nomos de la provincia a solicitar las ayudas por sobrecostes energ\u00e9ticos - Torredonjimeno Actualidad","isPartOf":{"@id":"https:\/\/torredonjimenoactualidad.com\/#website"},"datePublished":"2023-08-02T12:43:32+00:00","dateModified":"2023-08-02T12:43:33+00:00","breadcrumb":{"@id":"https:\/\/torredonjimenoactualidad.com\/index.php\/2023\/08\/02\/la-junta-anima-a-pymes-y-autonomos-de-la-provincia-a-solicitar-las-ayudas-por-sobrecostes-energeticos\/#breadcrumb"},"inLanguage":"es","potentialAction":[{"@type":"ReadAction","target":["https:\/\/torredonjimenoactualidad.com\/index.php\/2023\/08\/02\/la-junta-anima-a-pymes-y-autonomos-de-la-provincia-a-solicitar-las-ayudas-por-sobrecostes-energeticos\/"]}]},{"@type":"BreadcrumbList","@id":"https:\/\/torredonjimenoactualidad.com\/index.php\/2023\/08\/02\/la-junta-anima-a-pymes-y-autonomos-de-la-provincia-a-solicitar-las-ayudas-por-sobrecostes-energeticos\/#breadcrumb","itemListElement":[{"@type":"ListItem","position":1,"name":"Portada","item":"https:\/\/torredonjimenoactualidad.com\/"},{"@type":"ListItem","position":2,"name":"La Junta anima a pymes y aut\u00f3nomos de la provincia a solicitar las ayudas por sobrecostes energ\u00e9ticos"}]},{"@type":"WebSite","@id":"https:\/\/torredonjimenoactualidad.com\/#website","url":"https:\/\/torredonjimenoactualidad.com\/","name":"Torredonjimeno Actualidad","description":"","publisher":{"@id":"https:\/\/torredonjimenoactualidad.com\/#organization"},"potentialAction":[{"@type":"SearchAction","target":{"@type":"EntryPoint","urlTemplate":"https:\/\/torredonjimenoactualidad.com\/?s={search_term_string}"},"query-input":"required name=search_term_string"}],"inLanguage":"es"},{"@type":"Organization","@id":"https:\/\/torredonjimenoactualidad.com\/#organization","name":"Torredonjimeno Actualidad","url":"https:\/\/torredonjimenoactualidad.com\/","logo":{"@type":"ImageObject","inLanguage":"es","@id":"https:\/\/torredonjimenoactualidad.com\/#\/schema\/logo\/image\/","url":"https:\/\/torredonjimenoactualidad.com\/wp-content\/uploads\/2023\/02\/logo-torredonjimeno-544x180-1.png","contentUrl":"https:\/\/torredonjimenoactualidad.com\/wp-content\/uploads\/2023\/02\/logo-torredonjimeno-544x180-1.png","width":545,"height":112,"caption":"Torredonjimeno Actualidad"},"image":{"@id":"https:\/\/torredonjimenoactualidad.com\/#\/schema\/logo\/image\/"}},{"@type":"Person","@id":"https:\/\/torredonjimenoactualidad.com\/#\/schema\/person\/84de5f233e783ef2c75151a532b54977","name":"Alba Mar\u00eda Torres","image":{"@type":"ImageObject","inLanguage":"es","@id":"https:\/\/torredonjimenoactualidad.com\/#\/schema\/person\/image\/","url":"https:\/\/secure.gravatar.com\/avatar\/f9371f188c71501b4475a9ba2a71595850ec72967f800a2ed8e3e2102859ed65?s=96&d=mm&r=g","contentUrl":"https:\/\/secure.gravatar.com\/avatar\/f9371f188c71501b4475a9ba2a71595850ec72967f800a2ed8e3e2102859ed65?s=96&d=mm&r=g","caption":"Alba Mar\u00eda Torres"},"url":"https:\/\/torredonjimenoactualidad.com\/index.php\/author\/alba-torres\/"}]}},"_links":{"self":[{"href":"https:\/\/torredonjimenoactualidad.com\/index.php\/wp-json\/wp\/v2\/posts\/886","targetHints":{"allow":["GET"]}}],"collection":[{"href":"https:\/\/torredonjimenoactualidad.com\/index.php\/wp-json\/wp\/v2\/posts"}],"about":[{"href":"https:\/\/torredonjimenoactualidad.com\/index.php\/wp-json\/wp\/v2\/types\/post"}],"author":[{"embeddable":true,"href":"https:\/\/torredonjimenoactualidad.com\/index.php\/wp-json\/wp\/v2\/users\/2"}],"replies":[{"embeddable":true,"href":"https:\/\/torredonjimenoactualidad.com\/index.php\/wp-json\/wp\/v2\/comments?post=886"}],"version-history":[{"count":1,"href":"https:\/\/torredonjimenoactualidad.com\/index.php\/wp-json\/wp\/v2\/posts\/886\/revisions"}],"predecessor-version":[{"id":888,"href":"https:\/\/torredonjimenoactualidad.com\/index.php\/wp-json\/wp\/v2\/posts\/886\/revisions\/888"}],"wp:featuredmedia":[{"embeddable":true,"href":"https:\/\/torredonjimenoactualidad.com\/index.php\/wp-json\/wp\/v2\/media\/887"}],"wp:attachment":[{"href":"https:\/\/torredonjimenoactualidad.com\/index.php\/wp-json\/wp\/v2\/media?parent=886"}],"wp:term":[{"taxonomy":"category","embeddable":true,"href":"https:\/\/torredonjimenoactualidad.com\/index.php\/wp-json\/wp\/v2\/categories?post=886"},{"taxonomy":"post_tag","embeddable":true,"href":"https:\/\/torredonjimenoactualidad.com\/index.php\/wp-json\/wp\/v2\/tags?post=886"}],"curies":[{"name":"wp","href":"https:\/\/api.w.org\/{rel}","templated":true}]}}