{"id":882,"date":"2023-07-18T07:18:55","date_gmt":"2023-07-18T07:18:55","guid":{"rendered":"https:\/\/torredonjimenoactualidad.com\/?p=882"},"modified":"2023-07-18T07:18:56","modified_gmt":"2023-07-18T07:18:56","slug":"el-psoe-pide-en-torredonjimeno-el-voto-util-de-izquierdas","status":"publish","type":"post","link":"https:\/\/torredonjimenoactualidad.com\/index.php\/2023\/07\/18\/el-psoe-pide-en-torredonjimeno-el-voto-util-de-izquierdas\/","title":{"rendered":"El PSOE pide en Torredonjimeno el voto \u00fatil de izquierdas"},"content":{"rendered":"\n<p>El secretario general del PSOE de Ja\u00e9n, Francisco Reyes, afirm\u00f3 ayer en Torredonjimeno que Espa\u00f1a \u201cno se merece un presidente como Feij\u00f3o, que est\u00e1 permanentemente instalado en la mentira y en enga\u00f1ar a los espa\u00f1oles y espa\u00f1olas\u201d. Por ello, avanz\u00f3 que los socialistas \u201cvan a hacer todo el esfuerzo posible para que la provincia de Ja\u00e9n vaya a votar al PSOE\u201d el 23 de julio. \u201cVamos a pedir el voto \u00fatil de izquierdas, porque en la provincia de Ja\u00e9n la \u00fanica opci\u00f3n es que haya diputados del PSOE o del PP. Por tanto, vamos a pedir el voto de los hombres y mujeres progresistas que no quieren un Gobierno de la derecha en Espa\u00f1a y eso s\u00f3lo es posible votando al PSOE\u201d, argument\u00f3.<\/p>\n\n\n\n<p>Reyes, que intervino en un acto p\u00fablico en el sal\u00f3n de actos de la Casa de Cultura de Torredonjimeno, subray\u00f3 que en estas elecciones generales se decide entre dos opciones. Una, la de un Gobierno de progreso encabezado por Pedro S\u00e1nchez, que \u201cha demostrado su capacidad de trabajar para la mayor\u00eda, abordando los problemas y tomando medidas para mejorar la calidad de vida de los hombres y mujeres en momentos dif\u00edciles\u201d.<\/p>\n\n\n\n<p>Mencion\u00f3 la subida de las pensiones, el incremento del salario m\u00ednimo, la reforma laboral para crear m\u00e1s empleo y con m\u00e1s calidad, la bajada del precio de la electricidad o del gas, la bonificaci\u00f3n del combustible o el aumento de las becas. \u201cHay que elegir entre esto y el PP, que trae recortes y retrocesos en derechos y libertades, tal y como estamos viendo donde han tenido la oportunidad de sumar con Vox\u201d, advirti\u00f3.<\/p>\n\n\n\n<figure class=\"wp-block-image size-large\"><img loading=\"lazy\" decoding=\"async\" width=\"1024\" height=\"585\" src=\"https:\/\/torredonjimenoactualidad.com\/wp-content\/uploads\/2023\/07\/torredonjimeno-2-1024x585.jpeg\" alt=\"\" class=\"wp-image-884\" srcset=\"https:\/\/torredonjimenoactualidad.com\/wp-content\/uploads\/2023\/07\/torredonjimeno-2-1024x585.jpeg 1024w, https:\/\/torredonjimenoactualidad.com\/wp-content\/uploads\/2023\/07\/torredonjimeno-2-300x171.jpeg 300w, https:\/\/torredonjimenoactualidad.com\/wp-content\/uploads\/2023\/07\/torredonjimeno-2-768x439.jpeg 768w, https:\/\/torredonjimenoactualidad.com\/wp-content\/uploads\/2023\/07\/torredonjimeno-2-1536x878.jpeg 1536w, https:\/\/torredonjimenoactualidad.com\/wp-content\/uploads\/2023\/07\/torredonjimeno-2.jpeg 2048w\" sizes=\"auto, (max-width: 1024px) 100vw, 1024px\" \/><\/figure>\n\n\n\n<p><\/p>\n","protected":false},"excerpt":{"rendered":"<p>El secretario general del PSOE de Ja\u00e9n, Francisco Reyes, afirm\u00f3 ayer en Torredonjimeno que Espa\u00f1a \u201cno se merece un presidente como Feij\u00f3o, que est\u00e1 permanentemente instalado en la mentira y en enga\u00f1ar a los espa\u00f1oles y espa\u00f1olas\u201d. Por ello, avanz\u00f3 que los socialistas \u201cvan a hacer todo el esfuerzo posible para que la provincia de &hellip;<\/p>\n<p class=\"read-more\"> <a class=\"\" href=\"https:\/\/torredonjimenoactualidad.com\/index.php\/2023\/07\/18\/el-psoe-pide-en-torredonjimeno-el-voto-util-de-izquierdas\/\"> <span class=\"screen-reader-text\">El PSOE pide en Torredonjimeno el voto \u00fatil de izquierdas<\/span> Leer m\u00e1s &raquo;<\/a><\/p>\n","protected":false},"author":2,"featured_media":883,"comment_status":"open","ping_status":"open","sticky":false,"template":"","format":"standard","meta":{"site-sidebar-layout":"default","site-content-layout":"default","ast-global-header-display":"","ast-main-header-display":"","ast-hfb-above-header-display":"","ast-hfb-below-header-display":"","ast-hfb-mobile-header-display":"","site-post-title":"","ast-breadcrumbs-content":"","ast-featured-img":"","footer-sml-layout":"","theme-transparent-header-meta":"","adv-header-id-meta":"","stick-header-meta":"","header-above-stick-meta":"","header-main-stick-meta":"","header-below-stick-meta":"","footnotes":""},"categories":[7],"tags":[],"class_list":["post-882","post","type-post","status-publish","format-standard","has-post-thumbnail","hentry","category-local"],"yoast_head":"<!-- This site is optimized with the Yoast SEO plugin v20.8 - https:\/\/yoast.com\/wordpress\/plugins\/seo\/ -->\n<title>El PSOE pide en Torredonjimeno el voto \u00fatil de izquierdas - Torredonjimeno Actualidad<\/title>\n<meta name=\"robots\" content=\"index, follow, max-snippet:-1, max-image-preview:large, max-video-preview:-1\" \/>\n<link rel=\"canonical\" href=\"https:\/\/torredonjimenoactualidad.com\/index.php\/2023\/07\/18\/el-psoe-pide-en-torredonjimeno-el-voto-util-de-izquierdas\/\" \/>\n<meta property=\"og:locale\" content=\"es_ES\" \/>\n<meta property=\"og:type\" content=\"article\" \/>\n<meta property=\"og:title\" content=\"El PSOE pide en Torredonjimeno el voto \u00fatil de izquierdas - Torredonjimeno Actualidad\" \/>\n<meta property=\"og:description\" content=\"El secretario general del PSOE de Ja\u00e9n, Francisco Reyes, afirm\u00f3 ayer en Torredonjimeno que Espa\u00f1a \u201cno se merece un presidente como Feij\u00f3o, que est\u00e1 permanentemente instalado en la mentira y en enga\u00f1ar a los espa\u00f1oles y espa\u00f1olas\u201d. Por ello, avanz\u00f3 que los socialistas \u201cvan a hacer todo el esfuerzo posible para que la provincia de &hellip; El PSOE pide en Torredonjimeno el voto \u00fatil de izquierdas Leer m\u00e1s &raquo;\" \/>\n<meta property=\"og:url\" content=\"https:\/\/torredonjimenoactualidad.com\/index.php\/2023\/07\/18\/el-psoe-pide-en-torredonjimeno-el-voto-util-de-izquierdas\/\" \/>\n<meta property=\"og:site_name\" content=\"Torredonjimeno Actualidad\" \/>\n<meta property=\"article:published_time\" content=\"2023-07-18T07:18:55+00:00\" \/>\n<meta property=\"article:modified_time\" content=\"2023-07-18T07:18:56+00:00\" \/>\n<meta property=\"og:image\" content=\"https:\/\/torredonjimenoactualidad.com\/wp-content\/uploads\/2023\/07\/torredonjimeno-3.jpg\" \/>\n\t<meta property=\"og:image:width\" content=\"2048\" \/>\n\t<meta property=\"og:image:height\" content=\"1170\" \/>\n\t<meta property=\"og:image:type\" content=\"image\/jpeg\" \/>\n<meta name=\"author\" content=\"Alba Mar\u00eda Torres\" \/>\n<meta name=\"twitter:card\" content=\"summary_large_image\" \/>\n<meta name=\"twitter:label1\" content=\"Escrito por\" \/>\n\t<meta name=\"twitter:data1\" content=\"Alba Mar\u00eda Torres\" \/>\n\t<meta name=\"twitter:label2\" content=\"Tiempo de lectura\" \/>\n\t<meta name=\"twitter:data2\" content=\"2 minutos\" \/>\n<script type=\"application\/ld+json\" class=\"yoast-schema-graph\">{\"@context\":\"https:\/\/schema.org\",\"@graph\":[{\"@type\":\"Article\",\"@id\":\"https:\/\/torredonjimenoactualidad.com\/index.php\/2023\/07\/18\/el-psoe-pide-en-torredonjimeno-el-voto-util-de-izquierdas\/#article\",\"isPartOf\":{\"@id\":\"https:\/\/torredonjimenoactualidad.com\/index.php\/2023\/07\/18\/el-psoe-pide-en-torredonjimeno-el-voto-util-de-izquierdas\/\"},\"author\":{\"name\":\"Alba Mar\u00eda Torres\",\"@id\":\"https:\/\/torredonjimenoactualidad.com\/#\/schema\/person\/84de5f233e783ef2c75151a532b54977\"},\"headline\":\"El PSOE pide en Torredonjimeno el voto \u00fatil de izquierdas\",\"datePublished\":\"2023-07-18T07:18:55+00:00\",\"dateModified\":\"2023-07-18T07:18:56+00:00\",\"mainEntityOfPage\":{\"@id\":\"https:\/\/torredonjimenoactualidad.com\/index.php\/2023\/07\/18\/el-psoe-pide-en-torredonjimeno-el-voto-util-de-izquierdas\/\"},\"wordCount\":297,\"commentCount\":0,\"publisher\":{\"@id\":\"https:\/\/torredonjimenoactualidad.com\/#organization\"},\"articleSection\":[\"local\"],\"inLanguage\":\"es\",\"potentialAction\":[{\"@type\":\"CommentAction\",\"name\":\"Comment\",\"target\":[\"https:\/\/torredonjimenoactualidad.com\/index.php\/2023\/07\/18\/el-psoe-pide-en-torredonjimeno-el-voto-util-de-izquierdas\/#respond\"]}]},{\"@type\":\"WebPage\",\"@id\":\"https:\/\/torredonjimenoactualidad.com\/index.php\/2023\/07\/18\/el-psoe-pide-en-torredonjimeno-el-voto-util-de-izquierdas\/\",\"url\":\"https:\/\/torredonjimenoactualidad.com\/index.php\/2023\/07\/18\/el-psoe-pide-en-torredonjimeno-el-voto-util-de-izquierdas\/\",\"name\":\"El PSOE pide en Torredonjimeno el voto \u00fatil de izquierdas - Torredonjimeno Actualidad\",\"isPartOf\":{\"@id\":\"https:\/\/torredonjimenoactualidad.com\/#website\"},\"datePublished\":\"2023-07-18T07:18:55+00:00\",\"dateModified\":\"2023-07-18T07:18:56+00:00\",\"breadcrumb\":{\"@id\":\"https:\/\/torredonjimenoactualidad.com\/index.php\/2023\/07\/18\/el-psoe-pide-en-torredonjimeno-el-voto-util-de-izquierdas\/#breadcrumb\"},\"inLanguage\":\"es\",\"potentialAction\":[{\"@type\":\"ReadAction\",\"target\":[\"https:\/\/torredonjimenoactualidad.com\/index.php\/2023\/07\/18\/el-psoe-pide-en-torredonjimeno-el-voto-util-de-izquierdas\/\"]}]},{\"@type\":\"BreadcrumbList\",\"@id\":\"https:\/\/torredonjimenoactualidad.com\/index.php\/2023\/07\/18\/el-psoe-pide-en-torredonjimeno-el-voto-util-de-izquierdas\/#breadcrumb\",\"itemListElement\":[{\"@type\":\"ListItem\",\"position\":1,\"name\":\"Portada\",\"item\":\"https:\/\/torredonjimenoactualidad.com\/\"},{\"@type\":\"ListItem\",\"position\":2,\"name\":\"El PSOE pide en Torredonjimeno el voto \u00fatil de izquierdas\"}]},{\"@type\":\"WebSite\",\"@id\":\"https:\/\/torredonjimenoactualidad.com\/#website\",\"url\":\"https:\/\/torredonjimenoactualidad.com\/\",\"name\":\"Torredonjimeno Actualidad\",\"description\":\"\",\"publisher\":{\"@id\":\"https:\/\/torredonjimenoactualidad.com\/#organization\"},\"potentialAction\":[{\"@type\":\"SearchAction\",\"target\":{\"@type\":\"EntryPoint\",\"urlTemplate\":\"https:\/\/torredonjimenoactualidad.com\/?s={search_term_string}\"},\"query-input\":\"required name=search_term_string\"}],\"inLanguage\":\"es\"},{\"@type\":\"Organization\",\"@id\":\"https:\/\/torredonjimenoactualidad.com\/#organization\",\"name\":\"Torredonjimeno Actualidad\",\"url\":\"https:\/\/torredonjimenoactualidad.com\/\",\"logo\":{\"@type\":\"ImageObject\",\"inLanguage\":\"es\",\"@id\":\"https:\/\/torredonjimenoactualidad.com\/#\/schema\/logo\/image\/\",\"url\":\"https:\/\/torredonjimenoactualidad.com\/wp-content\/uploads\/2023\/02\/logo-torredonjimeno-544x180-1.png\",\"contentUrl\":\"https:\/\/torredonjimenoactualidad.com\/wp-content\/uploads\/2023\/02\/logo-torredonjimeno-544x180-1.png\",\"width\":545,\"height\":112,\"caption\":\"Torredonjimeno Actualidad\"},\"image\":{\"@id\":\"https:\/\/torredonjimenoactualidad.com\/#\/schema\/logo\/image\/\"}},{\"@type\":\"Person\",\"@id\":\"https:\/\/torredonjimenoactualidad.com\/#\/schema\/person\/84de5f233e783ef2c75151a532b54977\",\"name\":\"Alba Mar\u00eda Torres\",\"image\":{\"@type\":\"ImageObject\",\"inLanguage\":\"es\",\"@id\":\"https:\/\/torredonjimenoactualidad.com\/#\/schema\/person\/image\/\",\"url\":\"https:\/\/secure.gravatar.com\/avatar\/f9371f188c71501b4475a9ba2a71595850ec72967f800a2ed8e3e2102859ed65?s=96&d=mm&r=g\",\"contentUrl\":\"https:\/\/secure.gravatar.com\/avatar\/f9371f188c71501b4475a9ba2a71595850ec72967f800a2ed8e3e2102859ed65?s=96&d=mm&r=g\",\"caption\":\"Alba Mar\u00eda Torres\"},\"url\":\"https:\/\/torredonjimenoactualidad.com\/index.php\/author\/alba-torres\/\"}]}<\/script>\n<!-- \/ Yoast SEO plugin. -->","yoast_head_json":{"title":"El PSOE pide en Torredonjimeno el voto \u00fatil de izquierdas - Torredonjimeno Actualidad","robots":{"index":"index","follow":"follow","max-snippet":"max-snippet:-1","max-image-preview":"max-image-preview:large","max-video-preview":"max-video-preview:-1"},"canonical":"https:\/\/torredonjimenoactualidad.com\/index.php\/2023\/07\/18\/el-psoe-pide-en-torredonjimeno-el-voto-util-de-izquierdas\/","og_locale":"es_ES","og_type":"article","og_title":"El PSOE pide en Torredonjimeno el voto \u00fatil de izquierdas - Torredonjimeno Actualidad","og_description":"El secretario general del PSOE de Ja\u00e9n, Francisco Reyes, afirm\u00f3 ayer en Torredonjimeno que Espa\u00f1a \u201cno se merece un presidente como Feij\u00f3o, que est\u00e1 permanentemente instalado en la mentira y en enga\u00f1ar a los espa\u00f1oles y espa\u00f1olas\u201d. Por ello, avanz\u00f3 que los socialistas \u201cvan a hacer todo el esfuerzo posible para que la provincia de &hellip; El PSOE pide en Torredonjimeno el voto \u00fatil de izquierdas Leer m\u00e1s &raquo;","og_url":"https:\/\/torredonjimenoactualidad.com\/index.php\/2023\/07\/18\/el-psoe-pide-en-torredonjimeno-el-voto-util-de-izquierdas\/","og_site_name":"Torredonjimeno Actualidad","article_published_time":"2023-07-18T07:18:55+00:00","article_modified_time":"2023-07-18T07:18:56+00:00","og_image":[{"width":2048,"height":1170,"url":"https:\/\/torredonjimenoactualidad.com\/wp-content\/uploads\/2023\/07\/torredonjimeno-3.jpg","type":"image\/jpeg"}],"author":"Alba Mar\u00eda Torres","twitter_card":"summary_large_image","twitter_misc":{"Escrito por":"Alba Mar\u00eda Torres","Tiempo de lectura":"2 minutos"},"schema":{"@context":"https:\/\/schema.org","@graph":[{"@type":"Article","@id":"https:\/\/torredonjimenoactualidad.com\/index.php\/2023\/07\/18\/el-psoe-pide-en-torredonjimeno-el-voto-util-de-izquierdas\/#article","isPartOf":{"@id":"https:\/\/torredonjimenoactualidad.com\/index.php\/2023\/07\/18\/el-psoe-pide-en-torredonjimeno-el-voto-util-de-izquierdas\/"},"author":{"name":"Alba Mar\u00eda Torres","@id":"https:\/\/torredonjimenoactualidad.com\/#\/schema\/person\/84de5f233e783ef2c75151a532b54977"},"headline":"El PSOE pide en Torredonjimeno el voto \u00fatil de izquierdas","datePublished":"2023-07-18T07:18:55+00:00","dateModified":"2023-07-18T07:18:56+00:00","mainEntityOfPage":{"@id":"https:\/\/torredonjimenoactualidad.com\/index.php\/2023\/07\/18\/el-psoe-pide-en-torredonjimeno-el-voto-util-de-izquierdas\/"},"wordCount":297,"commentCount":0,"publisher":{"@id":"https:\/\/torredonjimenoactualidad.com\/#organization"},"articleSection":["local"],"inLanguage":"es","potentialAction":[{"@type":"CommentAction","name":"Comment","target":["https:\/\/torredonjimenoactualidad.com\/index.php\/2023\/07\/18\/el-psoe-pide-en-torredonjimeno-el-voto-util-de-izquierdas\/#respond"]}]},{"@type":"WebPage","@id":"https:\/\/torredonjimenoactualidad.com\/index.php\/2023\/07\/18\/el-psoe-pide-en-torredonjimeno-el-voto-util-de-izquierdas\/","url":"https:\/\/torredonjimenoactualidad.com\/index.php\/2023\/07\/18\/el-psoe-pide-en-torredonjimeno-el-voto-util-de-izquierdas\/","name":"El PSOE pide en Torredonjimeno el voto \u00fatil de izquierdas - Torredonjimeno Actualidad","isPartOf":{"@id":"https:\/\/torredonjimenoactualidad.com\/#website"},"datePublished":"2023-07-18T07:18:55+00:00","dateModified":"2023-07-18T07:18:56+00:00","breadcrumb":{"@id":"https:\/\/torredonjimenoactualidad.com\/index.php\/2023\/07\/18\/el-psoe-pide-en-torredonjimeno-el-voto-util-de-izquierdas\/#breadcrumb"},"inLanguage":"es","potentialAction":[{"@type":"ReadAction","target":["https:\/\/torredonjimenoactualidad.com\/index.php\/2023\/07\/18\/el-psoe-pide-en-torredonjimeno-el-voto-util-de-izquierdas\/"]}]},{"@type":"BreadcrumbList","@id":"https:\/\/torredonjimenoactualidad.com\/index.php\/2023\/07\/18\/el-psoe-pide-en-torredonjimeno-el-voto-util-de-izquierdas\/#breadcrumb","itemListElement":[{"@type":"ListItem","position":1,"name":"Portada","item":"https:\/\/torredonjimenoactualidad.com\/"},{"@type":"ListItem","position":2,"name":"El PSOE pide en Torredonjimeno el voto \u00fatil de izquierdas"}]},{"@type":"WebSite","@id":"https:\/\/torredonjimenoactualidad.com\/#website","url":"https:\/\/torredonjimenoactualidad.com\/","name":"Torredonjimeno Actualidad","description":"","publisher":{"@id":"https:\/\/torredonjimenoactualidad.com\/#organization"},"potentialAction":[{"@type":"SearchAction","target":{"@type":"EntryPoint","urlTemplate":"https:\/\/torredonjimenoactualidad.com\/?s={search_term_string}"},"query-input":"required name=search_term_string"}],"inLanguage":"es"},{"@type":"Organization","@id":"https:\/\/torredonjimenoactualidad.com\/#organization","name":"Torredonjimeno Actualidad","url":"https:\/\/torredonjimenoactualidad.com\/","logo":{"@type":"ImageObject","inLanguage":"es","@id":"https:\/\/torredonjimenoactualidad.com\/#\/schema\/logo\/image\/","url":"https:\/\/torredonjimenoactualidad.com\/wp-content\/uploads\/2023\/02\/logo-torredonjimeno-544x180-1.png","contentUrl":"https:\/\/torredonjimenoactualidad.com\/wp-content\/uploads\/2023\/02\/logo-torredonjimeno-544x180-1.png","width":545,"height":112,"caption":"Torredonjimeno Actualidad"},"image":{"@id":"https:\/\/torredonjimenoactualidad.com\/#\/schema\/logo\/image\/"}},{"@type":"Person","@id":"https:\/\/torredonjimenoactualidad.com\/#\/schema\/person\/84de5f233e783ef2c75151a532b54977","name":"Alba Mar\u00eda Torres","image":{"@type":"ImageObject","inLanguage":"es","@id":"https:\/\/torredonjimenoactualidad.com\/#\/schema\/person\/image\/","url":"https:\/\/secure.gravatar.com\/avatar\/f9371f188c71501b4475a9ba2a71595850ec72967f800a2ed8e3e2102859ed65?s=96&d=mm&r=g","contentUrl":"https:\/\/secure.gravatar.com\/avatar\/f9371f188c71501b4475a9ba2a71595850ec72967f800a2ed8e3e2102859ed65?s=96&d=mm&r=g","caption":"Alba Mar\u00eda Torres"},"url":"https:\/\/torredonjimenoactualidad.com\/index.php\/author\/alba-torres\/"}]}},"_links":{"self":[{"href":"https:\/\/torredonjimenoactualidad.com\/index.php\/wp-json\/wp\/v2\/posts\/882","targetHints":{"allow":["GET"]}}],"collection":[{"href":"https:\/\/torredonjimenoactualidad.com\/index.php\/wp-json\/wp\/v2\/posts"}],"about":[{"href":"https:\/\/torredonjimenoactualidad.com\/index.php\/wp-json\/wp\/v2\/types\/post"}],"author":[{"embeddable":true,"href":"https:\/\/torredonjimenoactualidad.com\/index.php\/wp-json\/wp\/v2\/users\/2"}],"replies":[{"embeddable":true,"href":"https:\/\/torredonjimenoactualidad.com\/index.php\/wp-json\/wp\/v2\/comments?post=882"}],"version-history":[{"count":1,"href":"https:\/\/torredonjimenoactualidad.com\/index.php\/wp-json\/wp\/v2\/posts\/882\/revisions"}],"predecessor-version":[{"id":885,"href":"https:\/\/torredonjimenoactualidad.com\/index.php\/wp-json\/wp\/v2\/posts\/882\/revisions\/885"}],"wp:featuredmedia":[{"embeddable":true,"href":"https:\/\/torredonjimenoactualidad.com\/index.php\/wp-json\/wp\/v2\/media\/883"}],"wp:attachment":[{"href":"https:\/\/torredonjimenoactualidad.com\/index.php\/wp-json\/wp\/v2\/media?parent=882"}],"wp:term":[{"taxonomy":"category","embeddable":true,"href":"https:\/\/torredonjimenoactualidad.com\/index.php\/wp-json\/wp\/v2\/categories?post=882"},{"taxonomy":"post_tag","embeddable":true,"href":"https:\/\/torredonjimenoactualidad.com\/index.php\/wp-json\/wp\/v2\/tags?post=882"}],"curies":[{"name":"wp","href":"https:\/\/api.w.org\/{rel}","templated":true}]}}