{"id":754,"date":"2023-06-09T07:39:24","date_gmt":"2023-06-09T07:39:24","guid":{"rendered":"https:\/\/torredonjimenoactualidad.com\/?p=754"},"modified":"2023-06-09T13:42:31","modified_gmt":"2023-06-09T13:42:31","slug":"torredonjimeno-celebra-este-domingo-la-festividad-del-corpus-christi","status":"publish","type":"post","link":"https:\/\/torredonjimenoactualidad.com\/index.php\/2023\/06\/09\/torredonjimeno-celebra-este-domingo-la-festividad-del-corpus-christi\/","title":{"rendered":"Torredonjimeno celebra este domingo la festividad del Corpus Christi"},"content":{"rendered":"\n<p>Terminado el tiempo de pascua con la llegada de Pentecost\u00e9s y celebradas las primeras comuniones, Torredonjimeno celebra este pr\u00f3ximo domingo la festividad del Corpus Christi 2023, que este a\u00f1o tendr\u00e1 como escenario festivo el Parque del Ranal, donde tendr\u00e1 lugar la Eucarist\u00eda a las 10 de la ma\u00f1ana, para continuar posteriormente con la procesi\u00f3n, que esta ocasi\u00f3n recorrer\u00e1 las siguientes calles: Juan Ram\u00f3n Jim\u00e9nez, Antonio Machado, Pablo Neruda, Gabriel Celaya, Garc\u00eda Lorca, M\u00e9ndez N\u00fa\u00f1ez, Mediterr\u00e1neo, Blas de Lezo, Garc\u00eda Lorca, Puerta de Ja\u00e9n, Traves\u00eda Puerta de Ja\u00e9n, Carrera Alta y Plaza de los Dolores. <\/p>\n\n\n\n<p>Previamente a la llegada del domingo, desde ayer jueves y hasta ma\u00f1ana s\u00e1bado, tiene lugar en la Parroquia Mayor de San Pedro Ap\u00f3stol un solemne tripudo, el cual comienza las 19:00 horas con Exposici\u00f3n del Sant\u00edsimo, para continuar posteriormente con la Santa Misa a las 20:00 horas. <\/p>\n\n\n\n<p><\/p>\n\n\n\n<p><\/p>\n\n\n\n<p> <\/p>\n","protected":false},"excerpt":{"rendered":"<p>Terminado el tiempo de pascua con la llegada de Pentecost\u00e9s y celebradas las primeras comuniones, Torredonjimeno celebra este pr\u00f3ximo domingo la festividad del Corpus Christi 2023, que este a\u00f1o tendr\u00e1 como escenario festivo el Parque del Ranal, donde tendr\u00e1 lugar la Eucarist\u00eda a las 10 de la ma\u00f1ana, para continuar posteriormente con la procesi\u00f3n, que &hellip;<\/p>\n<p class=\"read-more\"> <a class=\"\" href=\"https:\/\/torredonjimenoactualidad.com\/index.php\/2023\/06\/09\/torredonjimeno-celebra-este-domingo-la-festividad-del-corpus-christi\/\"> <span class=\"screen-reader-text\">Torredonjimeno celebra este domingo la festividad del Corpus Christi<\/span> Leer m\u00e1s &raquo;<\/a><\/p>\n","protected":false},"author":1,"featured_media":594,"comment_status":"open","ping_status":"open","sticky":false,"template":"","format":"standard","meta":{"site-sidebar-layout":"default","site-content-layout":"default","ast-global-header-display":"","ast-main-header-display":"","ast-hfb-above-header-display":"","ast-hfb-below-header-display":"","ast-hfb-mobile-header-display":"","site-post-title":"","ast-breadcrumbs-content":"","ast-featured-img":"","footer-sml-layout":"","theme-transparent-header-meta":"","adv-header-id-meta":"","stick-header-meta":"","header-above-stick-meta":"","header-main-stick-meta":"","header-below-stick-meta":"","footnotes":""},"categories":[7],"tags":[],"class_list":["post-754","post","type-post","status-publish","format-standard","has-post-thumbnail","hentry","category-local"],"yoast_head":"<!-- This site is optimized with the Yoast SEO plugin v20.8 - https:\/\/yoast.com\/wordpress\/plugins\/seo\/ -->\n<title>Torredonjimeno celebra este domingo la festividad del Corpus Christi - Torredonjimeno Actualidad<\/title>\n<meta name=\"robots\" content=\"index, follow, max-snippet:-1, max-image-preview:large, max-video-preview:-1\" \/>\n<link rel=\"canonical\" href=\"https:\/\/torredonjimenoactualidad.com\/index.php\/2023\/06\/09\/torredonjimeno-celebra-este-domingo-la-festividad-del-corpus-christi\/\" \/>\n<meta property=\"og:locale\" content=\"es_ES\" \/>\n<meta property=\"og:type\" content=\"article\" \/>\n<meta property=\"og:title\" content=\"Torredonjimeno celebra este domingo la festividad del Corpus Christi - Torredonjimeno Actualidad\" \/>\n<meta property=\"og:description\" content=\"Terminado el tiempo de pascua con la llegada de Pentecost\u00e9s y celebradas las primeras comuniones, Torredonjimeno celebra este pr\u00f3ximo domingo la festividad del Corpus Christi 2023, que este a\u00f1o tendr\u00e1 como escenario festivo el Parque del Ranal, donde tendr\u00e1 lugar la Eucarist\u00eda a las 10 de la ma\u00f1ana, para continuar posteriormente con la procesi\u00f3n, que &hellip; Torredonjimeno celebra este domingo la festividad del Corpus Christi Leer m\u00e1s &raquo;\" \/>\n<meta property=\"og:url\" content=\"https:\/\/torredonjimenoactualidad.com\/index.php\/2023\/06\/09\/torredonjimeno-celebra-este-domingo-la-festividad-del-corpus-christi\/\" \/>\n<meta property=\"og:site_name\" content=\"Torredonjimeno Actualidad\" \/>\n<meta property=\"article:published_time\" content=\"2023-06-09T07:39:24+00:00\" \/>\n<meta property=\"article:modified_time\" content=\"2023-06-09T13:42:31+00:00\" \/>\n<meta property=\"og:image\" content=\"https:\/\/torredonjimenoactualidad.com\/wp-content\/uploads\/2023\/04\/287113957_1641914999541599_9085883335485293580_n.jpg\" \/>\n\t<meta property=\"og:image:width\" content=\"1319\" \/>\n\t<meta property=\"og:image:height\" content=\"753\" \/>\n\t<meta property=\"og:image:type\" content=\"image\/jpeg\" \/>\n<meta name=\"author\" content=\"jimenoactualidad\" \/>\n<meta name=\"twitter:card\" content=\"summary_large_image\" \/>\n<meta name=\"twitter:label1\" content=\"Escrito por\" \/>\n\t<meta name=\"twitter:data1\" content=\"jimenoactualidad\" \/>\n\t<meta name=\"twitter:label2\" content=\"Tiempo de lectura\" \/>\n\t<meta name=\"twitter:data2\" content=\"1 minuto\" \/>\n<script type=\"application\/ld+json\" class=\"yoast-schema-graph\">{\"@context\":\"https:\/\/schema.org\",\"@graph\":[{\"@type\":\"Article\",\"@id\":\"https:\/\/torredonjimenoactualidad.com\/index.php\/2023\/06\/09\/torredonjimeno-celebra-este-domingo-la-festividad-del-corpus-christi\/#article\",\"isPartOf\":{\"@id\":\"https:\/\/torredonjimenoactualidad.com\/index.php\/2023\/06\/09\/torredonjimeno-celebra-este-domingo-la-festividad-del-corpus-christi\/\"},\"author\":{\"name\":\"jimenoactualidad\",\"@id\":\"https:\/\/torredonjimenoactualidad.com\/#\/schema\/person\/890fea51f5dcffe6a02d0233f5282106\"},\"headline\":\"Torredonjimeno celebra este domingo la festividad del Corpus Christi\",\"datePublished\":\"2023-06-09T07:39:24+00:00\",\"dateModified\":\"2023-06-09T13:42:31+00:00\",\"mainEntityOfPage\":{\"@id\":\"https:\/\/torredonjimenoactualidad.com\/index.php\/2023\/06\/09\/torredonjimeno-celebra-este-domingo-la-festividad-del-corpus-christi\/\"},\"wordCount\":168,\"commentCount\":0,\"publisher\":{\"@id\":\"https:\/\/torredonjimenoactualidad.com\/#organization\"},\"articleSection\":[\"local\"],\"inLanguage\":\"es\",\"potentialAction\":[{\"@type\":\"CommentAction\",\"name\":\"Comment\",\"target\":[\"https:\/\/torredonjimenoactualidad.com\/index.php\/2023\/06\/09\/torredonjimeno-celebra-este-domingo-la-festividad-del-corpus-christi\/#respond\"]}]},{\"@type\":\"WebPage\",\"@id\":\"https:\/\/torredonjimenoactualidad.com\/index.php\/2023\/06\/09\/torredonjimeno-celebra-este-domingo-la-festividad-del-corpus-christi\/\",\"url\":\"https:\/\/torredonjimenoactualidad.com\/index.php\/2023\/06\/09\/torredonjimeno-celebra-este-domingo-la-festividad-del-corpus-christi\/\",\"name\":\"Torredonjimeno celebra este domingo la festividad del Corpus Christi - Torredonjimeno Actualidad\",\"isPartOf\":{\"@id\":\"https:\/\/torredonjimenoactualidad.com\/#website\"},\"datePublished\":\"2023-06-09T07:39:24+00:00\",\"dateModified\":\"2023-06-09T13:42:31+00:00\",\"breadcrumb\":{\"@id\":\"https:\/\/torredonjimenoactualidad.com\/index.php\/2023\/06\/09\/torredonjimeno-celebra-este-domingo-la-festividad-del-corpus-christi\/#breadcrumb\"},\"inLanguage\":\"es\",\"potentialAction\":[{\"@type\":\"ReadAction\",\"target\":[\"https:\/\/torredonjimenoactualidad.com\/index.php\/2023\/06\/09\/torredonjimeno-celebra-este-domingo-la-festividad-del-corpus-christi\/\"]}]},{\"@type\":\"BreadcrumbList\",\"@id\":\"https:\/\/torredonjimenoactualidad.com\/index.php\/2023\/06\/09\/torredonjimeno-celebra-este-domingo-la-festividad-del-corpus-christi\/#breadcrumb\",\"itemListElement\":[{\"@type\":\"ListItem\",\"position\":1,\"name\":\"Portada\",\"item\":\"https:\/\/torredonjimenoactualidad.com\/\"},{\"@type\":\"ListItem\",\"position\":2,\"name\":\"Torredonjimeno celebra este domingo la festividad del Corpus Christi\"}]},{\"@type\":\"WebSite\",\"@id\":\"https:\/\/torredonjimenoactualidad.com\/#website\",\"url\":\"https:\/\/torredonjimenoactualidad.com\/\",\"name\":\"Torredonjimeno Actualidad\",\"description\":\"\",\"publisher\":{\"@id\":\"https:\/\/torredonjimenoactualidad.com\/#organization\"},\"potentialAction\":[{\"@type\":\"SearchAction\",\"target\":{\"@type\":\"EntryPoint\",\"urlTemplate\":\"https:\/\/torredonjimenoactualidad.com\/?s={search_term_string}\"},\"query-input\":\"required name=search_term_string\"}],\"inLanguage\":\"es\"},{\"@type\":\"Organization\",\"@id\":\"https:\/\/torredonjimenoactualidad.com\/#organization\",\"name\":\"Torredonjimeno Actualidad\",\"url\":\"https:\/\/torredonjimenoactualidad.com\/\",\"logo\":{\"@type\":\"ImageObject\",\"inLanguage\":\"es\",\"@id\":\"https:\/\/torredonjimenoactualidad.com\/#\/schema\/logo\/image\/\",\"url\":\"https:\/\/torredonjimenoactualidad.com\/wp-content\/uploads\/2023\/02\/logo-torredonjimeno-544x180-1.png\",\"contentUrl\":\"https:\/\/torredonjimenoactualidad.com\/wp-content\/uploads\/2023\/02\/logo-torredonjimeno-544x180-1.png\",\"width\":545,\"height\":112,\"caption\":\"Torredonjimeno Actualidad\"},\"image\":{\"@id\":\"https:\/\/torredonjimenoactualidad.com\/#\/schema\/logo\/image\/\"}},{\"@type\":\"Person\",\"@id\":\"https:\/\/torredonjimenoactualidad.com\/#\/schema\/person\/890fea51f5dcffe6a02d0233f5282106\",\"name\":\"jimenoactualidad\",\"image\":{\"@type\":\"ImageObject\",\"inLanguage\":\"es\",\"@id\":\"https:\/\/torredonjimenoactualidad.com\/#\/schema\/person\/image\/\",\"url\":\"https:\/\/secure.gravatar.com\/avatar\/0668216c1d3ac3a25632718dbd8be89f94bdec298cfd7c7031591681cd0724b1?s=96&d=mm&r=g\",\"contentUrl\":\"https:\/\/secure.gravatar.com\/avatar\/0668216c1d3ac3a25632718dbd8be89f94bdec298cfd7c7031591681cd0724b1?s=96&d=mm&r=g\",\"caption\":\"jimenoactualidad\"},\"sameAs\":[\"https:\/\/torredonjimenoactualidad.com\"],\"url\":\"https:\/\/torredonjimenoactualidad.com\/index.php\/author\/jimenoactualidad\/\"}]}<\/script>\n<!-- \/ Yoast SEO plugin. -->","yoast_head_json":{"title":"Torredonjimeno celebra este domingo la festividad del Corpus Christi - Torredonjimeno Actualidad","robots":{"index":"index","follow":"follow","max-snippet":"max-snippet:-1","max-image-preview":"max-image-preview:large","max-video-preview":"max-video-preview:-1"},"canonical":"https:\/\/torredonjimenoactualidad.com\/index.php\/2023\/06\/09\/torredonjimeno-celebra-este-domingo-la-festividad-del-corpus-christi\/","og_locale":"es_ES","og_type":"article","og_title":"Torredonjimeno celebra este domingo la festividad del Corpus Christi - Torredonjimeno Actualidad","og_description":"Terminado el tiempo de pascua con la llegada de Pentecost\u00e9s y celebradas las primeras comuniones, Torredonjimeno celebra este pr\u00f3ximo domingo la festividad del Corpus Christi 2023, que este a\u00f1o tendr\u00e1 como escenario festivo el Parque del Ranal, donde tendr\u00e1 lugar la Eucarist\u00eda a las 10 de la ma\u00f1ana, para continuar posteriormente con la procesi\u00f3n, que &hellip; Torredonjimeno celebra este domingo la festividad del Corpus Christi Leer m\u00e1s &raquo;","og_url":"https:\/\/torredonjimenoactualidad.com\/index.php\/2023\/06\/09\/torredonjimeno-celebra-este-domingo-la-festividad-del-corpus-christi\/","og_site_name":"Torredonjimeno Actualidad","article_published_time":"2023-06-09T07:39:24+00:00","article_modified_time":"2023-06-09T13:42:31+00:00","og_image":[{"width":1319,"height":753,"url":"https:\/\/torredonjimenoactualidad.com\/wp-content\/uploads\/2023\/04\/287113957_1641914999541599_9085883335485293580_n.jpg","type":"image\/jpeg"}],"author":"jimenoactualidad","twitter_card":"summary_large_image","twitter_misc":{"Escrito por":"jimenoactualidad","Tiempo de lectura":"1 minuto"},"schema":{"@context":"https:\/\/schema.org","@graph":[{"@type":"Article","@id":"https:\/\/torredonjimenoactualidad.com\/index.php\/2023\/06\/09\/torredonjimeno-celebra-este-domingo-la-festividad-del-corpus-christi\/#article","isPartOf":{"@id":"https:\/\/torredonjimenoactualidad.com\/index.php\/2023\/06\/09\/torredonjimeno-celebra-este-domingo-la-festividad-del-corpus-christi\/"},"author":{"name":"jimenoactualidad","@id":"https:\/\/torredonjimenoactualidad.com\/#\/schema\/person\/890fea51f5dcffe6a02d0233f5282106"},"headline":"Torredonjimeno celebra este domingo la festividad del Corpus Christi","datePublished":"2023-06-09T07:39:24+00:00","dateModified":"2023-06-09T13:42:31+00:00","mainEntityOfPage":{"@id":"https:\/\/torredonjimenoactualidad.com\/index.php\/2023\/06\/09\/torredonjimeno-celebra-este-domingo-la-festividad-del-corpus-christi\/"},"wordCount":168,"commentCount":0,"publisher":{"@id":"https:\/\/torredonjimenoactualidad.com\/#organization"},"articleSection":["local"],"inLanguage":"es","potentialAction":[{"@type":"CommentAction","name":"Comment","target":["https:\/\/torredonjimenoactualidad.com\/index.php\/2023\/06\/09\/torredonjimeno-celebra-este-domingo-la-festividad-del-corpus-christi\/#respond"]}]},{"@type":"WebPage","@id":"https:\/\/torredonjimenoactualidad.com\/index.php\/2023\/06\/09\/torredonjimeno-celebra-este-domingo-la-festividad-del-corpus-christi\/","url":"https:\/\/torredonjimenoactualidad.com\/index.php\/2023\/06\/09\/torredonjimeno-celebra-este-domingo-la-festividad-del-corpus-christi\/","name":"Torredonjimeno celebra este domingo la festividad del Corpus Christi - Torredonjimeno Actualidad","isPartOf":{"@id":"https:\/\/torredonjimenoactualidad.com\/#website"},"datePublished":"2023-06-09T07:39:24+00:00","dateModified":"2023-06-09T13:42:31+00:00","breadcrumb":{"@id":"https:\/\/torredonjimenoactualidad.com\/index.php\/2023\/06\/09\/torredonjimeno-celebra-este-domingo-la-festividad-del-corpus-christi\/#breadcrumb"},"inLanguage":"es","potentialAction":[{"@type":"ReadAction","target":["https:\/\/torredonjimenoactualidad.com\/index.php\/2023\/06\/09\/torredonjimeno-celebra-este-domingo-la-festividad-del-corpus-christi\/"]}]},{"@type":"BreadcrumbList","@id":"https:\/\/torredonjimenoactualidad.com\/index.php\/2023\/06\/09\/torredonjimeno-celebra-este-domingo-la-festividad-del-corpus-christi\/#breadcrumb","itemListElement":[{"@type":"ListItem","position":1,"name":"Portada","item":"https:\/\/torredonjimenoactualidad.com\/"},{"@type":"ListItem","position":2,"name":"Torredonjimeno celebra este domingo la festividad del Corpus Christi"}]},{"@type":"WebSite","@id":"https:\/\/torredonjimenoactualidad.com\/#website","url":"https:\/\/torredonjimenoactualidad.com\/","name":"Torredonjimeno Actualidad","description":"","publisher":{"@id":"https:\/\/torredonjimenoactualidad.com\/#organization"},"potentialAction":[{"@type":"SearchAction","target":{"@type":"EntryPoint","urlTemplate":"https:\/\/torredonjimenoactualidad.com\/?s={search_term_string}"},"query-input":"required name=search_term_string"}],"inLanguage":"es"},{"@type":"Organization","@id":"https:\/\/torredonjimenoactualidad.com\/#organization","name":"Torredonjimeno Actualidad","url":"https:\/\/torredonjimenoactualidad.com\/","logo":{"@type":"ImageObject","inLanguage":"es","@id":"https:\/\/torredonjimenoactualidad.com\/#\/schema\/logo\/image\/","url":"https:\/\/torredonjimenoactualidad.com\/wp-content\/uploads\/2023\/02\/logo-torredonjimeno-544x180-1.png","contentUrl":"https:\/\/torredonjimenoactualidad.com\/wp-content\/uploads\/2023\/02\/logo-torredonjimeno-544x180-1.png","width":545,"height":112,"caption":"Torredonjimeno Actualidad"},"image":{"@id":"https:\/\/torredonjimenoactualidad.com\/#\/schema\/logo\/image\/"}},{"@type":"Person","@id":"https:\/\/torredonjimenoactualidad.com\/#\/schema\/person\/890fea51f5dcffe6a02d0233f5282106","name":"jimenoactualidad","image":{"@type":"ImageObject","inLanguage":"es","@id":"https:\/\/torredonjimenoactualidad.com\/#\/schema\/person\/image\/","url":"https:\/\/secure.gravatar.com\/avatar\/0668216c1d3ac3a25632718dbd8be89f94bdec298cfd7c7031591681cd0724b1?s=96&d=mm&r=g","contentUrl":"https:\/\/secure.gravatar.com\/avatar\/0668216c1d3ac3a25632718dbd8be89f94bdec298cfd7c7031591681cd0724b1?s=96&d=mm&r=g","caption":"jimenoactualidad"},"sameAs":["https:\/\/torredonjimenoactualidad.com"],"url":"https:\/\/torredonjimenoactualidad.com\/index.php\/author\/jimenoactualidad\/"}]}},"_links":{"self":[{"href":"https:\/\/torredonjimenoactualidad.com\/index.php\/wp-json\/wp\/v2\/posts\/754","targetHints":{"allow":["GET"]}}],"collection":[{"href":"https:\/\/torredonjimenoactualidad.com\/index.php\/wp-json\/wp\/v2\/posts"}],"about":[{"href":"https:\/\/torredonjimenoactualidad.com\/index.php\/wp-json\/wp\/v2\/types\/post"}],"author":[{"embeddable":true,"href":"https:\/\/torredonjimenoactualidad.com\/index.php\/wp-json\/wp\/v2\/users\/1"}],"replies":[{"embeddable":true,"href":"https:\/\/torredonjimenoactualidad.com\/index.php\/wp-json\/wp\/v2\/comments?post=754"}],"version-history":[{"count":3,"href":"https:\/\/torredonjimenoactualidad.com\/index.php\/wp-json\/wp\/v2\/posts\/754\/revisions"}],"predecessor-version":[{"id":758,"href":"https:\/\/torredonjimenoactualidad.com\/index.php\/wp-json\/wp\/v2\/posts\/754\/revisions\/758"}],"wp:featuredmedia":[{"embeddable":true,"href":"https:\/\/torredonjimenoactualidad.com\/index.php\/wp-json\/wp\/v2\/media\/594"}],"wp:attachment":[{"href":"https:\/\/torredonjimenoactualidad.com\/index.php\/wp-json\/wp\/v2\/media?parent=754"}],"wp:term":[{"taxonomy":"category","embeddable":true,"href":"https:\/\/torredonjimenoactualidad.com\/index.php\/wp-json\/wp\/v2\/categories?post=754"},{"taxonomy":"post_tag","embeddable":true,"href":"https:\/\/torredonjimenoactualidad.com\/index.php\/wp-json\/wp\/v2\/tags?post=754"}],"curies":[{"name":"wp","href":"https:\/\/api.w.org\/{rel}","templated":true}]}}