{"id":749,"date":"2023-06-08T15:28:23","date_gmt":"2023-06-08T15:28:23","guid":{"rendered":"https:\/\/torredonjimenoactualidad.com\/?p=749"},"modified":"2023-06-08T15:33:49","modified_gmt":"2023-06-08T15:33:49","slug":"la-consejera-de-salud-invita-a-las-mujeres-de-entre-50-y-69-anos-a-participar-en-el-cribado-de-cancer-de-mama","status":"publish","type":"post","link":"https:\/\/torredonjimenoactualidad.com\/index.php\/2023\/06\/08\/la-consejera-de-salud-invita-a-las-mujeres-de-entre-50-y-69-anos-a-participar-en-el-cribado-de-cancer-de-mama\/","title":{"rendered":"La consejera de Salud invita a las mujeres de entre 50 y 69 a\u00f1os a participar en el cribado de c\u00e1ncer de mama"},"content":{"rendered":"\n<p>La consejera de Salud y Consumo de la Junta de Andaluc\u00eda, Catalina Garc\u00eda, ha invitado este jueves a las mujeres de entre 50 y 69 a\u00f1os a participar en el cribado de c\u00e1ncer de mama.<\/p>\n\n\n\n<p>As\u00ed lo ha indicado durante una visita a la Unidad Diagn\u00f3stica de Mama el Hospital San Juan de la Cruz de \u00dabeda, que inici\u00f3 las obras en octubre con un importe cercano a los 600.000 euros y que se ha puesto en marcha recientemente.<\/p>\n\n\n\n<p>\u00abEl c\u00e1ncer de mama es una de las principales causas de muerte entre las mujeres a nivel mundial. En Andaluc\u00eda se diagnostican al a\u00f1o cerca de 5.000 nuevos casos. Sin embargo, los avances en la detecci\u00f3n temprana y el tratamiento han mejorado significativamente los resultados y la supervivencia de los pacientes, hasta elevarla casi al 90 por ciento\u00bb.<\/p>\n\n\n\n<p>En este sentido, la titular de Salud ha puesto de relieve que los cribados de c\u00e1ncer de mama, como la mamograf\u00eda y otras pruebas de detecci\u00f3n, desempe\u00f1an un papel fundamental en la detecci\u00f3n temprana de la enfermedad.<\/p>\n\n\n\n<p>\u00abLos tumores identificados en etapas iniciales son m\u00e1s peque\u00f1os y tienen menor probabilidad de diseminarse a los ganglios linf\u00e1ticos u otros \u00f3rganos, lo que permite un tratamiento m\u00e1s efectivo y menos invasivo\u00bb, ha subrayado.<\/p>\n\n\n\n<p>Por ello, ha hecho hincapi\u00e9 en la importancia de aceptar la invitaci\u00f3n al cribado de c\u00e1ncer de mama cuando llegue la carta al domicilio. \u00abEsa carta puede salvarnos la vida\u00bb, ha puntualizado la consejera.<\/p>\n\n\n\n<p>Ha recordado que este a\u00f1o se comienza a ampliar la poblaci\u00f3n diana de este tipo de cribado, pasando de la horquilla actual de 50 a 69 a\u00f1os a, paulatinamente, de 47 a 71 a\u00f1os. En la actualidad, la cobertura de este cribado alcanza al 75 por ciento de la poblaci\u00f3n diana en Andaluc\u00eda.<\/p>\n\n\n\n<p>El programa andaluz de detecci\u00f3n precoz del c\u00e1ncer de mama cuenta con 63 unidades diagn\u00f3sticas de mama, de las que 19 son fijas, cinco son m\u00f3viles y 39 se ubican en el \u00e1mbito hospitalario. Una de ellas es la citada del ubetense Hospital San Juan de la Cruz, que permite duplicar la atenci\u00f3n a las usuarias del \u00c1rea Sanitaria Nordeste de Ja\u00e9n, ya que son atendidas en acto \u00fanico, mejorando su confortabilidad.<\/p>\n\n\n\n<p>Acompa\u00f1ada del delegado del Gobierno andaluz en Ja\u00e9n, Jes\u00fas Estrella; la delegada territorial de Salud y Consumo, Elena Gonz\u00e1lez, y el director gerente del centro hospitalario, Jes\u00fas de la Paz, la consejera ha informado de los trabajos en esta unidad.<\/p>\n\n\n\n<p>Se han centrado en la ubicaci\u00f3n de un nuevo mam\u00f3grafo y ec\u00f3grafo, as\u00ed como diversas actuaciones dentro del Plan de Humanizaci\u00f3n del Sistema Sanitario P\u00fablico de Andaluc\u00eda. Adem\u00e1s de la sala de mamograf\u00eda y de ecograf\u00eda, esta unidad cuenta con sala de espera, ba\u00f1os adaptados, consulta m\u00e9dica y de rayos.<\/p>\n\n\n\n<p>Por \u00faltimo, Catalina Garc\u00eda ha comunicado que en el \u00c1rea Sanitaria Nordeste se hicieron 11.546 mamograf\u00edas durante el a\u00f1o 2022, de las que 104 se realizaron en el Hospital de Alta Resoluci\u00f3n de Cazorla, 840 en el Hospital de Alta Resoluci\u00f3n de Sierra de Segura y 10.602 en el Hospital San Juan de la Cruz de \u00dabeda.<\/p>\n","protected":false},"excerpt":{"rendered":"<p>La consejera de Salud y Consumo de la Junta de Andaluc\u00eda, Catalina Garc\u00eda, ha invitado este jueves a las mujeres de entre 50 y 69 a\u00f1os a participar en el cribado de c\u00e1ncer de mama. As\u00ed lo ha indicado durante una visita a la Unidad Diagn\u00f3stica de Mama el Hospital San Juan de la Cruz &hellip;<\/p>\n<p class=\"read-more\"> <a class=\"\" href=\"https:\/\/torredonjimenoactualidad.com\/index.php\/2023\/06\/08\/la-consejera-de-salud-invita-a-las-mujeres-de-entre-50-y-69-anos-a-participar-en-el-cribado-de-cancer-de-mama\/\"> <span class=\"screen-reader-text\">La consejera de Salud invita a las mujeres de entre 50 y 69 a\u00f1os a participar en el cribado de c\u00e1ncer de mama<\/span> Leer m\u00e1s &raquo;<\/a><\/p>\n","protected":false},"author":2,"featured_media":750,"comment_status":"closed","ping_status":"open","sticky":false,"template":"","format":"standard","meta":{"site-sidebar-layout":"default","site-content-layout":"default","ast-global-header-display":"","ast-main-header-display":"","ast-hfb-above-header-display":"","ast-hfb-below-header-display":"","ast-hfb-mobile-header-display":"","site-post-title":"","ast-breadcrumbs-content":"","ast-featured-img":"","footer-sml-layout":"","theme-transparent-header-meta":"","adv-header-id-meta":"","stick-header-meta":"","header-above-stick-meta":"","header-main-stick-meta":"","header-below-stick-meta":"","footnotes":""},"categories":[8],"tags":[],"class_list":["post-749","post","type-post","status-publish","format-standard","has-post-thumbnail","hentry","category-provincia"],"yoast_head":"<!-- This site is optimized with the Yoast SEO plugin v20.8 - https:\/\/yoast.com\/wordpress\/plugins\/seo\/ -->\n<title>La consejera de Salud invita a las mujeres de entre 50 y 69 a\u00f1os a participar en el cribado de c\u00e1ncer de mama - Torredonjimeno Actualidad<\/title>\n<meta name=\"robots\" content=\"index, follow, max-snippet:-1, max-image-preview:large, max-video-preview:-1\" \/>\n<link rel=\"canonical\" href=\"https:\/\/torredonjimenoactualidad.com\/index.php\/2023\/06\/08\/la-consejera-de-salud-invita-a-las-mujeres-de-entre-50-y-69-anos-a-participar-en-el-cribado-de-cancer-de-mama\/\" \/>\n<meta property=\"og:locale\" content=\"es_ES\" \/>\n<meta property=\"og:type\" content=\"article\" \/>\n<meta property=\"og:title\" content=\"La consejera de Salud invita a las mujeres de entre 50 y 69 a\u00f1os a participar en el cribado de c\u00e1ncer de mama - Torredonjimeno Actualidad\" \/>\n<meta property=\"og:description\" content=\"La consejera de Salud y Consumo de la Junta de Andaluc\u00eda, Catalina Garc\u00eda, ha invitado este jueves a las mujeres de entre 50 y 69 a\u00f1os a participar en el cribado de c\u00e1ncer de mama. As\u00ed lo ha indicado durante una visita a la Unidad Diagn\u00f3stica de Mama el Hospital San Juan de la Cruz &hellip; La consejera de Salud invita a las mujeres de entre 50 y 69 a\u00f1os a participar en el cribado de c\u00e1ncer de mama Leer m\u00e1s &raquo;\" \/>\n<meta property=\"og:url\" content=\"https:\/\/torredonjimenoactualidad.com\/index.php\/2023\/06\/08\/la-consejera-de-salud-invita-a-las-mujeres-de-entre-50-y-69-anos-a-participar-en-el-cribado-de-cancer-de-mama\/\" \/>\n<meta property=\"og:site_name\" content=\"Torredonjimeno Actualidad\" \/>\n<meta property=\"article:published_time\" content=\"2023-06-08T15:28:23+00:00\" \/>\n<meta property=\"article:modified_time\" content=\"2023-06-08T15:33:49+00:00\" \/>\n<meta property=\"og:image\" content=\"https:\/\/torredonjimenoactualidad.com\/wp-content\/uploads\/2023\/06\/fotonoticia_20230608134520_1920.jpg\" \/>\n\t<meta property=\"og:image:width\" content=\"1920\" \/>\n\t<meta property=\"og:image:height\" content=\"1097\" \/>\n\t<meta property=\"og:image:type\" content=\"image\/jpeg\" \/>\n<meta name=\"author\" content=\"Alba Mar\u00eda Torres\" \/>\n<meta name=\"twitter:card\" content=\"summary_large_image\" \/>\n<meta name=\"twitter:label1\" content=\"Escrito por\" \/>\n\t<meta name=\"twitter:data1\" content=\"Alba Mar\u00eda Torres\" \/>\n\t<meta name=\"twitter:label2\" content=\"Tiempo de lectura\" \/>\n\t<meta name=\"twitter:data2\" content=\"3 minutos\" \/>\n<script type=\"application\/ld+json\" class=\"yoast-schema-graph\">{\"@context\":\"https:\/\/schema.org\",\"@graph\":[{\"@type\":\"Article\",\"@id\":\"https:\/\/torredonjimenoactualidad.com\/index.php\/2023\/06\/08\/la-consejera-de-salud-invita-a-las-mujeres-de-entre-50-y-69-anos-a-participar-en-el-cribado-de-cancer-de-mama\/#article\",\"isPartOf\":{\"@id\":\"https:\/\/torredonjimenoactualidad.com\/index.php\/2023\/06\/08\/la-consejera-de-salud-invita-a-las-mujeres-de-entre-50-y-69-anos-a-participar-en-el-cribado-de-cancer-de-mama\/\"},\"author\":{\"name\":\"Alba Mar\u00eda Torres\",\"@id\":\"https:\/\/torredonjimenoactualidad.com\/#\/schema\/person\/84de5f233e783ef2c75151a532b54977\"},\"headline\":\"La consejera de Salud invita a las mujeres de entre 50 y 69 a\u00f1os a participar en el cribado de c\u00e1ncer de mama\",\"datePublished\":\"2023-06-08T15:28:23+00:00\",\"dateModified\":\"2023-06-08T15:33:49+00:00\",\"mainEntityOfPage\":{\"@id\":\"https:\/\/torredonjimenoactualidad.com\/index.php\/2023\/06\/08\/la-consejera-de-salud-invita-a-las-mujeres-de-entre-50-y-69-anos-a-participar-en-el-cribado-de-cancer-de-mama\/\"},\"wordCount\":572,\"publisher\":{\"@id\":\"https:\/\/torredonjimenoactualidad.com\/#organization\"},\"articleSection\":[\"provincia\"],\"inLanguage\":\"es\"},{\"@type\":\"WebPage\",\"@id\":\"https:\/\/torredonjimenoactualidad.com\/index.php\/2023\/06\/08\/la-consejera-de-salud-invita-a-las-mujeres-de-entre-50-y-69-anos-a-participar-en-el-cribado-de-cancer-de-mama\/\",\"url\":\"https:\/\/torredonjimenoactualidad.com\/index.php\/2023\/06\/08\/la-consejera-de-salud-invita-a-las-mujeres-de-entre-50-y-69-anos-a-participar-en-el-cribado-de-cancer-de-mama\/\",\"name\":\"La consejera de Salud invita a las mujeres de entre 50 y 69 a\u00f1os a participar en el cribado de c\u00e1ncer de mama - Torredonjimeno Actualidad\",\"isPartOf\":{\"@id\":\"https:\/\/torredonjimenoactualidad.com\/#website\"},\"datePublished\":\"2023-06-08T15:28:23+00:00\",\"dateModified\":\"2023-06-08T15:33:49+00:00\",\"breadcrumb\":{\"@id\":\"https:\/\/torredonjimenoactualidad.com\/index.php\/2023\/06\/08\/la-consejera-de-salud-invita-a-las-mujeres-de-entre-50-y-69-anos-a-participar-en-el-cribado-de-cancer-de-mama\/#breadcrumb\"},\"inLanguage\":\"es\",\"potentialAction\":[{\"@type\":\"ReadAction\",\"target\":[\"https:\/\/torredonjimenoactualidad.com\/index.php\/2023\/06\/08\/la-consejera-de-salud-invita-a-las-mujeres-de-entre-50-y-69-anos-a-participar-en-el-cribado-de-cancer-de-mama\/\"]}]},{\"@type\":\"BreadcrumbList\",\"@id\":\"https:\/\/torredonjimenoactualidad.com\/index.php\/2023\/06\/08\/la-consejera-de-salud-invita-a-las-mujeres-de-entre-50-y-69-anos-a-participar-en-el-cribado-de-cancer-de-mama\/#breadcrumb\",\"itemListElement\":[{\"@type\":\"ListItem\",\"position\":1,\"name\":\"Portada\",\"item\":\"https:\/\/torredonjimenoactualidad.com\/\"},{\"@type\":\"ListItem\",\"position\":2,\"name\":\"La consejera de Salud invita a las mujeres de entre 50 y 69 a\u00f1os a participar en el cribado de c\u00e1ncer de mama\"}]},{\"@type\":\"WebSite\",\"@id\":\"https:\/\/torredonjimenoactualidad.com\/#website\",\"url\":\"https:\/\/torredonjimenoactualidad.com\/\",\"name\":\"Torredonjimeno Actualidad\",\"description\":\"\",\"publisher\":{\"@id\":\"https:\/\/torredonjimenoactualidad.com\/#organization\"},\"potentialAction\":[{\"@type\":\"SearchAction\",\"target\":{\"@type\":\"EntryPoint\",\"urlTemplate\":\"https:\/\/torredonjimenoactualidad.com\/?s={search_term_string}\"},\"query-input\":\"required name=search_term_string\"}],\"inLanguage\":\"es\"},{\"@type\":\"Organization\",\"@id\":\"https:\/\/torredonjimenoactualidad.com\/#organization\",\"name\":\"Torredonjimeno Actualidad\",\"url\":\"https:\/\/torredonjimenoactualidad.com\/\",\"logo\":{\"@type\":\"ImageObject\",\"inLanguage\":\"es\",\"@id\":\"https:\/\/torredonjimenoactualidad.com\/#\/schema\/logo\/image\/\",\"url\":\"https:\/\/torredonjimenoactualidad.com\/wp-content\/uploads\/2023\/02\/logo-torredonjimeno-544x180-1.png\",\"contentUrl\":\"https:\/\/torredonjimenoactualidad.com\/wp-content\/uploads\/2023\/02\/logo-torredonjimeno-544x180-1.png\",\"width\":545,\"height\":112,\"caption\":\"Torredonjimeno Actualidad\"},\"image\":{\"@id\":\"https:\/\/torredonjimenoactualidad.com\/#\/schema\/logo\/image\/\"}},{\"@type\":\"Person\",\"@id\":\"https:\/\/torredonjimenoactualidad.com\/#\/schema\/person\/84de5f233e783ef2c75151a532b54977\",\"name\":\"Alba Mar\u00eda Torres\",\"image\":{\"@type\":\"ImageObject\",\"inLanguage\":\"es\",\"@id\":\"https:\/\/torredonjimenoactualidad.com\/#\/schema\/person\/image\/\",\"url\":\"https:\/\/secure.gravatar.com\/avatar\/f9371f188c71501b4475a9ba2a71595850ec72967f800a2ed8e3e2102859ed65?s=96&d=mm&r=g\",\"contentUrl\":\"https:\/\/secure.gravatar.com\/avatar\/f9371f188c71501b4475a9ba2a71595850ec72967f800a2ed8e3e2102859ed65?s=96&d=mm&r=g\",\"caption\":\"Alba Mar\u00eda Torres\"},\"url\":\"https:\/\/torredonjimenoactualidad.com\/index.php\/author\/alba-torres\/\"}]}<\/script>\n<!-- \/ Yoast SEO plugin. -->","yoast_head_json":{"title":"La consejera de Salud invita a las mujeres de entre 50 y 69 a\u00f1os a participar en el cribado de c\u00e1ncer de mama - Torredonjimeno Actualidad","robots":{"index":"index","follow":"follow","max-snippet":"max-snippet:-1","max-image-preview":"max-image-preview:large","max-video-preview":"max-video-preview:-1"},"canonical":"https:\/\/torredonjimenoactualidad.com\/index.php\/2023\/06\/08\/la-consejera-de-salud-invita-a-las-mujeres-de-entre-50-y-69-anos-a-participar-en-el-cribado-de-cancer-de-mama\/","og_locale":"es_ES","og_type":"article","og_title":"La consejera de Salud invita a las mujeres de entre 50 y 69 a\u00f1os a participar en el cribado de c\u00e1ncer de mama - Torredonjimeno Actualidad","og_description":"La consejera de Salud y Consumo de la Junta de Andaluc\u00eda, Catalina Garc\u00eda, ha invitado este jueves a las mujeres de entre 50 y 69 a\u00f1os a participar en el cribado de c\u00e1ncer de mama. As\u00ed lo ha indicado durante una visita a la Unidad Diagn\u00f3stica de Mama el Hospital San Juan de la Cruz &hellip; La consejera de Salud invita a las mujeres de entre 50 y 69 a\u00f1os a participar en el cribado de c\u00e1ncer de mama Leer m\u00e1s &raquo;","og_url":"https:\/\/torredonjimenoactualidad.com\/index.php\/2023\/06\/08\/la-consejera-de-salud-invita-a-las-mujeres-de-entre-50-y-69-anos-a-participar-en-el-cribado-de-cancer-de-mama\/","og_site_name":"Torredonjimeno Actualidad","article_published_time":"2023-06-08T15:28:23+00:00","article_modified_time":"2023-06-08T15:33:49+00:00","og_image":[{"width":1920,"height":1097,"url":"https:\/\/torredonjimenoactualidad.com\/wp-content\/uploads\/2023\/06\/fotonoticia_20230608134520_1920.jpg","type":"image\/jpeg"}],"author":"Alba Mar\u00eda Torres","twitter_card":"summary_large_image","twitter_misc":{"Escrito por":"Alba Mar\u00eda Torres","Tiempo de lectura":"3 minutos"},"schema":{"@context":"https:\/\/schema.org","@graph":[{"@type":"Article","@id":"https:\/\/torredonjimenoactualidad.com\/index.php\/2023\/06\/08\/la-consejera-de-salud-invita-a-las-mujeres-de-entre-50-y-69-anos-a-participar-en-el-cribado-de-cancer-de-mama\/#article","isPartOf":{"@id":"https:\/\/torredonjimenoactualidad.com\/index.php\/2023\/06\/08\/la-consejera-de-salud-invita-a-las-mujeres-de-entre-50-y-69-anos-a-participar-en-el-cribado-de-cancer-de-mama\/"},"author":{"name":"Alba Mar\u00eda Torres","@id":"https:\/\/torredonjimenoactualidad.com\/#\/schema\/person\/84de5f233e783ef2c75151a532b54977"},"headline":"La consejera de Salud invita a las mujeres de entre 50 y 69 a\u00f1os a participar en el cribado de c\u00e1ncer de mama","datePublished":"2023-06-08T15:28:23+00:00","dateModified":"2023-06-08T15:33:49+00:00","mainEntityOfPage":{"@id":"https:\/\/torredonjimenoactualidad.com\/index.php\/2023\/06\/08\/la-consejera-de-salud-invita-a-las-mujeres-de-entre-50-y-69-anos-a-participar-en-el-cribado-de-cancer-de-mama\/"},"wordCount":572,"publisher":{"@id":"https:\/\/torredonjimenoactualidad.com\/#organization"},"articleSection":["provincia"],"inLanguage":"es"},{"@type":"WebPage","@id":"https:\/\/torredonjimenoactualidad.com\/index.php\/2023\/06\/08\/la-consejera-de-salud-invita-a-las-mujeres-de-entre-50-y-69-anos-a-participar-en-el-cribado-de-cancer-de-mama\/","url":"https:\/\/torredonjimenoactualidad.com\/index.php\/2023\/06\/08\/la-consejera-de-salud-invita-a-las-mujeres-de-entre-50-y-69-anos-a-participar-en-el-cribado-de-cancer-de-mama\/","name":"La consejera de Salud invita a las mujeres de entre 50 y 69 a\u00f1os a participar en el cribado de c\u00e1ncer de mama - Torredonjimeno Actualidad","isPartOf":{"@id":"https:\/\/torredonjimenoactualidad.com\/#website"},"datePublished":"2023-06-08T15:28:23+00:00","dateModified":"2023-06-08T15:33:49+00:00","breadcrumb":{"@id":"https:\/\/torredonjimenoactualidad.com\/index.php\/2023\/06\/08\/la-consejera-de-salud-invita-a-las-mujeres-de-entre-50-y-69-anos-a-participar-en-el-cribado-de-cancer-de-mama\/#breadcrumb"},"inLanguage":"es","potentialAction":[{"@type":"ReadAction","target":["https:\/\/torredonjimenoactualidad.com\/index.php\/2023\/06\/08\/la-consejera-de-salud-invita-a-las-mujeres-de-entre-50-y-69-anos-a-participar-en-el-cribado-de-cancer-de-mama\/"]}]},{"@type":"BreadcrumbList","@id":"https:\/\/torredonjimenoactualidad.com\/index.php\/2023\/06\/08\/la-consejera-de-salud-invita-a-las-mujeres-de-entre-50-y-69-anos-a-participar-en-el-cribado-de-cancer-de-mama\/#breadcrumb","itemListElement":[{"@type":"ListItem","position":1,"name":"Portada","item":"https:\/\/torredonjimenoactualidad.com\/"},{"@type":"ListItem","position":2,"name":"La consejera de Salud invita a las mujeres de entre 50 y 69 a\u00f1os a participar en el cribado de c\u00e1ncer de mama"}]},{"@type":"WebSite","@id":"https:\/\/torredonjimenoactualidad.com\/#website","url":"https:\/\/torredonjimenoactualidad.com\/","name":"Torredonjimeno Actualidad","description":"","publisher":{"@id":"https:\/\/torredonjimenoactualidad.com\/#organization"},"potentialAction":[{"@type":"SearchAction","target":{"@type":"EntryPoint","urlTemplate":"https:\/\/torredonjimenoactualidad.com\/?s={search_term_string}"},"query-input":"required name=search_term_string"}],"inLanguage":"es"},{"@type":"Organization","@id":"https:\/\/torredonjimenoactualidad.com\/#organization","name":"Torredonjimeno Actualidad","url":"https:\/\/torredonjimenoactualidad.com\/","logo":{"@type":"ImageObject","inLanguage":"es","@id":"https:\/\/torredonjimenoactualidad.com\/#\/schema\/logo\/image\/","url":"https:\/\/torredonjimenoactualidad.com\/wp-content\/uploads\/2023\/02\/logo-torredonjimeno-544x180-1.png","contentUrl":"https:\/\/torredonjimenoactualidad.com\/wp-content\/uploads\/2023\/02\/logo-torredonjimeno-544x180-1.png","width":545,"height":112,"caption":"Torredonjimeno Actualidad"},"image":{"@id":"https:\/\/torredonjimenoactualidad.com\/#\/schema\/logo\/image\/"}},{"@type":"Person","@id":"https:\/\/torredonjimenoactualidad.com\/#\/schema\/person\/84de5f233e783ef2c75151a532b54977","name":"Alba Mar\u00eda Torres","image":{"@type":"ImageObject","inLanguage":"es","@id":"https:\/\/torredonjimenoactualidad.com\/#\/schema\/person\/image\/","url":"https:\/\/secure.gravatar.com\/avatar\/f9371f188c71501b4475a9ba2a71595850ec72967f800a2ed8e3e2102859ed65?s=96&d=mm&r=g","contentUrl":"https:\/\/secure.gravatar.com\/avatar\/f9371f188c71501b4475a9ba2a71595850ec72967f800a2ed8e3e2102859ed65?s=96&d=mm&r=g","caption":"Alba Mar\u00eda Torres"},"url":"https:\/\/torredonjimenoactualidad.com\/index.php\/author\/alba-torres\/"}]}},"_links":{"self":[{"href":"https:\/\/torredonjimenoactualidad.com\/index.php\/wp-json\/wp\/v2\/posts\/749","targetHints":{"allow":["GET"]}}],"collection":[{"href":"https:\/\/torredonjimenoactualidad.com\/index.php\/wp-json\/wp\/v2\/posts"}],"about":[{"href":"https:\/\/torredonjimenoactualidad.com\/index.php\/wp-json\/wp\/v2\/types\/post"}],"author":[{"embeddable":true,"href":"https:\/\/torredonjimenoactualidad.com\/index.php\/wp-json\/wp\/v2\/users\/2"}],"replies":[{"embeddable":true,"href":"https:\/\/torredonjimenoactualidad.com\/index.php\/wp-json\/wp\/v2\/comments?post=749"}],"version-history":[{"count":3,"href":"https:\/\/torredonjimenoactualidad.com\/index.php\/wp-json\/wp\/v2\/posts\/749\/revisions"}],"predecessor-version":[{"id":753,"href":"https:\/\/torredonjimenoactualidad.com\/index.php\/wp-json\/wp\/v2\/posts\/749\/revisions\/753"}],"wp:featuredmedia":[{"embeddable":true,"href":"https:\/\/torredonjimenoactualidad.com\/index.php\/wp-json\/wp\/v2\/media\/750"}],"wp:attachment":[{"href":"https:\/\/torredonjimenoactualidad.com\/index.php\/wp-json\/wp\/v2\/media?parent=749"}],"wp:term":[{"taxonomy":"category","embeddable":true,"href":"https:\/\/torredonjimenoactualidad.com\/index.php\/wp-json\/wp\/v2\/categories?post=749"},{"taxonomy":"post_tag","embeddable":true,"href":"https:\/\/torredonjimenoactualidad.com\/index.php\/wp-json\/wp\/v2\/tags?post=749"}],"curies":[{"name":"wp","href":"https:\/\/api.w.org\/{rel}","templated":true}]}}