{"id":746,"date":"2023-06-07T16:04:50","date_gmt":"2023-06-07T16:04:50","guid":{"rendered":"https:\/\/torredonjimenoactualidad.com\/?p=746"},"modified":"2023-06-07T16:04:54","modified_gmt":"2023-06-07T16:04:54","slug":"un-total-de-3-527-estudiantes-se-han-matriculado-para-realizar-la-pevau-en-la-provincia","status":"publish","type":"post","link":"https:\/\/torredonjimenoactualidad.com\/index.php\/2023\/06\/07\/un-total-de-3-527-estudiantes-se-han-matriculado-para-realizar-la-pevau-en-la-provincia\/","title":{"rendered":"Un total de 3.527 estudiantes se han matriculado para realizar la PEvAU en la provincia"},"content":{"rendered":"\n<p>Un total de 3.527 estudiantes se han matriculado en las Pruebas de Evaluaci\u00f3n para el Acceso y Admisi\u00f3n a la Universidad (PEvAU) en la provincia de Ja\u00e9n, que se celebrar\u00e1n los d\u00edas 13, 14 y 15 de junio en ocho sedes habilitadas por la Universidad de Ja\u00e9n (UJA) en las localidades de Ja\u00e9n, \u00dabeda, Linares y Alcal\u00e1 la Real. Del total, 3.064 estudiantes realizar\u00e1n la fase de acceso.<\/p>\n\n\n\n<p>En Ja\u00e9n capital, se examinar\u00e1n 1.644 estudiantes en la fase de acceso y lo har\u00e1n repartidos en las tres sedes habilitadas en el Aulario Flores de Lemus (B4) del Campus Las Lagunillas; en \u00dabeda, 570 estudiantes en la fase de acceso en las dos sedes establecidas en la SAFA; en Linares, 697 estudiantes en la fase de acceso en las dos sedes ubicadas en el Campus Cient\u00edfico-Tecnol\u00f3gico; en Alcal\u00e1 la Real, se examinar\u00e1n 153 estudiantes en la fase de acceso en la sede ubicada en el IES Alfonso XI.<\/p>\n\n\n\n<p>As\u00ed, de los 3.527 estudiantes matriculados en las pruebas, 463 se presentar\u00e1n solo a la fase de admisi\u00f3n, que tendr\u00e1 lugar los d\u00edas 14 y 15 de junio. Son estudiantes que ya ten\u00edan superada la fase de acceso en cursos anteriores y desean subir nota, o bien estudiantes de ciclos formativos de Grado Superior que no tienen que presentarse a la fase de acceso.<\/p>\n\n\n\n<p>La matriculaci\u00f3n ha estado abierta desde el pasado 22 de mayo hasta el 5 de junio, realiz\u00e1ndose todos los procesos de forma telem\u00e1tica. Asimismo, todos los centros de Educaci\u00f3n Secundaria y ciclos formativos de Grado Superior (CFGS) conocen la asignaci\u00f3n de sus centros en las localidades donde se distribuyen las ocho sedes establecidas.<\/p>\n\n\n\n<p>Asimismo, para este a\u00f1o, la Universidad de Ja\u00e9n mantiene la aplicaci\u00f3n que facilita al alumnado la consulta de aula para la realizaci\u00f3n de cada uno de sus ex\u00e1menes. Por otro lado, el profesorado podr\u00e1 realizar el control de asistencia a trav\u00e9s de Universidad Digital, evitando la impresi\u00f3n de listados en papel.<\/p>\n\n\n\n<p>El tribunal \u00fanico que se encargar\u00e1 del desarrollo y evaluaci\u00f3n de las pruebas estar\u00e1 formado por cerca de 250 personas, entre profesorado universitario y de Bachillerato que se encargar\u00e1 de las labores de vigilancia y correcci\u00f3n de ex\u00e1menes, vocales de centro, miembros de la comisi\u00f3n coordinadora universitaria y Personal de Administraci\u00f3n y Servicios de la UJA.<\/p>\n\n\n\n<p>Aunque el primer examen comenzar\u00e1 el martes 13 de junio a las 8,30 horas, todos los estudiantes deber\u00e1n estar sentados en sus puestos media hora antes, a las 8,00 horas. Al igual que el pasado a\u00f1o, desde la UJA se recomienda la asistencia a la sede correspondiente con antelaci\u00f3n. Para facilitar el acceso escalonado, todos los edificios estar\u00e1n abiertos desde las 7,30 horas.<\/p>\n\n\n\n<p>Respecto a las materias, en la Fase de Acceso, de car\u00e1cter obligatorio si se accede desde Bachillerato, el estudiantado tiene que realizar cuatro ex\u00e1menes: Lengua Castellana y Literatura II, Lengua Extranjera &#8211;Ingl\u00e9s, Franc\u00e9s, Alem\u00e1n, Italiano o Portugu\u00e9s&#8211; e Historia de Espa\u00f1a, y un cuarto examen de una materia troncal general de modalidad.<\/p>\n\n\n\n<p>Estos ex\u00e1menes se realizar\u00e1n los d\u00edas 13 y 14 de junio. La m\u00e1xima calificaci\u00f3n que puede obtenerse en la fase de acceso es de diez puntos, calculada como la media ponderada entre la calificaci\u00f3n de Bachillerato (60 por ciento) y la que se obtenga en la fase de acceso de la PEvAU (40 por ciento).<\/p>\n\n\n\n<p>En la fase de admisi\u00f3n, voluntaria, que se desarrollar\u00e1 los d\u00edas 14 y 15 de junio, los estudiantes podr\u00e1n examinarse de hasta un m\u00e1ximo de cuatro materias adicionales. La calificaci\u00f3n de la cuarta materia mencionada de la fase de acceso tambi\u00e9n se tiene en cuenta para la fase de Admisi\u00f3n, siempre que se obtenga al menos un cinco.<\/p>\n\n\n\n<p>Esta fase de admisi\u00f3n tiene como objetivo subir nota y pueden presentarse a ella tanto los estudiantes que realizan la fase de acceso en esta misma convocatoria, como otros estudiantes que ya tengan superada la fase de acceso en cursos anteriores, o bien estudiantes de ciclos formativos de Grado Superior que no tienen obligaci\u00f3n de presentarse a la fase de acceso.<\/p>\n\n\n\n<p>La nota final de la fase de admisi\u00f3n, que puede llegar a un m\u00e1ximo de 14 puntos y que puede ser diferente para cada titulaci\u00f3n solicitada, se obtiene sumando a la de la fase de acceso, las dos calificaciones (con al menos un cinco) de la fase de admisi\u00f3n m\u00e1s ventajosas para cada titulaci\u00f3n, tras multiplicarlas por los correspondientes coeficientes de ponderaci\u00f3n (de 0 a 0,2) y que dependen de los estudios que se deseen cursar y que est\u00e1n publicados con antelaci\u00f3n para cada universidad. En el caso de las Universidades P\u00fablicas Andaluzas, pueden consultarse en la p\u00e1gina web de Distrito \u00danico Andaluz.<\/p>\n\n\n\n<p>Desde el Vicerrectorado de Estudiantes de la UJA se ha indicado que los modelos de ex\u00e1menes seguir\u00e1n los mismos criterios de opciones que el curso pasado cuando se incrementaron con motivo de la pandemia.<\/p>\n\n\n\n<p>Las calificaciones de la fase ordinaria se dar\u00e1n a conocer el 22 de junio, d\u00eda en el que se abrir\u00e1 el plazo de preinscripci\u00f3n para solicitar cursar un Grado en las universidades p\u00fablicas de Andaluc\u00eda, que permanecer\u00e1 abierto hasta el 30 de junio. Por otro lado, la fase extraordinaria se llevar\u00e1 a cabo los d\u00edas 11, 12 y 13 de julio, y las calificaciones se publicar\u00e1n el 19 de julio, abri\u00e9ndose un nuevo plazo de preinscripci\u00f3n del 19 al 21 de julio.<\/p>\n","protected":false},"excerpt":{"rendered":"<p>Ex\u00e1menes de la PEvAU en la UJA.<\/p>\n","protected":false},"author":2,"featured_media":747,"comment_status":"closed","ping_status":"open","sticky":false,"template":"","format":"standard","meta":{"site-sidebar-layout":"default","site-content-layout":"default","ast-global-header-display":"","ast-main-header-display":"","ast-hfb-above-header-display":"","ast-hfb-below-header-display":"","ast-hfb-mobile-header-display":"","site-post-title":"","ast-breadcrumbs-content":"","ast-featured-img":"","footer-sml-layout":"","theme-transparent-header-meta":"","adv-header-id-meta":"","stick-header-meta":"","header-above-stick-meta":"","header-main-stick-meta":"","header-below-stick-meta":"","footnotes":""},"categories":[8],"tags":[],"class_list":["post-746","post","type-post","status-publish","format-standard","has-post-thumbnail","hentry","category-provincia"],"yoast_head":"<!-- This site is optimized with the Yoast SEO plugin v20.8 - https:\/\/yoast.com\/wordpress\/plugins\/seo\/ -->\n<title>Un total de 3.527 estudiantes se han matriculado para realizar la PEvAU en la provincia - Torredonjimeno Actualidad<\/title>\n<meta name=\"robots\" content=\"index, follow, max-snippet:-1, max-image-preview:large, max-video-preview:-1\" \/>\n<link rel=\"canonical\" href=\"https:\/\/torredonjimenoactualidad.com\/index.php\/2023\/06\/07\/un-total-de-3-527-estudiantes-se-han-matriculado-para-realizar-la-pevau-en-la-provincia\/\" \/>\n<meta property=\"og:locale\" content=\"es_ES\" \/>\n<meta property=\"og:type\" content=\"article\" \/>\n<meta property=\"og:title\" content=\"Un total de 3.527 estudiantes se han matriculado para realizar la PEvAU en la provincia - Torredonjimeno Actualidad\" \/>\n<meta property=\"og:description\" content=\"Ex\u00e1menes de la PEvAU en la UJA.\" \/>\n<meta property=\"og:url\" content=\"https:\/\/torredonjimenoactualidad.com\/index.php\/2023\/06\/07\/un-total-de-3-527-estudiantes-se-han-matriculado-para-realizar-la-pevau-en-la-provincia\/\" \/>\n<meta property=\"og:site_name\" content=\"Torredonjimeno Actualidad\" \/>\n<meta property=\"article:published_time\" content=\"2023-06-07T16:04:50+00:00\" \/>\n<meta property=\"article:modified_time\" content=\"2023-06-07T16:04:54+00:00\" \/>\n<meta property=\"og:image\" content=\"https:\/\/torredonjimenoactualidad.com\/wp-content\/uploads\/2023\/06\/fotonoticia_20230607165853_1920.jpg\" \/>\n\t<meta property=\"og:image:width\" content=\"1920\" \/>\n\t<meta property=\"og:image:height\" content=\"1202\" \/>\n\t<meta property=\"og:image:type\" content=\"image\/jpeg\" \/>\n<meta name=\"author\" content=\"Alba Mar\u00eda Torres\" \/>\n<meta name=\"twitter:card\" content=\"summary_large_image\" \/>\n<meta name=\"twitter:label1\" content=\"Escrito por\" \/>\n\t<meta name=\"twitter:data1\" content=\"Alba Mar\u00eda Torres\" \/>\n\t<meta name=\"twitter:label2\" content=\"Tiempo de lectura\" \/>\n\t<meta name=\"twitter:data2\" content=\"5 minutos\" \/>\n<script type=\"application\/ld+json\" class=\"yoast-schema-graph\">{\"@context\":\"https:\/\/schema.org\",\"@graph\":[{\"@type\":\"Article\",\"@id\":\"https:\/\/torredonjimenoactualidad.com\/index.php\/2023\/06\/07\/un-total-de-3-527-estudiantes-se-han-matriculado-para-realizar-la-pevau-en-la-provincia\/#article\",\"isPartOf\":{\"@id\":\"https:\/\/torredonjimenoactualidad.com\/index.php\/2023\/06\/07\/un-total-de-3-527-estudiantes-se-han-matriculado-para-realizar-la-pevau-en-la-provincia\/\"},\"author\":{\"name\":\"Alba Mar\u00eda Torres\",\"@id\":\"https:\/\/torredonjimenoactualidad.com\/#\/schema\/person\/84de5f233e783ef2c75151a532b54977\"},\"headline\":\"Un total de 3.527 estudiantes se han matriculado para realizar la PEvAU en la provincia\",\"datePublished\":\"2023-06-07T16:04:50+00:00\",\"dateModified\":\"2023-06-07T16:04:54+00:00\",\"mainEntityOfPage\":{\"@id\":\"https:\/\/torredonjimenoactualidad.com\/index.php\/2023\/06\/07\/un-total-de-3-527-estudiantes-se-han-matriculado-para-realizar-la-pevau-en-la-provincia\/\"},\"wordCount\":949,\"publisher\":{\"@id\":\"https:\/\/torredonjimenoactualidad.com\/#organization\"},\"articleSection\":[\"provincia\"],\"inLanguage\":\"es\"},{\"@type\":\"WebPage\",\"@id\":\"https:\/\/torredonjimenoactualidad.com\/index.php\/2023\/06\/07\/un-total-de-3-527-estudiantes-se-han-matriculado-para-realizar-la-pevau-en-la-provincia\/\",\"url\":\"https:\/\/torredonjimenoactualidad.com\/index.php\/2023\/06\/07\/un-total-de-3-527-estudiantes-se-han-matriculado-para-realizar-la-pevau-en-la-provincia\/\",\"name\":\"Un total de 3.527 estudiantes se han matriculado para realizar la PEvAU en la provincia - Torredonjimeno Actualidad\",\"isPartOf\":{\"@id\":\"https:\/\/torredonjimenoactualidad.com\/#website\"},\"datePublished\":\"2023-06-07T16:04:50+00:00\",\"dateModified\":\"2023-06-07T16:04:54+00:00\",\"breadcrumb\":{\"@id\":\"https:\/\/torredonjimenoactualidad.com\/index.php\/2023\/06\/07\/un-total-de-3-527-estudiantes-se-han-matriculado-para-realizar-la-pevau-en-la-provincia\/#breadcrumb\"},\"inLanguage\":\"es\",\"potentialAction\":[{\"@type\":\"ReadAction\",\"target\":[\"https:\/\/torredonjimenoactualidad.com\/index.php\/2023\/06\/07\/un-total-de-3-527-estudiantes-se-han-matriculado-para-realizar-la-pevau-en-la-provincia\/\"]}]},{\"@type\":\"BreadcrumbList\",\"@id\":\"https:\/\/torredonjimenoactualidad.com\/index.php\/2023\/06\/07\/un-total-de-3-527-estudiantes-se-han-matriculado-para-realizar-la-pevau-en-la-provincia\/#breadcrumb\",\"itemListElement\":[{\"@type\":\"ListItem\",\"position\":1,\"name\":\"Portada\",\"item\":\"https:\/\/torredonjimenoactualidad.com\/\"},{\"@type\":\"ListItem\",\"position\":2,\"name\":\"Un total de 3.527 estudiantes se han matriculado para realizar la PEvAU en la provincia\"}]},{\"@type\":\"WebSite\",\"@id\":\"https:\/\/torredonjimenoactualidad.com\/#website\",\"url\":\"https:\/\/torredonjimenoactualidad.com\/\",\"name\":\"Torredonjimeno Actualidad\",\"description\":\"\",\"publisher\":{\"@id\":\"https:\/\/torredonjimenoactualidad.com\/#organization\"},\"potentialAction\":[{\"@type\":\"SearchAction\",\"target\":{\"@type\":\"EntryPoint\",\"urlTemplate\":\"https:\/\/torredonjimenoactualidad.com\/?s={search_term_string}\"},\"query-input\":\"required name=search_term_string\"}],\"inLanguage\":\"es\"},{\"@type\":\"Organization\",\"@id\":\"https:\/\/torredonjimenoactualidad.com\/#organization\",\"name\":\"Torredonjimeno Actualidad\",\"url\":\"https:\/\/torredonjimenoactualidad.com\/\",\"logo\":{\"@type\":\"ImageObject\",\"inLanguage\":\"es\",\"@id\":\"https:\/\/torredonjimenoactualidad.com\/#\/schema\/logo\/image\/\",\"url\":\"https:\/\/torredonjimenoactualidad.com\/wp-content\/uploads\/2023\/02\/logo-torredonjimeno-544x180-1.png\",\"contentUrl\":\"https:\/\/torredonjimenoactualidad.com\/wp-content\/uploads\/2023\/02\/logo-torredonjimeno-544x180-1.png\",\"width\":545,\"height\":112,\"caption\":\"Torredonjimeno Actualidad\"},\"image\":{\"@id\":\"https:\/\/torredonjimenoactualidad.com\/#\/schema\/logo\/image\/\"}},{\"@type\":\"Person\",\"@id\":\"https:\/\/torredonjimenoactualidad.com\/#\/schema\/person\/84de5f233e783ef2c75151a532b54977\",\"name\":\"Alba Mar\u00eda Torres\",\"image\":{\"@type\":\"ImageObject\",\"inLanguage\":\"es\",\"@id\":\"https:\/\/torredonjimenoactualidad.com\/#\/schema\/person\/image\/\",\"url\":\"https:\/\/secure.gravatar.com\/avatar\/f9371f188c71501b4475a9ba2a71595850ec72967f800a2ed8e3e2102859ed65?s=96&d=mm&r=g\",\"contentUrl\":\"https:\/\/secure.gravatar.com\/avatar\/f9371f188c71501b4475a9ba2a71595850ec72967f800a2ed8e3e2102859ed65?s=96&d=mm&r=g\",\"caption\":\"Alba Mar\u00eda Torres\"},\"url\":\"https:\/\/torredonjimenoactualidad.com\/index.php\/author\/alba-torres\/\"}]}<\/script>\n<!-- \/ Yoast SEO plugin. -->","yoast_head_json":{"title":"Un total de 3.527 estudiantes se han matriculado para realizar la PEvAU en la provincia - Torredonjimeno Actualidad","robots":{"index":"index","follow":"follow","max-snippet":"max-snippet:-1","max-image-preview":"max-image-preview:large","max-video-preview":"max-video-preview:-1"},"canonical":"https:\/\/torredonjimenoactualidad.com\/index.php\/2023\/06\/07\/un-total-de-3-527-estudiantes-se-han-matriculado-para-realizar-la-pevau-en-la-provincia\/","og_locale":"es_ES","og_type":"article","og_title":"Un total de 3.527 estudiantes se han matriculado para realizar la PEvAU en la provincia - Torredonjimeno Actualidad","og_description":"Ex\u00e1menes de la PEvAU en la UJA.","og_url":"https:\/\/torredonjimenoactualidad.com\/index.php\/2023\/06\/07\/un-total-de-3-527-estudiantes-se-han-matriculado-para-realizar-la-pevau-en-la-provincia\/","og_site_name":"Torredonjimeno Actualidad","article_published_time":"2023-06-07T16:04:50+00:00","article_modified_time":"2023-06-07T16:04:54+00:00","og_image":[{"width":1920,"height":1202,"url":"https:\/\/torredonjimenoactualidad.com\/wp-content\/uploads\/2023\/06\/fotonoticia_20230607165853_1920.jpg","type":"image\/jpeg"}],"author":"Alba Mar\u00eda Torres","twitter_card":"summary_large_image","twitter_misc":{"Escrito por":"Alba Mar\u00eda Torres","Tiempo de lectura":"5 minutos"},"schema":{"@context":"https:\/\/schema.org","@graph":[{"@type":"Article","@id":"https:\/\/torredonjimenoactualidad.com\/index.php\/2023\/06\/07\/un-total-de-3-527-estudiantes-se-han-matriculado-para-realizar-la-pevau-en-la-provincia\/#article","isPartOf":{"@id":"https:\/\/torredonjimenoactualidad.com\/index.php\/2023\/06\/07\/un-total-de-3-527-estudiantes-se-han-matriculado-para-realizar-la-pevau-en-la-provincia\/"},"author":{"name":"Alba Mar\u00eda Torres","@id":"https:\/\/torredonjimenoactualidad.com\/#\/schema\/person\/84de5f233e783ef2c75151a532b54977"},"headline":"Un total de 3.527 estudiantes se han matriculado para realizar la PEvAU en la provincia","datePublished":"2023-06-07T16:04:50+00:00","dateModified":"2023-06-07T16:04:54+00:00","mainEntityOfPage":{"@id":"https:\/\/torredonjimenoactualidad.com\/index.php\/2023\/06\/07\/un-total-de-3-527-estudiantes-se-han-matriculado-para-realizar-la-pevau-en-la-provincia\/"},"wordCount":949,"publisher":{"@id":"https:\/\/torredonjimenoactualidad.com\/#organization"},"articleSection":["provincia"],"inLanguage":"es"},{"@type":"WebPage","@id":"https:\/\/torredonjimenoactualidad.com\/index.php\/2023\/06\/07\/un-total-de-3-527-estudiantes-se-han-matriculado-para-realizar-la-pevau-en-la-provincia\/","url":"https:\/\/torredonjimenoactualidad.com\/index.php\/2023\/06\/07\/un-total-de-3-527-estudiantes-se-han-matriculado-para-realizar-la-pevau-en-la-provincia\/","name":"Un total de 3.527 estudiantes se han matriculado para realizar la PEvAU en la provincia - Torredonjimeno Actualidad","isPartOf":{"@id":"https:\/\/torredonjimenoactualidad.com\/#website"},"datePublished":"2023-06-07T16:04:50+00:00","dateModified":"2023-06-07T16:04:54+00:00","breadcrumb":{"@id":"https:\/\/torredonjimenoactualidad.com\/index.php\/2023\/06\/07\/un-total-de-3-527-estudiantes-se-han-matriculado-para-realizar-la-pevau-en-la-provincia\/#breadcrumb"},"inLanguage":"es","potentialAction":[{"@type":"ReadAction","target":["https:\/\/torredonjimenoactualidad.com\/index.php\/2023\/06\/07\/un-total-de-3-527-estudiantes-se-han-matriculado-para-realizar-la-pevau-en-la-provincia\/"]}]},{"@type":"BreadcrumbList","@id":"https:\/\/torredonjimenoactualidad.com\/index.php\/2023\/06\/07\/un-total-de-3-527-estudiantes-se-han-matriculado-para-realizar-la-pevau-en-la-provincia\/#breadcrumb","itemListElement":[{"@type":"ListItem","position":1,"name":"Portada","item":"https:\/\/torredonjimenoactualidad.com\/"},{"@type":"ListItem","position":2,"name":"Un total de 3.527 estudiantes se han matriculado para realizar la PEvAU en la provincia"}]},{"@type":"WebSite","@id":"https:\/\/torredonjimenoactualidad.com\/#website","url":"https:\/\/torredonjimenoactualidad.com\/","name":"Torredonjimeno Actualidad","description":"","publisher":{"@id":"https:\/\/torredonjimenoactualidad.com\/#organization"},"potentialAction":[{"@type":"SearchAction","target":{"@type":"EntryPoint","urlTemplate":"https:\/\/torredonjimenoactualidad.com\/?s={search_term_string}"},"query-input":"required name=search_term_string"}],"inLanguage":"es"},{"@type":"Organization","@id":"https:\/\/torredonjimenoactualidad.com\/#organization","name":"Torredonjimeno Actualidad","url":"https:\/\/torredonjimenoactualidad.com\/","logo":{"@type":"ImageObject","inLanguage":"es","@id":"https:\/\/torredonjimenoactualidad.com\/#\/schema\/logo\/image\/","url":"https:\/\/torredonjimenoactualidad.com\/wp-content\/uploads\/2023\/02\/logo-torredonjimeno-544x180-1.png","contentUrl":"https:\/\/torredonjimenoactualidad.com\/wp-content\/uploads\/2023\/02\/logo-torredonjimeno-544x180-1.png","width":545,"height":112,"caption":"Torredonjimeno Actualidad"},"image":{"@id":"https:\/\/torredonjimenoactualidad.com\/#\/schema\/logo\/image\/"}},{"@type":"Person","@id":"https:\/\/torredonjimenoactualidad.com\/#\/schema\/person\/84de5f233e783ef2c75151a532b54977","name":"Alba Mar\u00eda Torres","image":{"@type":"ImageObject","inLanguage":"es","@id":"https:\/\/torredonjimenoactualidad.com\/#\/schema\/person\/image\/","url":"https:\/\/secure.gravatar.com\/avatar\/f9371f188c71501b4475a9ba2a71595850ec72967f800a2ed8e3e2102859ed65?s=96&d=mm&r=g","contentUrl":"https:\/\/secure.gravatar.com\/avatar\/f9371f188c71501b4475a9ba2a71595850ec72967f800a2ed8e3e2102859ed65?s=96&d=mm&r=g","caption":"Alba Mar\u00eda Torres"},"url":"https:\/\/torredonjimenoactualidad.com\/index.php\/author\/alba-torres\/"}]}},"_links":{"self":[{"href":"https:\/\/torredonjimenoactualidad.com\/index.php\/wp-json\/wp\/v2\/posts\/746","targetHints":{"allow":["GET"]}}],"collection":[{"href":"https:\/\/torredonjimenoactualidad.com\/index.php\/wp-json\/wp\/v2\/posts"}],"about":[{"href":"https:\/\/torredonjimenoactualidad.com\/index.php\/wp-json\/wp\/v2\/types\/post"}],"author":[{"embeddable":true,"href":"https:\/\/torredonjimenoactualidad.com\/index.php\/wp-json\/wp\/v2\/users\/2"}],"replies":[{"embeddable":true,"href":"https:\/\/torredonjimenoactualidad.com\/index.php\/wp-json\/wp\/v2\/comments?post=746"}],"version-history":[{"count":1,"href":"https:\/\/torredonjimenoactualidad.com\/index.php\/wp-json\/wp\/v2\/posts\/746\/revisions"}],"predecessor-version":[{"id":748,"href":"https:\/\/torredonjimenoactualidad.com\/index.php\/wp-json\/wp\/v2\/posts\/746\/revisions\/748"}],"wp:featuredmedia":[{"embeddable":true,"href":"https:\/\/torredonjimenoactualidad.com\/index.php\/wp-json\/wp\/v2\/media\/747"}],"wp:attachment":[{"href":"https:\/\/torredonjimenoactualidad.com\/index.php\/wp-json\/wp\/v2\/media?parent=746"}],"wp:term":[{"taxonomy":"category","embeddable":true,"href":"https:\/\/torredonjimenoactualidad.com\/index.php\/wp-json\/wp\/v2\/categories?post=746"},{"taxonomy":"post_tag","embeddable":true,"href":"https:\/\/torredonjimenoactualidad.com\/index.php\/wp-json\/wp\/v2\/tags?post=746"}],"curies":[{"name":"wp","href":"https:\/\/api.w.org\/{rel}","templated":true}]}}