{"id":739,"date":"2023-06-05T14:31:08","date_gmt":"2023-06-05T14:31:08","guid":{"rendered":"https:\/\/torredonjimenoactualidad.com\/?p=739"},"modified":"2023-06-05T14:32:19","modified_gmt":"2023-06-05T14:32:19","slug":"la-guardia-civil-tendra-presencia-permanente-durante-el-corpus-christi-de-villardompardo","status":"publish","type":"post","link":"https:\/\/torredonjimenoactualidad.com\/index.php\/2023\/06\/05\/la-guardia-civil-tendra-presencia-permanente-durante-el-corpus-christi-de-villardompardo\/","title":{"rendered":"La Guardia Civil tendr\u00e1 presencia permanente durante el Corpus Christi de Villardompardo"},"content":{"rendered":"\n<p>La Guardia Civil tendr\u00e1 presencia permanente durante la celebraci\u00f3n del Corpus Christi en Villardompardo, especialmente en aquellos lugares donde se celebran los actos centrales y donde, por tanto, se espera una mayor aglomeraci\u00f3n de personas.<\/p>\n\n\n\n<p>As\u00ed lo ha indicado la subdelegada del Gobierno de Espa\u00f1a, Catalina Madue\u00f1o, quien, junto al unto alcalde en funciones del municipio, Francisco L\u00f3pez, ha presidido este lunes la Junta Local de Seguridad con motivo de esta fiestas, que se desarrollar\u00e1n el pr\u00f3ximo 11 de junio.<\/p>\n\n\n\n<p>En esta reuni\u00f3n se ha analizado los distintos escenarios que pueden producirse durante la festividad, as\u00ed como las medidas que van a adoptar las Fuerzas y Cuerpos de Seguridad del Estado. Al respecto, Madue\u00f1o ha especificado que habr\u00e1 un dispositivo especial en los d\u00edas previos a la celebraci\u00f3n del Corpus, concretamente el viernes y el s\u00e1bado.<\/p>\n\n\n\n<p>\u00abLa Guardia Civil ha elaborado un plan, en coordinaci\u00f3n con la Polic\u00eda Local, con la cobertura de agentes necesaria para que la festividad del Corpus Christi se desarrolle con total normalidad. Es un ambiente festivo de vecindad, por lo que la prioridad es que esos d\u00edas la tradici\u00f3n siga siendo ejemplo de convivencia y cordialidad, sin que la diversi\u00f3n sea sin\u00f3nimo de alteraci\u00f3n del orden p\u00fablico\u00bb, ha afirmado.<\/p>\n\n\n\n<p>La subdelegada ha indicado que \u00abse trata de una festividad muy familiar y tranquila porque tiene como p\u00fablico principal a los vecinos y vecinas\u00bb de Villardompardo. No obstante, seg\u00fan ha a\u00f1adido, \u00absiempre es necesario establecer este tipo de despliegues para garantizar el orden p\u00fablico y dar una respuesta r\u00e1pida y eficiente en el caso de que se produjera cualquier incidente\u00bb.<\/p>\n\n\n\n<p>Al hilo, ha hecho un llamamiento a la colaboraci\u00f3n ciudadana para que la fiesta discurra con la m\u00e1xima normalidad posible: \u00abEs fundamental el comportamiento c\u00edvico y colaborar en todo momento con las Fuerzas y Cuerpos de Seguridad, para que la festividad se desarrolle con normalidad\u00bb, ha se\u00f1alado.<\/p>\n\n\n\n<p>En Villardompardo, los actos ceremoniales se concentran en la ma\u00f1ana del domingo, 11 de junio. Las calles y las plazas del municipio se engalanan para la ocasi\u00f3n, gracias a la colaboraci\u00f3n vecinal, con el fin de albergar bendiciones, alabanzas, desfiles procesionales y actos lit\u00fargicos propios de la fiesta del Corpus.<\/p>\n","protected":false},"excerpt":{"rendered":"<p>La Guardia Civil tendr\u00e1 presencia permanente durante la celebraci\u00f3n del Corpus Christi en Villardompardo, especialmente en aquellos lugares donde se celebran los actos centrales y donde, por tanto, se espera una mayor aglomeraci\u00f3n de personas. As\u00ed lo ha indicado la subdelegada del Gobierno de Espa\u00f1a, Catalina Madue\u00f1o, quien, junto al unto alcalde en funciones del &hellip;<\/p>\n<p class=\"read-more\"> <a class=\"\" href=\"https:\/\/torredonjimenoactualidad.com\/index.php\/2023\/06\/05\/la-guardia-civil-tendra-presencia-permanente-durante-el-corpus-christi-de-villardompardo\/\"> <span class=\"screen-reader-text\">La Guardia Civil tendr\u00e1 presencia permanente durante el Corpus Christi de Villardompardo<\/span> Leer m\u00e1s &raquo;<\/a><\/p>\n","protected":false},"author":2,"featured_media":740,"comment_status":"open","ping_status":"open","sticky":false,"template":"","format":"standard","meta":{"site-sidebar-layout":"default","site-content-layout":"default","ast-global-header-display":"","ast-main-header-display":"","ast-hfb-above-header-display":"","ast-hfb-below-header-display":"","ast-hfb-mobile-header-display":"","site-post-title":"","ast-breadcrumbs-content":"","ast-featured-img":"","footer-sml-layout":"","theme-transparent-header-meta":"","adv-header-id-meta":"","stick-header-meta":"","header-above-stick-meta":"","header-main-stick-meta":"","header-below-stick-meta":"","footnotes":""},"categories":[8],"tags":[],"class_list":["post-739","post","type-post","status-publish","format-standard","has-post-thumbnail","hentry","category-provincia"],"yoast_head":"<!-- This site is optimized with the Yoast SEO plugin v20.8 - https:\/\/yoast.com\/wordpress\/plugins\/seo\/ -->\n<title>La Guardia Civil tendr\u00e1 presencia permanente durante el Corpus Christi de Villardompardo - Torredonjimeno Actualidad<\/title>\n<meta name=\"robots\" content=\"index, follow, max-snippet:-1, max-image-preview:large, max-video-preview:-1\" \/>\n<link rel=\"canonical\" href=\"https:\/\/torredonjimenoactualidad.com\/index.php\/2023\/06\/05\/la-guardia-civil-tendra-presencia-permanente-durante-el-corpus-christi-de-villardompardo\/\" \/>\n<meta property=\"og:locale\" content=\"es_ES\" \/>\n<meta property=\"og:type\" content=\"article\" \/>\n<meta property=\"og:title\" content=\"La Guardia Civil tendr\u00e1 presencia permanente durante el Corpus Christi de Villardompardo - Torredonjimeno Actualidad\" \/>\n<meta property=\"og:description\" content=\"La Guardia Civil tendr\u00e1 presencia permanente durante la celebraci\u00f3n del Corpus Christi en Villardompardo, especialmente en aquellos lugares donde se celebran los actos centrales y donde, por tanto, se espera una mayor aglomeraci\u00f3n de personas. As\u00ed lo ha indicado la subdelegada del Gobierno de Espa\u00f1a, Catalina Madue\u00f1o, quien, junto al unto alcalde en funciones del &hellip; La Guardia Civil tendr\u00e1 presencia permanente durante el Corpus Christi de Villardompardo Leer m\u00e1s &raquo;\" \/>\n<meta property=\"og:url\" content=\"https:\/\/torredonjimenoactualidad.com\/index.php\/2023\/06\/05\/la-guardia-civil-tendra-presencia-permanente-durante-el-corpus-christi-de-villardompardo\/\" \/>\n<meta property=\"og:site_name\" content=\"Torredonjimeno Actualidad\" \/>\n<meta property=\"article:published_time\" content=\"2023-06-05T14:31:08+00:00\" \/>\n<meta property=\"article:modified_time\" content=\"2023-06-05T14:32:19+00:00\" \/>\n<meta property=\"og:image\" content=\"https:\/\/torredonjimenoactualidad.com\/wp-content\/uploads\/2023\/06\/fotonoticia_20230605132343_1920.jpg\" \/>\n\t<meta property=\"og:image:width\" content=\"1755\" \/>\n\t<meta property=\"og:image:height\" content=\"1003\" \/>\n\t<meta property=\"og:image:type\" content=\"image\/jpeg\" \/>\n<meta name=\"author\" content=\"Alba Mar\u00eda Torres\" \/>\n<meta name=\"twitter:card\" content=\"summary_large_image\" \/>\n<meta name=\"twitter:label1\" content=\"Escrito por\" \/>\n\t<meta name=\"twitter:data1\" content=\"Alba Mar\u00eda Torres\" \/>\n\t<meta name=\"twitter:label2\" content=\"Tiempo de lectura\" \/>\n\t<meta name=\"twitter:data2\" content=\"2 minutos\" \/>\n<script type=\"application\/ld+json\" class=\"yoast-schema-graph\">{\"@context\":\"https:\/\/schema.org\",\"@graph\":[{\"@type\":\"Article\",\"@id\":\"https:\/\/torredonjimenoactualidad.com\/index.php\/2023\/06\/05\/la-guardia-civil-tendra-presencia-permanente-durante-el-corpus-christi-de-villardompardo\/#article\",\"isPartOf\":{\"@id\":\"https:\/\/torredonjimenoactualidad.com\/index.php\/2023\/06\/05\/la-guardia-civil-tendra-presencia-permanente-durante-el-corpus-christi-de-villardompardo\/\"},\"author\":{\"name\":\"Alba Mar\u00eda Torres\",\"@id\":\"https:\/\/torredonjimenoactualidad.com\/#\/schema\/person\/84de5f233e783ef2c75151a532b54977\"},\"headline\":\"La Guardia Civil tendr\u00e1 presencia permanente durante el Corpus Christi de Villardompardo\",\"datePublished\":\"2023-06-05T14:31:08+00:00\",\"dateModified\":\"2023-06-05T14:32:19+00:00\",\"mainEntityOfPage\":{\"@id\":\"https:\/\/torredonjimenoactualidad.com\/index.php\/2023\/06\/05\/la-guardia-civil-tendra-presencia-permanente-durante-el-corpus-christi-de-villardompardo\/\"},\"wordCount\":404,\"commentCount\":0,\"publisher\":{\"@id\":\"https:\/\/torredonjimenoactualidad.com\/#organization\"},\"articleSection\":[\"provincia\"],\"inLanguage\":\"es\",\"potentialAction\":[{\"@type\":\"CommentAction\",\"name\":\"Comment\",\"target\":[\"https:\/\/torredonjimenoactualidad.com\/index.php\/2023\/06\/05\/la-guardia-civil-tendra-presencia-permanente-durante-el-corpus-christi-de-villardompardo\/#respond\"]}]},{\"@type\":\"WebPage\",\"@id\":\"https:\/\/torredonjimenoactualidad.com\/index.php\/2023\/06\/05\/la-guardia-civil-tendra-presencia-permanente-durante-el-corpus-christi-de-villardompardo\/\",\"url\":\"https:\/\/torredonjimenoactualidad.com\/index.php\/2023\/06\/05\/la-guardia-civil-tendra-presencia-permanente-durante-el-corpus-christi-de-villardompardo\/\",\"name\":\"La Guardia Civil tendr\u00e1 presencia permanente durante el Corpus Christi de Villardompardo - Torredonjimeno Actualidad\",\"isPartOf\":{\"@id\":\"https:\/\/torredonjimenoactualidad.com\/#website\"},\"datePublished\":\"2023-06-05T14:31:08+00:00\",\"dateModified\":\"2023-06-05T14:32:19+00:00\",\"breadcrumb\":{\"@id\":\"https:\/\/torredonjimenoactualidad.com\/index.php\/2023\/06\/05\/la-guardia-civil-tendra-presencia-permanente-durante-el-corpus-christi-de-villardompardo\/#breadcrumb\"},\"inLanguage\":\"es\",\"potentialAction\":[{\"@type\":\"ReadAction\",\"target\":[\"https:\/\/torredonjimenoactualidad.com\/index.php\/2023\/06\/05\/la-guardia-civil-tendra-presencia-permanente-durante-el-corpus-christi-de-villardompardo\/\"]}]},{\"@type\":\"BreadcrumbList\",\"@id\":\"https:\/\/torredonjimenoactualidad.com\/index.php\/2023\/06\/05\/la-guardia-civil-tendra-presencia-permanente-durante-el-corpus-christi-de-villardompardo\/#breadcrumb\",\"itemListElement\":[{\"@type\":\"ListItem\",\"position\":1,\"name\":\"Portada\",\"item\":\"https:\/\/torredonjimenoactualidad.com\/\"},{\"@type\":\"ListItem\",\"position\":2,\"name\":\"La Guardia Civil tendr\u00e1 presencia permanente durante el Corpus Christi de Villardompardo\"}]},{\"@type\":\"WebSite\",\"@id\":\"https:\/\/torredonjimenoactualidad.com\/#website\",\"url\":\"https:\/\/torredonjimenoactualidad.com\/\",\"name\":\"Torredonjimeno Actualidad\",\"description\":\"\",\"publisher\":{\"@id\":\"https:\/\/torredonjimenoactualidad.com\/#organization\"},\"potentialAction\":[{\"@type\":\"SearchAction\",\"target\":{\"@type\":\"EntryPoint\",\"urlTemplate\":\"https:\/\/torredonjimenoactualidad.com\/?s={search_term_string}\"},\"query-input\":\"required name=search_term_string\"}],\"inLanguage\":\"es\"},{\"@type\":\"Organization\",\"@id\":\"https:\/\/torredonjimenoactualidad.com\/#organization\",\"name\":\"Torredonjimeno Actualidad\",\"url\":\"https:\/\/torredonjimenoactualidad.com\/\",\"logo\":{\"@type\":\"ImageObject\",\"inLanguage\":\"es\",\"@id\":\"https:\/\/torredonjimenoactualidad.com\/#\/schema\/logo\/image\/\",\"url\":\"https:\/\/torredonjimenoactualidad.com\/wp-content\/uploads\/2023\/02\/logo-torredonjimeno-544x180-1.png\",\"contentUrl\":\"https:\/\/torredonjimenoactualidad.com\/wp-content\/uploads\/2023\/02\/logo-torredonjimeno-544x180-1.png\",\"width\":545,\"height\":112,\"caption\":\"Torredonjimeno Actualidad\"},\"image\":{\"@id\":\"https:\/\/torredonjimenoactualidad.com\/#\/schema\/logo\/image\/\"}},{\"@type\":\"Person\",\"@id\":\"https:\/\/torredonjimenoactualidad.com\/#\/schema\/person\/84de5f233e783ef2c75151a532b54977\",\"name\":\"Alba Mar\u00eda Torres\",\"image\":{\"@type\":\"ImageObject\",\"inLanguage\":\"es\",\"@id\":\"https:\/\/torredonjimenoactualidad.com\/#\/schema\/person\/image\/\",\"url\":\"https:\/\/secure.gravatar.com\/avatar\/f9371f188c71501b4475a9ba2a71595850ec72967f800a2ed8e3e2102859ed65?s=96&d=mm&r=g\",\"contentUrl\":\"https:\/\/secure.gravatar.com\/avatar\/f9371f188c71501b4475a9ba2a71595850ec72967f800a2ed8e3e2102859ed65?s=96&d=mm&r=g\",\"caption\":\"Alba Mar\u00eda Torres\"},\"url\":\"https:\/\/torredonjimenoactualidad.com\/index.php\/author\/alba-torres\/\"}]}<\/script>\n<!-- \/ Yoast SEO plugin. -->","yoast_head_json":{"title":"La Guardia Civil tendr\u00e1 presencia permanente durante el Corpus Christi de Villardompardo - Torredonjimeno Actualidad","robots":{"index":"index","follow":"follow","max-snippet":"max-snippet:-1","max-image-preview":"max-image-preview:large","max-video-preview":"max-video-preview:-1"},"canonical":"https:\/\/torredonjimenoactualidad.com\/index.php\/2023\/06\/05\/la-guardia-civil-tendra-presencia-permanente-durante-el-corpus-christi-de-villardompardo\/","og_locale":"es_ES","og_type":"article","og_title":"La Guardia Civil tendr\u00e1 presencia permanente durante el Corpus Christi de Villardompardo - Torredonjimeno Actualidad","og_description":"La Guardia Civil tendr\u00e1 presencia permanente durante la celebraci\u00f3n del Corpus Christi en Villardompardo, especialmente en aquellos lugares donde se celebran los actos centrales y donde, por tanto, se espera una mayor aglomeraci\u00f3n de personas. As\u00ed lo ha indicado la subdelegada del Gobierno de Espa\u00f1a, Catalina Madue\u00f1o, quien, junto al unto alcalde en funciones del &hellip; La Guardia Civil tendr\u00e1 presencia permanente durante el Corpus Christi de Villardompardo Leer m\u00e1s &raquo;","og_url":"https:\/\/torredonjimenoactualidad.com\/index.php\/2023\/06\/05\/la-guardia-civil-tendra-presencia-permanente-durante-el-corpus-christi-de-villardompardo\/","og_site_name":"Torredonjimeno Actualidad","article_published_time":"2023-06-05T14:31:08+00:00","article_modified_time":"2023-06-05T14:32:19+00:00","og_image":[{"width":1755,"height":1003,"url":"https:\/\/torredonjimenoactualidad.com\/wp-content\/uploads\/2023\/06\/fotonoticia_20230605132343_1920.jpg","type":"image\/jpeg"}],"author":"Alba Mar\u00eda Torres","twitter_card":"summary_large_image","twitter_misc":{"Escrito por":"Alba Mar\u00eda Torres","Tiempo de lectura":"2 minutos"},"schema":{"@context":"https:\/\/schema.org","@graph":[{"@type":"Article","@id":"https:\/\/torredonjimenoactualidad.com\/index.php\/2023\/06\/05\/la-guardia-civil-tendra-presencia-permanente-durante-el-corpus-christi-de-villardompardo\/#article","isPartOf":{"@id":"https:\/\/torredonjimenoactualidad.com\/index.php\/2023\/06\/05\/la-guardia-civil-tendra-presencia-permanente-durante-el-corpus-christi-de-villardompardo\/"},"author":{"name":"Alba Mar\u00eda Torres","@id":"https:\/\/torredonjimenoactualidad.com\/#\/schema\/person\/84de5f233e783ef2c75151a532b54977"},"headline":"La Guardia Civil tendr\u00e1 presencia permanente durante el Corpus Christi de Villardompardo","datePublished":"2023-06-05T14:31:08+00:00","dateModified":"2023-06-05T14:32:19+00:00","mainEntityOfPage":{"@id":"https:\/\/torredonjimenoactualidad.com\/index.php\/2023\/06\/05\/la-guardia-civil-tendra-presencia-permanente-durante-el-corpus-christi-de-villardompardo\/"},"wordCount":404,"commentCount":0,"publisher":{"@id":"https:\/\/torredonjimenoactualidad.com\/#organization"},"articleSection":["provincia"],"inLanguage":"es","potentialAction":[{"@type":"CommentAction","name":"Comment","target":["https:\/\/torredonjimenoactualidad.com\/index.php\/2023\/06\/05\/la-guardia-civil-tendra-presencia-permanente-durante-el-corpus-christi-de-villardompardo\/#respond"]}]},{"@type":"WebPage","@id":"https:\/\/torredonjimenoactualidad.com\/index.php\/2023\/06\/05\/la-guardia-civil-tendra-presencia-permanente-durante-el-corpus-christi-de-villardompardo\/","url":"https:\/\/torredonjimenoactualidad.com\/index.php\/2023\/06\/05\/la-guardia-civil-tendra-presencia-permanente-durante-el-corpus-christi-de-villardompardo\/","name":"La Guardia Civil tendr\u00e1 presencia permanente durante el Corpus Christi de Villardompardo - Torredonjimeno Actualidad","isPartOf":{"@id":"https:\/\/torredonjimenoactualidad.com\/#website"},"datePublished":"2023-06-05T14:31:08+00:00","dateModified":"2023-06-05T14:32:19+00:00","breadcrumb":{"@id":"https:\/\/torredonjimenoactualidad.com\/index.php\/2023\/06\/05\/la-guardia-civil-tendra-presencia-permanente-durante-el-corpus-christi-de-villardompardo\/#breadcrumb"},"inLanguage":"es","potentialAction":[{"@type":"ReadAction","target":["https:\/\/torredonjimenoactualidad.com\/index.php\/2023\/06\/05\/la-guardia-civil-tendra-presencia-permanente-durante-el-corpus-christi-de-villardompardo\/"]}]},{"@type":"BreadcrumbList","@id":"https:\/\/torredonjimenoactualidad.com\/index.php\/2023\/06\/05\/la-guardia-civil-tendra-presencia-permanente-durante-el-corpus-christi-de-villardompardo\/#breadcrumb","itemListElement":[{"@type":"ListItem","position":1,"name":"Portada","item":"https:\/\/torredonjimenoactualidad.com\/"},{"@type":"ListItem","position":2,"name":"La Guardia Civil tendr\u00e1 presencia permanente durante el Corpus Christi de Villardompardo"}]},{"@type":"WebSite","@id":"https:\/\/torredonjimenoactualidad.com\/#website","url":"https:\/\/torredonjimenoactualidad.com\/","name":"Torredonjimeno Actualidad","description":"","publisher":{"@id":"https:\/\/torredonjimenoactualidad.com\/#organization"},"potentialAction":[{"@type":"SearchAction","target":{"@type":"EntryPoint","urlTemplate":"https:\/\/torredonjimenoactualidad.com\/?s={search_term_string}"},"query-input":"required name=search_term_string"}],"inLanguage":"es"},{"@type":"Organization","@id":"https:\/\/torredonjimenoactualidad.com\/#organization","name":"Torredonjimeno Actualidad","url":"https:\/\/torredonjimenoactualidad.com\/","logo":{"@type":"ImageObject","inLanguage":"es","@id":"https:\/\/torredonjimenoactualidad.com\/#\/schema\/logo\/image\/","url":"https:\/\/torredonjimenoactualidad.com\/wp-content\/uploads\/2023\/02\/logo-torredonjimeno-544x180-1.png","contentUrl":"https:\/\/torredonjimenoactualidad.com\/wp-content\/uploads\/2023\/02\/logo-torredonjimeno-544x180-1.png","width":545,"height":112,"caption":"Torredonjimeno Actualidad"},"image":{"@id":"https:\/\/torredonjimenoactualidad.com\/#\/schema\/logo\/image\/"}},{"@type":"Person","@id":"https:\/\/torredonjimenoactualidad.com\/#\/schema\/person\/84de5f233e783ef2c75151a532b54977","name":"Alba Mar\u00eda Torres","image":{"@type":"ImageObject","inLanguage":"es","@id":"https:\/\/torredonjimenoactualidad.com\/#\/schema\/person\/image\/","url":"https:\/\/secure.gravatar.com\/avatar\/f9371f188c71501b4475a9ba2a71595850ec72967f800a2ed8e3e2102859ed65?s=96&d=mm&r=g","contentUrl":"https:\/\/secure.gravatar.com\/avatar\/f9371f188c71501b4475a9ba2a71595850ec72967f800a2ed8e3e2102859ed65?s=96&d=mm&r=g","caption":"Alba Mar\u00eda Torres"},"url":"https:\/\/torredonjimenoactualidad.com\/index.php\/author\/alba-torres\/"}]}},"_links":{"self":[{"href":"https:\/\/torredonjimenoactualidad.com\/index.php\/wp-json\/wp\/v2\/posts\/739","targetHints":{"allow":["GET"]}}],"collection":[{"href":"https:\/\/torredonjimenoactualidad.com\/index.php\/wp-json\/wp\/v2\/posts"}],"about":[{"href":"https:\/\/torredonjimenoactualidad.com\/index.php\/wp-json\/wp\/v2\/types\/post"}],"author":[{"embeddable":true,"href":"https:\/\/torredonjimenoactualidad.com\/index.php\/wp-json\/wp\/v2\/users\/2"}],"replies":[{"embeddable":true,"href":"https:\/\/torredonjimenoactualidad.com\/index.php\/wp-json\/wp\/v2\/comments?post=739"}],"version-history":[{"count":2,"href":"https:\/\/torredonjimenoactualidad.com\/index.php\/wp-json\/wp\/v2\/posts\/739\/revisions"}],"predecessor-version":[{"id":742,"href":"https:\/\/torredonjimenoactualidad.com\/index.php\/wp-json\/wp\/v2\/posts\/739\/revisions\/742"}],"wp:featuredmedia":[{"embeddable":true,"href":"https:\/\/torredonjimenoactualidad.com\/index.php\/wp-json\/wp\/v2\/media\/740"}],"wp:attachment":[{"href":"https:\/\/torredonjimenoactualidad.com\/index.php\/wp-json\/wp\/v2\/media?parent=739"}],"wp:term":[{"taxonomy":"category","embeddable":true,"href":"https:\/\/torredonjimenoactualidad.com\/index.php\/wp-json\/wp\/v2\/categories?post=739"},{"taxonomy":"post_tag","embeddable":true,"href":"https:\/\/torredonjimenoactualidad.com\/index.php\/wp-json\/wp\/v2\/tags?post=739"}],"curies":[{"name":"wp","href":"https:\/\/api.w.org\/{rel}","templated":true}]}}