{"id":721,"date":"2023-05-31T10:06:03","date_gmt":"2023-05-31T10:06:03","guid":{"rendered":"https:\/\/torredonjimenoactualidad.com\/?p=721"},"modified":"2023-05-31T10:14:54","modified_gmt":"2023-05-31T10:14:54","slug":"721","status":"publish","type":"post","link":"https:\/\/torredonjimenoactualidad.com\/index.php\/2023\/05\/31\/721\/","title":{"rendered":"El PP de Torredonjimeno participa en la Junta Directiva provincial en la que se analizan sus buenos resultados obtenidos"},"content":{"rendered":"\n<p>El Partido Popular de Ja\u00e9n destac\u00f3 ayer martes \u00absentirse orgulloso\u00bb de conseguir que \u00abla Diputaci\u00f3n y la provincia sean m\u00e1s azul\u00bb durante la celebraci\u00f3n de la Junta Directiva provincial de la formaci\u00f3n.<\/p>\n\n\n\n<p>En este acto, el presidente del PP provincial, Erik Dom\u00ednguez, ha agradecido a todos \u00abel enorme esfuerzo que hab\u00e9is realizado y que nos ha permitido doblar alcald\u00edas, quedarnos a solo tres puntos del PSOE y poner en jaque a Paco Reyes\u00bb, seg\u00fan ha recogido el partido en un comunicado.<\/p>\n\n\n\n<p>\u00abSon muchos los motivos para estar orgullosos porque cuando uno hace todo lo que puede debe sentirse as\u00ed, y porque se ha hecho historia. Hacer historia es doblar en La Carolina de \u00c1ngeles F\u00e9rriz, triplicar en La Alcal\u00e1 de las leyendas socialistas, lograr que la primera alcaldesa de Linares sea del PP, obtener 12 concejales en And\u00fajar, en definitiva, conseguir que la Diputaci\u00f3n hoy sea m\u00e1s azul, que esta provincia sea m\u00e1s azul. Con los datos en la mano, Ja\u00e9n es la provincia que m\u00e1s ha crecido en Andaluc\u00eda\u00bb, ha indicado.<\/p>\n\n\n\n<p>Tras esto, ha a\u00f1adido que \u00ablo que quer\u00edamos hacer en un solo paso lo haremos en dos, los escalones se suben de uno en uno y tambi\u00e9n debemos aprender esa lecci\u00f3n\u00bb.<\/p>\n\n\n\n<p>Dom\u00ednguez ha concluido que el PSOE de Ja\u00e9n y Paco Reyes \u00abtienen muchos motivos para no celebrar porque saben que esto es el principio del cambio, que el PSOE de Ja\u00e9n est\u00e1 muy tocado y que el 23 de julio la provincia ser\u00e1 a\u00fan m\u00e1s azul\u00bb.<\/p>\n\n\n\n<p>En representaci\u00f3n del PP de Torredonjimeno estuvieron presentes en esta reuni\u00f3n, Manuel \u00c1ngel L\u00f3pez y Enrique Castro, que recibieron la enhorabuena de la direcci\u00f3n provincial por los buenos resultados obtenidos. <\/p>\n\n\n\n<figure class=\"wp-block-image aligncenter size-full is-resized\"><img loading=\"lazy\" decoding=\"async\" src=\"https:\/\/torredonjimenoactualidad.com\/wp-content\/uploads\/2023\/05\/55b41619-5d11-45e3-b6ab-a2c1dcb93224.jpg\" alt=\"Manuel \u00c1ngel L\u00f3pez y Enrique Castro asisten a la reuni\u00f3n \" class=\"wp-image-723\" width=\"839\" height=\"480\" srcset=\"https:\/\/torredonjimenoactualidad.com\/wp-content\/uploads\/2023\/05\/55b41619-5d11-45e3-b6ab-a2c1dcb93224.jpg 839w, https:\/\/torredonjimenoactualidad.com\/wp-content\/uploads\/2023\/05\/55b41619-5d11-45e3-b6ab-a2c1dcb93224-300x172.jpg 300w, https:\/\/torredonjimenoactualidad.com\/wp-content\/uploads\/2023\/05\/55b41619-5d11-45e3-b6ab-a2c1dcb93224-768x439.jpg 768w\" sizes=\"auto, (max-width: 839px) 100vw, 839px\" \/><\/figure>\n","protected":false},"excerpt":{"rendered":"<p>El Partido Popular de Ja\u00e9n destac\u00f3 ayer martes \u00absentirse orgulloso\u00bb de conseguir que \u00abla Diputaci\u00f3n y la provincia sean m\u00e1s azul\u00bb durante la celebraci\u00f3n de la Junta Directiva provincial de la formaci\u00f3n. En este acto, el presidente del PP provincial, Erik Dom\u00ednguez, ha agradecido a todos \u00abel enorme esfuerzo que hab\u00e9is realizado y que nos &hellip;<\/p>\n<p class=\"read-more\"> <a class=\"\" href=\"https:\/\/torredonjimenoactualidad.com\/index.php\/2023\/05\/31\/721\/\"> <span class=\"screen-reader-text\">El PP de Torredonjimeno participa en la Junta Directiva provincial en la que se analizan sus buenos resultados obtenidos<\/span> Leer m\u00e1s &raquo;<\/a><\/p>\n","protected":false},"author":2,"featured_media":722,"comment_status":"open","ping_status":"open","sticky":false,"template":"","format":"standard","meta":{"site-sidebar-layout":"default","site-content-layout":"default","ast-global-header-display":"","ast-main-header-display":"","ast-hfb-above-header-display":"","ast-hfb-below-header-display":"","ast-hfb-mobile-header-display":"","site-post-title":"","ast-breadcrumbs-content":"","ast-featured-img":"","footer-sml-layout":"","theme-transparent-header-meta":"","adv-header-id-meta":"","stick-header-meta":"","header-above-stick-meta":"","header-main-stick-meta":"","header-below-stick-meta":"","footnotes":""},"categories":[8],"tags":[],"class_list":["post-721","post","type-post","status-publish","format-standard","has-post-thumbnail","hentry","category-provincia"],"yoast_head":"<!-- This site is optimized with the Yoast SEO plugin v20.8 - https:\/\/yoast.com\/wordpress\/plugins\/seo\/ -->\n<title>El PP de Torredonjimeno participa en la Junta Directiva provincial en la que se analizan sus buenos resultados obtenidos - Torredonjimeno Actualidad<\/title>\n<meta name=\"robots\" content=\"index, follow, max-snippet:-1, max-image-preview:large, max-video-preview:-1\" \/>\n<link rel=\"canonical\" href=\"https:\/\/torredonjimenoactualidad.com\/index.php\/2023\/05\/31\/721\/\" \/>\n<meta property=\"og:locale\" content=\"es_ES\" \/>\n<meta property=\"og:type\" content=\"article\" \/>\n<meta property=\"og:title\" content=\"El PP de Torredonjimeno participa en la Junta Directiva provincial en la que se analizan sus buenos resultados obtenidos - Torredonjimeno Actualidad\" \/>\n<meta property=\"og:description\" content=\"El Partido Popular de Ja\u00e9n destac\u00f3 ayer martes \u00absentirse orgulloso\u00bb de conseguir que \u00abla Diputaci\u00f3n y la provincia sean m\u00e1s azul\u00bb durante la celebraci\u00f3n de la Junta Directiva provincial de la formaci\u00f3n. En este acto, el presidente del PP provincial, Erik Dom\u00ednguez, ha agradecido a todos \u00abel enorme esfuerzo que hab\u00e9is realizado y que nos &hellip; El PP de Torredonjimeno participa en la Junta Directiva provincial en la que se analizan sus buenos resultados obtenidos Leer m\u00e1s &raquo;\" \/>\n<meta property=\"og:url\" content=\"https:\/\/torredonjimenoactualidad.com\/index.php\/2023\/05\/31\/721\/\" \/>\n<meta property=\"og:site_name\" content=\"Torredonjimeno Actualidad\" \/>\n<meta property=\"article:published_time\" content=\"2023-05-31T10:06:03+00:00\" \/>\n<meta property=\"article:modified_time\" content=\"2023-05-31T10:14:54+00:00\" \/>\n<meta property=\"og:image\" content=\"https:\/\/torredonjimenoactualidad.com\/wp-content\/uploads\/2023\/05\/0df66696-d4f0-4fa7-ad2d-694b9695e504.jpg\" \/>\n\t<meta property=\"og:image:width\" content=\"1024\" \/>\n\t<meta property=\"og:image:height\" content=\"586\" \/>\n\t<meta property=\"og:image:type\" content=\"image\/jpeg\" \/>\n<meta name=\"author\" content=\"Alba Mar\u00eda Torres\" \/>\n<meta name=\"twitter:card\" content=\"summary_large_image\" \/>\n<meta name=\"twitter:label1\" content=\"Escrito por\" \/>\n\t<meta name=\"twitter:data1\" content=\"Alba Mar\u00eda Torres\" \/>\n\t<meta name=\"twitter:label2\" content=\"Tiempo de lectura\" \/>\n\t<meta name=\"twitter:data2\" content=\"2 minutos\" \/>\n<script type=\"application\/ld+json\" class=\"yoast-schema-graph\">{\"@context\":\"https:\/\/schema.org\",\"@graph\":[{\"@type\":\"Article\",\"@id\":\"https:\/\/torredonjimenoactualidad.com\/index.php\/2023\/05\/31\/721\/#article\",\"isPartOf\":{\"@id\":\"https:\/\/torredonjimenoactualidad.com\/index.php\/2023\/05\/31\/721\/\"},\"author\":{\"name\":\"Alba Mar\u00eda Torres\",\"@id\":\"https:\/\/torredonjimenoactualidad.com\/#\/schema\/person\/84de5f233e783ef2c75151a532b54977\"},\"headline\":\"El PP de Torredonjimeno participa en la Junta Directiva provincial en la que se analizan sus buenos resultados obtenidos\",\"datePublished\":\"2023-05-31T10:06:03+00:00\",\"dateModified\":\"2023-05-31T10:14:54+00:00\",\"mainEntityOfPage\":{\"@id\":\"https:\/\/torredonjimenoactualidad.com\/index.php\/2023\/05\/31\/721\/\"},\"wordCount\":326,\"commentCount\":0,\"publisher\":{\"@id\":\"https:\/\/torredonjimenoactualidad.com\/#organization\"},\"articleSection\":[\"provincia\"],\"inLanguage\":\"es\",\"potentialAction\":[{\"@type\":\"CommentAction\",\"name\":\"Comment\",\"target\":[\"https:\/\/torredonjimenoactualidad.com\/index.php\/2023\/05\/31\/721\/#respond\"]}]},{\"@type\":\"WebPage\",\"@id\":\"https:\/\/torredonjimenoactualidad.com\/index.php\/2023\/05\/31\/721\/\",\"url\":\"https:\/\/torredonjimenoactualidad.com\/index.php\/2023\/05\/31\/721\/\",\"name\":\"El PP de Torredonjimeno participa en la Junta Directiva provincial en la que se analizan sus buenos resultados obtenidos - Torredonjimeno Actualidad\",\"isPartOf\":{\"@id\":\"https:\/\/torredonjimenoactualidad.com\/#website\"},\"datePublished\":\"2023-05-31T10:06:03+00:00\",\"dateModified\":\"2023-05-31T10:14:54+00:00\",\"breadcrumb\":{\"@id\":\"https:\/\/torredonjimenoactualidad.com\/index.php\/2023\/05\/31\/721\/#breadcrumb\"},\"inLanguage\":\"es\",\"potentialAction\":[{\"@type\":\"ReadAction\",\"target\":[\"https:\/\/torredonjimenoactualidad.com\/index.php\/2023\/05\/31\/721\/\"]}]},{\"@type\":\"BreadcrumbList\",\"@id\":\"https:\/\/torredonjimenoactualidad.com\/index.php\/2023\/05\/31\/721\/#breadcrumb\",\"itemListElement\":[{\"@type\":\"ListItem\",\"position\":1,\"name\":\"Portada\",\"item\":\"https:\/\/torredonjimenoactualidad.com\/\"},{\"@type\":\"ListItem\",\"position\":2,\"name\":\"El PP de Torredonjimeno participa en la Junta Directiva provincial en la que se analizan sus buenos resultados obtenidos\"}]},{\"@type\":\"WebSite\",\"@id\":\"https:\/\/torredonjimenoactualidad.com\/#website\",\"url\":\"https:\/\/torredonjimenoactualidad.com\/\",\"name\":\"Torredonjimeno Actualidad\",\"description\":\"\",\"publisher\":{\"@id\":\"https:\/\/torredonjimenoactualidad.com\/#organization\"},\"potentialAction\":[{\"@type\":\"SearchAction\",\"target\":{\"@type\":\"EntryPoint\",\"urlTemplate\":\"https:\/\/torredonjimenoactualidad.com\/?s={search_term_string}\"},\"query-input\":\"required name=search_term_string\"}],\"inLanguage\":\"es\"},{\"@type\":\"Organization\",\"@id\":\"https:\/\/torredonjimenoactualidad.com\/#organization\",\"name\":\"Torredonjimeno Actualidad\",\"url\":\"https:\/\/torredonjimenoactualidad.com\/\",\"logo\":{\"@type\":\"ImageObject\",\"inLanguage\":\"es\",\"@id\":\"https:\/\/torredonjimenoactualidad.com\/#\/schema\/logo\/image\/\",\"url\":\"https:\/\/torredonjimenoactualidad.com\/wp-content\/uploads\/2023\/02\/logo-torredonjimeno-544x180-1.png\",\"contentUrl\":\"https:\/\/torredonjimenoactualidad.com\/wp-content\/uploads\/2023\/02\/logo-torredonjimeno-544x180-1.png\",\"width\":545,\"height\":112,\"caption\":\"Torredonjimeno Actualidad\"},\"image\":{\"@id\":\"https:\/\/torredonjimenoactualidad.com\/#\/schema\/logo\/image\/\"}},{\"@type\":\"Person\",\"@id\":\"https:\/\/torredonjimenoactualidad.com\/#\/schema\/person\/84de5f233e783ef2c75151a532b54977\",\"name\":\"Alba Mar\u00eda Torres\",\"image\":{\"@type\":\"ImageObject\",\"inLanguage\":\"es\",\"@id\":\"https:\/\/torredonjimenoactualidad.com\/#\/schema\/person\/image\/\",\"url\":\"https:\/\/secure.gravatar.com\/avatar\/f9371f188c71501b4475a9ba2a71595850ec72967f800a2ed8e3e2102859ed65?s=96&d=mm&r=g\",\"contentUrl\":\"https:\/\/secure.gravatar.com\/avatar\/f9371f188c71501b4475a9ba2a71595850ec72967f800a2ed8e3e2102859ed65?s=96&d=mm&r=g\",\"caption\":\"Alba Mar\u00eda Torres\"},\"url\":\"https:\/\/torredonjimenoactualidad.com\/index.php\/author\/alba-torres\/\"}]}<\/script>\n<!-- \/ Yoast SEO plugin. -->","yoast_head_json":{"title":"El PP de Torredonjimeno participa en la Junta Directiva provincial en la que se analizan sus buenos resultados obtenidos - Torredonjimeno Actualidad","robots":{"index":"index","follow":"follow","max-snippet":"max-snippet:-1","max-image-preview":"max-image-preview:large","max-video-preview":"max-video-preview:-1"},"canonical":"https:\/\/torredonjimenoactualidad.com\/index.php\/2023\/05\/31\/721\/","og_locale":"es_ES","og_type":"article","og_title":"El PP de Torredonjimeno participa en la Junta Directiva provincial en la que se analizan sus buenos resultados obtenidos - Torredonjimeno Actualidad","og_description":"El Partido Popular de Ja\u00e9n destac\u00f3 ayer martes \u00absentirse orgulloso\u00bb de conseguir que \u00abla Diputaci\u00f3n y la provincia sean m\u00e1s azul\u00bb durante la celebraci\u00f3n de la Junta Directiva provincial de la formaci\u00f3n. En este acto, el presidente del PP provincial, Erik Dom\u00ednguez, ha agradecido a todos \u00abel enorme esfuerzo que hab\u00e9is realizado y que nos &hellip; El PP de Torredonjimeno participa en la Junta Directiva provincial en la que se analizan sus buenos resultados obtenidos Leer m\u00e1s &raquo;","og_url":"https:\/\/torredonjimenoactualidad.com\/index.php\/2023\/05\/31\/721\/","og_site_name":"Torredonjimeno Actualidad","article_published_time":"2023-05-31T10:06:03+00:00","article_modified_time":"2023-05-31T10:14:54+00:00","og_image":[{"width":1024,"height":586,"url":"https:\/\/torredonjimenoactualidad.com\/wp-content\/uploads\/2023\/05\/0df66696-d4f0-4fa7-ad2d-694b9695e504.jpg","type":"image\/jpeg"}],"author":"Alba Mar\u00eda Torres","twitter_card":"summary_large_image","twitter_misc":{"Escrito por":"Alba Mar\u00eda Torres","Tiempo de lectura":"2 minutos"},"schema":{"@context":"https:\/\/schema.org","@graph":[{"@type":"Article","@id":"https:\/\/torredonjimenoactualidad.com\/index.php\/2023\/05\/31\/721\/#article","isPartOf":{"@id":"https:\/\/torredonjimenoactualidad.com\/index.php\/2023\/05\/31\/721\/"},"author":{"name":"Alba Mar\u00eda Torres","@id":"https:\/\/torredonjimenoactualidad.com\/#\/schema\/person\/84de5f233e783ef2c75151a532b54977"},"headline":"El PP de Torredonjimeno participa en la Junta Directiva provincial en la que se analizan sus buenos resultados obtenidos","datePublished":"2023-05-31T10:06:03+00:00","dateModified":"2023-05-31T10:14:54+00:00","mainEntityOfPage":{"@id":"https:\/\/torredonjimenoactualidad.com\/index.php\/2023\/05\/31\/721\/"},"wordCount":326,"commentCount":0,"publisher":{"@id":"https:\/\/torredonjimenoactualidad.com\/#organization"},"articleSection":["provincia"],"inLanguage":"es","potentialAction":[{"@type":"CommentAction","name":"Comment","target":["https:\/\/torredonjimenoactualidad.com\/index.php\/2023\/05\/31\/721\/#respond"]}]},{"@type":"WebPage","@id":"https:\/\/torredonjimenoactualidad.com\/index.php\/2023\/05\/31\/721\/","url":"https:\/\/torredonjimenoactualidad.com\/index.php\/2023\/05\/31\/721\/","name":"El PP de Torredonjimeno participa en la Junta Directiva provincial en la que se analizan sus buenos resultados obtenidos - Torredonjimeno Actualidad","isPartOf":{"@id":"https:\/\/torredonjimenoactualidad.com\/#website"},"datePublished":"2023-05-31T10:06:03+00:00","dateModified":"2023-05-31T10:14:54+00:00","breadcrumb":{"@id":"https:\/\/torredonjimenoactualidad.com\/index.php\/2023\/05\/31\/721\/#breadcrumb"},"inLanguage":"es","potentialAction":[{"@type":"ReadAction","target":["https:\/\/torredonjimenoactualidad.com\/index.php\/2023\/05\/31\/721\/"]}]},{"@type":"BreadcrumbList","@id":"https:\/\/torredonjimenoactualidad.com\/index.php\/2023\/05\/31\/721\/#breadcrumb","itemListElement":[{"@type":"ListItem","position":1,"name":"Portada","item":"https:\/\/torredonjimenoactualidad.com\/"},{"@type":"ListItem","position":2,"name":"El PP de Torredonjimeno participa en la Junta Directiva provincial en la que se analizan sus buenos resultados obtenidos"}]},{"@type":"WebSite","@id":"https:\/\/torredonjimenoactualidad.com\/#website","url":"https:\/\/torredonjimenoactualidad.com\/","name":"Torredonjimeno Actualidad","description":"","publisher":{"@id":"https:\/\/torredonjimenoactualidad.com\/#organization"},"potentialAction":[{"@type":"SearchAction","target":{"@type":"EntryPoint","urlTemplate":"https:\/\/torredonjimenoactualidad.com\/?s={search_term_string}"},"query-input":"required name=search_term_string"}],"inLanguage":"es"},{"@type":"Organization","@id":"https:\/\/torredonjimenoactualidad.com\/#organization","name":"Torredonjimeno Actualidad","url":"https:\/\/torredonjimenoactualidad.com\/","logo":{"@type":"ImageObject","inLanguage":"es","@id":"https:\/\/torredonjimenoactualidad.com\/#\/schema\/logo\/image\/","url":"https:\/\/torredonjimenoactualidad.com\/wp-content\/uploads\/2023\/02\/logo-torredonjimeno-544x180-1.png","contentUrl":"https:\/\/torredonjimenoactualidad.com\/wp-content\/uploads\/2023\/02\/logo-torredonjimeno-544x180-1.png","width":545,"height":112,"caption":"Torredonjimeno Actualidad"},"image":{"@id":"https:\/\/torredonjimenoactualidad.com\/#\/schema\/logo\/image\/"}},{"@type":"Person","@id":"https:\/\/torredonjimenoactualidad.com\/#\/schema\/person\/84de5f233e783ef2c75151a532b54977","name":"Alba Mar\u00eda Torres","image":{"@type":"ImageObject","inLanguage":"es","@id":"https:\/\/torredonjimenoactualidad.com\/#\/schema\/person\/image\/","url":"https:\/\/secure.gravatar.com\/avatar\/f9371f188c71501b4475a9ba2a71595850ec72967f800a2ed8e3e2102859ed65?s=96&d=mm&r=g","contentUrl":"https:\/\/secure.gravatar.com\/avatar\/f9371f188c71501b4475a9ba2a71595850ec72967f800a2ed8e3e2102859ed65?s=96&d=mm&r=g","caption":"Alba Mar\u00eda Torres"},"url":"https:\/\/torredonjimenoactualidad.com\/index.php\/author\/alba-torres\/"}]}},"_links":{"self":[{"href":"https:\/\/torredonjimenoactualidad.com\/index.php\/wp-json\/wp\/v2\/posts\/721","targetHints":{"allow":["GET"]}}],"collection":[{"href":"https:\/\/torredonjimenoactualidad.com\/index.php\/wp-json\/wp\/v2\/posts"}],"about":[{"href":"https:\/\/torredonjimenoactualidad.com\/index.php\/wp-json\/wp\/v2\/types\/post"}],"author":[{"embeddable":true,"href":"https:\/\/torredonjimenoactualidad.com\/index.php\/wp-json\/wp\/v2\/users\/2"}],"replies":[{"embeddable":true,"href":"https:\/\/torredonjimenoactualidad.com\/index.php\/wp-json\/wp\/v2\/comments?post=721"}],"version-history":[{"count":3,"href":"https:\/\/torredonjimenoactualidad.com\/index.php\/wp-json\/wp\/v2\/posts\/721\/revisions"}],"predecessor-version":[{"id":728,"href":"https:\/\/torredonjimenoactualidad.com\/index.php\/wp-json\/wp\/v2\/posts\/721\/revisions\/728"}],"wp:featuredmedia":[{"embeddable":true,"href":"https:\/\/torredonjimenoactualidad.com\/index.php\/wp-json\/wp\/v2\/media\/722"}],"wp:attachment":[{"href":"https:\/\/torredonjimenoactualidad.com\/index.php\/wp-json\/wp\/v2\/media?parent=721"}],"wp:term":[{"taxonomy":"category","embeddable":true,"href":"https:\/\/torredonjimenoactualidad.com\/index.php\/wp-json\/wp\/v2\/categories?post=721"},{"taxonomy":"post_tag","embeddable":true,"href":"https:\/\/torredonjimenoactualidad.com\/index.php\/wp-json\/wp\/v2\/tags?post=721"}],"curies":[{"name":"wp","href":"https:\/\/api.w.org\/{rel}","templated":true}]}}