{"id":71,"date":"2023-03-01T18:43:14","date_gmt":"2023-03-01T18:43:14","guid":{"rendered":"https:\/\/torredonjimenoactualidad.com\/?p=71"},"modified":"2023-03-06T09:06:02","modified_gmt":"2023-03-06T09:06:02","slug":"diputacion-destinara-diez-millones-para-reducir-los-residuos-que-acaban-en-los-vertederos","status":"publish","type":"post","link":"https:\/\/torredonjimenoactualidad.com\/index.php\/2023\/03\/01\/diputacion-destinara-diez-millones-para-reducir-los-residuos-que-acaban-en-los-vertederos\/","title":{"rendered":"Diputaci\u00f3n destinar\u00e1 diez millones para reducir los residuos que acaban en los vertederos"},"content":{"rendered":"\n<p>La Diputaci\u00f3n de Ja\u00e9n va a destinar en los pr\u00f3ximos dos a\u00f1os hasta diez millones de euros para \u00abintentar que cada vez sean menos los residuos que llegan a los vertederos\u00bb. El objetivo, seg\u00fan ha indicado el presidente de la Diputaci\u00f3n de Ja\u00e9n, Francisco Reyes, es \u00abincrementar del 15 por ciento al 50 por ciento los residuos que no se llevan al vertedero porque se recogen de manera separada\u00bb.<\/p>\n\n\n\n<p>De este modo, se prev\u00e9 reducir tambi\u00e9n el impuesto a pagar por cada ayuntamiento. Precisamente, la Diputaci\u00f3n de Ja\u00e9n asumir\u00e1 los m\u00e1s de 7,2 millones de euros que los ayuntamientos de la provincia deber\u00e1n pagar en este 2023 por el dep\u00f3sito de residuos en vertederos. As\u00ed lo ha manifestado el presidente de la Administraci\u00f3n provincial, Francisco Reyes, que ha presidido una nueva reuni\u00f3n del Consejo de Alcaldes y Alcaldesas de la provincia de Ja\u00e9n en la que se ha aprobado esta medida.<\/p>\n\n\n\n<p>\u00abLa Diputaci\u00f3n de Ja\u00e9n se adelanta una vez m\u00e1s a los problemas que tienen los municipios de nuestra provincia buscando soluciones, y lo hacemos de una manera objetiva, porque todos los ayuntamientos van a recibir esa cantidad de dinero que les permitir\u00e1 financiar este impuesto que tienen que pagar por los dep\u00f3sitos en vertederos\u00bb, ha se\u00f1alado Reyes.<\/p>\n\n\n\n<p>La nueva Ley de Residuos y Suelos Contaminados tiene entre sus novedades este nuevo tributo que incrementa en un 28 por ciento el coste del tratamiento de residuos en la provincia, y que se aplica desde el 1 de enero. Los ayuntamientos tendr\u00e1n que aprobar una ordenanza municipal e implantar una tasa espec\u00edfica y diferenciada para reflejar el coste que tiene no reciclar.<\/p>\n\n\n\n<p>\u00abEstamos en un a\u00f1o complicado, con elecciones en el pr\u00f3ximo mes de mayo y con dificultades desde el punto de vista presupuestario para los ayuntamientos. Por eso, tal y como se acord\u00f3 en la junta asesora de alcaldes y alcaldesas, desde la Diputaci\u00f3n vamos a aportar esos 7,26 millones de euros, asumiendo as\u00ed el coste en este 2023\u00bb, ha detallado el presidente de la Administraci\u00f3n provincial.<\/p>\n\n\n\n<p>En esta sesi\u00f3n del Consejo de Alcaldes y Alcaldesas tambi\u00e9n se ha aprobado solicitar a la Junta de Andaluc\u00eda, perceptora del impuesto cedido por el Estado, que al igual que ha hecho el Gobierno del Principado de Asturias, reintegre el importe recaudado de este impuesto a la Diputaci\u00f3n Provincial en este 2023, y a los ayuntamientos en los pr\u00f3ximos ejercicios econ\u00f3micos en base a la cuant\u00eda que abone cada uno de ellos.<\/p>\n\n\n\n<p>\u00abPedimos que estos 7,26 millones de euros de la provincia de Ja\u00e9n que no van a ser destinados a la tarea de reducir los dep\u00f3sitos en vertederos, se devuelvan a los ayuntamientos para que podamos invertirlos en la provincia\u00bb, ha reclamado Reyes.<\/p>\n","protected":false},"excerpt":{"rendered":"<p>La Diputaci\u00f3n de Ja\u00e9n va a destinar en los pr\u00f3ximos dos a\u00f1os hasta diez millones de euros para \u00abintentar que cada vez sean menos los residuos que llegan a los vertederos\u00bb. El objetivo, seg\u00fan ha indicado el presidente de la Diputaci\u00f3n de Ja\u00e9n, Francisco Reyes, es \u00abincrementar del 15 por ciento al 50 por ciento &hellip;<\/p>\n<p class=\"read-more\"> <a class=\"\" href=\"https:\/\/torredonjimenoactualidad.com\/index.php\/2023\/03\/01\/diputacion-destinara-diez-millones-para-reducir-los-residuos-que-acaban-en-los-vertederos\/\"> <span class=\"screen-reader-text\">Diputaci\u00f3n destinar\u00e1 diez millones para reducir los residuos que acaban en los vertederos<\/span> Leer m\u00e1s &raquo;<\/a><\/p>\n","protected":false},"author":1,"featured_media":72,"comment_status":"closed","ping_status":"closed","sticky":false,"template":"","format":"standard","meta":{"site-sidebar-layout":"default","site-content-layout":"default","ast-global-header-display":"","ast-main-header-display":"","ast-hfb-above-header-display":"","ast-hfb-below-header-display":"","ast-hfb-mobile-header-display":"","site-post-title":"","ast-breadcrumbs-content":"","ast-featured-img":"","footer-sml-layout":"","theme-transparent-header-meta":"","adv-header-id-meta":"","stick-header-meta":"","header-above-stick-meta":"","header-main-stick-meta":"","header-below-stick-meta":"","footnotes":""},"categories":[8,1],"tags":[],"class_list":["post-71","post","type-post","status-publish","format-standard","has-post-thumbnail","hentry","category-provincia","category-sin-categoria"],"yoast_head":"<!-- This site is optimized with the Yoast SEO plugin v20.8 - https:\/\/yoast.com\/wordpress\/plugins\/seo\/ -->\n<title>Diputaci\u00f3n destinar\u00e1 diez millones para reducir los residuos que acaban en los vertederos - Torredonjimeno Actualidad<\/title>\n<meta name=\"robots\" content=\"index, follow, max-snippet:-1, max-image-preview:large, max-video-preview:-1\" \/>\n<link rel=\"canonical\" href=\"https:\/\/torredonjimenoactualidad.com\/index.php\/2023\/03\/01\/diputacion-destinara-diez-millones-para-reducir-los-residuos-que-acaban-en-los-vertederos\/\" \/>\n<meta property=\"og:locale\" content=\"es_ES\" \/>\n<meta property=\"og:type\" content=\"article\" \/>\n<meta property=\"og:title\" content=\"Diputaci\u00f3n destinar\u00e1 diez millones para reducir los residuos que acaban en los vertederos - Torredonjimeno Actualidad\" \/>\n<meta property=\"og:description\" content=\"La Diputaci\u00f3n de Ja\u00e9n va a destinar en los pr\u00f3ximos dos a\u00f1os hasta diez millones de euros para \u00abintentar que cada vez sean menos los residuos que llegan a los vertederos\u00bb. El objetivo, seg\u00fan ha indicado el presidente de la Diputaci\u00f3n de Ja\u00e9n, Francisco Reyes, es \u00abincrementar del 15 por ciento al 50 por ciento &hellip; Diputaci\u00f3n destinar\u00e1 diez millones para reducir los residuos que acaban en los vertederos Leer m\u00e1s &raquo;\" \/>\n<meta property=\"og:url\" content=\"https:\/\/torredonjimenoactualidad.com\/index.php\/2023\/03\/01\/diputacion-destinara-diez-millones-para-reducir-los-residuos-que-acaban-en-los-vertederos\/\" \/>\n<meta property=\"og:site_name\" content=\"Torredonjimeno Actualidad\" \/>\n<meta property=\"article:published_time\" content=\"2023-03-01T18:43:14+00:00\" \/>\n<meta property=\"article:modified_time\" content=\"2023-03-06T09:06:02+00:00\" \/>\n<meta property=\"og:image\" content=\"https:\/\/torredonjimenoactualidad.com\/wp-content\/uploads\/2023\/03\/fotonoticia_20230214130826_1920.jpg\" \/>\n\t<meta property=\"og:image:width\" content=\"1920\" \/>\n\t<meta property=\"og:image:height\" content=\"1199\" \/>\n\t<meta property=\"og:image:type\" content=\"image\/jpeg\" \/>\n<meta name=\"author\" content=\"jimenoactualidad\" \/>\n<meta name=\"twitter:card\" content=\"summary_large_image\" \/>\n<meta name=\"twitter:label1\" content=\"Escrito por\" \/>\n\t<meta name=\"twitter:data1\" content=\"jimenoactualidad\" \/>\n\t<meta name=\"twitter:label2\" content=\"Tiempo de lectura\" \/>\n\t<meta name=\"twitter:data2\" content=\"2 minutos\" \/>\n<script type=\"application\/ld+json\" class=\"yoast-schema-graph\">{\"@context\":\"https:\/\/schema.org\",\"@graph\":[{\"@type\":\"Article\",\"@id\":\"https:\/\/torredonjimenoactualidad.com\/index.php\/2023\/03\/01\/diputacion-destinara-diez-millones-para-reducir-los-residuos-que-acaban-en-los-vertederos\/#article\",\"isPartOf\":{\"@id\":\"https:\/\/torredonjimenoactualidad.com\/index.php\/2023\/03\/01\/diputacion-destinara-diez-millones-para-reducir-los-residuos-que-acaban-en-los-vertederos\/\"},\"author\":{\"name\":\"jimenoactualidad\",\"@id\":\"https:\/\/torredonjimenoactualidad.com\/#\/schema\/person\/890fea51f5dcffe6a02d0233f5282106\"},\"headline\":\"Diputaci\u00f3n destinar\u00e1 diez millones para reducir los residuos que acaban en los vertederos\",\"datePublished\":\"2023-03-01T18:43:14+00:00\",\"dateModified\":\"2023-03-06T09:06:02+00:00\",\"mainEntityOfPage\":{\"@id\":\"https:\/\/torredonjimenoactualidad.com\/index.php\/2023\/03\/01\/diputacion-destinara-diez-millones-para-reducir-los-residuos-que-acaban-en-los-vertederos\/\"},\"wordCount\":491,\"publisher\":{\"@id\":\"https:\/\/torredonjimenoactualidad.com\/#organization\"},\"articleSection\":[\"provincia\"],\"inLanguage\":\"es\"},{\"@type\":\"WebPage\",\"@id\":\"https:\/\/torredonjimenoactualidad.com\/index.php\/2023\/03\/01\/diputacion-destinara-diez-millones-para-reducir-los-residuos-que-acaban-en-los-vertederos\/\",\"url\":\"https:\/\/torredonjimenoactualidad.com\/index.php\/2023\/03\/01\/diputacion-destinara-diez-millones-para-reducir-los-residuos-que-acaban-en-los-vertederos\/\",\"name\":\"Diputaci\u00f3n destinar\u00e1 diez millones para reducir los residuos que acaban en los vertederos - Torredonjimeno Actualidad\",\"isPartOf\":{\"@id\":\"https:\/\/torredonjimenoactualidad.com\/#website\"},\"datePublished\":\"2023-03-01T18:43:14+00:00\",\"dateModified\":\"2023-03-06T09:06:02+00:00\",\"breadcrumb\":{\"@id\":\"https:\/\/torredonjimenoactualidad.com\/index.php\/2023\/03\/01\/diputacion-destinara-diez-millones-para-reducir-los-residuos-que-acaban-en-los-vertederos\/#breadcrumb\"},\"inLanguage\":\"es\",\"potentialAction\":[{\"@type\":\"ReadAction\",\"target\":[\"https:\/\/torredonjimenoactualidad.com\/index.php\/2023\/03\/01\/diputacion-destinara-diez-millones-para-reducir-los-residuos-que-acaban-en-los-vertederos\/\"]}]},{\"@type\":\"BreadcrumbList\",\"@id\":\"https:\/\/torredonjimenoactualidad.com\/index.php\/2023\/03\/01\/diputacion-destinara-diez-millones-para-reducir-los-residuos-que-acaban-en-los-vertederos\/#breadcrumb\",\"itemListElement\":[{\"@type\":\"ListItem\",\"position\":1,\"name\":\"Portada\",\"item\":\"https:\/\/torredonjimenoactualidad.com\/\"},{\"@type\":\"ListItem\",\"position\":2,\"name\":\"Diputaci\u00f3n destinar\u00e1 diez millones para reducir los residuos que acaban en los vertederos\"}]},{\"@type\":\"WebSite\",\"@id\":\"https:\/\/torredonjimenoactualidad.com\/#website\",\"url\":\"https:\/\/torredonjimenoactualidad.com\/\",\"name\":\"Torredonjimeno Actualidad\",\"description\":\"\",\"publisher\":{\"@id\":\"https:\/\/torredonjimenoactualidad.com\/#organization\"},\"potentialAction\":[{\"@type\":\"SearchAction\",\"target\":{\"@type\":\"EntryPoint\",\"urlTemplate\":\"https:\/\/torredonjimenoactualidad.com\/?s={search_term_string}\"},\"query-input\":\"required name=search_term_string\"}],\"inLanguage\":\"es\"},{\"@type\":\"Organization\",\"@id\":\"https:\/\/torredonjimenoactualidad.com\/#organization\",\"name\":\"Torredonjimeno Actualidad\",\"url\":\"https:\/\/torredonjimenoactualidad.com\/\",\"logo\":{\"@type\":\"ImageObject\",\"inLanguage\":\"es\",\"@id\":\"https:\/\/torredonjimenoactualidad.com\/#\/schema\/logo\/image\/\",\"url\":\"https:\/\/torredonjimenoactualidad.com\/wp-content\/uploads\/2023\/02\/logo-torredonjimeno-544x180-1.png\",\"contentUrl\":\"https:\/\/torredonjimenoactualidad.com\/wp-content\/uploads\/2023\/02\/logo-torredonjimeno-544x180-1.png\",\"width\":545,\"height\":112,\"caption\":\"Torredonjimeno Actualidad\"},\"image\":{\"@id\":\"https:\/\/torredonjimenoactualidad.com\/#\/schema\/logo\/image\/\"}},{\"@type\":\"Person\",\"@id\":\"https:\/\/torredonjimenoactualidad.com\/#\/schema\/person\/890fea51f5dcffe6a02d0233f5282106\",\"name\":\"jimenoactualidad\",\"image\":{\"@type\":\"ImageObject\",\"inLanguage\":\"es\",\"@id\":\"https:\/\/torredonjimenoactualidad.com\/#\/schema\/person\/image\/\",\"url\":\"https:\/\/secure.gravatar.com\/avatar\/0668216c1d3ac3a25632718dbd8be89f94bdec298cfd7c7031591681cd0724b1?s=96&d=mm&r=g\",\"contentUrl\":\"https:\/\/secure.gravatar.com\/avatar\/0668216c1d3ac3a25632718dbd8be89f94bdec298cfd7c7031591681cd0724b1?s=96&d=mm&r=g\",\"caption\":\"jimenoactualidad\"},\"sameAs\":[\"https:\/\/torredonjimenoactualidad.com\"],\"url\":\"https:\/\/torredonjimenoactualidad.com\/index.php\/author\/jimenoactualidad\/\"}]}<\/script>\n<!-- \/ Yoast SEO plugin. -->","yoast_head_json":{"title":"Diputaci\u00f3n destinar\u00e1 diez millones para reducir los residuos que acaban en los vertederos - Torredonjimeno Actualidad","robots":{"index":"index","follow":"follow","max-snippet":"max-snippet:-1","max-image-preview":"max-image-preview:large","max-video-preview":"max-video-preview:-1"},"canonical":"https:\/\/torredonjimenoactualidad.com\/index.php\/2023\/03\/01\/diputacion-destinara-diez-millones-para-reducir-los-residuos-que-acaban-en-los-vertederos\/","og_locale":"es_ES","og_type":"article","og_title":"Diputaci\u00f3n destinar\u00e1 diez millones para reducir los residuos que acaban en los vertederos - Torredonjimeno Actualidad","og_description":"La Diputaci\u00f3n de Ja\u00e9n va a destinar en los pr\u00f3ximos dos a\u00f1os hasta diez millones de euros para \u00abintentar que cada vez sean menos los residuos que llegan a los vertederos\u00bb. El objetivo, seg\u00fan ha indicado el presidente de la Diputaci\u00f3n de Ja\u00e9n, Francisco Reyes, es \u00abincrementar del 15 por ciento al 50 por ciento &hellip; Diputaci\u00f3n destinar\u00e1 diez millones para reducir los residuos que acaban en los vertederos Leer m\u00e1s &raquo;","og_url":"https:\/\/torredonjimenoactualidad.com\/index.php\/2023\/03\/01\/diputacion-destinara-diez-millones-para-reducir-los-residuos-que-acaban-en-los-vertederos\/","og_site_name":"Torredonjimeno Actualidad","article_published_time":"2023-03-01T18:43:14+00:00","article_modified_time":"2023-03-06T09:06:02+00:00","og_image":[{"width":1920,"height":1199,"url":"https:\/\/torredonjimenoactualidad.com\/wp-content\/uploads\/2023\/03\/fotonoticia_20230214130826_1920.jpg","type":"image\/jpeg"}],"author":"jimenoactualidad","twitter_card":"summary_large_image","twitter_misc":{"Escrito por":"jimenoactualidad","Tiempo de lectura":"2 minutos"},"schema":{"@context":"https:\/\/schema.org","@graph":[{"@type":"Article","@id":"https:\/\/torredonjimenoactualidad.com\/index.php\/2023\/03\/01\/diputacion-destinara-diez-millones-para-reducir-los-residuos-que-acaban-en-los-vertederos\/#article","isPartOf":{"@id":"https:\/\/torredonjimenoactualidad.com\/index.php\/2023\/03\/01\/diputacion-destinara-diez-millones-para-reducir-los-residuos-que-acaban-en-los-vertederos\/"},"author":{"name":"jimenoactualidad","@id":"https:\/\/torredonjimenoactualidad.com\/#\/schema\/person\/890fea51f5dcffe6a02d0233f5282106"},"headline":"Diputaci\u00f3n destinar\u00e1 diez millones para reducir los residuos que acaban en los vertederos","datePublished":"2023-03-01T18:43:14+00:00","dateModified":"2023-03-06T09:06:02+00:00","mainEntityOfPage":{"@id":"https:\/\/torredonjimenoactualidad.com\/index.php\/2023\/03\/01\/diputacion-destinara-diez-millones-para-reducir-los-residuos-que-acaban-en-los-vertederos\/"},"wordCount":491,"publisher":{"@id":"https:\/\/torredonjimenoactualidad.com\/#organization"},"articleSection":["provincia"],"inLanguage":"es"},{"@type":"WebPage","@id":"https:\/\/torredonjimenoactualidad.com\/index.php\/2023\/03\/01\/diputacion-destinara-diez-millones-para-reducir-los-residuos-que-acaban-en-los-vertederos\/","url":"https:\/\/torredonjimenoactualidad.com\/index.php\/2023\/03\/01\/diputacion-destinara-diez-millones-para-reducir-los-residuos-que-acaban-en-los-vertederos\/","name":"Diputaci\u00f3n destinar\u00e1 diez millones para reducir los residuos que acaban en los vertederos - Torredonjimeno Actualidad","isPartOf":{"@id":"https:\/\/torredonjimenoactualidad.com\/#website"},"datePublished":"2023-03-01T18:43:14+00:00","dateModified":"2023-03-06T09:06:02+00:00","breadcrumb":{"@id":"https:\/\/torredonjimenoactualidad.com\/index.php\/2023\/03\/01\/diputacion-destinara-diez-millones-para-reducir-los-residuos-que-acaban-en-los-vertederos\/#breadcrumb"},"inLanguage":"es","potentialAction":[{"@type":"ReadAction","target":["https:\/\/torredonjimenoactualidad.com\/index.php\/2023\/03\/01\/diputacion-destinara-diez-millones-para-reducir-los-residuos-que-acaban-en-los-vertederos\/"]}]},{"@type":"BreadcrumbList","@id":"https:\/\/torredonjimenoactualidad.com\/index.php\/2023\/03\/01\/diputacion-destinara-diez-millones-para-reducir-los-residuos-que-acaban-en-los-vertederos\/#breadcrumb","itemListElement":[{"@type":"ListItem","position":1,"name":"Portada","item":"https:\/\/torredonjimenoactualidad.com\/"},{"@type":"ListItem","position":2,"name":"Diputaci\u00f3n destinar\u00e1 diez millones para reducir los residuos que acaban en los vertederos"}]},{"@type":"WebSite","@id":"https:\/\/torredonjimenoactualidad.com\/#website","url":"https:\/\/torredonjimenoactualidad.com\/","name":"Torredonjimeno Actualidad","description":"","publisher":{"@id":"https:\/\/torredonjimenoactualidad.com\/#organization"},"potentialAction":[{"@type":"SearchAction","target":{"@type":"EntryPoint","urlTemplate":"https:\/\/torredonjimenoactualidad.com\/?s={search_term_string}"},"query-input":"required name=search_term_string"}],"inLanguage":"es"},{"@type":"Organization","@id":"https:\/\/torredonjimenoactualidad.com\/#organization","name":"Torredonjimeno Actualidad","url":"https:\/\/torredonjimenoactualidad.com\/","logo":{"@type":"ImageObject","inLanguage":"es","@id":"https:\/\/torredonjimenoactualidad.com\/#\/schema\/logo\/image\/","url":"https:\/\/torredonjimenoactualidad.com\/wp-content\/uploads\/2023\/02\/logo-torredonjimeno-544x180-1.png","contentUrl":"https:\/\/torredonjimenoactualidad.com\/wp-content\/uploads\/2023\/02\/logo-torredonjimeno-544x180-1.png","width":545,"height":112,"caption":"Torredonjimeno Actualidad"},"image":{"@id":"https:\/\/torredonjimenoactualidad.com\/#\/schema\/logo\/image\/"}},{"@type":"Person","@id":"https:\/\/torredonjimenoactualidad.com\/#\/schema\/person\/890fea51f5dcffe6a02d0233f5282106","name":"jimenoactualidad","image":{"@type":"ImageObject","inLanguage":"es","@id":"https:\/\/torredonjimenoactualidad.com\/#\/schema\/person\/image\/","url":"https:\/\/secure.gravatar.com\/avatar\/0668216c1d3ac3a25632718dbd8be89f94bdec298cfd7c7031591681cd0724b1?s=96&d=mm&r=g","contentUrl":"https:\/\/secure.gravatar.com\/avatar\/0668216c1d3ac3a25632718dbd8be89f94bdec298cfd7c7031591681cd0724b1?s=96&d=mm&r=g","caption":"jimenoactualidad"},"sameAs":["https:\/\/torredonjimenoactualidad.com"],"url":"https:\/\/torredonjimenoactualidad.com\/index.php\/author\/jimenoactualidad\/"}]}},"_links":{"self":[{"href":"https:\/\/torredonjimenoactualidad.com\/index.php\/wp-json\/wp\/v2\/posts\/71","targetHints":{"allow":["GET"]}}],"collection":[{"href":"https:\/\/torredonjimenoactualidad.com\/index.php\/wp-json\/wp\/v2\/posts"}],"about":[{"href":"https:\/\/torredonjimenoactualidad.com\/index.php\/wp-json\/wp\/v2\/types\/post"}],"author":[{"embeddable":true,"href":"https:\/\/torredonjimenoactualidad.com\/index.php\/wp-json\/wp\/v2\/users\/1"}],"replies":[{"embeddable":true,"href":"https:\/\/torredonjimenoactualidad.com\/index.php\/wp-json\/wp\/v2\/comments?post=71"}],"version-history":[{"count":1,"href":"https:\/\/torredonjimenoactualidad.com\/index.php\/wp-json\/wp\/v2\/posts\/71\/revisions"}],"predecessor-version":[{"id":73,"href":"https:\/\/torredonjimenoactualidad.com\/index.php\/wp-json\/wp\/v2\/posts\/71\/revisions\/73"}],"wp:featuredmedia":[{"embeddable":true,"href":"https:\/\/torredonjimenoactualidad.com\/index.php\/wp-json\/wp\/v2\/media\/72"}],"wp:attachment":[{"href":"https:\/\/torredonjimenoactualidad.com\/index.php\/wp-json\/wp\/v2\/media?parent=71"}],"wp:term":[{"taxonomy":"category","embeddable":true,"href":"https:\/\/torredonjimenoactualidad.com\/index.php\/wp-json\/wp\/v2\/categories?post=71"},{"taxonomy":"post_tag","embeddable":true,"href":"https:\/\/torredonjimenoactualidad.com\/index.php\/wp-json\/wp\/v2\/tags?post=71"}],"curies":[{"name":"wp","href":"https:\/\/api.w.org\/{rel}","templated":true}]}}