{"id":509,"date":"2023-03-31T05:09:31","date_gmt":"2023-03-31T05:09:31","guid":{"rendered":"https:\/\/torredonjimenoactualidad.com\/?p=509"},"modified":"2023-04-10T18:21:36","modified_gmt":"2023-04-10T18:21:36","slug":"el-pp-dice-que-el-psoe-no-hizo-nada-por-la-a-306-y-su-conversion-en-autovia-para-unir-jaen-y-cordoba","status":"publish","type":"post","link":"https:\/\/torredonjimenoactualidad.com\/index.php\/2023\/03\/31\/el-pp-dice-que-el-psoe-no-hizo-nada-por-la-a-306-y-su-conversion-en-autovia-para-unir-jaen-y-cordoba\/","title":{"rendered":"El PP dice que el PSOE \u00abno hizo nada\u00bb por la A-306 y su conversi\u00f3n en autov\u00eda para unir Ja\u00e9n y C\u00f3rdoba"},"content":{"rendered":"\n<p>El parlamentario andaluz del PP de Ja\u00e9n Juanma Marchal ha dicho a todos los alcalde cr\u00edticos con el proyecto de seguridad vial y mejora de capacidad de la carretera A-306 que durante los 37 a\u00f1os de gobiernos socialistas en la Junta \u00abpermanecieron callados\u00bb y el PSOE \u00abno hizo nada\u00bb por esta carretera y su conversi\u00f3n en autov\u00eda para conectar la provincia de Ja\u00e9n con C\u00f3rdoba, lo que \u00abdeslegitima las acusaciones que los regidores del PSOE vierten contra el Gobierno de Juanma Moreno\u00bb.<\/p>\n\n\n\n<p>\u00abNos sorprende que consideraran que la carretera estaba en perfectas condiciones cuando gobernaba el PSOE y ahora critiquen el proyecto del PP para mejorarla\u00bb, ha dicho el diputado auton\u00f3mico en un comunicado, al tiempo que ha apuntado que en 2008 el Gobierno socialista de la Junta de Andaluc\u00eda anunci\u00f3 que transformar\u00eda la carretera en autov\u00eda \u00aby no hicieron nada\u00bb para unir mediante esta infraestructura las provincias de C\u00f3rdoba y Ja\u00e9n por El Carpio y Torredonjimeno.<\/p>\n\n\n\n<p>Frente a ello, ha apuntado que el Gobierno de Juanma Moreno ha librado m\u00e1s de 17 millones de euros para acometer una serie de actuaciones que redundar\u00e1n en beneficio de los usuarios y de las que se ha informado a los alcaldes de los municipios por la que discurre la A-306, por lo que \u00absaben que es una primera fase del proyecto de mejora de la carretera hasta El Carpio\u00bb.<\/p>\n\n\n\n<p>En este sentido, el parlamentario ha incidido en que la Consejer\u00eda de Fomento acomete una obra que implica la reforma integral de un trazado de 16 kil\u00f3metros. La actuaci\u00f3n abarca la rehabilitaci\u00f3n del firme, la dotaci\u00f3n de accesos seguros a las fincas colindantes, la remodelaci\u00f3n de los cruces as\u00ed como la construcci\u00f3n de un tercer carril adicional en tramos de mayor peligrosidad para facilitar los adelantamientos en una carretera muy transitada por tractores y maquinaria agr\u00edcola.<\/p>\n\n\n\n<p>Para finalizar, Marchal ha pedido a los socialistas que asuman lo que es una evidencia y que no es otra que \u00abdurante los gobiernos socialistas la inversi\u00f3n en esta carretera fue de cero euros y que con el gobierno de Juanma Moreno se acomete una inversi\u00f3n de 17 millones. Es la gran diferencia\u00bb.<\/p>\n","protected":false},"excerpt":{"rendered":"<p>El parlamentario andaluz del PP de Ja\u00e9n Juanma Marchal ha dicho a todos los alcalde cr\u00edticos con el proyecto de seguridad vial y mejora de capacidad de la carretera A-306 que durante los 37 a\u00f1os de gobiernos socialistas en la Junta \u00abpermanecieron callados\u00bb y el PSOE \u00abno hizo nada\u00bb por esta carretera y su conversi\u00f3n &hellip;<\/p>\n<p class=\"read-more\"> <a class=\"\" href=\"https:\/\/torredonjimenoactualidad.com\/index.php\/2023\/03\/31\/el-pp-dice-que-el-psoe-no-hizo-nada-por-la-a-306-y-su-conversion-en-autovia-para-unir-jaen-y-cordoba\/\"> <span class=\"screen-reader-text\">El PP dice que el PSOE \u00abno hizo nada\u00bb por la A-306 y su conversi\u00f3n en autov\u00eda para unir Ja\u00e9n y C\u00f3rdoba<\/span> Leer m\u00e1s &raquo;<\/a><\/p>\n","protected":false},"author":2,"featured_media":510,"comment_status":"closed","ping_status":"closed","sticky":false,"template":"","format":"standard","meta":{"site-sidebar-layout":"default","site-content-layout":"default","ast-global-header-display":"","ast-main-header-display":"","ast-hfb-above-header-display":"","ast-hfb-below-header-display":"","ast-hfb-mobile-header-display":"","site-post-title":"","ast-breadcrumbs-content":"","ast-featured-img":"","footer-sml-layout":"","theme-transparent-header-meta":"","adv-header-id-meta":"","stick-header-meta":"","header-above-stick-meta":"","header-main-stick-meta":"","header-below-stick-meta":"","footnotes":""},"categories":[8],"tags":[],"class_list":["post-509","post","type-post","status-publish","format-standard","has-post-thumbnail","hentry","category-provincia"],"yoast_head":"<!-- This site is optimized with the Yoast SEO plugin v20.8 - https:\/\/yoast.com\/wordpress\/plugins\/seo\/ -->\n<title>El PP dice que el PSOE &quot;no hizo nada&quot; por la A-306 y su conversi\u00f3n en autov\u00eda para unir Ja\u00e9n y C\u00f3rdoba - Torredonjimeno Actualidad<\/title>\n<meta name=\"robots\" content=\"index, follow, max-snippet:-1, max-image-preview:large, max-video-preview:-1\" \/>\n<link rel=\"canonical\" href=\"https:\/\/torredonjimenoactualidad.com\/index.php\/2023\/03\/31\/el-pp-dice-que-el-psoe-no-hizo-nada-por-la-a-306-y-su-conversion-en-autovia-para-unir-jaen-y-cordoba\/\" \/>\n<meta property=\"og:locale\" content=\"es_ES\" \/>\n<meta property=\"og:type\" content=\"article\" \/>\n<meta property=\"og:title\" content=\"El PP dice que el PSOE &quot;no hizo nada&quot; por la A-306 y su conversi\u00f3n en autov\u00eda para unir Ja\u00e9n y C\u00f3rdoba - Torredonjimeno Actualidad\" \/>\n<meta property=\"og:description\" content=\"El parlamentario andaluz del PP de Ja\u00e9n Juanma Marchal ha dicho a todos los alcalde cr\u00edticos con el proyecto de seguridad vial y mejora de capacidad de la carretera A-306 que durante los 37 a\u00f1os de gobiernos socialistas en la Junta \u00abpermanecieron callados\u00bb y el PSOE \u00abno hizo nada\u00bb por esta carretera y su conversi\u00f3n &hellip; El PP dice que el PSOE \u00abno hizo nada\u00bb por la A-306 y su conversi\u00f3n en autov\u00eda para unir Ja\u00e9n y C\u00f3rdoba Leer m\u00e1s &raquo;\" \/>\n<meta property=\"og:url\" content=\"https:\/\/torredonjimenoactualidad.com\/index.php\/2023\/03\/31\/el-pp-dice-que-el-psoe-no-hizo-nada-por-la-a-306-y-su-conversion-en-autovia-para-unir-jaen-y-cordoba\/\" \/>\n<meta property=\"og:site_name\" content=\"Torredonjimeno Actualidad\" \/>\n<meta property=\"article:published_time\" content=\"2023-03-31T05:09:31+00:00\" \/>\n<meta property=\"article:modified_time\" content=\"2023-04-10T18:21:36+00:00\" \/>\n<meta property=\"og:image\" content=\"https:\/\/torredonjimenoactualidad.com\/wp-content\/uploads\/2023\/03\/carretera-cordoba-jaen-R7PXvM32KyPR2ftyqRq585L-1200x840@abc.jpg\" \/>\n\t<meta property=\"og:image:width\" content=\"1200\" \/>\n\t<meta property=\"og:image:height\" content=\"686\" \/>\n\t<meta property=\"og:image:type\" content=\"image\/jpeg\" \/>\n<meta name=\"author\" content=\"Alba Mar\u00eda Torres\" \/>\n<meta name=\"twitter:card\" content=\"summary_large_image\" \/>\n<meta name=\"twitter:label1\" content=\"Escrito por\" \/>\n\t<meta name=\"twitter:data1\" content=\"Alba Mar\u00eda Torres\" \/>\n\t<meta name=\"twitter:label2\" content=\"Tiempo de lectura\" \/>\n\t<meta name=\"twitter:data2\" content=\"2 minutos\" \/>\n<script type=\"application\/ld+json\" class=\"yoast-schema-graph\">{\"@context\":\"https:\/\/schema.org\",\"@graph\":[{\"@type\":\"Article\",\"@id\":\"https:\/\/torredonjimenoactualidad.com\/index.php\/2023\/03\/31\/el-pp-dice-que-el-psoe-no-hizo-nada-por-la-a-306-y-su-conversion-en-autovia-para-unir-jaen-y-cordoba\/#article\",\"isPartOf\":{\"@id\":\"https:\/\/torredonjimenoactualidad.com\/index.php\/2023\/03\/31\/el-pp-dice-que-el-psoe-no-hizo-nada-por-la-a-306-y-su-conversion-en-autovia-para-unir-jaen-y-cordoba\/\"},\"author\":{\"name\":\"Alba Mar\u00eda Torres\",\"@id\":\"https:\/\/torredonjimenoactualidad.com\/#\/schema\/person\/84de5f233e783ef2c75151a532b54977\"},\"headline\":\"El PP dice que el PSOE \u00abno hizo nada\u00bb por la A-306 y su conversi\u00f3n en autov\u00eda para unir Ja\u00e9n y C\u00f3rdoba\",\"datePublished\":\"2023-03-31T05:09:31+00:00\",\"dateModified\":\"2023-04-10T18:21:36+00:00\",\"mainEntityOfPage\":{\"@id\":\"https:\/\/torredonjimenoactualidad.com\/index.php\/2023\/03\/31\/el-pp-dice-que-el-psoe-no-hizo-nada-por-la-a-306-y-su-conversion-en-autovia-para-unir-jaen-y-cordoba\/\"},\"wordCount\":402,\"publisher\":{\"@id\":\"https:\/\/torredonjimenoactualidad.com\/#organization\"},\"articleSection\":[\"provincia\"],\"inLanguage\":\"es\"},{\"@type\":\"WebPage\",\"@id\":\"https:\/\/torredonjimenoactualidad.com\/index.php\/2023\/03\/31\/el-pp-dice-que-el-psoe-no-hizo-nada-por-la-a-306-y-su-conversion-en-autovia-para-unir-jaen-y-cordoba\/\",\"url\":\"https:\/\/torredonjimenoactualidad.com\/index.php\/2023\/03\/31\/el-pp-dice-que-el-psoe-no-hizo-nada-por-la-a-306-y-su-conversion-en-autovia-para-unir-jaen-y-cordoba\/\",\"name\":\"El PP dice que el PSOE \\\"no hizo nada\\\" por la A-306 y su conversi\u00f3n en autov\u00eda para unir Ja\u00e9n y C\u00f3rdoba - Torredonjimeno Actualidad\",\"isPartOf\":{\"@id\":\"https:\/\/torredonjimenoactualidad.com\/#website\"},\"datePublished\":\"2023-03-31T05:09:31+00:00\",\"dateModified\":\"2023-04-10T18:21:36+00:00\",\"breadcrumb\":{\"@id\":\"https:\/\/torredonjimenoactualidad.com\/index.php\/2023\/03\/31\/el-pp-dice-que-el-psoe-no-hizo-nada-por-la-a-306-y-su-conversion-en-autovia-para-unir-jaen-y-cordoba\/#breadcrumb\"},\"inLanguage\":\"es\",\"potentialAction\":[{\"@type\":\"ReadAction\",\"target\":[\"https:\/\/torredonjimenoactualidad.com\/index.php\/2023\/03\/31\/el-pp-dice-que-el-psoe-no-hizo-nada-por-la-a-306-y-su-conversion-en-autovia-para-unir-jaen-y-cordoba\/\"]}]},{\"@type\":\"BreadcrumbList\",\"@id\":\"https:\/\/torredonjimenoactualidad.com\/index.php\/2023\/03\/31\/el-pp-dice-que-el-psoe-no-hizo-nada-por-la-a-306-y-su-conversion-en-autovia-para-unir-jaen-y-cordoba\/#breadcrumb\",\"itemListElement\":[{\"@type\":\"ListItem\",\"position\":1,\"name\":\"Portada\",\"item\":\"https:\/\/torredonjimenoactualidad.com\/\"},{\"@type\":\"ListItem\",\"position\":2,\"name\":\"El PP dice que el PSOE \u00abno hizo nada\u00bb por la A-306 y su conversi\u00f3n en autov\u00eda para unir Ja\u00e9n y C\u00f3rdoba\"}]},{\"@type\":\"WebSite\",\"@id\":\"https:\/\/torredonjimenoactualidad.com\/#website\",\"url\":\"https:\/\/torredonjimenoactualidad.com\/\",\"name\":\"Torredonjimeno Actualidad\",\"description\":\"\",\"publisher\":{\"@id\":\"https:\/\/torredonjimenoactualidad.com\/#organization\"},\"potentialAction\":[{\"@type\":\"SearchAction\",\"target\":{\"@type\":\"EntryPoint\",\"urlTemplate\":\"https:\/\/torredonjimenoactualidad.com\/?s={search_term_string}\"},\"query-input\":\"required name=search_term_string\"}],\"inLanguage\":\"es\"},{\"@type\":\"Organization\",\"@id\":\"https:\/\/torredonjimenoactualidad.com\/#organization\",\"name\":\"Torredonjimeno Actualidad\",\"url\":\"https:\/\/torredonjimenoactualidad.com\/\",\"logo\":{\"@type\":\"ImageObject\",\"inLanguage\":\"es\",\"@id\":\"https:\/\/torredonjimenoactualidad.com\/#\/schema\/logo\/image\/\",\"url\":\"https:\/\/torredonjimenoactualidad.com\/wp-content\/uploads\/2023\/02\/logo-torredonjimeno-544x180-1.png\",\"contentUrl\":\"https:\/\/torredonjimenoactualidad.com\/wp-content\/uploads\/2023\/02\/logo-torredonjimeno-544x180-1.png\",\"width\":545,\"height\":112,\"caption\":\"Torredonjimeno Actualidad\"},\"image\":{\"@id\":\"https:\/\/torredonjimenoactualidad.com\/#\/schema\/logo\/image\/\"}},{\"@type\":\"Person\",\"@id\":\"https:\/\/torredonjimenoactualidad.com\/#\/schema\/person\/84de5f233e783ef2c75151a532b54977\",\"name\":\"Alba Mar\u00eda Torres\",\"image\":{\"@type\":\"ImageObject\",\"inLanguage\":\"es\",\"@id\":\"https:\/\/torredonjimenoactualidad.com\/#\/schema\/person\/image\/\",\"url\":\"https:\/\/secure.gravatar.com\/avatar\/f9371f188c71501b4475a9ba2a71595850ec72967f800a2ed8e3e2102859ed65?s=96&d=mm&r=g\",\"contentUrl\":\"https:\/\/secure.gravatar.com\/avatar\/f9371f188c71501b4475a9ba2a71595850ec72967f800a2ed8e3e2102859ed65?s=96&d=mm&r=g\",\"caption\":\"Alba Mar\u00eda Torres\"},\"url\":\"https:\/\/torredonjimenoactualidad.com\/index.php\/author\/alba-torres\/\"}]}<\/script>\n<!-- \/ Yoast SEO plugin. -->","yoast_head_json":{"title":"El PP dice que el PSOE \"no hizo nada\" por la A-306 y su conversi\u00f3n en autov\u00eda para unir Ja\u00e9n y C\u00f3rdoba - Torredonjimeno Actualidad","robots":{"index":"index","follow":"follow","max-snippet":"max-snippet:-1","max-image-preview":"max-image-preview:large","max-video-preview":"max-video-preview:-1"},"canonical":"https:\/\/torredonjimenoactualidad.com\/index.php\/2023\/03\/31\/el-pp-dice-que-el-psoe-no-hizo-nada-por-la-a-306-y-su-conversion-en-autovia-para-unir-jaen-y-cordoba\/","og_locale":"es_ES","og_type":"article","og_title":"El PP dice que el PSOE \"no hizo nada\" por la A-306 y su conversi\u00f3n en autov\u00eda para unir Ja\u00e9n y C\u00f3rdoba - Torredonjimeno Actualidad","og_description":"El parlamentario andaluz del PP de Ja\u00e9n Juanma Marchal ha dicho a todos los alcalde cr\u00edticos con el proyecto de seguridad vial y mejora de capacidad de la carretera A-306 que durante los 37 a\u00f1os de gobiernos socialistas en la Junta \u00abpermanecieron callados\u00bb y el PSOE \u00abno hizo nada\u00bb por esta carretera y su conversi\u00f3n &hellip; El PP dice que el PSOE \u00abno hizo nada\u00bb por la A-306 y su conversi\u00f3n en autov\u00eda para unir Ja\u00e9n y C\u00f3rdoba Leer m\u00e1s &raquo;","og_url":"https:\/\/torredonjimenoactualidad.com\/index.php\/2023\/03\/31\/el-pp-dice-que-el-psoe-no-hizo-nada-por-la-a-306-y-su-conversion-en-autovia-para-unir-jaen-y-cordoba\/","og_site_name":"Torredonjimeno Actualidad","article_published_time":"2023-03-31T05:09:31+00:00","article_modified_time":"2023-04-10T18:21:36+00:00","og_image":[{"width":1200,"height":686,"url":"https:\/\/torredonjimenoactualidad.com\/wp-content\/uploads\/2023\/03\/carretera-cordoba-jaen-R7PXvM32KyPR2ftyqRq585L-1200x840@abc.jpg","type":"image\/jpeg"}],"author":"Alba Mar\u00eda Torres","twitter_card":"summary_large_image","twitter_misc":{"Escrito por":"Alba Mar\u00eda Torres","Tiempo de lectura":"2 minutos"},"schema":{"@context":"https:\/\/schema.org","@graph":[{"@type":"Article","@id":"https:\/\/torredonjimenoactualidad.com\/index.php\/2023\/03\/31\/el-pp-dice-que-el-psoe-no-hizo-nada-por-la-a-306-y-su-conversion-en-autovia-para-unir-jaen-y-cordoba\/#article","isPartOf":{"@id":"https:\/\/torredonjimenoactualidad.com\/index.php\/2023\/03\/31\/el-pp-dice-que-el-psoe-no-hizo-nada-por-la-a-306-y-su-conversion-en-autovia-para-unir-jaen-y-cordoba\/"},"author":{"name":"Alba Mar\u00eda Torres","@id":"https:\/\/torredonjimenoactualidad.com\/#\/schema\/person\/84de5f233e783ef2c75151a532b54977"},"headline":"El PP dice que el PSOE \u00abno hizo nada\u00bb por la A-306 y su conversi\u00f3n en autov\u00eda para unir Ja\u00e9n y C\u00f3rdoba","datePublished":"2023-03-31T05:09:31+00:00","dateModified":"2023-04-10T18:21:36+00:00","mainEntityOfPage":{"@id":"https:\/\/torredonjimenoactualidad.com\/index.php\/2023\/03\/31\/el-pp-dice-que-el-psoe-no-hizo-nada-por-la-a-306-y-su-conversion-en-autovia-para-unir-jaen-y-cordoba\/"},"wordCount":402,"publisher":{"@id":"https:\/\/torredonjimenoactualidad.com\/#organization"},"articleSection":["provincia"],"inLanguage":"es"},{"@type":"WebPage","@id":"https:\/\/torredonjimenoactualidad.com\/index.php\/2023\/03\/31\/el-pp-dice-que-el-psoe-no-hizo-nada-por-la-a-306-y-su-conversion-en-autovia-para-unir-jaen-y-cordoba\/","url":"https:\/\/torredonjimenoactualidad.com\/index.php\/2023\/03\/31\/el-pp-dice-que-el-psoe-no-hizo-nada-por-la-a-306-y-su-conversion-en-autovia-para-unir-jaen-y-cordoba\/","name":"El PP dice que el PSOE \"no hizo nada\" por la A-306 y su conversi\u00f3n en autov\u00eda para unir Ja\u00e9n y C\u00f3rdoba - Torredonjimeno Actualidad","isPartOf":{"@id":"https:\/\/torredonjimenoactualidad.com\/#website"},"datePublished":"2023-03-31T05:09:31+00:00","dateModified":"2023-04-10T18:21:36+00:00","breadcrumb":{"@id":"https:\/\/torredonjimenoactualidad.com\/index.php\/2023\/03\/31\/el-pp-dice-que-el-psoe-no-hizo-nada-por-la-a-306-y-su-conversion-en-autovia-para-unir-jaen-y-cordoba\/#breadcrumb"},"inLanguage":"es","potentialAction":[{"@type":"ReadAction","target":["https:\/\/torredonjimenoactualidad.com\/index.php\/2023\/03\/31\/el-pp-dice-que-el-psoe-no-hizo-nada-por-la-a-306-y-su-conversion-en-autovia-para-unir-jaen-y-cordoba\/"]}]},{"@type":"BreadcrumbList","@id":"https:\/\/torredonjimenoactualidad.com\/index.php\/2023\/03\/31\/el-pp-dice-que-el-psoe-no-hizo-nada-por-la-a-306-y-su-conversion-en-autovia-para-unir-jaen-y-cordoba\/#breadcrumb","itemListElement":[{"@type":"ListItem","position":1,"name":"Portada","item":"https:\/\/torredonjimenoactualidad.com\/"},{"@type":"ListItem","position":2,"name":"El PP dice que el PSOE \u00abno hizo nada\u00bb por la A-306 y su conversi\u00f3n en autov\u00eda para unir Ja\u00e9n y C\u00f3rdoba"}]},{"@type":"WebSite","@id":"https:\/\/torredonjimenoactualidad.com\/#website","url":"https:\/\/torredonjimenoactualidad.com\/","name":"Torredonjimeno Actualidad","description":"","publisher":{"@id":"https:\/\/torredonjimenoactualidad.com\/#organization"},"potentialAction":[{"@type":"SearchAction","target":{"@type":"EntryPoint","urlTemplate":"https:\/\/torredonjimenoactualidad.com\/?s={search_term_string}"},"query-input":"required name=search_term_string"}],"inLanguage":"es"},{"@type":"Organization","@id":"https:\/\/torredonjimenoactualidad.com\/#organization","name":"Torredonjimeno Actualidad","url":"https:\/\/torredonjimenoactualidad.com\/","logo":{"@type":"ImageObject","inLanguage":"es","@id":"https:\/\/torredonjimenoactualidad.com\/#\/schema\/logo\/image\/","url":"https:\/\/torredonjimenoactualidad.com\/wp-content\/uploads\/2023\/02\/logo-torredonjimeno-544x180-1.png","contentUrl":"https:\/\/torredonjimenoactualidad.com\/wp-content\/uploads\/2023\/02\/logo-torredonjimeno-544x180-1.png","width":545,"height":112,"caption":"Torredonjimeno Actualidad"},"image":{"@id":"https:\/\/torredonjimenoactualidad.com\/#\/schema\/logo\/image\/"}},{"@type":"Person","@id":"https:\/\/torredonjimenoactualidad.com\/#\/schema\/person\/84de5f233e783ef2c75151a532b54977","name":"Alba Mar\u00eda Torres","image":{"@type":"ImageObject","inLanguage":"es","@id":"https:\/\/torredonjimenoactualidad.com\/#\/schema\/person\/image\/","url":"https:\/\/secure.gravatar.com\/avatar\/f9371f188c71501b4475a9ba2a71595850ec72967f800a2ed8e3e2102859ed65?s=96&d=mm&r=g","contentUrl":"https:\/\/secure.gravatar.com\/avatar\/f9371f188c71501b4475a9ba2a71595850ec72967f800a2ed8e3e2102859ed65?s=96&d=mm&r=g","caption":"Alba Mar\u00eda Torres"},"url":"https:\/\/torredonjimenoactualidad.com\/index.php\/author\/alba-torres\/"}]}},"_links":{"self":[{"href":"https:\/\/torredonjimenoactualidad.com\/index.php\/wp-json\/wp\/v2\/posts\/509","targetHints":{"allow":["GET"]}}],"collection":[{"href":"https:\/\/torredonjimenoactualidad.com\/index.php\/wp-json\/wp\/v2\/posts"}],"about":[{"href":"https:\/\/torredonjimenoactualidad.com\/index.php\/wp-json\/wp\/v2\/types\/post"}],"author":[{"embeddable":true,"href":"https:\/\/torredonjimenoactualidad.com\/index.php\/wp-json\/wp\/v2\/users\/2"}],"replies":[{"embeddable":true,"href":"https:\/\/torredonjimenoactualidad.com\/index.php\/wp-json\/wp\/v2\/comments?post=509"}],"version-history":[{"count":1,"href":"https:\/\/torredonjimenoactualidad.com\/index.php\/wp-json\/wp\/v2\/posts\/509\/revisions"}],"predecessor-version":[{"id":511,"href":"https:\/\/torredonjimenoactualidad.com\/index.php\/wp-json\/wp\/v2\/posts\/509\/revisions\/511"}],"wp:featuredmedia":[{"embeddable":true,"href":"https:\/\/torredonjimenoactualidad.com\/index.php\/wp-json\/wp\/v2\/media\/510"}],"wp:attachment":[{"href":"https:\/\/torredonjimenoactualidad.com\/index.php\/wp-json\/wp\/v2\/media?parent=509"}],"wp:term":[{"taxonomy":"category","embeddable":true,"href":"https:\/\/torredonjimenoactualidad.com\/index.php\/wp-json\/wp\/v2\/categories?post=509"},{"taxonomy":"post_tag","embeddable":true,"href":"https:\/\/torredonjimenoactualidad.com\/index.php\/wp-json\/wp\/v2\/tags?post=509"}],"curies":[{"name":"wp","href":"https:\/\/api.w.org\/{rel}","templated":true}]}}