{"id":4985,"date":"2026-09-01T14:47:22","date_gmt":"2026-09-01T14:47:22","guid":{"rendered":"https:\/\/torredonjimenoactualidad.com\/?p=4985"},"modified":"2026-09-01T14:47:23","modified_gmt":"2026-09-01T14:47:23","slug":"los-alcaldes-del-pp-de-jaen-alertan-del-retraso-del-pfea-y-su-posible-impacto-en-la-campana-de-aceituna","status":"publish","type":"post","link":"https:\/\/torredonjimenoactualidad.com\/index.php\/2026\/09\/01\/los-alcaldes-del-pp-de-jaen-alertan-del-retraso-del-pfea-y-su-posible-impacto-en-la-campana-de-aceituna\/","title":{"rendered":"Los alcaldes del PP de Ja\u00e9n alertan del retraso del PFEA y su posible impacto en la campa\u00f1a de aceituna"},"content":{"rendered":"\n<p class=\"wp-block-paragraph\">Los alcaldes del Partido Popular de la provincia de Ja\u00e9n, entre ellos el alcalde de Torredonjimeno,&nbsp;<strong>Enrique Castro<\/strong>, han mostrado su preocupaci\u00f3n por el retraso en la tramitaci\u00f3n del Programa de Fomento del Empleo Agrario (PFEA), anteriormente conocido como PER, ante las consecuencias que esta demora podr\u00eda tener tanto para la contrataci\u00f3n de trabajadores eventuales agrarios como para la ejecuci\u00f3n de obras municipales.&nbsp;<\/p>\n\n\n\n<p class=\"wp-block-paragraph\">Los regidores populares reclaman que se agilicen las resoluciones necesarias para que los ayuntamientos puedan poner en marcha los proyectos incluidos en este programa y realizar las correspondientes contrataciones. La preocupaci\u00f3n aumenta ante la proximidad de la&nbsp;<strong>campa\u00f1a de recogida de la aceituna<\/strong>, ya que muchos de los trabajadores que habitualmente participan en las actuaciones del PFEA podr\u00edan incorporarse entonces a las labores agr\u00edcolas.<\/p>\n\n\n\n<p class=\"wp-block-paragraph\">El presidente del Consejo de Alcaldes del PP de Ja\u00e9n,&nbsp;<strong>Marino Aguilera<\/strong>, ha se\u00f1alado que se ha llegado al mes de septiembre sin que todav\u00eda se hayan celebrado las reuniones de los consejos comarcales, encuentros que en ejercicios anteriores tuvieron lugar en junio, julio o, como muy tarde, a comienzos de agosto. Seg\u00fan la informaci\u00f3n trasladada a los alcaldes, estas reuniones est\u00e1n previstas para la pr\u00f3xima semana y la comisi\u00f3n provincial para el&nbsp;<strong>11 de septiembre<\/strong>.&nbsp;<\/p>\n\n\n\n<p class=\"wp-block-paragraph\">Aguilera advierte de la posibilidad de llegar a octubre, ya en plena \u00e9poca de recogida de aceituna, sin que los municipios hayan podido ofrecer estas oportunidades laborales ni ejecutar las obras previstas. Hasta que se apruebe el reparto de las ayudas correspondiente a cada municipio no podr\u00e1n emitirse las resoluciones que permitan a los ayuntamientos iniciar sus proyectos.&nbsp;<\/p>\n\n\n\n<p class=\"wp-block-paragraph\">Desde el PP insisten en que el problema no afecta \u00fanicamente a las obras municipales, sino tambi\u00e9n al&nbsp;<strong>empleo de cientos de trabajadores eventuales<\/strong>&nbsp;para quienes estos contratos tienen especial importancia. Asimismo, alertan de que la coincidencia de los trabajos del PFEA con la campa\u00f1a de aceituna podr\u00eda provocar nuevos retrasos en la ejecuci\u00f3n de los proyectos.&nbsp;<\/p>\n\n\n\n<p class=\"wp-block-paragraph\">Los alcaldes populares reclaman por ello mayor agilidad en la tramitaci\u00f3n y plantean tambi\u00e9n la necesidad de actualizar la financiaci\u00f3n del PFEA ante el incremento experimentado por los costes de la mano de obra y los materiales.<\/p>\n","protected":false},"excerpt":{"rendered":"<p>Los alcaldes del Partido Popular de la provincia de Ja\u00e9n, entre ellos el alcalde de Torredonjimeno,&nbsp;Enrique Castro, han mostrado su preocupaci\u00f3n por el retraso en la tramitaci\u00f3n del Programa de Fomento del Empleo Agrario (PFEA), anteriormente conocido como PER, ante las consecuencias que esta demora podr\u00eda tener tanto para la contrataci\u00f3n de trabajadores eventuales agrarios &hellip;<\/p>\n<p class=\"read-more\"> <a class=\"\" href=\"https:\/\/torredonjimenoactualidad.com\/index.php\/2026\/09\/01\/los-alcaldes-del-pp-de-jaen-alertan-del-retraso-del-pfea-y-su-posible-impacto-en-la-campana-de-aceituna\/\"> <span class=\"screen-reader-text\">Los alcaldes del PP de Ja\u00e9n alertan del retraso del PFEA y su posible impacto en la campa\u00f1a de aceituna<\/span> Leer m\u00e1s &raquo;<\/a><\/p>\n","protected":false},"author":1,"featured_media":4986,"comment_status":"closed","ping_status":"open","sticky":false,"template":"","format":"standard","meta":{"site-sidebar-layout":"default","site-content-layout":"default","ast-global-header-display":"","ast-main-header-display":"","ast-hfb-above-header-display":"","ast-hfb-below-header-display":"","ast-hfb-mobile-header-display":"","site-post-title":"","ast-breadcrumbs-content":"","ast-featured-img":"","footer-sml-layout":"","theme-transparent-header-meta":"","adv-header-id-meta":"","stick-header-meta":"","header-above-stick-meta":"","header-main-stick-meta":"","header-below-stick-meta":"","footnotes":""},"categories":[8],"tags":[],"class_list":["post-4985","post","type-post","status-publish","format-standard","has-post-thumbnail","hentry","category-provincia"],"yoast_head":"<!-- This site is optimized with the Yoast SEO plugin v20.8 - https:\/\/yoast.com\/wordpress\/plugins\/seo\/ -->\n<title>Los alcaldes del PP de Ja\u00e9n alertan del retraso del PFEA y su posible impacto en la campa\u00f1a de aceituna - Torredonjimeno Actualidad<\/title>\n<meta name=\"robots\" content=\"index, follow, max-snippet:-1, max-image-preview:large, max-video-preview:-1\" \/>\n<link rel=\"canonical\" href=\"https:\/\/torredonjimenoactualidad.com\/index.php\/2026\/09\/01\/los-alcaldes-del-pp-de-jaen-alertan-del-retraso-del-pfea-y-su-posible-impacto-en-la-campana-de-aceituna\/\" \/>\n<meta property=\"og:locale\" content=\"es_ES\" \/>\n<meta property=\"og:type\" content=\"article\" \/>\n<meta property=\"og:title\" content=\"Los alcaldes del PP de Ja\u00e9n alertan del retraso del PFEA y su posible impacto en la campa\u00f1a de aceituna - Torredonjimeno Actualidad\" \/>\n<meta property=\"og:description\" content=\"Los alcaldes del Partido Popular de la provincia de Ja\u00e9n, entre ellos el alcalde de Torredonjimeno,&nbsp;Enrique Castro, han mostrado su preocupaci\u00f3n por el retraso en la tramitaci\u00f3n del Programa de Fomento del Empleo Agrario (PFEA), anteriormente conocido como PER, ante las consecuencias que esta demora podr\u00eda tener tanto para la contrataci\u00f3n de trabajadores eventuales agrarios &hellip; Los alcaldes del PP de Ja\u00e9n alertan del retraso del PFEA y su posible impacto en la campa\u00f1a de aceituna Leer m\u00e1s &raquo;\" \/>\n<meta property=\"og:url\" content=\"https:\/\/torredonjimenoactualidad.com\/index.php\/2026\/09\/01\/los-alcaldes-del-pp-de-jaen-alertan-del-retraso-del-pfea-y-su-posible-impacto-en-la-campana-de-aceituna\/\" \/>\n<meta property=\"og:site_name\" content=\"Torredonjimeno Actualidad\" \/>\n<meta property=\"article:published_time\" content=\"2026-09-01T14:47:22+00:00\" \/>\n<meta property=\"article:modified_time\" content=\"2026-09-01T14:47:23+00:00\" \/>\n<meta property=\"og:image\" content=\"https:\/\/torredonjimenoactualidad.com\/wp-content\/uploads\/2026\/09\/1e818377-50f5-4b53-a0db-6eb898df85f6.jpg\" \/>\n\t<meta property=\"og:image:width\" content=\"1600\" \/>\n\t<meta property=\"og:image:height\" content=\"914\" \/>\n\t<meta property=\"og:image:type\" content=\"image\/jpeg\" \/>\n<meta name=\"author\" content=\"jimenoactualidad\" \/>\n<meta name=\"twitter:card\" content=\"summary_large_image\" \/>\n<meta name=\"twitter:label1\" content=\"Escrito por\" \/>\n\t<meta name=\"twitter:data1\" content=\"jimenoactualidad\" \/>\n\t<meta name=\"twitter:label2\" content=\"Tiempo de lectura\" \/>\n\t<meta name=\"twitter:data2\" content=\"2 minutos\" \/>\n<script type=\"application\/ld+json\" class=\"yoast-schema-graph\">{\"@context\":\"https:\/\/schema.org\",\"@graph\":[{\"@type\":\"Article\",\"@id\":\"https:\/\/torredonjimenoactualidad.com\/index.php\/2026\/09\/01\/los-alcaldes-del-pp-de-jaen-alertan-del-retraso-del-pfea-y-su-posible-impacto-en-la-campana-de-aceituna\/#article\",\"isPartOf\":{\"@id\":\"https:\/\/torredonjimenoactualidad.com\/index.php\/2026\/09\/01\/los-alcaldes-del-pp-de-jaen-alertan-del-retraso-del-pfea-y-su-posible-impacto-en-la-campana-de-aceituna\/\"},\"author\":{\"name\":\"jimenoactualidad\",\"@id\":\"https:\/\/torredonjimenoactualidad.com\/#\/schema\/person\/890fea51f5dcffe6a02d0233f5282106\"},\"headline\":\"Los alcaldes del PP de Ja\u00e9n alertan del retraso del PFEA y su posible impacto en la campa\u00f1a de aceituna\",\"datePublished\":\"2026-09-01T14:47:22+00:00\",\"dateModified\":\"2026-09-01T14:47:23+00:00\",\"mainEntityOfPage\":{\"@id\":\"https:\/\/torredonjimenoactualidad.com\/index.php\/2026\/09\/01\/los-alcaldes-del-pp-de-jaen-alertan-del-retraso-del-pfea-y-su-posible-impacto-en-la-campana-de-aceituna\/\"},\"wordCount\":412,\"publisher\":{\"@id\":\"https:\/\/torredonjimenoactualidad.com\/#organization\"},\"articleSection\":[\"provincia\"],\"inLanguage\":\"es\"},{\"@type\":\"WebPage\",\"@id\":\"https:\/\/torredonjimenoactualidad.com\/index.php\/2026\/09\/01\/los-alcaldes-del-pp-de-jaen-alertan-del-retraso-del-pfea-y-su-posible-impacto-en-la-campana-de-aceituna\/\",\"url\":\"https:\/\/torredonjimenoactualidad.com\/index.php\/2026\/09\/01\/los-alcaldes-del-pp-de-jaen-alertan-del-retraso-del-pfea-y-su-posible-impacto-en-la-campana-de-aceituna\/\",\"name\":\"Los alcaldes del PP de Ja\u00e9n alertan del retraso del PFEA y su posible impacto en la campa\u00f1a de aceituna - Torredonjimeno Actualidad\",\"isPartOf\":{\"@id\":\"https:\/\/torredonjimenoactualidad.com\/#website\"},\"datePublished\":\"2026-09-01T14:47:22+00:00\",\"dateModified\":\"2026-09-01T14:47:23+00:00\",\"breadcrumb\":{\"@id\":\"https:\/\/torredonjimenoactualidad.com\/index.php\/2026\/09\/01\/los-alcaldes-del-pp-de-jaen-alertan-del-retraso-del-pfea-y-su-posible-impacto-en-la-campana-de-aceituna\/#breadcrumb\"},\"inLanguage\":\"es\",\"potentialAction\":[{\"@type\":\"ReadAction\",\"target\":[\"https:\/\/torredonjimenoactualidad.com\/index.php\/2026\/09\/01\/los-alcaldes-del-pp-de-jaen-alertan-del-retraso-del-pfea-y-su-posible-impacto-en-la-campana-de-aceituna\/\"]}]},{\"@type\":\"BreadcrumbList\",\"@id\":\"https:\/\/torredonjimenoactualidad.com\/index.php\/2026\/09\/01\/los-alcaldes-del-pp-de-jaen-alertan-del-retraso-del-pfea-y-su-posible-impacto-en-la-campana-de-aceituna\/#breadcrumb\",\"itemListElement\":[{\"@type\":\"ListItem\",\"position\":1,\"name\":\"Portada\",\"item\":\"https:\/\/torredonjimenoactualidad.com\/\"},{\"@type\":\"ListItem\",\"position\":2,\"name\":\"Los alcaldes del PP de Ja\u00e9n alertan del retraso del PFEA y su posible impacto en la campa\u00f1a de aceituna\"}]},{\"@type\":\"WebSite\",\"@id\":\"https:\/\/torredonjimenoactualidad.com\/#website\",\"url\":\"https:\/\/torredonjimenoactualidad.com\/\",\"name\":\"Torredonjimeno Actualidad\",\"description\":\"\",\"publisher\":{\"@id\":\"https:\/\/torredonjimenoactualidad.com\/#organization\"},\"potentialAction\":[{\"@type\":\"SearchAction\",\"target\":{\"@type\":\"EntryPoint\",\"urlTemplate\":\"https:\/\/torredonjimenoactualidad.com\/?s={search_term_string}\"},\"query-input\":\"required name=search_term_string\"}],\"inLanguage\":\"es\"},{\"@type\":\"Organization\",\"@id\":\"https:\/\/torredonjimenoactualidad.com\/#organization\",\"name\":\"Torredonjimeno Actualidad\",\"url\":\"https:\/\/torredonjimenoactualidad.com\/\",\"logo\":{\"@type\":\"ImageObject\",\"inLanguage\":\"es\",\"@id\":\"https:\/\/torredonjimenoactualidad.com\/#\/schema\/logo\/image\/\",\"url\":\"https:\/\/torredonjimenoactualidad.com\/wp-content\/uploads\/2023\/02\/logo-torredonjimeno-544x180-1.png\",\"contentUrl\":\"https:\/\/torredonjimenoactualidad.com\/wp-content\/uploads\/2023\/02\/logo-torredonjimeno-544x180-1.png\",\"width\":545,\"height\":112,\"caption\":\"Torredonjimeno Actualidad\"},\"image\":{\"@id\":\"https:\/\/torredonjimenoactualidad.com\/#\/schema\/logo\/image\/\"}},{\"@type\":\"Person\",\"@id\":\"https:\/\/torredonjimenoactualidad.com\/#\/schema\/person\/890fea51f5dcffe6a02d0233f5282106\",\"name\":\"jimenoactualidad\",\"image\":{\"@type\":\"ImageObject\",\"inLanguage\":\"es\",\"@id\":\"https:\/\/torredonjimenoactualidad.com\/#\/schema\/person\/image\/\",\"url\":\"https:\/\/secure.gravatar.com\/avatar\/0668216c1d3ac3a25632718dbd8be89f94bdec298cfd7c7031591681cd0724b1?s=96&d=mm&r=g\",\"contentUrl\":\"https:\/\/secure.gravatar.com\/avatar\/0668216c1d3ac3a25632718dbd8be89f94bdec298cfd7c7031591681cd0724b1?s=96&d=mm&r=g\",\"caption\":\"jimenoactualidad\"},\"sameAs\":[\"https:\/\/torredonjimenoactualidad.com\"],\"url\":\"https:\/\/torredonjimenoactualidad.com\/index.php\/author\/jimenoactualidad\/\"}]}<\/script>\n<!-- \/ Yoast SEO plugin. -->","yoast_head_json":{"title":"Los alcaldes del PP de Ja\u00e9n alertan del retraso del PFEA y su posible impacto en la campa\u00f1a de aceituna - Torredonjimeno Actualidad","robots":{"index":"index","follow":"follow","max-snippet":"max-snippet:-1","max-image-preview":"max-image-preview:large","max-video-preview":"max-video-preview:-1"},"canonical":"https:\/\/torredonjimenoactualidad.com\/index.php\/2026\/09\/01\/los-alcaldes-del-pp-de-jaen-alertan-del-retraso-del-pfea-y-su-posible-impacto-en-la-campana-de-aceituna\/","og_locale":"es_ES","og_type":"article","og_title":"Los alcaldes del PP de Ja\u00e9n alertan del retraso del PFEA y su posible impacto en la campa\u00f1a de aceituna - Torredonjimeno Actualidad","og_description":"Los alcaldes del Partido Popular de la provincia de Ja\u00e9n, entre ellos el alcalde de Torredonjimeno,&nbsp;Enrique Castro, han mostrado su preocupaci\u00f3n por el retraso en la tramitaci\u00f3n del Programa de Fomento del Empleo Agrario (PFEA), anteriormente conocido como PER, ante las consecuencias que esta demora podr\u00eda tener tanto para la contrataci\u00f3n de trabajadores eventuales agrarios &hellip; Los alcaldes del PP de Ja\u00e9n alertan del retraso del PFEA y su posible impacto en la campa\u00f1a de aceituna Leer m\u00e1s &raquo;","og_url":"https:\/\/torredonjimenoactualidad.com\/index.php\/2026\/09\/01\/los-alcaldes-del-pp-de-jaen-alertan-del-retraso-del-pfea-y-su-posible-impacto-en-la-campana-de-aceituna\/","og_site_name":"Torredonjimeno Actualidad","article_published_time":"2026-09-01T14:47:22+00:00","article_modified_time":"2026-09-01T14:47:23+00:00","og_image":[{"width":1600,"height":914,"url":"https:\/\/torredonjimenoactualidad.com\/wp-content\/uploads\/2026\/09\/1e818377-50f5-4b53-a0db-6eb898df85f6.jpg","type":"image\/jpeg"}],"author":"jimenoactualidad","twitter_card":"summary_large_image","twitter_misc":{"Escrito por":"jimenoactualidad","Tiempo de lectura":"2 minutos"},"schema":{"@context":"https:\/\/schema.org","@graph":[{"@type":"Article","@id":"https:\/\/torredonjimenoactualidad.com\/index.php\/2026\/09\/01\/los-alcaldes-del-pp-de-jaen-alertan-del-retraso-del-pfea-y-su-posible-impacto-en-la-campana-de-aceituna\/#article","isPartOf":{"@id":"https:\/\/torredonjimenoactualidad.com\/index.php\/2026\/09\/01\/los-alcaldes-del-pp-de-jaen-alertan-del-retraso-del-pfea-y-su-posible-impacto-en-la-campana-de-aceituna\/"},"author":{"name":"jimenoactualidad","@id":"https:\/\/torredonjimenoactualidad.com\/#\/schema\/person\/890fea51f5dcffe6a02d0233f5282106"},"headline":"Los alcaldes del PP de Ja\u00e9n alertan del retraso del PFEA y su posible impacto en la campa\u00f1a de aceituna","datePublished":"2026-09-01T14:47:22+00:00","dateModified":"2026-09-01T14:47:23+00:00","mainEntityOfPage":{"@id":"https:\/\/torredonjimenoactualidad.com\/index.php\/2026\/09\/01\/los-alcaldes-del-pp-de-jaen-alertan-del-retraso-del-pfea-y-su-posible-impacto-en-la-campana-de-aceituna\/"},"wordCount":412,"publisher":{"@id":"https:\/\/torredonjimenoactualidad.com\/#organization"},"articleSection":["provincia"],"inLanguage":"es"},{"@type":"WebPage","@id":"https:\/\/torredonjimenoactualidad.com\/index.php\/2026\/09\/01\/los-alcaldes-del-pp-de-jaen-alertan-del-retraso-del-pfea-y-su-posible-impacto-en-la-campana-de-aceituna\/","url":"https:\/\/torredonjimenoactualidad.com\/index.php\/2026\/09\/01\/los-alcaldes-del-pp-de-jaen-alertan-del-retraso-del-pfea-y-su-posible-impacto-en-la-campana-de-aceituna\/","name":"Los alcaldes del PP de Ja\u00e9n alertan del retraso del PFEA y su posible impacto en la campa\u00f1a de aceituna - Torredonjimeno Actualidad","isPartOf":{"@id":"https:\/\/torredonjimenoactualidad.com\/#website"},"datePublished":"2026-09-01T14:47:22+00:00","dateModified":"2026-09-01T14:47:23+00:00","breadcrumb":{"@id":"https:\/\/torredonjimenoactualidad.com\/index.php\/2026\/09\/01\/los-alcaldes-del-pp-de-jaen-alertan-del-retraso-del-pfea-y-su-posible-impacto-en-la-campana-de-aceituna\/#breadcrumb"},"inLanguage":"es","potentialAction":[{"@type":"ReadAction","target":["https:\/\/torredonjimenoactualidad.com\/index.php\/2026\/09\/01\/los-alcaldes-del-pp-de-jaen-alertan-del-retraso-del-pfea-y-su-posible-impacto-en-la-campana-de-aceituna\/"]}]},{"@type":"BreadcrumbList","@id":"https:\/\/torredonjimenoactualidad.com\/index.php\/2026\/09\/01\/los-alcaldes-del-pp-de-jaen-alertan-del-retraso-del-pfea-y-su-posible-impacto-en-la-campana-de-aceituna\/#breadcrumb","itemListElement":[{"@type":"ListItem","position":1,"name":"Portada","item":"https:\/\/torredonjimenoactualidad.com\/"},{"@type":"ListItem","position":2,"name":"Los alcaldes del PP de Ja\u00e9n alertan del retraso del PFEA y su posible impacto en la campa\u00f1a de aceituna"}]},{"@type":"WebSite","@id":"https:\/\/torredonjimenoactualidad.com\/#website","url":"https:\/\/torredonjimenoactualidad.com\/","name":"Torredonjimeno Actualidad","description":"","publisher":{"@id":"https:\/\/torredonjimenoactualidad.com\/#organization"},"potentialAction":[{"@type":"SearchAction","target":{"@type":"EntryPoint","urlTemplate":"https:\/\/torredonjimenoactualidad.com\/?s={search_term_string}"},"query-input":"required name=search_term_string"}],"inLanguage":"es"},{"@type":"Organization","@id":"https:\/\/torredonjimenoactualidad.com\/#organization","name":"Torredonjimeno Actualidad","url":"https:\/\/torredonjimenoactualidad.com\/","logo":{"@type":"ImageObject","inLanguage":"es","@id":"https:\/\/torredonjimenoactualidad.com\/#\/schema\/logo\/image\/","url":"https:\/\/torredonjimenoactualidad.com\/wp-content\/uploads\/2023\/02\/logo-torredonjimeno-544x180-1.png","contentUrl":"https:\/\/torredonjimenoactualidad.com\/wp-content\/uploads\/2023\/02\/logo-torredonjimeno-544x180-1.png","width":545,"height":112,"caption":"Torredonjimeno Actualidad"},"image":{"@id":"https:\/\/torredonjimenoactualidad.com\/#\/schema\/logo\/image\/"}},{"@type":"Person","@id":"https:\/\/torredonjimenoactualidad.com\/#\/schema\/person\/890fea51f5dcffe6a02d0233f5282106","name":"jimenoactualidad","image":{"@type":"ImageObject","inLanguage":"es","@id":"https:\/\/torredonjimenoactualidad.com\/#\/schema\/person\/image\/","url":"https:\/\/secure.gravatar.com\/avatar\/0668216c1d3ac3a25632718dbd8be89f94bdec298cfd7c7031591681cd0724b1?s=96&d=mm&r=g","contentUrl":"https:\/\/secure.gravatar.com\/avatar\/0668216c1d3ac3a25632718dbd8be89f94bdec298cfd7c7031591681cd0724b1?s=96&d=mm&r=g","caption":"jimenoactualidad"},"sameAs":["https:\/\/torredonjimenoactualidad.com"],"url":"https:\/\/torredonjimenoactualidad.com\/index.php\/author\/jimenoactualidad\/"}]}},"_links":{"self":[{"href":"https:\/\/torredonjimenoactualidad.com\/index.php\/wp-json\/wp\/v2\/posts\/4985","targetHints":{"allow":["GET"]}}],"collection":[{"href":"https:\/\/torredonjimenoactualidad.com\/index.php\/wp-json\/wp\/v2\/posts"}],"about":[{"href":"https:\/\/torredonjimenoactualidad.com\/index.php\/wp-json\/wp\/v2\/types\/post"}],"author":[{"embeddable":true,"href":"https:\/\/torredonjimenoactualidad.com\/index.php\/wp-json\/wp\/v2\/users\/1"}],"replies":[{"embeddable":true,"href":"https:\/\/torredonjimenoactualidad.com\/index.php\/wp-json\/wp\/v2\/comments?post=4985"}],"version-history":[{"count":1,"href":"https:\/\/torredonjimenoactualidad.com\/index.php\/wp-json\/wp\/v2\/posts\/4985\/revisions"}],"predecessor-version":[{"id":4987,"href":"https:\/\/torredonjimenoactualidad.com\/index.php\/wp-json\/wp\/v2\/posts\/4985\/revisions\/4987"}],"wp:featuredmedia":[{"embeddable":true,"href":"https:\/\/torredonjimenoactualidad.com\/index.php\/wp-json\/wp\/v2\/media\/4986"}],"wp:attachment":[{"href":"https:\/\/torredonjimenoactualidad.com\/index.php\/wp-json\/wp\/v2\/media?parent=4985"}],"wp:term":[{"taxonomy":"category","embeddable":true,"href":"https:\/\/torredonjimenoactualidad.com\/index.php\/wp-json\/wp\/v2\/categories?post=4985"},{"taxonomy":"post_tag","embeddable":true,"href":"https:\/\/torredonjimenoactualidad.com\/index.php\/wp-json\/wp\/v2\/tags?post=4985"}],"curies":[{"name":"wp","href":"https:\/\/api.w.org\/{rel}","templated":true}]}}