{"id":4788,"date":"2026-04-24T14:18:21","date_gmt":"2026-04-24T14:18:21","guid":{"rendered":"https:\/\/torredonjimenoactualidad.com\/?p=4788"},"modified":"2026-04-24T14:18:22","modified_gmt":"2026-04-24T14:18:22","slug":"la-junta-activa-el-plan-del-cerro-2026-con-cerca-de-mil-efectivos-para-la-romeria-de-la-virgen-de-la-cabeza-en-andujar","status":"publish","type":"post","link":"https:\/\/torredonjimenoactualidad.com\/index.php\/2026\/04\/24\/la-junta-activa-el-plan-del-cerro-2026-con-cerca-de-mil-efectivos-para-la-romeria-de-la-virgen-de-la-cabeza-en-andujar\/","title":{"rendered":"La Junta activa el Plan del Cerro 2026 con cerca de mil efectivos para la Romer\u00eda de la Virgen de la Cabeza en\u00a0And\u00fajar"},"content":{"rendered":"\n<p>La\u00a0Agencia de Emergencias de Andaluc\u00eda\u00a0ha activado el Plan del Cerro 2026, el dispositivo especial de seguridad dise\u00f1ado para prevenir riesgos y garantizar una respuesta eficaz ante cualquier emergencia durante la celebraci\u00f3n de la\u00a0Romer\u00eda de la Virgen de la Cabeza. El operativo estar\u00e1 en funcionamiento desde este viernes 24 de abril hasta el pr\u00f3ximo lunes 27, coincidiendo con la finalizaci\u00f3n de la entrada de las carrozas en el casco urbano iliturgitano.<\/p>\n\n\n\n<p>La consejera de Sostenibilidad y Medio Ambiente,&nbsp;Catalina Garc\u00eda, ha participado en la presentaci\u00f3n del dispositivo, que moviliza a cerca de un millar de efectivos de distintas administraciones y entidades. El despliegue se enmarca en el Plan Territorial de Emergencias de Protecci\u00f3n Civil de Andaluc\u00eda, activado en fase de preemergencia, situaci\u00f3n operativa 0.<\/p>\n\n\n\n<p>El dispositivo est\u00e1 coordinado por la EMA, a trav\u00e9s de sus servicios 112, Infoca, GREA y Protecci\u00f3n Civil, en colaboraci\u00f3n con el 061, servicios de urgencias de atenci\u00f3n primaria, agentes de Medio Ambiente, personal de Fomento, Guardia Civil, Unidad Adscrita, Polic\u00eda Local, bomberos y voluntariado. \u201cEste operativo lo hacemos entre todos para que la seguridad sea el mejor camino\u201d, ha destacado la consejera, subrayando el car\u00e1cter colaborativo del plan.<\/p>\n\n\n\n<p>Como principal novedad este a\u00f1o, la coordinaci\u00f3n y la atenci\u00f3n sanitaria se centralizar\u00e1n en el nuevo Centro de Coordinaci\u00f3n Operativa (Cecop), financiado con fondos europeos. Este espacio permanente sustituye a las infraestructuras provisionales utilizadas en ediciones anteriores y permitir\u00e1 gestionar en tiempo real todo el dispositivo. El Cecop cuenta adem\u00e1s con un centro sanitario completamente equipado y un \u00e1rea avanzada de coordinaci\u00f3n y operaciones.<\/p>\n\n\n\n<p>El sistema de emergencias se refuerza con el trabajo del centro de transmisiones (Cetra), gestionado por el 112 de Ja\u00e9n, y la intervenci\u00f3n del Grupo de Emergencias de Andaluc\u00eda (GREA), que incrementa la capacidad operativa sobre el terreno.<\/p>\n\n\n\n<p>En el \u00e1mbito sanitario, el operativo dirigido por el 061 dispone de 47 profesionales, UVI m\u00f3viles, veh\u00edculos de intervenci\u00f3n r\u00e1pida, helic\u00f3pteros, un centro sanitario principal y diez puntos de atenci\u00f3n distribuidos estrat\u00e9gicamente. Asimismo, se mantiene un puesto asistencial en Lugar Nuevo y un equipo sanitario acompa\u00f1ar\u00e1 la caravana desde Marmolejo durante el recorrido de ida y vuelta.<\/p>\n\n\n\n<p>La romer\u00eda volver\u00e1 a ser un espacio cardioprotegido, con 20 desfibriladores disponibles, y contar\u00e1 con sistemas tecnol\u00f3gicos de \u00faltima generaci\u00f3n, como control de aforos mediante wifi inteligente, geolocalizaci\u00f3n GPS de comitivas, el sistema de alertas ES-Alert, una aplicaci\u00f3n m\u00f3vil informativa y cartograf\u00eda digital avanzada.<\/p>\n\n\n\n<p>El operativo tambi\u00e9n pone el foco en la protecci\u00f3n del entorno natural donde se celebra la romer\u00eda, en pleno coraz\u00f3n de&nbsp;Sierra Morena, dentro del Parque Natural Sierra de And\u00fajar, un espacio integrado en la Red Natura con m\u00e1s de 20.000 hect\u00e1reas de monte p\u00fablico.<\/p>\n\n\n\n<p>En este sentido, el Plan Infoca desplegar\u00e1 un dispositivo espec\u00edfico con 30 profesionales diarios, reforzado por la Brica de Granada, medios a\u00e9reos y una amplia dotaci\u00f3n de veh\u00edculos y recursos t\u00e9cnicos. Adem\u00e1s, se prev\u00e9 la posibilidad de refuerzos regionales con helic\u00f3pteros adicionales en caso de necesidad.<\/p>\n\n\n\n<p>\u201cOjal\u00e1 no haya que activarlo, pero estamos preparados para cualquier contingencia\u201d, ha afirmado Catalina Garc\u00eda, quien ha agradecido la implicaci\u00f3n de cofrad\u00edas y pe\u00f1as romeras y ha apelado a la responsabilidad de los peregrinos para que la celebraci\u00f3n transcurra con normalidad y seguridad.<\/p>\n","protected":false},"excerpt":{"rendered":"<p>La\u00a0Agencia de Emergencias de Andaluc\u00eda\u00a0ha activado el Plan del Cerro 2026, el dispositivo especial de seguridad dise\u00f1ado para prevenir riesgos y garantizar una respuesta eficaz ante cualquier emergencia durante la celebraci\u00f3n de la\u00a0Romer\u00eda de la Virgen de la Cabeza. El operativo estar\u00e1 en funcionamiento desde este viernes 24 de abril hasta el pr\u00f3ximo lunes 27, &hellip;<\/p>\n<p class=\"read-more\"> <a class=\"\" href=\"https:\/\/torredonjimenoactualidad.com\/index.php\/2026\/04\/24\/la-junta-activa-el-plan-del-cerro-2026-con-cerca-de-mil-efectivos-para-la-romeria-de-la-virgen-de-la-cabeza-en-andujar\/\"> <span class=\"screen-reader-text\">La Junta activa el Plan del Cerro 2026 con cerca de mil efectivos para la Romer\u00eda de la Virgen de la Cabeza en\u00a0And\u00fajar<\/span> Leer m\u00e1s &raquo;<\/a><\/p>\n","protected":false},"author":2,"featured_media":4789,"comment_status":"closed","ping_status":"open","sticky":false,"template":"","format":"standard","meta":{"site-sidebar-layout":"default","site-content-layout":"default","ast-global-header-display":"","ast-main-header-display":"","ast-hfb-above-header-display":"","ast-hfb-below-header-display":"","ast-hfb-mobile-header-display":"","site-post-title":"","ast-breadcrumbs-content":"","ast-featured-img":"","footer-sml-layout":"","theme-transparent-header-meta":"","adv-header-id-meta":"","stick-header-meta":"","header-above-stick-meta":"","header-main-stick-meta":"","header-below-stick-meta":"","footnotes":""},"categories":[8],"tags":[],"class_list":["post-4788","post","type-post","status-publish","format-standard","has-post-thumbnail","hentry","category-provincia"],"yoast_head":"<!-- This site is optimized with the Yoast SEO plugin v20.8 - https:\/\/yoast.com\/wordpress\/plugins\/seo\/ -->\n<title>La Junta activa el Plan del Cerro 2026 con cerca de mil efectivos para la Romer\u00eda de la Virgen de la Cabeza en\u00a0And\u00fajar - Torredonjimeno Actualidad<\/title>\n<meta name=\"robots\" content=\"index, follow, max-snippet:-1, max-image-preview:large, max-video-preview:-1\" \/>\n<link rel=\"canonical\" href=\"https:\/\/torredonjimenoactualidad.com\/index.php\/2026\/04\/24\/la-junta-activa-el-plan-del-cerro-2026-con-cerca-de-mil-efectivos-para-la-romeria-de-la-virgen-de-la-cabeza-en-andujar\/\" \/>\n<meta property=\"og:locale\" content=\"es_ES\" \/>\n<meta property=\"og:type\" content=\"article\" \/>\n<meta property=\"og:title\" content=\"La Junta activa el Plan del Cerro 2026 con cerca de mil efectivos para la Romer\u00eda de la Virgen de la Cabeza en\u00a0And\u00fajar - Torredonjimeno Actualidad\" \/>\n<meta property=\"og:description\" content=\"La\u00a0Agencia de Emergencias de Andaluc\u00eda\u00a0ha activado el Plan del Cerro 2026, el dispositivo especial de seguridad dise\u00f1ado para prevenir riesgos y garantizar una respuesta eficaz ante cualquier emergencia durante la celebraci\u00f3n de la\u00a0Romer\u00eda de la Virgen de la Cabeza. El operativo estar\u00e1 en funcionamiento desde este viernes 24 de abril hasta el pr\u00f3ximo lunes 27, &hellip; La Junta activa el Plan del Cerro 2026 con cerca de mil efectivos para la Romer\u00eda de la Virgen de la Cabeza en\u00a0And\u00fajar Leer m\u00e1s &raquo;\" \/>\n<meta property=\"og:url\" content=\"https:\/\/torredonjimenoactualidad.com\/index.php\/2026\/04\/24\/la-junta-activa-el-plan-del-cerro-2026-con-cerca-de-mil-efectivos-para-la-romeria-de-la-virgen-de-la-cabeza-en-andujar\/\" \/>\n<meta property=\"og:site_name\" content=\"Torredonjimeno Actualidad\" \/>\n<meta property=\"article:published_time\" content=\"2026-04-24T14:18:21+00:00\" \/>\n<meta property=\"article:modified_time\" content=\"2026-04-24T14:18:22+00:00\" \/>\n<meta property=\"og:image\" content=\"https:\/\/torredonjimenoactualidad.com\/wp-content\/uploads\/2026\/04\/fotonoticia_20260424150026_1920.jpg\" \/>\n\t<meta property=\"og:image:width\" content=\"1920\" \/>\n\t<meta property=\"og:image:height\" content=\"1097\" \/>\n\t<meta property=\"og:image:type\" content=\"image\/jpeg\" \/>\n<meta name=\"author\" content=\"Alba Mar\u00eda Torres\" \/>\n<meta name=\"twitter:card\" content=\"summary_large_image\" \/>\n<meta name=\"twitter:label1\" content=\"Escrito por\" \/>\n\t<meta name=\"twitter:data1\" content=\"Alba Mar\u00eda Torres\" \/>\n\t<meta name=\"twitter:label2\" content=\"Tiempo de lectura\" \/>\n\t<meta name=\"twitter:data2\" content=\"3 minutos\" \/>\n<script type=\"application\/ld+json\" class=\"yoast-schema-graph\">{\"@context\":\"https:\/\/schema.org\",\"@graph\":[{\"@type\":\"Article\",\"@id\":\"https:\/\/torredonjimenoactualidad.com\/index.php\/2026\/04\/24\/la-junta-activa-el-plan-del-cerro-2026-con-cerca-de-mil-efectivos-para-la-romeria-de-la-virgen-de-la-cabeza-en-andujar\/#article\",\"isPartOf\":{\"@id\":\"https:\/\/torredonjimenoactualidad.com\/index.php\/2026\/04\/24\/la-junta-activa-el-plan-del-cerro-2026-con-cerca-de-mil-efectivos-para-la-romeria-de-la-virgen-de-la-cabeza-en-andujar\/\"},\"author\":{\"name\":\"Alba Mar\u00eda Torres\",\"@id\":\"https:\/\/torredonjimenoactualidad.com\/#\/schema\/person\/84de5f233e783ef2c75151a532b54977\"},\"headline\":\"La Junta activa el Plan del Cerro 2026 con cerca de mil efectivos para la Romer\u00eda de la Virgen de la Cabeza en\u00a0And\u00fajar\",\"datePublished\":\"2026-04-24T14:18:21+00:00\",\"dateModified\":\"2026-04-24T14:18:22+00:00\",\"mainEntityOfPage\":{\"@id\":\"https:\/\/torredonjimenoactualidad.com\/index.php\/2026\/04\/24\/la-junta-activa-el-plan-del-cerro-2026-con-cerca-de-mil-efectivos-para-la-romeria-de-la-virgen-de-la-cabeza-en-andujar\/\"},\"wordCount\":609,\"publisher\":{\"@id\":\"https:\/\/torredonjimenoactualidad.com\/#organization\"},\"articleSection\":[\"provincia\"],\"inLanguage\":\"es\"},{\"@type\":\"WebPage\",\"@id\":\"https:\/\/torredonjimenoactualidad.com\/index.php\/2026\/04\/24\/la-junta-activa-el-plan-del-cerro-2026-con-cerca-de-mil-efectivos-para-la-romeria-de-la-virgen-de-la-cabeza-en-andujar\/\",\"url\":\"https:\/\/torredonjimenoactualidad.com\/index.php\/2026\/04\/24\/la-junta-activa-el-plan-del-cerro-2026-con-cerca-de-mil-efectivos-para-la-romeria-de-la-virgen-de-la-cabeza-en-andujar\/\",\"name\":\"La Junta activa el Plan del Cerro 2026 con cerca de mil efectivos para la Romer\u00eda de la Virgen de la Cabeza en\u00a0And\u00fajar - Torredonjimeno Actualidad\",\"isPartOf\":{\"@id\":\"https:\/\/torredonjimenoactualidad.com\/#website\"},\"datePublished\":\"2026-04-24T14:18:21+00:00\",\"dateModified\":\"2026-04-24T14:18:22+00:00\",\"breadcrumb\":{\"@id\":\"https:\/\/torredonjimenoactualidad.com\/index.php\/2026\/04\/24\/la-junta-activa-el-plan-del-cerro-2026-con-cerca-de-mil-efectivos-para-la-romeria-de-la-virgen-de-la-cabeza-en-andujar\/#breadcrumb\"},\"inLanguage\":\"es\",\"potentialAction\":[{\"@type\":\"ReadAction\",\"target\":[\"https:\/\/torredonjimenoactualidad.com\/index.php\/2026\/04\/24\/la-junta-activa-el-plan-del-cerro-2026-con-cerca-de-mil-efectivos-para-la-romeria-de-la-virgen-de-la-cabeza-en-andujar\/\"]}]},{\"@type\":\"BreadcrumbList\",\"@id\":\"https:\/\/torredonjimenoactualidad.com\/index.php\/2026\/04\/24\/la-junta-activa-el-plan-del-cerro-2026-con-cerca-de-mil-efectivos-para-la-romeria-de-la-virgen-de-la-cabeza-en-andujar\/#breadcrumb\",\"itemListElement\":[{\"@type\":\"ListItem\",\"position\":1,\"name\":\"Portada\",\"item\":\"https:\/\/torredonjimenoactualidad.com\/\"},{\"@type\":\"ListItem\",\"position\":2,\"name\":\"La Junta activa el Plan del Cerro 2026 con cerca de mil efectivos para la Romer\u00eda de la Virgen de la Cabeza en\u00a0And\u00fajar\"}]},{\"@type\":\"WebSite\",\"@id\":\"https:\/\/torredonjimenoactualidad.com\/#website\",\"url\":\"https:\/\/torredonjimenoactualidad.com\/\",\"name\":\"Torredonjimeno Actualidad\",\"description\":\"\",\"publisher\":{\"@id\":\"https:\/\/torredonjimenoactualidad.com\/#organization\"},\"potentialAction\":[{\"@type\":\"SearchAction\",\"target\":{\"@type\":\"EntryPoint\",\"urlTemplate\":\"https:\/\/torredonjimenoactualidad.com\/?s={search_term_string}\"},\"query-input\":\"required name=search_term_string\"}],\"inLanguage\":\"es\"},{\"@type\":\"Organization\",\"@id\":\"https:\/\/torredonjimenoactualidad.com\/#organization\",\"name\":\"Torredonjimeno Actualidad\",\"url\":\"https:\/\/torredonjimenoactualidad.com\/\",\"logo\":{\"@type\":\"ImageObject\",\"inLanguage\":\"es\",\"@id\":\"https:\/\/torredonjimenoactualidad.com\/#\/schema\/logo\/image\/\",\"url\":\"https:\/\/torredonjimenoactualidad.com\/wp-content\/uploads\/2023\/02\/logo-torredonjimeno-544x180-1.png\",\"contentUrl\":\"https:\/\/torredonjimenoactualidad.com\/wp-content\/uploads\/2023\/02\/logo-torredonjimeno-544x180-1.png\",\"width\":545,\"height\":112,\"caption\":\"Torredonjimeno Actualidad\"},\"image\":{\"@id\":\"https:\/\/torredonjimenoactualidad.com\/#\/schema\/logo\/image\/\"}},{\"@type\":\"Person\",\"@id\":\"https:\/\/torredonjimenoactualidad.com\/#\/schema\/person\/84de5f233e783ef2c75151a532b54977\",\"name\":\"Alba Mar\u00eda Torres\",\"image\":{\"@type\":\"ImageObject\",\"inLanguage\":\"es\",\"@id\":\"https:\/\/torredonjimenoactualidad.com\/#\/schema\/person\/image\/\",\"url\":\"https:\/\/secure.gravatar.com\/avatar\/f9371f188c71501b4475a9ba2a71595850ec72967f800a2ed8e3e2102859ed65?s=96&d=mm&r=g\",\"contentUrl\":\"https:\/\/secure.gravatar.com\/avatar\/f9371f188c71501b4475a9ba2a71595850ec72967f800a2ed8e3e2102859ed65?s=96&d=mm&r=g\",\"caption\":\"Alba Mar\u00eda Torres\"},\"url\":\"https:\/\/torredonjimenoactualidad.com\/index.php\/author\/alba-torres\/\"}]}<\/script>\n<!-- \/ Yoast SEO plugin. -->","yoast_head_json":{"title":"La Junta activa el Plan del Cerro 2026 con cerca de mil efectivos para la Romer\u00eda de la Virgen de la Cabeza en\u00a0And\u00fajar - Torredonjimeno Actualidad","robots":{"index":"index","follow":"follow","max-snippet":"max-snippet:-1","max-image-preview":"max-image-preview:large","max-video-preview":"max-video-preview:-1"},"canonical":"https:\/\/torredonjimenoactualidad.com\/index.php\/2026\/04\/24\/la-junta-activa-el-plan-del-cerro-2026-con-cerca-de-mil-efectivos-para-la-romeria-de-la-virgen-de-la-cabeza-en-andujar\/","og_locale":"es_ES","og_type":"article","og_title":"La Junta activa el Plan del Cerro 2026 con cerca de mil efectivos para la Romer\u00eda de la Virgen de la Cabeza en\u00a0And\u00fajar - Torredonjimeno Actualidad","og_description":"La\u00a0Agencia de Emergencias de Andaluc\u00eda\u00a0ha activado el Plan del Cerro 2026, el dispositivo especial de seguridad dise\u00f1ado para prevenir riesgos y garantizar una respuesta eficaz ante cualquier emergencia durante la celebraci\u00f3n de la\u00a0Romer\u00eda de la Virgen de la Cabeza. El operativo estar\u00e1 en funcionamiento desde este viernes 24 de abril hasta el pr\u00f3ximo lunes 27, &hellip; La Junta activa el Plan del Cerro 2026 con cerca de mil efectivos para la Romer\u00eda de la Virgen de la Cabeza en\u00a0And\u00fajar Leer m\u00e1s &raquo;","og_url":"https:\/\/torredonjimenoactualidad.com\/index.php\/2026\/04\/24\/la-junta-activa-el-plan-del-cerro-2026-con-cerca-de-mil-efectivos-para-la-romeria-de-la-virgen-de-la-cabeza-en-andujar\/","og_site_name":"Torredonjimeno Actualidad","article_published_time":"2026-04-24T14:18:21+00:00","article_modified_time":"2026-04-24T14:18:22+00:00","og_image":[{"width":1920,"height":1097,"url":"https:\/\/torredonjimenoactualidad.com\/wp-content\/uploads\/2026\/04\/fotonoticia_20260424150026_1920.jpg","type":"image\/jpeg"}],"author":"Alba Mar\u00eda Torres","twitter_card":"summary_large_image","twitter_misc":{"Escrito por":"Alba Mar\u00eda Torres","Tiempo de lectura":"3 minutos"},"schema":{"@context":"https:\/\/schema.org","@graph":[{"@type":"Article","@id":"https:\/\/torredonjimenoactualidad.com\/index.php\/2026\/04\/24\/la-junta-activa-el-plan-del-cerro-2026-con-cerca-de-mil-efectivos-para-la-romeria-de-la-virgen-de-la-cabeza-en-andujar\/#article","isPartOf":{"@id":"https:\/\/torredonjimenoactualidad.com\/index.php\/2026\/04\/24\/la-junta-activa-el-plan-del-cerro-2026-con-cerca-de-mil-efectivos-para-la-romeria-de-la-virgen-de-la-cabeza-en-andujar\/"},"author":{"name":"Alba Mar\u00eda Torres","@id":"https:\/\/torredonjimenoactualidad.com\/#\/schema\/person\/84de5f233e783ef2c75151a532b54977"},"headline":"La Junta activa el Plan del Cerro 2026 con cerca de mil efectivos para la Romer\u00eda de la Virgen de la Cabeza en\u00a0And\u00fajar","datePublished":"2026-04-24T14:18:21+00:00","dateModified":"2026-04-24T14:18:22+00:00","mainEntityOfPage":{"@id":"https:\/\/torredonjimenoactualidad.com\/index.php\/2026\/04\/24\/la-junta-activa-el-plan-del-cerro-2026-con-cerca-de-mil-efectivos-para-la-romeria-de-la-virgen-de-la-cabeza-en-andujar\/"},"wordCount":609,"publisher":{"@id":"https:\/\/torredonjimenoactualidad.com\/#organization"},"articleSection":["provincia"],"inLanguage":"es"},{"@type":"WebPage","@id":"https:\/\/torredonjimenoactualidad.com\/index.php\/2026\/04\/24\/la-junta-activa-el-plan-del-cerro-2026-con-cerca-de-mil-efectivos-para-la-romeria-de-la-virgen-de-la-cabeza-en-andujar\/","url":"https:\/\/torredonjimenoactualidad.com\/index.php\/2026\/04\/24\/la-junta-activa-el-plan-del-cerro-2026-con-cerca-de-mil-efectivos-para-la-romeria-de-la-virgen-de-la-cabeza-en-andujar\/","name":"La Junta activa el Plan del Cerro 2026 con cerca de mil efectivos para la Romer\u00eda de la Virgen de la Cabeza en\u00a0And\u00fajar - Torredonjimeno Actualidad","isPartOf":{"@id":"https:\/\/torredonjimenoactualidad.com\/#website"},"datePublished":"2026-04-24T14:18:21+00:00","dateModified":"2026-04-24T14:18:22+00:00","breadcrumb":{"@id":"https:\/\/torredonjimenoactualidad.com\/index.php\/2026\/04\/24\/la-junta-activa-el-plan-del-cerro-2026-con-cerca-de-mil-efectivos-para-la-romeria-de-la-virgen-de-la-cabeza-en-andujar\/#breadcrumb"},"inLanguage":"es","potentialAction":[{"@type":"ReadAction","target":["https:\/\/torredonjimenoactualidad.com\/index.php\/2026\/04\/24\/la-junta-activa-el-plan-del-cerro-2026-con-cerca-de-mil-efectivos-para-la-romeria-de-la-virgen-de-la-cabeza-en-andujar\/"]}]},{"@type":"BreadcrumbList","@id":"https:\/\/torredonjimenoactualidad.com\/index.php\/2026\/04\/24\/la-junta-activa-el-plan-del-cerro-2026-con-cerca-de-mil-efectivos-para-la-romeria-de-la-virgen-de-la-cabeza-en-andujar\/#breadcrumb","itemListElement":[{"@type":"ListItem","position":1,"name":"Portada","item":"https:\/\/torredonjimenoactualidad.com\/"},{"@type":"ListItem","position":2,"name":"La Junta activa el Plan del Cerro 2026 con cerca de mil efectivos para la Romer\u00eda de la Virgen de la Cabeza en\u00a0And\u00fajar"}]},{"@type":"WebSite","@id":"https:\/\/torredonjimenoactualidad.com\/#website","url":"https:\/\/torredonjimenoactualidad.com\/","name":"Torredonjimeno Actualidad","description":"","publisher":{"@id":"https:\/\/torredonjimenoactualidad.com\/#organization"},"potentialAction":[{"@type":"SearchAction","target":{"@type":"EntryPoint","urlTemplate":"https:\/\/torredonjimenoactualidad.com\/?s={search_term_string}"},"query-input":"required name=search_term_string"}],"inLanguage":"es"},{"@type":"Organization","@id":"https:\/\/torredonjimenoactualidad.com\/#organization","name":"Torredonjimeno Actualidad","url":"https:\/\/torredonjimenoactualidad.com\/","logo":{"@type":"ImageObject","inLanguage":"es","@id":"https:\/\/torredonjimenoactualidad.com\/#\/schema\/logo\/image\/","url":"https:\/\/torredonjimenoactualidad.com\/wp-content\/uploads\/2023\/02\/logo-torredonjimeno-544x180-1.png","contentUrl":"https:\/\/torredonjimenoactualidad.com\/wp-content\/uploads\/2023\/02\/logo-torredonjimeno-544x180-1.png","width":545,"height":112,"caption":"Torredonjimeno Actualidad"},"image":{"@id":"https:\/\/torredonjimenoactualidad.com\/#\/schema\/logo\/image\/"}},{"@type":"Person","@id":"https:\/\/torredonjimenoactualidad.com\/#\/schema\/person\/84de5f233e783ef2c75151a532b54977","name":"Alba Mar\u00eda Torres","image":{"@type":"ImageObject","inLanguage":"es","@id":"https:\/\/torredonjimenoactualidad.com\/#\/schema\/person\/image\/","url":"https:\/\/secure.gravatar.com\/avatar\/f9371f188c71501b4475a9ba2a71595850ec72967f800a2ed8e3e2102859ed65?s=96&d=mm&r=g","contentUrl":"https:\/\/secure.gravatar.com\/avatar\/f9371f188c71501b4475a9ba2a71595850ec72967f800a2ed8e3e2102859ed65?s=96&d=mm&r=g","caption":"Alba Mar\u00eda Torres"},"url":"https:\/\/torredonjimenoactualidad.com\/index.php\/author\/alba-torres\/"}]}},"_links":{"self":[{"href":"https:\/\/torredonjimenoactualidad.com\/index.php\/wp-json\/wp\/v2\/posts\/4788","targetHints":{"allow":["GET"]}}],"collection":[{"href":"https:\/\/torredonjimenoactualidad.com\/index.php\/wp-json\/wp\/v2\/posts"}],"about":[{"href":"https:\/\/torredonjimenoactualidad.com\/index.php\/wp-json\/wp\/v2\/types\/post"}],"author":[{"embeddable":true,"href":"https:\/\/torredonjimenoactualidad.com\/index.php\/wp-json\/wp\/v2\/users\/2"}],"replies":[{"embeddable":true,"href":"https:\/\/torredonjimenoactualidad.com\/index.php\/wp-json\/wp\/v2\/comments?post=4788"}],"version-history":[{"count":1,"href":"https:\/\/torredonjimenoactualidad.com\/index.php\/wp-json\/wp\/v2\/posts\/4788\/revisions"}],"predecessor-version":[{"id":4790,"href":"https:\/\/torredonjimenoactualidad.com\/index.php\/wp-json\/wp\/v2\/posts\/4788\/revisions\/4790"}],"wp:featuredmedia":[{"embeddable":true,"href":"https:\/\/torredonjimenoactualidad.com\/index.php\/wp-json\/wp\/v2\/media\/4789"}],"wp:attachment":[{"href":"https:\/\/torredonjimenoactualidad.com\/index.php\/wp-json\/wp\/v2\/media?parent=4788"}],"wp:term":[{"taxonomy":"category","embeddable":true,"href":"https:\/\/torredonjimenoactualidad.com\/index.php\/wp-json\/wp\/v2\/categories?post=4788"},{"taxonomy":"post_tag","embeddable":true,"href":"https:\/\/torredonjimenoactualidad.com\/index.php\/wp-json\/wp\/v2\/tags?post=4788"}],"curies":[{"name":"wp","href":"https:\/\/api.w.org\/{rel}","templated":true}]}}