{"id":4708,"date":"2026-03-19T15:09:33","date_gmt":"2026-03-19T15:09:33","guid":{"rendered":"https:\/\/torredonjimenoactualidad.com\/?p=4708"},"modified":"2026-03-19T15:09:34","modified_gmt":"2026-03-19T15:09:34","slug":"el-delegado-del-gobierno-andaluz-en-jaen-destaca-el-plan-impulsa-t-como-motor-de-empleo-en-la-provincia","status":"publish","type":"post","link":"https:\/\/torredonjimenoactualidad.com\/index.php\/2026\/03\/19\/el-delegado-del-gobierno-andaluz-en-jaen-destaca-el-plan-impulsa-t-como-motor-de-empleo-en-la-provincia\/","title":{"rendered":"El delegado del Gobierno andaluz en Ja\u00e9n destaca el plan Impulsa-T como motor de empleo en la provincia"},"content":{"rendered":"\n<p>El delegado del Gobierno andaluz en Ja\u00e9n, Jes\u00fas Estrella, ha subrayado el compromiso de la Junta de Andaluc\u00eda con la mejora de la empleabilidad en la provincia a trav\u00e9s del plan espec\u00edfico de empleo Impulsa-T Ja\u00e9n. As\u00ed lo ha indicado este jueves tras la publicaci\u00f3n en el Bolet\u00edn Oficial de la Junta de Andaluc\u00eda (BOJA) de la convocatoria correspondiente al ejercicio 2026 de estas subvenciones, impulsadas por la Consejer\u00eda de Empleo, Empresa y Trabajo Aut\u00f3nomo.<\/p>\n\n\n\n<p>Estrella ha definido este programa como \u201cun plan de choque\u201d destinado a favorecer la inserci\u00f3n laboral en los municipios jiennenses. La iniciativa cuenta con una dotaci\u00f3n de siete millones de euros y permitir\u00e1 la realizaci\u00f3n de contrataciones temporales vinculadas a proyectos de inter\u00e9s general y social promovidos por ayuntamientos y entidades locales aut\u00f3nomas.<\/p>\n\n\n\n<p>En este sentido, el delegado ha destacado el car\u00e1cter municipalista del programa, asegurando que \u201cuna vez m\u00e1s, la Junta da ejemplo apoyando a las administraciones locales, que podr\u00e1n reforzar sus servicios p\u00fablicos y dinamizar el desarrollo social de sus municipios en funci\u00f3n de sus necesidades y de los perfiles que demandan sus mercados laborales\u201d.<\/p>\n\n\n\n<p>Cada contrato tendr\u00e1 una duraci\u00f3n de seis meses a jornada completa, en el marco de proyectos municipales con un periodo de ejecuci\u00f3n de doce meses. La subvenci\u00f3n prevista ser\u00e1 de 10.900 euros por cada contrato formalizado, lo que permitir\u00e1 financiar actuaciones relacionadas con la mejora de infraestructuras, la conservaci\u00f3n del patrimonio, el refuerzo de servicios p\u00fablicos o el desarrollo de iniciativas medioambientales.<\/p>\n\n\n\n<p>El programa est\u00e1 dirigido a personas de 30 a\u00f1os o m\u00e1s inscritas como demandantes de empleo no ocupadas en el Servicio Andaluz de Empleo (SAE). Asimismo, las entidades beneficiarias deber\u00e1n reservar al menos un cinco por ciento de las plazas a personas con discapacidad, en cumplimiento de los principios de igualdad de oportunidades y accesibilidad universal. El plazo de solicitud permanecer\u00e1 abierto hasta el 15 de abril de 2026.<\/p>\n\n\n\n<p>Jes\u00fas Estrella ha incidido en que esta iniciativa responde a la situaci\u00f3n espec\u00edfica de la provincia, marcada por un elevado nivel de desempleo \u2014especialmente entre los mayores de 30 a\u00f1os\u2014 y por un proceso progresivo de despoblaci\u00f3n en distintos municipios. \u201cSon factores que requieren medidas espec\u00edficas para favorecer la inserci\u00f3n laboral y la fijaci\u00f3n de la poblaci\u00f3n al territorio\u201d, ha se\u00f1alado.<\/p>\n\n\n\n<p>El delegado ha a\u00f1adido que, con Impulsa-T Ja\u00e9n, ya son siete los planes puestos en marcha por la Consejer\u00eda de Empleo en la provincia, permitiendo que m\u00e1s de 8.000 personas hayan accedido a una oportunidad laboral.<\/p>\n\n\n\n<p>Por otro lado, tambi\u00e9n ha destacado el impulso a las escuelas taller a trav\u00e9s del Programa Empleo y Formaci\u00f3n, con el que se ha mejorado la empleabilidad de m\u00e1s de 2.000 jiennenses. En conjunto, la inversi\u00f3n global en planes de empleo y escuelas taller asciende a 130 millones de euros.<\/p>\n","protected":false},"excerpt":{"rendered":"<p>El delegado del Gobierno andaluz en Ja\u00e9n, Jes\u00fas Estrella, ha subrayado el compromiso de la Junta de Andaluc\u00eda con la mejora de la empleabilidad en la provincia a trav\u00e9s del plan espec\u00edfico de empleo Impulsa-T Ja\u00e9n. As\u00ed lo ha indicado este jueves tras la publicaci\u00f3n en el Bolet\u00edn Oficial de la Junta de Andaluc\u00eda (BOJA) &hellip;<\/p>\n<p class=\"read-more\"> <a class=\"\" href=\"https:\/\/torredonjimenoactualidad.com\/index.php\/2026\/03\/19\/el-delegado-del-gobierno-andaluz-en-jaen-destaca-el-plan-impulsa-t-como-motor-de-empleo-en-la-provincia\/\"> <span class=\"screen-reader-text\">El delegado del Gobierno andaluz en Ja\u00e9n destaca el plan Impulsa-T como motor de empleo en la provincia<\/span> Leer m\u00e1s &raquo;<\/a><\/p>\n","protected":false},"author":2,"featured_media":4709,"comment_status":"closed","ping_status":"open","sticky":false,"template":"","format":"standard","meta":{"site-sidebar-layout":"default","site-content-layout":"default","ast-global-header-display":"","ast-main-header-display":"","ast-hfb-above-header-display":"","ast-hfb-below-header-display":"","ast-hfb-mobile-header-display":"","site-post-title":"","ast-breadcrumbs-content":"","ast-featured-img":"","footer-sml-layout":"","theme-transparent-header-meta":"","adv-header-id-meta":"","stick-header-meta":"","header-above-stick-meta":"","header-main-stick-meta":"","header-below-stick-meta":"","footnotes":""},"categories":[8],"tags":[],"class_list":["post-4708","post","type-post","status-publish","format-standard","has-post-thumbnail","hentry","category-provincia"],"yoast_head":"<!-- This site is optimized with the Yoast SEO plugin v20.8 - https:\/\/yoast.com\/wordpress\/plugins\/seo\/ -->\n<title>El delegado del Gobierno andaluz en Ja\u00e9n destaca el plan Impulsa-T como motor de empleo en la provincia - Torredonjimeno Actualidad<\/title>\n<meta name=\"robots\" content=\"index, follow, max-snippet:-1, max-image-preview:large, max-video-preview:-1\" \/>\n<link rel=\"canonical\" href=\"https:\/\/torredonjimenoactualidad.com\/index.php\/2026\/03\/19\/el-delegado-del-gobierno-andaluz-en-jaen-destaca-el-plan-impulsa-t-como-motor-de-empleo-en-la-provincia\/\" \/>\n<meta property=\"og:locale\" content=\"es_ES\" \/>\n<meta property=\"og:type\" content=\"article\" \/>\n<meta property=\"og:title\" content=\"El delegado del Gobierno andaluz en Ja\u00e9n destaca el plan Impulsa-T como motor de empleo en la provincia - Torredonjimeno Actualidad\" \/>\n<meta property=\"og:description\" content=\"El delegado del Gobierno andaluz en Ja\u00e9n, Jes\u00fas Estrella, ha subrayado el compromiso de la Junta de Andaluc\u00eda con la mejora de la empleabilidad en la provincia a trav\u00e9s del plan espec\u00edfico de empleo Impulsa-T Ja\u00e9n. As\u00ed lo ha indicado este jueves tras la publicaci\u00f3n en el Bolet\u00edn Oficial de la Junta de Andaluc\u00eda (BOJA) &hellip; El delegado del Gobierno andaluz en Ja\u00e9n destaca el plan Impulsa-T como motor de empleo en la provincia Leer m\u00e1s &raquo;\" \/>\n<meta property=\"og:url\" content=\"https:\/\/torredonjimenoactualidad.com\/index.php\/2026\/03\/19\/el-delegado-del-gobierno-andaluz-en-jaen-destaca-el-plan-impulsa-t-como-motor-de-empleo-en-la-provincia\/\" \/>\n<meta property=\"og:site_name\" content=\"Torredonjimeno Actualidad\" \/>\n<meta property=\"article:published_time\" content=\"2026-03-19T15:09:33+00:00\" \/>\n<meta property=\"article:modified_time\" content=\"2026-03-19T15:09:34+00:00\" \/>\n<meta property=\"og:image\" content=\"https:\/\/torredonjimenoactualidad.com\/wp-content\/uploads\/2026\/03\/Jesus_Estrella.jpg\" \/>\n\t<meta property=\"og:image:width\" content=\"1210\" \/>\n\t<meta property=\"og:image:height\" content=\"691\" \/>\n\t<meta property=\"og:image:type\" content=\"image\/jpeg\" \/>\n<meta name=\"author\" content=\"Alba Mar\u00eda Torres\" \/>\n<meta name=\"twitter:card\" content=\"summary_large_image\" \/>\n<meta name=\"twitter:label1\" content=\"Escrito por\" \/>\n\t<meta name=\"twitter:data1\" content=\"Alba Mar\u00eda Torres\" \/>\n\t<meta name=\"twitter:label2\" content=\"Tiempo de lectura\" \/>\n\t<meta name=\"twitter:data2\" content=\"3 minutos\" \/>\n<script type=\"application\/ld+json\" class=\"yoast-schema-graph\">{\"@context\":\"https:\/\/schema.org\",\"@graph\":[{\"@type\":\"Article\",\"@id\":\"https:\/\/torredonjimenoactualidad.com\/index.php\/2026\/03\/19\/el-delegado-del-gobierno-andaluz-en-jaen-destaca-el-plan-impulsa-t-como-motor-de-empleo-en-la-provincia\/#article\",\"isPartOf\":{\"@id\":\"https:\/\/torredonjimenoactualidad.com\/index.php\/2026\/03\/19\/el-delegado-del-gobierno-andaluz-en-jaen-destaca-el-plan-impulsa-t-como-motor-de-empleo-en-la-provincia\/\"},\"author\":{\"name\":\"Alba Mar\u00eda Torres\",\"@id\":\"https:\/\/torredonjimenoactualidad.com\/#\/schema\/person\/84de5f233e783ef2c75151a532b54977\"},\"headline\":\"El delegado del Gobierno andaluz en Ja\u00e9n destaca el plan Impulsa-T como motor de empleo en la provincia\",\"datePublished\":\"2026-03-19T15:09:33+00:00\",\"dateModified\":\"2026-03-19T15:09:34+00:00\",\"mainEntityOfPage\":{\"@id\":\"https:\/\/torredonjimenoactualidad.com\/index.php\/2026\/03\/19\/el-delegado-del-gobierno-andaluz-en-jaen-destaca-el-plan-impulsa-t-como-motor-de-empleo-en-la-provincia\/\"},\"wordCount\":518,\"publisher\":{\"@id\":\"https:\/\/torredonjimenoactualidad.com\/#organization\"},\"articleSection\":[\"provincia\"],\"inLanguage\":\"es\"},{\"@type\":\"WebPage\",\"@id\":\"https:\/\/torredonjimenoactualidad.com\/index.php\/2026\/03\/19\/el-delegado-del-gobierno-andaluz-en-jaen-destaca-el-plan-impulsa-t-como-motor-de-empleo-en-la-provincia\/\",\"url\":\"https:\/\/torredonjimenoactualidad.com\/index.php\/2026\/03\/19\/el-delegado-del-gobierno-andaluz-en-jaen-destaca-el-plan-impulsa-t-como-motor-de-empleo-en-la-provincia\/\",\"name\":\"El delegado del Gobierno andaluz en Ja\u00e9n destaca el plan Impulsa-T como motor de empleo en la provincia - Torredonjimeno Actualidad\",\"isPartOf\":{\"@id\":\"https:\/\/torredonjimenoactualidad.com\/#website\"},\"datePublished\":\"2026-03-19T15:09:33+00:00\",\"dateModified\":\"2026-03-19T15:09:34+00:00\",\"breadcrumb\":{\"@id\":\"https:\/\/torredonjimenoactualidad.com\/index.php\/2026\/03\/19\/el-delegado-del-gobierno-andaluz-en-jaen-destaca-el-plan-impulsa-t-como-motor-de-empleo-en-la-provincia\/#breadcrumb\"},\"inLanguage\":\"es\",\"potentialAction\":[{\"@type\":\"ReadAction\",\"target\":[\"https:\/\/torredonjimenoactualidad.com\/index.php\/2026\/03\/19\/el-delegado-del-gobierno-andaluz-en-jaen-destaca-el-plan-impulsa-t-como-motor-de-empleo-en-la-provincia\/\"]}]},{\"@type\":\"BreadcrumbList\",\"@id\":\"https:\/\/torredonjimenoactualidad.com\/index.php\/2026\/03\/19\/el-delegado-del-gobierno-andaluz-en-jaen-destaca-el-plan-impulsa-t-como-motor-de-empleo-en-la-provincia\/#breadcrumb\",\"itemListElement\":[{\"@type\":\"ListItem\",\"position\":1,\"name\":\"Portada\",\"item\":\"https:\/\/torredonjimenoactualidad.com\/\"},{\"@type\":\"ListItem\",\"position\":2,\"name\":\"El delegado del Gobierno andaluz en Ja\u00e9n destaca el plan Impulsa-T como motor de empleo en la provincia\"}]},{\"@type\":\"WebSite\",\"@id\":\"https:\/\/torredonjimenoactualidad.com\/#website\",\"url\":\"https:\/\/torredonjimenoactualidad.com\/\",\"name\":\"Torredonjimeno Actualidad\",\"description\":\"\",\"publisher\":{\"@id\":\"https:\/\/torredonjimenoactualidad.com\/#organization\"},\"potentialAction\":[{\"@type\":\"SearchAction\",\"target\":{\"@type\":\"EntryPoint\",\"urlTemplate\":\"https:\/\/torredonjimenoactualidad.com\/?s={search_term_string}\"},\"query-input\":\"required name=search_term_string\"}],\"inLanguage\":\"es\"},{\"@type\":\"Organization\",\"@id\":\"https:\/\/torredonjimenoactualidad.com\/#organization\",\"name\":\"Torredonjimeno Actualidad\",\"url\":\"https:\/\/torredonjimenoactualidad.com\/\",\"logo\":{\"@type\":\"ImageObject\",\"inLanguage\":\"es\",\"@id\":\"https:\/\/torredonjimenoactualidad.com\/#\/schema\/logo\/image\/\",\"url\":\"https:\/\/torredonjimenoactualidad.com\/wp-content\/uploads\/2023\/02\/logo-torredonjimeno-544x180-1.png\",\"contentUrl\":\"https:\/\/torredonjimenoactualidad.com\/wp-content\/uploads\/2023\/02\/logo-torredonjimeno-544x180-1.png\",\"width\":545,\"height\":112,\"caption\":\"Torredonjimeno Actualidad\"},\"image\":{\"@id\":\"https:\/\/torredonjimenoactualidad.com\/#\/schema\/logo\/image\/\"}},{\"@type\":\"Person\",\"@id\":\"https:\/\/torredonjimenoactualidad.com\/#\/schema\/person\/84de5f233e783ef2c75151a532b54977\",\"name\":\"Alba Mar\u00eda Torres\",\"image\":{\"@type\":\"ImageObject\",\"inLanguage\":\"es\",\"@id\":\"https:\/\/torredonjimenoactualidad.com\/#\/schema\/person\/image\/\",\"url\":\"https:\/\/secure.gravatar.com\/avatar\/f9371f188c71501b4475a9ba2a71595850ec72967f800a2ed8e3e2102859ed65?s=96&d=mm&r=g\",\"contentUrl\":\"https:\/\/secure.gravatar.com\/avatar\/f9371f188c71501b4475a9ba2a71595850ec72967f800a2ed8e3e2102859ed65?s=96&d=mm&r=g\",\"caption\":\"Alba Mar\u00eda Torres\"},\"url\":\"https:\/\/torredonjimenoactualidad.com\/index.php\/author\/alba-torres\/\"}]}<\/script>\n<!-- \/ Yoast SEO plugin. -->","yoast_head_json":{"title":"El delegado del Gobierno andaluz en Ja\u00e9n destaca el plan Impulsa-T como motor de empleo en la provincia - Torredonjimeno Actualidad","robots":{"index":"index","follow":"follow","max-snippet":"max-snippet:-1","max-image-preview":"max-image-preview:large","max-video-preview":"max-video-preview:-1"},"canonical":"https:\/\/torredonjimenoactualidad.com\/index.php\/2026\/03\/19\/el-delegado-del-gobierno-andaluz-en-jaen-destaca-el-plan-impulsa-t-como-motor-de-empleo-en-la-provincia\/","og_locale":"es_ES","og_type":"article","og_title":"El delegado del Gobierno andaluz en Ja\u00e9n destaca el plan Impulsa-T como motor de empleo en la provincia - Torredonjimeno Actualidad","og_description":"El delegado del Gobierno andaluz en Ja\u00e9n, Jes\u00fas Estrella, ha subrayado el compromiso de la Junta de Andaluc\u00eda con la mejora de la empleabilidad en la provincia a trav\u00e9s del plan espec\u00edfico de empleo Impulsa-T Ja\u00e9n. As\u00ed lo ha indicado este jueves tras la publicaci\u00f3n en el Bolet\u00edn Oficial de la Junta de Andaluc\u00eda (BOJA) &hellip; El delegado del Gobierno andaluz en Ja\u00e9n destaca el plan Impulsa-T como motor de empleo en la provincia Leer m\u00e1s &raquo;","og_url":"https:\/\/torredonjimenoactualidad.com\/index.php\/2026\/03\/19\/el-delegado-del-gobierno-andaluz-en-jaen-destaca-el-plan-impulsa-t-como-motor-de-empleo-en-la-provincia\/","og_site_name":"Torredonjimeno Actualidad","article_published_time":"2026-03-19T15:09:33+00:00","article_modified_time":"2026-03-19T15:09:34+00:00","og_image":[{"width":1210,"height":691,"url":"https:\/\/torredonjimenoactualidad.com\/wp-content\/uploads\/2026\/03\/Jesus_Estrella.jpg","type":"image\/jpeg"}],"author":"Alba Mar\u00eda Torres","twitter_card":"summary_large_image","twitter_misc":{"Escrito por":"Alba Mar\u00eda Torres","Tiempo de lectura":"3 minutos"},"schema":{"@context":"https:\/\/schema.org","@graph":[{"@type":"Article","@id":"https:\/\/torredonjimenoactualidad.com\/index.php\/2026\/03\/19\/el-delegado-del-gobierno-andaluz-en-jaen-destaca-el-plan-impulsa-t-como-motor-de-empleo-en-la-provincia\/#article","isPartOf":{"@id":"https:\/\/torredonjimenoactualidad.com\/index.php\/2026\/03\/19\/el-delegado-del-gobierno-andaluz-en-jaen-destaca-el-plan-impulsa-t-como-motor-de-empleo-en-la-provincia\/"},"author":{"name":"Alba Mar\u00eda Torres","@id":"https:\/\/torredonjimenoactualidad.com\/#\/schema\/person\/84de5f233e783ef2c75151a532b54977"},"headline":"El delegado del Gobierno andaluz en Ja\u00e9n destaca el plan Impulsa-T como motor de empleo en la provincia","datePublished":"2026-03-19T15:09:33+00:00","dateModified":"2026-03-19T15:09:34+00:00","mainEntityOfPage":{"@id":"https:\/\/torredonjimenoactualidad.com\/index.php\/2026\/03\/19\/el-delegado-del-gobierno-andaluz-en-jaen-destaca-el-plan-impulsa-t-como-motor-de-empleo-en-la-provincia\/"},"wordCount":518,"publisher":{"@id":"https:\/\/torredonjimenoactualidad.com\/#organization"},"articleSection":["provincia"],"inLanguage":"es"},{"@type":"WebPage","@id":"https:\/\/torredonjimenoactualidad.com\/index.php\/2026\/03\/19\/el-delegado-del-gobierno-andaluz-en-jaen-destaca-el-plan-impulsa-t-como-motor-de-empleo-en-la-provincia\/","url":"https:\/\/torredonjimenoactualidad.com\/index.php\/2026\/03\/19\/el-delegado-del-gobierno-andaluz-en-jaen-destaca-el-plan-impulsa-t-como-motor-de-empleo-en-la-provincia\/","name":"El delegado del Gobierno andaluz en Ja\u00e9n destaca el plan Impulsa-T como motor de empleo en la provincia - Torredonjimeno Actualidad","isPartOf":{"@id":"https:\/\/torredonjimenoactualidad.com\/#website"},"datePublished":"2026-03-19T15:09:33+00:00","dateModified":"2026-03-19T15:09:34+00:00","breadcrumb":{"@id":"https:\/\/torredonjimenoactualidad.com\/index.php\/2026\/03\/19\/el-delegado-del-gobierno-andaluz-en-jaen-destaca-el-plan-impulsa-t-como-motor-de-empleo-en-la-provincia\/#breadcrumb"},"inLanguage":"es","potentialAction":[{"@type":"ReadAction","target":["https:\/\/torredonjimenoactualidad.com\/index.php\/2026\/03\/19\/el-delegado-del-gobierno-andaluz-en-jaen-destaca-el-plan-impulsa-t-como-motor-de-empleo-en-la-provincia\/"]}]},{"@type":"BreadcrumbList","@id":"https:\/\/torredonjimenoactualidad.com\/index.php\/2026\/03\/19\/el-delegado-del-gobierno-andaluz-en-jaen-destaca-el-plan-impulsa-t-como-motor-de-empleo-en-la-provincia\/#breadcrumb","itemListElement":[{"@type":"ListItem","position":1,"name":"Portada","item":"https:\/\/torredonjimenoactualidad.com\/"},{"@type":"ListItem","position":2,"name":"El delegado del Gobierno andaluz en Ja\u00e9n destaca el plan Impulsa-T como motor de empleo en la provincia"}]},{"@type":"WebSite","@id":"https:\/\/torredonjimenoactualidad.com\/#website","url":"https:\/\/torredonjimenoactualidad.com\/","name":"Torredonjimeno Actualidad","description":"","publisher":{"@id":"https:\/\/torredonjimenoactualidad.com\/#organization"},"potentialAction":[{"@type":"SearchAction","target":{"@type":"EntryPoint","urlTemplate":"https:\/\/torredonjimenoactualidad.com\/?s={search_term_string}"},"query-input":"required name=search_term_string"}],"inLanguage":"es"},{"@type":"Organization","@id":"https:\/\/torredonjimenoactualidad.com\/#organization","name":"Torredonjimeno Actualidad","url":"https:\/\/torredonjimenoactualidad.com\/","logo":{"@type":"ImageObject","inLanguage":"es","@id":"https:\/\/torredonjimenoactualidad.com\/#\/schema\/logo\/image\/","url":"https:\/\/torredonjimenoactualidad.com\/wp-content\/uploads\/2023\/02\/logo-torredonjimeno-544x180-1.png","contentUrl":"https:\/\/torredonjimenoactualidad.com\/wp-content\/uploads\/2023\/02\/logo-torredonjimeno-544x180-1.png","width":545,"height":112,"caption":"Torredonjimeno Actualidad"},"image":{"@id":"https:\/\/torredonjimenoactualidad.com\/#\/schema\/logo\/image\/"}},{"@type":"Person","@id":"https:\/\/torredonjimenoactualidad.com\/#\/schema\/person\/84de5f233e783ef2c75151a532b54977","name":"Alba Mar\u00eda Torres","image":{"@type":"ImageObject","inLanguage":"es","@id":"https:\/\/torredonjimenoactualidad.com\/#\/schema\/person\/image\/","url":"https:\/\/secure.gravatar.com\/avatar\/f9371f188c71501b4475a9ba2a71595850ec72967f800a2ed8e3e2102859ed65?s=96&d=mm&r=g","contentUrl":"https:\/\/secure.gravatar.com\/avatar\/f9371f188c71501b4475a9ba2a71595850ec72967f800a2ed8e3e2102859ed65?s=96&d=mm&r=g","caption":"Alba Mar\u00eda Torres"},"url":"https:\/\/torredonjimenoactualidad.com\/index.php\/author\/alba-torres\/"}]}},"_links":{"self":[{"href":"https:\/\/torredonjimenoactualidad.com\/index.php\/wp-json\/wp\/v2\/posts\/4708","targetHints":{"allow":["GET"]}}],"collection":[{"href":"https:\/\/torredonjimenoactualidad.com\/index.php\/wp-json\/wp\/v2\/posts"}],"about":[{"href":"https:\/\/torredonjimenoactualidad.com\/index.php\/wp-json\/wp\/v2\/types\/post"}],"author":[{"embeddable":true,"href":"https:\/\/torredonjimenoactualidad.com\/index.php\/wp-json\/wp\/v2\/users\/2"}],"replies":[{"embeddable":true,"href":"https:\/\/torredonjimenoactualidad.com\/index.php\/wp-json\/wp\/v2\/comments?post=4708"}],"version-history":[{"count":1,"href":"https:\/\/torredonjimenoactualidad.com\/index.php\/wp-json\/wp\/v2\/posts\/4708\/revisions"}],"predecessor-version":[{"id":4710,"href":"https:\/\/torredonjimenoactualidad.com\/index.php\/wp-json\/wp\/v2\/posts\/4708\/revisions\/4710"}],"wp:featuredmedia":[{"embeddable":true,"href":"https:\/\/torredonjimenoactualidad.com\/index.php\/wp-json\/wp\/v2\/media\/4709"}],"wp:attachment":[{"href":"https:\/\/torredonjimenoactualidad.com\/index.php\/wp-json\/wp\/v2\/media?parent=4708"}],"wp:term":[{"taxonomy":"category","embeddable":true,"href":"https:\/\/torredonjimenoactualidad.com\/index.php\/wp-json\/wp\/v2\/categories?post=4708"},{"taxonomy":"post_tag","embeddable":true,"href":"https:\/\/torredonjimenoactualidad.com\/index.php\/wp-json\/wp\/v2\/tags?post=4708"}],"curies":[{"name":"wp","href":"https:\/\/api.w.org\/{rel}","templated":true}]}}