{"id":4705,"date":"2026-03-19T15:02:47","date_gmt":"2026-03-19T15:02:47","guid":{"rendered":"https:\/\/torredonjimenoactualidad.com\/?p=4705"},"modified":"2026-03-19T15:02:49","modified_gmt":"2026-03-19T15:02:49","slug":"adelante-andalucia-denunciara-en-el-parlamento-la-falta-de-acceso-al-aborto-en-jaen-unica-provincia-sin-este-servicio","status":"publish","type":"post","link":"https:\/\/torredonjimenoactualidad.com\/index.php\/2026\/03\/19\/adelante-andalucia-denunciara-en-el-parlamento-la-falta-de-acceso-al-aborto-en-jaen-unica-provincia-sin-este-servicio\/","title":{"rendered":"Adelante Andaluc\u00eda denunciar\u00e1 en el Parlamento la falta de acceso al aborto en Ja\u00e9n, \u00fanica provincia sin este servicio"},"content":{"rendered":"\n<p>Adelante Andaluc\u00eda llevar\u00e1 la pr\u00f3xima semana al Parlamento andaluz la situaci\u00f3n que afecta a las mujeres de la provincia de Ja\u00e9n en relaci\u00f3n con el acceso a la interrupci\u00f3n voluntaria del embarazo (IVE), un derecho que, seg\u00fan denuncia la formaci\u00f3n, no puede ejercerse actualmente ni en la sanidad p\u00fablica ni en la privada en este territorio.<\/p>\n\n\n\n<p>As\u00ed lo ha anunciado el portavoz de la formaci\u00f3n y candidato a la Presidencia de la Junta, Jos\u00e9 Ignacio Garc\u00eda, tras mantener un encuentro en Ja\u00e9n con representantes de la Plataforma en Defensa de la Sanidad P\u00fablica y del colectivo Feministas 8M, en el que se abordaron diversas problem\u00e1ticas sanitarias.<\/p>\n\n\n\n<p>En declaraciones a los medios, Garc\u00eda ha denunciado \u201cel abandono permanente\u201d que, a su juicio, sufre la provincia, a la que ha calificado como \u201cuna provincia olvidada y un territorio de sacrificio\u201d, donde \u2014ha asegurado\u2014 las instituciones no garantizan adecuadamente los derechos de la ciudadan\u00eda.<\/p>\n\n\n\n<p>El dirigente ha puesto el foco en la imposibilidad de acceder al aborto en Ja\u00e9n, subrayando que \u201cel derecho al aborto no se cumple en la provincia\u201d. \u201cYa no es que no se pueda abortar en la sanidad p\u00fablica, que es lo que querr\u00edamos \u2014ha se\u00f1alado\u2014, es que en Ja\u00e9n no se puede abortar ni siquiera en la privada\u201d.<\/p>\n\n\n\n<p>Ante esta situaci\u00f3n, ha explicado que las mujeres que desean interrumpir su embarazo est\u00e1n siendo derivadas a otras provincias andaluzas como M\u00e1laga, Granada, Sevilla o C\u00f3rdoba, en muchos casos sin cobertura de los gastos de desplazamiento.<\/p>\n\n\n\n<p>Desde Adelante Andaluc\u00eda consideran que esta situaci\u00f3n vulnera un derecho reconocido por ley y afecta, seg\u00fan sus datos, a m\u00e1s de 800 mujeres cada a\u00f1o, que deben asumir los costes de traslado e incluso de alojamiento cuando la intervenci\u00f3n requiere m\u00e1s de una jornada. Adem\u00e1s, Garc\u00eda ha denunciado que tampoco se est\u00e1 garantizando la asistencia psicol\u00f3gica posterior contemplada en la normativa.<\/p>\n\n\n\n<p>Por ello, la formaci\u00f3n presentar\u00e1 una Proposici\u00f3n No de Ley (PNL) en el Parlamento andaluz con el objetivo de abrir el debate y que todos los grupos pol\u00edticos se posicionen sobre esta cuesti\u00f3n.<\/p>\n\n\n\n<p>Garc\u00eda ha insistido en que no se trata de una cuesti\u00f3n \u201copcional\u201d, sino de un derecho legal que \u201cse tiene que cumplir, se est\u00e9 de acuerdo o no\u201d.<\/p>\n","protected":false},"excerpt":{"rendered":"<p>Adelante Andaluc\u00eda llevar\u00e1 la pr\u00f3xima semana al Parlamento andaluz la situaci\u00f3n que afecta a las mujeres de la provincia de Ja\u00e9n en relaci\u00f3n con el acceso a la interrupci\u00f3n voluntaria del embarazo (IVE), un derecho que, seg\u00fan denuncia la formaci\u00f3n, no puede ejercerse actualmente ni en la sanidad p\u00fablica ni en la privada en este &hellip;<\/p>\n<p class=\"read-more\"> <a class=\"\" href=\"https:\/\/torredonjimenoactualidad.com\/index.php\/2026\/03\/19\/adelante-andalucia-denunciara-en-el-parlamento-la-falta-de-acceso-al-aborto-en-jaen-unica-provincia-sin-este-servicio\/\"> <span class=\"screen-reader-text\">Adelante Andaluc\u00eda denunciar\u00e1 en el Parlamento la falta de acceso al aborto en Ja\u00e9n, \u00fanica provincia sin este servicio<\/span> Leer m\u00e1s &raquo;<\/a><\/p>\n","protected":false},"author":2,"featured_media":4706,"comment_status":"closed","ping_status":"open","sticky":false,"template":"","format":"standard","meta":{"site-sidebar-layout":"default","site-content-layout":"default","ast-global-header-display":"","ast-main-header-display":"","ast-hfb-above-header-display":"","ast-hfb-below-header-display":"","ast-hfb-mobile-header-display":"","site-post-title":"","ast-breadcrumbs-content":"","ast-featured-img":"","footer-sml-layout":"","theme-transparent-header-meta":"","adv-header-id-meta":"","stick-header-meta":"","header-above-stick-meta":"","header-main-stick-meta":"","header-below-stick-meta":"","footnotes":""},"categories":[8],"tags":[],"class_list":["post-4705","post","type-post","status-publish","format-standard","has-post-thumbnail","hentry","category-provincia"],"yoast_head":"<!-- This site is optimized with the Yoast SEO plugin v20.8 - https:\/\/yoast.com\/wordpress\/plugins\/seo\/ -->\n<title>Adelante Andaluc\u00eda denunciar\u00e1 en el Parlamento la falta de acceso al aborto en Ja\u00e9n, \u00fanica provincia sin este servicio - Torredonjimeno Actualidad<\/title>\n<meta name=\"robots\" content=\"index, follow, max-snippet:-1, max-image-preview:large, max-video-preview:-1\" \/>\n<link rel=\"canonical\" href=\"https:\/\/torredonjimenoactualidad.com\/index.php\/2026\/03\/19\/adelante-andalucia-denunciara-en-el-parlamento-la-falta-de-acceso-al-aborto-en-jaen-unica-provincia-sin-este-servicio\/\" \/>\n<meta property=\"og:locale\" content=\"es_ES\" \/>\n<meta property=\"og:type\" content=\"article\" \/>\n<meta property=\"og:title\" content=\"Adelante Andaluc\u00eda denunciar\u00e1 en el Parlamento la falta de acceso al aborto en Ja\u00e9n, \u00fanica provincia sin este servicio - Torredonjimeno Actualidad\" \/>\n<meta property=\"og:description\" content=\"Adelante Andaluc\u00eda llevar\u00e1 la pr\u00f3xima semana al Parlamento andaluz la situaci\u00f3n que afecta a las mujeres de la provincia de Ja\u00e9n en relaci\u00f3n con el acceso a la interrupci\u00f3n voluntaria del embarazo (IVE), un derecho que, seg\u00fan denuncia la formaci\u00f3n, no puede ejercerse actualmente ni en la sanidad p\u00fablica ni en la privada en este &hellip; Adelante Andaluc\u00eda denunciar\u00e1 en el Parlamento la falta de acceso al aborto en Ja\u00e9n, \u00fanica provincia sin este servicio Leer m\u00e1s &raquo;\" \/>\n<meta property=\"og:url\" content=\"https:\/\/torredonjimenoactualidad.com\/index.php\/2026\/03\/19\/adelante-andalucia-denunciara-en-el-parlamento-la-falta-de-acceso-al-aborto-en-jaen-unica-provincia-sin-este-servicio\/\" \/>\n<meta property=\"og:site_name\" content=\"Torredonjimeno Actualidad\" \/>\n<meta property=\"article:published_time\" content=\"2026-03-19T15:02:47+00:00\" \/>\n<meta property=\"article:modified_time\" content=\"2026-03-19T15:02:49+00:00\" \/>\n<meta property=\"og:image\" content=\"https:\/\/torredonjimenoactualidad.com\/wp-content\/uploads\/2026\/03\/fotonoticia_20260319134926_1920.jpg\" \/>\n\t<meta property=\"og:image:width\" content=\"1894\" \/>\n\t<meta property=\"og:image:height\" content=\"1082\" \/>\n\t<meta property=\"og:image:type\" content=\"image\/jpeg\" \/>\n<meta name=\"author\" content=\"Alba Mar\u00eda Torres\" \/>\n<meta name=\"twitter:card\" content=\"summary_large_image\" \/>\n<meta name=\"twitter:label1\" content=\"Escrito por\" \/>\n\t<meta name=\"twitter:data1\" content=\"Alba Mar\u00eda Torres\" \/>\n\t<meta name=\"twitter:label2\" content=\"Tiempo de lectura\" \/>\n\t<meta name=\"twitter:data2\" content=\"2 minutos\" \/>\n<script type=\"application\/ld+json\" class=\"yoast-schema-graph\">{\"@context\":\"https:\/\/schema.org\",\"@graph\":[{\"@type\":\"Article\",\"@id\":\"https:\/\/torredonjimenoactualidad.com\/index.php\/2026\/03\/19\/adelante-andalucia-denunciara-en-el-parlamento-la-falta-de-acceso-al-aborto-en-jaen-unica-provincia-sin-este-servicio\/#article\",\"isPartOf\":{\"@id\":\"https:\/\/torredonjimenoactualidad.com\/index.php\/2026\/03\/19\/adelante-andalucia-denunciara-en-el-parlamento-la-falta-de-acceso-al-aborto-en-jaen-unica-provincia-sin-este-servicio\/\"},\"author\":{\"name\":\"Alba Mar\u00eda Torres\",\"@id\":\"https:\/\/torredonjimenoactualidad.com\/#\/schema\/person\/84de5f233e783ef2c75151a532b54977\"},\"headline\":\"Adelante Andaluc\u00eda denunciar\u00e1 en el Parlamento la falta de acceso al aborto en Ja\u00e9n, \u00fanica provincia sin este servicio\",\"datePublished\":\"2026-03-19T15:02:47+00:00\",\"dateModified\":\"2026-03-19T15:02:49+00:00\",\"mainEntityOfPage\":{\"@id\":\"https:\/\/torredonjimenoactualidad.com\/index.php\/2026\/03\/19\/adelante-andalucia-denunciara-en-el-parlamento-la-falta-de-acceso-al-aborto-en-jaen-unica-provincia-sin-este-servicio\/\"},\"wordCount\":429,\"publisher\":{\"@id\":\"https:\/\/torredonjimenoactualidad.com\/#organization\"},\"articleSection\":[\"provincia\"],\"inLanguage\":\"es\"},{\"@type\":\"WebPage\",\"@id\":\"https:\/\/torredonjimenoactualidad.com\/index.php\/2026\/03\/19\/adelante-andalucia-denunciara-en-el-parlamento-la-falta-de-acceso-al-aborto-en-jaen-unica-provincia-sin-este-servicio\/\",\"url\":\"https:\/\/torredonjimenoactualidad.com\/index.php\/2026\/03\/19\/adelante-andalucia-denunciara-en-el-parlamento-la-falta-de-acceso-al-aborto-en-jaen-unica-provincia-sin-este-servicio\/\",\"name\":\"Adelante Andaluc\u00eda denunciar\u00e1 en el Parlamento la falta de acceso al aborto en Ja\u00e9n, \u00fanica provincia sin este servicio - Torredonjimeno Actualidad\",\"isPartOf\":{\"@id\":\"https:\/\/torredonjimenoactualidad.com\/#website\"},\"datePublished\":\"2026-03-19T15:02:47+00:00\",\"dateModified\":\"2026-03-19T15:02:49+00:00\",\"breadcrumb\":{\"@id\":\"https:\/\/torredonjimenoactualidad.com\/index.php\/2026\/03\/19\/adelante-andalucia-denunciara-en-el-parlamento-la-falta-de-acceso-al-aborto-en-jaen-unica-provincia-sin-este-servicio\/#breadcrumb\"},\"inLanguage\":\"es\",\"potentialAction\":[{\"@type\":\"ReadAction\",\"target\":[\"https:\/\/torredonjimenoactualidad.com\/index.php\/2026\/03\/19\/adelante-andalucia-denunciara-en-el-parlamento-la-falta-de-acceso-al-aborto-en-jaen-unica-provincia-sin-este-servicio\/\"]}]},{\"@type\":\"BreadcrumbList\",\"@id\":\"https:\/\/torredonjimenoactualidad.com\/index.php\/2026\/03\/19\/adelante-andalucia-denunciara-en-el-parlamento-la-falta-de-acceso-al-aborto-en-jaen-unica-provincia-sin-este-servicio\/#breadcrumb\",\"itemListElement\":[{\"@type\":\"ListItem\",\"position\":1,\"name\":\"Portada\",\"item\":\"https:\/\/torredonjimenoactualidad.com\/\"},{\"@type\":\"ListItem\",\"position\":2,\"name\":\"Adelante Andaluc\u00eda denunciar\u00e1 en el Parlamento la falta de acceso al aborto en Ja\u00e9n, \u00fanica provincia sin este servicio\"}]},{\"@type\":\"WebSite\",\"@id\":\"https:\/\/torredonjimenoactualidad.com\/#website\",\"url\":\"https:\/\/torredonjimenoactualidad.com\/\",\"name\":\"Torredonjimeno Actualidad\",\"description\":\"\",\"publisher\":{\"@id\":\"https:\/\/torredonjimenoactualidad.com\/#organization\"},\"potentialAction\":[{\"@type\":\"SearchAction\",\"target\":{\"@type\":\"EntryPoint\",\"urlTemplate\":\"https:\/\/torredonjimenoactualidad.com\/?s={search_term_string}\"},\"query-input\":\"required name=search_term_string\"}],\"inLanguage\":\"es\"},{\"@type\":\"Organization\",\"@id\":\"https:\/\/torredonjimenoactualidad.com\/#organization\",\"name\":\"Torredonjimeno Actualidad\",\"url\":\"https:\/\/torredonjimenoactualidad.com\/\",\"logo\":{\"@type\":\"ImageObject\",\"inLanguage\":\"es\",\"@id\":\"https:\/\/torredonjimenoactualidad.com\/#\/schema\/logo\/image\/\",\"url\":\"https:\/\/torredonjimenoactualidad.com\/wp-content\/uploads\/2023\/02\/logo-torredonjimeno-544x180-1.png\",\"contentUrl\":\"https:\/\/torredonjimenoactualidad.com\/wp-content\/uploads\/2023\/02\/logo-torredonjimeno-544x180-1.png\",\"width\":545,\"height\":112,\"caption\":\"Torredonjimeno Actualidad\"},\"image\":{\"@id\":\"https:\/\/torredonjimenoactualidad.com\/#\/schema\/logo\/image\/\"}},{\"@type\":\"Person\",\"@id\":\"https:\/\/torredonjimenoactualidad.com\/#\/schema\/person\/84de5f233e783ef2c75151a532b54977\",\"name\":\"Alba Mar\u00eda Torres\",\"image\":{\"@type\":\"ImageObject\",\"inLanguage\":\"es\",\"@id\":\"https:\/\/torredonjimenoactualidad.com\/#\/schema\/person\/image\/\",\"url\":\"https:\/\/secure.gravatar.com\/avatar\/f9371f188c71501b4475a9ba2a71595850ec72967f800a2ed8e3e2102859ed65?s=96&d=mm&r=g\",\"contentUrl\":\"https:\/\/secure.gravatar.com\/avatar\/f9371f188c71501b4475a9ba2a71595850ec72967f800a2ed8e3e2102859ed65?s=96&d=mm&r=g\",\"caption\":\"Alba Mar\u00eda Torres\"},\"url\":\"https:\/\/torredonjimenoactualidad.com\/index.php\/author\/alba-torres\/\"}]}<\/script>\n<!-- \/ Yoast SEO plugin. -->","yoast_head_json":{"title":"Adelante Andaluc\u00eda denunciar\u00e1 en el Parlamento la falta de acceso al aborto en Ja\u00e9n, \u00fanica provincia sin este servicio - Torredonjimeno Actualidad","robots":{"index":"index","follow":"follow","max-snippet":"max-snippet:-1","max-image-preview":"max-image-preview:large","max-video-preview":"max-video-preview:-1"},"canonical":"https:\/\/torredonjimenoactualidad.com\/index.php\/2026\/03\/19\/adelante-andalucia-denunciara-en-el-parlamento-la-falta-de-acceso-al-aborto-en-jaen-unica-provincia-sin-este-servicio\/","og_locale":"es_ES","og_type":"article","og_title":"Adelante Andaluc\u00eda denunciar\u00e1 en el Parlamento la falta de acceso al aborto en Ja\u00e9n, \u00fanica provincia sin este servicio - Torredonjimeno Actualidad","og_description":"Adelante Andaluc\u00eda llevar\u00e1 la pr\u00f3xima semana al Parlamento andaluz la situaci\u00f3n que afecta a las mujeres de la provincia de Ja\u00e9n en relaci\u00f3n con el acceso a la interrupci\u00f3n voluntaria del embarazo (IVE), un derecho que, seg\u00fan denuncia la formaci\u00f3n, no puede ejercerse actualmente ni en la sanidad p\u00fablica ni en la privada en este &hellip; Adelante Andaluc\u00eda denunciar\u00e1 en el Parlamento la falta de acceso al aborto en Ja\u00e9n, \u00fanica provincia sin este servicio Leer m\u00e1s &raquo;","og_url":"https:\/\/torredonjimenoactualidad.com\/index.php\/2026\/03\/19\/adelante-andalucia-denunciara-en-el-parlamento-la-falta-de-acceso-al-aborto-en-jaen-unica-provincia-sin-este-servicio\/","og_site_name":"Torredonjimeno Actualidad","article_published_time":"2026-03-19T15:02:47+00:00","article_modified_time":"2026-03-19T15:02:49+00:00","og_image":[{"width":1894,"height":1082,"url":"https:\/\/torredonjimenoactualidad.com\/wp-content\/uploads\/2026\/03\/fotonoticia_20260319134926_1920.jpg","type":"image\/jpeg"}],"author":"Alba Mar\u00eda Torres","twitter_card":"summary_large_image","twitter_misc":{"Escrito por":"Alba Mar\u00eda Torres","Tiempo de lectura":"2 minutos"},"schema":{"@context":"https:\/\/schema.org","@graph":[{"@type":"Article","@id":"https:\/\/torredonjimenoactualidad.com\/index.php\/2026\/03\/19\/adelante-andalucia-denunciara-en-el-parlamento-la-falta-de-acceso-al-aborto-en-jaen-unica-provincia-sin-este-servicio\/#article","isPartOf":{"@id":"https:\/\/torredonjimenoactualidad.com\/index.php\/2026\/03\/19\/adelante-andalucia-denunciara-en-el-parlamento-la-falta-de-acceso-al-aborto-en-jaen-unica-provincia-sin-este-servicio\/"},"author":{"name":"Alba Mar\u00eda Torres","@id":"https:\/\/torredonjimenoactualidad.com\/#\/schema\/person\/84de5f233e783ef2c75151a532b54977"},"headline":"Adelante Andaluc\u00eda denunciar\u00e1 en el Parlamento la falta de acceso al aborto en Ja\u00e9n, \u00fanica provincia sin este servicio","datePublished":"2026-03-19T15:02:47+00:00","dateModified":"2026-03-19T15:02:49+00:00","mainEntityOfPage":{"@id":"https:\/\/torredonjimenoactualidad.com\/index.php\/2026\/03\/19\/adelante-andalucia-denunciara-en-el-parlamento-la-falta-de-acceso-al-aborto-en-jaen-unica-provincia-sin-este-servicio\/"},"wordCount":429,"publisher":{"@id":"https:\/\/torredonjimenoactualidad.com\/#organization"},"articleSection":["provincia"],"inLanguage":"es"},{"@type":"WebPage","@id":"https:\/\/torredonjimenoactualidad.com\/index.php\/2026\/03\/19\/adelante-andalucia-denunciara-en-el-parlamento-la-falta-de-acceso-al-aborto-en-jaen-unica-provincia-sin-este-servicio\/","url":"https:\/\/torredonjimenoactualidad.com\/index.php\/2026\/03\/19\/adelante-andalucia-denunciara-en-el-parlamento-la-falta-de-acceso-al-aborto-en-jaen-unica-provincia-sin-este-servicio\/","name":"Adelante Andaluc\u00eda denunciar\u00e1 en el Parlamento la falta de acceso al aborto en Ja\u00e9n, \u00fanica provincia sin este servicio - Torredonjimeno Actualidad","isPartOf":{"@id":"https:\/\/torredonjimenoactualidad.com\/#website"},"datePublished":"2026-03-19T15:02:47+00:00","dateModified":"2026-03-19T15:02:49+00:00","breadcrumb":{"@id":"https:\/\/torredonjimenoactualidad.com\/index.php\/2026\/03\/19\/adelante-andalucia-denunciara-en-el-parlamento-la-falta-de-acceso-al-aborto-en-jaen-unica-provincia-sin-este-servicio\/#breadcrumb"},"inLanguage":"es","potentialAction":[{"@type":"ReadAction","target":["https:\/\/torredonjimenoactualidad.com\/index.php\/2026\/03\/19\/adelante-andalucia-denunciara-en-el-parlamento-la-falta-de-acceso-al-aborto-en-jaen-unica-provincia-sin-este-servicio\/"]}]},{"@type":"BreadcrumbList","@id":"https:\/\/torredonjimenoactualidad.com\/index.php\/2026\/03\/19\/adelante-andalucia-denunciara-en-el-parlamento-la-falta-de-acceso-al-aborto-en-jaen-unica-provincia-sin-este-servicio\/#breadcrumb","itemListElement":[{"@type":"ListItem","position":1,"name":"Portada","item":"https:\/\/torredonjimenoactualidad.com\/"},{"@type":"ListItem","position":2,"name":"Adelante Andaluc\u00eda denunciar\u00e1 en el Parlamento la falta de acceso al aborto en Ja\u00e9n, \u00fanica provincia sin este servicio"}]},{"@type":"WebSite","@id":"https:\/\/torredonjimenoactualidad.com\/#website","url":"https:\/\/torredonjimenoactualidad.com\/","name":"Torredonjimeno Actualidad","description":"","publisher":{"@id":"https:\/\/torredonjimenoactualidad.com\/#organization"},"potentialAction":[{"@type":"SearchAction","target":{"@type":"EntryPoint","urlTemplate":"https:\/\/torredonjimenoactualidad.com\/?s={search_term_string}"},"query-input":"required name=search_term_string"}],"inLanguage":"es"},{"@type":"Organization","@id":"https:\/\/torredonjimenoactualidad.com\/#organization","name":"Torredonjimeno Actualidad","url":"https:\/\/torredonjimenoactualidad.com\/","logo":{"@type":"ImageObject","inLanguage":"es","@id":"https:\/\/torredonjimenoactualidad.com\/#\/schema\/logo\/image\/","url":"https:\/\/torredonjimenoactualidad.com\/wp-content\/uploads\/2023\/02\/logo-torredonjimeno-544x180-1.png","contentUrl":"https:\/\/torredonjimenoactualidad.com\/wp-content\/uploads\/2023\/02\/logo-torredonjimeno-544x180-1.png","width":545,"height":112,"caption":"Torredonjimeno Actualidad"},"image":{"@id":"https:\/\/torredonjimenoactualidad.com\/#\/schema\/logo\/image\/"}},{"@type":"Person","@id":"https:\/\/torredonjimenoactualidad.com\/#\/schema\/person\/84de5f233e783ef2c75151a532b54977","name":"Alba Mar\u00eda Torres","image":{"@type":"ImageObject","inLanguage":"es","@id":"https:\/\/torredonjimenoactualidad.com\/#\/schema\/person\/image\/","url":"https:\/\/secure.gravatar.com\/avatar\/f9371f188c71501b4475a9ba2a71595850ec72967f800a2ed8e3e2102859ed65?s=96&d=mm&r=g","contentUrl":"https:\/\/secure.gravatar.com\/avatar\/f9371f188c71501b4475a9ba2a71595850ec72967f800a2ed8e3e2102859ed65?s=96&d=mm&r=g","caption":"Alba Mar\u00eda Torres"},"url":"https:\/\/torredonjimenoactualidad.com\/index.php\/author\/alba-torres\/"}]}},"_links":{"self":[{"href":"https:\/\/torredonjimenoactualidad.com\/index.php\/wp-json\/wp\/v2\/posts\/4705","targetHints":{"allow":["GET"]}}],"collection":[{"href":"https:\/\/torredonjimenoactualidad.com\/index.php\/wp-json\/wp\/v2\/posts"}],"about":[{"href":"https:\/\/torredonjimenoactualidad.com\/index.php\/wp-json\/wp\/v2\/types\/post"}],"author":[{"embeddable":true,"href":"https:\/\/torredonjimenoactualidad.com\/index.php\/wp-json\/wp\/v2\/users\/2"}],"replies":[{"embeddable":true,"href":"https:\/\/torredonjimenoactualidad.com\/index.php\/wp-json\/wp\/v2\/comments?post=4705"}],"version-history":[{"count":1,"href":"https:\/\/torredonjimenoactualidad.com\/index.php\/wp-json\/wp\/v2\/posts\/4705\/revisions"}],"predecessor-version":[{"id":4707,"href":"https:\/\/torredonjimenoactualidad.com\/index.php\/wp-json\/wp\/v2\/posts\/4705\/revisions\/4707"}],"wp:featuredmedia":[{"embeddable":true,"href":"https:\/\/torredonjimenoactualidad.com\/index.php\/wp-json\/wp\/v2\/media\/4706"}],"wp:attachment":[{"href":"https:\/\/torredonjimenoactualidad.com\/index.php\/wp-json\/wp\/v2\/media?parent=4705"}],"wp:term":[{"taxonomy":"category","embeddable":true,"href":"https:\/\/torredonjimenoactualidad.com\/index.php\/wp-json\/wp\/v2\/categories?post=4705"},{"taxonomy":"post_tag","embeddable":true,"href":"https:\/\/torredonjimenoactualidad.com\/index.php\/wp-json\/wp\/v2\/tags?post=4705"}],"curies":[{"name":"wp","href":"https:\/\/api.w.org\/{rel}","templated":true}]}}