{"id":4697,"date":"2026-03-16T13:02:29","date_gmt":"2026-03-16T13:02:29","guid":{"rendered":"https:\/\/torredonjimenoactualidad.com\/?p=4697"},"modified":"2026-03-16T13:02:30","modified_gmt":"2026-03-16T13:02:30","slug":"mas-de-220-actividades-y-250-expositores-en-la-xi-feria-de-los-pueblos-de-jaen","status":"publish","type":"post","link":"https:\/\/torredonjimenoactualidad.com\/index.php\/2026\/03\/16\/mas-de-220-actividades-y-250-expositores-en-la-xi-feria-de-los-pueblos-de-jaen\/","title":{"rendered":"M\u00e1s de 220 actividades y 250 expositores en la XI Feria de los Pueblos de Ja\u00e9n"},"content":{"rendered":"\n<p>La Diputaci\u00f3n Provincial de Ja\u00e9n celebrar\u00e1 del 19 al 22 de marzo la und\u00e9cima edici\u00f3n de la Feria de los Pueblos, un evento que reunir\u00e1 m\u00e1s de 220 actividades gratuitas y m\u00e1s de 250 expositores en el Palacio de Ferias y Congresos de Ja\u00e9n. La muestra, que se organiza con motivo del D\u00eda de la Provincia, ha sido presentada por el presidente de la instituci\u00f3n provincial, Paco Reyes, acompa\u00f1ado por la vicepresidenta tercera y diputada de Econom\u00eda, Hacienda, Asistencia a Municipios y Recursos Humanos, Pilar Parra, y la diputada de Medio Ambiente y Lucha contra el Cambio Clim\u00e1tico, Isabel Uceda.<\/p>\n\n\n\n<p>Esta feria ocupar\u00e1 una superficie expositiva de 10.800 metros cuadrados y tendr\u00e1 como objetivo mostrar el potencial cultural, tur\u00edstico, empresarial y gastron\u00f3mico de los 97 municipios jiennenses. Seg\u00fan destac\u00f3 Reyes, la iniciativa busca \u201cponer en valor todo lo mucho y muy bueno que tiene nuestro para\u00edso interior y reforzar la identidad y el orgullo de pertenencia a esta provincia\u201d.<\/p>\n\n\n\n<p>Los municipios estar\u00e1n representados a trav\u00e9s de los estands de sus respectivos ayuntamientos, las asociaciones de desarrollo rural y la propia Diputaci\u00f3n. A esta presencia institucional se sumar\u00e1n m\u00e1s de 120 empresas de diferentes sectores y cerca de 30 firmas agroalimentarias integradas en la estrategia Degusta Ja\u00e9n, lo que elevar\u00e1 el n\u00famero total de expositores a m\u00e1s de 250.<\/p>\n\n\n\n<p>El cambio clim\u00e1tico ser\u00e1 el eje tem\u00e1tico de esta edici\u00f3n y estar\u00e1 presente tanto en la imagen de la feria como en numerosas actividades programadas. El presidente de la Diputaci\u00f3n subray\u00f3 que la provincia de Ja\u00e9n ofrece una oportunidad para afrontar este reto global, al contar con el mayor bosque de olivos del planeta \u2014que act\u00faa como sumidero de di\u00f3xido de carbono\u2014 y con la mayor superficie de espacios protegidos de Espa\u00f1a.<\/p>\n\n\n\n<p>Entre las propuestas relacionadas con este tema figura la jornada titulada \u201cLas consecuencias del cambio clim\u00e1tico en nuestros municipios\u201d, en la que participar\u00e1 la catedr\u00e1tica de la Universidad de Ja\u00e9n Gema Parra. En este encuentro se dar\u00e1n a conocer experiencias de tres municipios jiennenses que ya han puesto en marcha planes municipales frente al cambio clim\u00e1tico, adem\u00e1s de analizar medidas orientadas a un turismo m\u00e1s sostenible.<\/p>\n\n\n\n<p>El programa de la feria incluir\u00e1 tambi\u00e9n exposiciones dedicadas al Plan Urgente de Infraestructuras Hidr\u00e1ulicas, el Plan Provincial de Cambio Clim\u00e1tico, las v\u00edas verdes o el Centro de Innovaci\u00f3n Territorial de Ja\u00e9n, adem\u00e1s del denominado \u201cRinc\u00f3n solidario\u201d. El cambio clim\u00e1tico ser\u00e1 igualmente el tema central del III Concurso de Pintura R\u00e1pida organizado por la Diputaci\u00f3n.<\/p>\n\n\n\n<p>Como es habitual, la Feria de los Pueblos ofrecer\u00e1 un amplio abanico de actividades culturales y divulgativas, entre ellas propuestas de divulgaci\u00f3n cient\u00edfica de la Universidad de Ja\u00e9n, juegos interactivos, talleres artesanales, demostraciones de encaje de bolillos, exhibiciones de pintura, dise\u00f1o y escultura, pasacalles, recreaciones hist\u00f3ricas, actuaciones musicales y de danza, desfiles de moda y presentaciones de iniciativas tur\u00edsticas de distintos municipios.<\/p>\n\n\n\n<p>La gastronom\u00eda ocupar\u00e1 tambi\u00e9n un lugar destacado con degustaciones, catas de aceite y demostraciones culinarias centradas en la cocina sostenible elaborada con productos de proximidad de los parques naturales. Adem\u00e1s, se podr\u00e1n adquirir productos de la marca Degusta Ja\u00e9n elaborados por m\u00e1s de treinta empresas y el 21 de marzo se celebrar\u00e1 el Festival del Cordero Segure\u00f1o.<\/p>\n\n\n\n<p>La inauguraci\u00f3n oficial de esta und\u00e9cima edici\u00f3n tendr\u00e1 lugar tras la entrega de los Premios de la Provincia, que este a\u00f1o distinguir\u00e1n al juez Baltasar Garz\u00f3n, a la escritora Fanny Rubio, a la empresa Macrosad y al Club de Atletismo Unicaja Ja\u00e9n Para\u00edso Interior. Previamente, el mi\u00e9rcoles se celebrar\u00e1 el acto de izado de la bandera de la provincia junto al Centro de Dinamizaci\u00f3n Tur\u00edstica Ja\u00e9n Para\u00edso Interior.<\/p>\n","protected":false},"excerpt":{"rendered":"<p>La Diputaci\u00f3n Provincial de Ja\u00e9n celebrar\u00e1 del 19 al 22 de marzo la und\u00e9cima edici\u00f3n de la Feria de los Pueblos, un evento que reunir\u00e1 m\u00e1s de 220 actividades gratuitas y m\u00e1s de 250 expositores en el Palacio de Ferias y Congresos de Ja\u00e9n. La muestra, que se organiza con motivo del D\u00eda de la &hellip;<\/p>\n<p class=\"read-more\"> <a class=\"\" href=\"https:\/\/torredonjimenoactualidad.com\/index.php\/2026\/03\/16\/mas-de-220-actividades-y-250-expositores-en-la-xi-feria-de-los-pueblos-de-jaen\/\"> <span class=\"screen-reader-text\">M\u00e1s de 220 actividades y 250 expositores en la XI Feria de los Pueblos de Ja\u00e9n<\/span> Leer m\u00e1s &raquo;<\/a><\/p>\n","protected":false},"author":2,"featured_media":4698,"comment_status":"closed","ping_status":"open","sticky":false,"template":"","format":"standard","meta":{"site-sidebar-layout":"default","site-content-layout":"default","ast-global-header-display":"","ast-main-header-display":"","ast-hfb-above-header-display":"","ast-hfb-below-header-display":"","ast-hfb-mobile-header-display":"","site-post-title":"","ast-breadcrumbs-content":"","ast-featured-img":"","footer-sml-layout":"","theme-transparent-header-meta":"","adv-header-id-meta":"","stick-header-meta":"","header-above-stick-meta":"","header-main-stick-meta":"","header-below-stick-meta":"","footnotes":""},"categories":[8],"tags":[],"class_list":["post-4697","post","type-post","status-publish","format-standard","has-post-thumbnail","hentry","category-provincia"],"yoast_head":"<!-- This site is optimized with the Yoast SEO plugin v20.8 - https:\/\/yoast.com\/wordpress\/plugins\/seo\/ -->\n<title>M\u00e1s de 220 actividades y 250 expositores en la XI Feria de los Pueblos de Ja\u00e9n - Torredonjimeno Actualidad<\/title>\n<meta name=\"robots\" content=\"index, follow, max-snippet:-1, max-image-preview:large, max-video-preview:-1\" \/>\n<link rel=\"canonical\" href=\"https:\/\/torredonjimenoactualidad.com\/index.php\/2026\/03\/16\/mas-de-220-actividades-y-250-expositores-en-la-xi-feria-de-los-pueblos-de-jaen\/\" \/>\n<meta property=\"og:locale\" content=\"es_ES\" \/>\n<meta property=\"og:type\" content=\"article\" \/>\n<meta property=\"og:title\" content=\"M\u00e1s de 220 actividades y 250 expositores en la XI Feria de los Pueblos de Ja\u00e9n - Torredonjimeno Actualidad\" \/>\n<meta property=\"og:description\" content=\"La Diputaci\u00f3n Provincial de Ja\u00e9n celebrar\u00e1 del 19 al 22 de marzo la und\u00e9cima edici\u00f3n de la Feria de los Pueblos, un evento que reunir\u00e1 m\u00e1s de 220 actividades gratuitas y m\u00e1s de 250 expositores en el Palacio de Ferias y Congresos de Ja\u00e9n. La muestra, que se organiza con motivo del D\u00eda de la &hellip; M\u00e1s de 220 actividades y 250 expositores en la XI Feria de los Pueblos de Ja\u00e9n Leer m\u00e1s &raquo;\" \/>\n<meta property=\"og:url\" content=\"https:\/\/torredonjimenoactualidad.com\/index.php\/2026\/03\/16\/mas-de-220-actividades-y-250-expositores-en-la-xi-feria-de-los-pueblos-de-jaen\/\" \/>\n<meta property=\"og:site_name\" content=\"Torredonjimeno Actualidad\" \/>\n<meta property=\"article:published_time\" content=\"2026-03-16T13:02:29+00:00\" \/>\n<meta property=\"article:modified_time\" content=\"2026-03-16T13:02:30+00:00\" \/>\n<meta property=\"og:image\" content=\"https:\/\/torredonjimenoactualidad.com\/wp-content\/uploads\/2026\/03\/20260316_Presentacixn_Feria_de_los_Pueblos_x1x.jpg\" \/>\n\t<meta property=\"og:image:width\" content=\"1874\" \/>\n\t<meta property=\"og:image:height\" content=\"1071\" \/>\n\t<meta property=\"og:image:type\" content=\"image\/jpeg\" \/>\n<meta name=\"author\" content=\"Alba Mar\u00eda Torres\" \/>\n<meta name=\"twitter:card\" content=\"summary_large_image\" \/>\n<meta name=\"twitter:label1\" content=\"Escrito por\" \/>\n\t<meta name=\"twitter:data1\" content=\"Alba Mar\u00eda Torres\" \/>\n\t<meta name=\"twitter:label2\" content=\"Tiempo de lectura\" \/>\n\t<meta name=\"twitter:data2\" content=\"3 minutos\" \/>\n<script type=\"application\/ld+json\" class=\"yoast-schema-graph\">{\"@context\":\"https:\/\/schema.org\",\"@graph\":[{\"@type\":\"Article\",\"@id\":\"https:\/\/torredonjimenoactualidad.com\/index.php\/2026\/03\/16\/mas-de-220-actividades-y-250-expositores-en-la-xi-feria-de-los-pueblos-de-jaen\/#article\",\"isPartOf\":{\"@id\":\"https:\/\/torredonjimenoactualidad.com\/index.php\/2026\/03\/16\/mas-de-220-actividades-y-250-expositores-en-la-xi-feria-de-los-pueblos-de-jaen\/\"},\"author\":{\"name\":\"Alba Mar\u00eda Torres\",\"@id\":\"https:\/\/torredonjimenoactualidad.com\/#\/schema\/person\/84de5f233e783ef2c75151a532b54977\"},\"headline\":\"M\u00e1s de 220 actividades y 250 expositores en la XI Feria de los Pueblos de Ja\u00e9n\",\"datePublished\":\"2026-03-16T13:02:29+00:00\",\"dateModified\":\"2026-03-16T13:02:30+00:00\",\"mainEntityOfPage\":{\"@id\":\"https:\/\/torredonjimenoactualidad.com\/index.php\/2026\/03\/16\/mas-de-220-actividades-y-250-expositores-en-la-xi-feria-de-los-pueblos-de-jaen\/\"},\"wordCount\":680,\"publisher\":{\"@id\":\"https:\/\/torredonjimenoactualidad.com\/#organization\"},\"articleSection\":[\"provincia\"],\"inLanguage\":\"es\"},{\"@type\":\"WebPage\",\"@id\":\"https:\/\/torredonjimenoactualidad.com\/index.php\/2026\/03\/16\/mas-de-220-actividades-y-250-expositores-en-la-xi-feria-de-los-pueblos-de-jaen\/\",\"url\":\"https:\/\/torredonjimenoactualidad.com\/index.php\/2026\/03\/16\/mas-de-220-actividades-y-250-expositores-en-la-xi-feria-de-los-pueblos-de-jaen\/\",\"name\":\"M\u00e1s de 220 actividades y 250 expositores en la XI Feria de los Pueblos de Ja\u00e9n - Torredonjimeno Actualidad\",\"isPartOf\":{\"@id\":\"https:\/\/torredonjimenoactualidad.com\/#website\"},\"datePublished\":\"2026-03-16T13:02:29+00:00\",\"dateModified\":\"2026-03-16T13:02:30+00:00\",\"breadcrumb\":{\"@id\":\"https:\/\/torredonjimenoactualidad.com\/index.php\/2026\/03\/16\/mas-de-220-actividades-y-250-expositores-en-la-xi-feria-de-los-pueblos-de-jaen\/#breadcrumb\"},\"inLanguage\":\"es\",\"potentialAction\":[{\"@type\":\"ReadAction\",\"target\":[\"https:\/\/torredonjimenoactualidad.com\/index.php\/2026\/03\/16\/mas-de-220-actividades-y-250-expositores-en-la-xi-feria-de-los-pueblos-de-jaen\/\"]}]},{\"@type\":\"BreadcrumbList\",\"@id\":\"https:\/\/torredonjimenoactualidad.com\/index.php\/2026\/03\/16\/mas-de-220-actividades-y-250-expositores-en-la-xi-feria-de-los-pueblos-de-jaen\/#breadcrumb\",\"itemListElement\":[{\"@type\":\"ListItem\",\"position\":1,\"name\":\"Portada\",\"item\":\"https:\/\/torredonjimenoactualidad.com\/\"},{\"@type\":\"ListItem\",\"position\":2,\"name\":\"M\u00e1s de 220 actividades y 250 expositores en la XI Feria de los Pueblos de Ja\u00e9n\"}]},{\"@type\":\"WebSite\",\"@id\":\"https:\/\/torredonjimenoactualidad.com\/#website\",\"url\":\"https:\/\/torredonjimenoactualidad.com\/\",\"name\":\"Torredonjimeno Actualidad\",\"description\":\"\",\"publisher\":{\"@id\":\"https:\/\/torredonjimenoactualidad.com\/#organization\"},\"potentialAction\":[{\"@type\":\"SearchAction\",\"target\":{\"@type\":\"EntryPoint\",\"urlTemplate\":\"https:\/\/torredonjimenoactualidad.com\/?s={search_term_string}\"},\"query-input\":\"required name=search_term_string\"}],\"inLanguage\":\"es\"},{\"@type\":\"Organization\",\"@id\":\"https:\/\/torredonjimenoactualidad.com\/#organization\",\"name\":\"Torredonjimeno Actualidad\",\"url\":\"https:\/\/torredonjimenoactualidad.com\/\",\"logo\":{\"@type\":\"ImageObject\",\"inLanguage\":\"es\",\"@id\":\"https:\/\/torredonjimenoactualidad.com\/#\/schema\/logo\/image\/\",\"url\":\"https:\/\/torredonjimenoactualidad.com\/wp-content\/uploads\/2023\/02\/logo-torredonjimeno-544x180-1.png\",\"contentUrl\":\"https:\/\/torredonjimenoactualidad.com\/wp-content\/uploads\/2023\/02\/logo-torredonjimeno-544x180-1.png\",\"width\":545,\"height\":112,\"caption\":\"Torredonjimeno Actualidad\"},\"image\":{\"@id\":\"https:\/\/torredonjimenoactualidad.com\/#\/schema\/logo\/image\/\"}},{\"@type\":\"Person\",\"@id\":\"https:\/\/torredonjimenoactualidad.com\/#\/schema\/person\/84de5f233e783ef2c75151a532b54977\",\"name\":\"Alba Mar\u00eda Torres\",\"image\":{\"@type\":\"ImageObject\",\"inLanguage\":\"es\",\"@id\":\"https:\/\/torredonjimenoactualidad.com\/#\/schema\/person\/image\/\",\"url\":\"https:\/\/secure.gravatar.com\/avatar\/f9371f188c71501b4475a9ba2a71595850ec72967f800a2ed8e3e2102859ed65?s=96&d=mm&r=g\",\"contentUrl\":\"https:\/\/secure.gravatar.com\/avatar\/f9371f188c71501b4475a9ba2a71595850ec72967f800a2ed8e3e2102859ed65?s=96&d=mm&r=g\",\"caption\":\"Alba Mar\u00eda Torres\"},\"url\":\"https:\/\/torredonjimenoactualidad.com\/index.php\/author\/alba-torres\/\"}]}<\/script>\n<!-- \/ Yoast SEO plugin. -->","yoast_head_json":{"title":"M\u00e1s de 220 actividades y 250 expositores en la XI Feria de los Pueblos de Ja\u00e9n - Torredonjimeno Actualidad","robots":{"index":"index","follow":"follow","max-snippet":"max-snippet:-1","max-image-preview":"max-image-preview:large","max-video-preview":"max-video-preview:-1"},"canonical":"https:\/\/torredonjimenoactualidad.com\/index.php\/2026\/03\/16\/mas-de-220-actividades-y-250-expositores-en-la-xi-feria-de-los-pueblos-de-jaen\/","og_locale":"es_ES","og_type":"article","og_title":"M\u00e1s de 220 actividades y 250 expositores en la XI Feria de los Pueblos de Ja\u00e9n - Torredonjimeno Actualidad","og_description":"La Diputaci\u00f3n Provincial de Ja\u00e9n celebrar\u00e1 del 19 al 22 de marzo la und\u00e9cima edici\u00f3n de la Feria de los Pueblos, un evento que reunir\u00e1 m\u00e1s de 220 actividades gratuitas y m\u00e1s de 250 expositores en el Palacio de Ferias y Congresos de Ja\u00e9n. La muestra, que se organiza con motivo del D\u00eda de la &hellip; M\u00e1s de 220 actividades y 250 expositores en la XI Feria de los Pueblos de Ja\u00e9n Leer m\u00e1s &raquo;","og_url":"https:\/\/torredonjimenoactualidad.com\/index.php\/2026\/03\/16\/mas-de-220-actividades-y-250-expositores-en-la-xi-feria-de-los-pueblos-de-jaen\/","og_site_name":"Torredonjimeno Actualidad","article_published_time":"2026-03-16T13:02:29+00:00","article_modified_time":"2026-03-16T13:02:30+00:00","og_image":[{"width":1874,"height":1071,"url":"https:\/\/torredonjimenoactualidad.com\/wp-content\/uploads\/2026\/03\/20260316_Presentacixn_Feria_de_los_Pueblos_x1x.jpg","type":"image\/jpeg"}],"author":"Alba Mar\u00eda Torres","twitter_card":"summary_large_image","twitter_misc":{"Escrito por":"Alba Mar\u00eda Torres","Tiempo de lectura":"3 minutos"},"schema":{"@context":"https:\/\/schema.org","@graph":[{"@type":"Article","@id":"https:\/\/torredonjimenoactualidad.com\/index.php\/2026\/03\/16\/mas-de-220-actividades-y-250-expositores-en-la-xi-feria-de-los-pueblos-de-jaen\/#article","isPartOf":{"@id":"https:\/\/torredonjimenoactualidad.com\/index.php\/2026\/03\/16\/mas-de-220-actividades-y-250-expositores-en-la-xi-feria-de-los-pueblos-de-jaen\/"},"author":{"name":"Alba Mar\u00eda Torres","@id":"https:\/\/torredonjimenoactualidad.com\/#\/schema\/person\/84de5f233e783ef2c75151a532b54977"},"headline":"M\u00e1s de 220 actividades y 250 expositores en la XI Feria de los Pueblos de Ja\u00e9n","datePublished":"2026-03-16T13:02:29+00:00","dateModified":"2026-03-16T13:02:30+00:00","mainEntityOfPage":{"@id":"https:\/\/torredonjimenoactualidad.com\/index.php\/2026\/03\/16\/mas-de-220-actividades-y-250-expositores-en-la-xi-feria-de-los-pueblos-de-jaen\/"},"wordCount":680,"publisher":{"@id":"https:\/\/torredonjimenoactualidad.com\/#organization"},"articleSection":["provincia"],"inLanguage":"es"},{"@type":"WebPage","@id":"https:\/\/torredonjimenoactualidad.com\/index.php\/2026\/03\/16\/mas-de-220-actividades-y-250-expositores-en-la-xi-feria-de-los-pueblos-de-jaen\/","url":"https:\/\/torredonjimenoactualidad.com\/index.php\/2026\/03\/16\/mas-de-220-actividades-y-250-expositores-en-la-xi-feria-de-los-pueblos-de-jaen\/","name":"M\u00e1s de 220 actividades y 250 expositores en la XI Feria de los Pueblos de Ja\u00e9n - Torredonjimeno Actualidad","isPartOf":{"@id":"https:\/\/torredonjimenoactualidad.com\/#website"},"datePublished":"2026-03-16T13:02:29+00:00","dateModified":"2026-03-16T13:02:30+00:00","breadcrumb":{"@id":"https:\/\/torredonjimenoactualidad.com\/index.php\/2026\/03\/16\/mas-de-220-actividades-y-250-expositores-en-la-xi-feria-de-los-pueblos-de-jaen\/#breadcrumb"},"inLanguage":"es","potentialAction":[{"@type":"ReadAction","target":["https:\/\/torredonjimenoactualidad.com\/index.php\/2026\/03\/16\/mas-de-220-actividades-y-250-expositores-en-la-xi-feria-de-los-pueblos-de-jaen\/"]}]},{"@type":"BreadcrumbList","@id":"https:\/\/torredonjimenoactualidad.com\/index.php\/2026\/03\/16\/mas-de-220-actividades-y-250-expositores-en-la-xi-feria-de-los-pueblos-de-jaen\/#breadcrumb","itemListElement":[{"@type":"ListItem","position":1,"name":"Portada","item":"https:\/\/torredonjimenoactualidad.com\/"},{"@type":"ListItem","position":2,"name":"M\u00e1s de 220 actividades y 250 expositores en la XI Feria de los Pueblos de Ja\u00e9n"}]},{"@type":"WebSite","@id":"https:\/\/torredonjimenoactualidad.com\/#website","url":"https:\/\/torredonjimenoactualidad.com\/","name":"Torredonjimeno Actualidad","description":"","publisher":{"@id":"https:\/\/torredonjimenoactualidad.com\/#organization"},"potentialAction":[{"@type":"SearchAction","target":{"@type":"EntryPoint","urlTemplate":"https:\/\/torredonjimenoactualidad.com\/?s={search_term_string}"},"query-input":"required name=search_term_string"}],"inLanguage":"es"},{"@type":"Organization","@id":"https:\/\/torredonjimenoactualidad.com\/#organization","name":"Torredonjimeno Actualidad","url":"https:\/\/torredonjimenoactualidad.com\/","logo":{"@type":"ImageObject","inLanguage":"es","@id":"https:\/\/torredonjimenoactualidad.com\/#\/schema\/logo\/image\/","url":"https:\/\/torredonjimenoactualidad.com\/wp-content\/uploads\/2023\/02\/logo-torredonjimeno-544x180-1.png","contentUrl":"https:\/\/torredonjimenoactualidad.com\/wp-content\/uploads\/2023\/02\/logo-torredonjimeno-544x180-1.png","width":545,"height":112,"caption":"Torredonjimeno Actualidad"},"image":{"@id":"https:\/\/torredonjimenoactualidad.com\/#\/schema\/logo\/image\/"}},{"@type":"Person","@id":"https:\/\/torredonjimenoactualidad.com\/#\/schema\/person\/84de5f233e783ef2c75151a532b54977","name":"Alba Mar\u00eda Torres","image":{"@type":"ImageObject","inLanguage":"es","@id":"https:\/\/torredonjimenoactualidad.com\/#\/schema\/person\/image\/","url":"https:\/\/secure.gravatar.com\/avatar\/f9371f188c71501b4475a9ba2a71595850ec72967f800a2ed8e3e2102859ed65?s=96&d=mm&r=g","contentUrl":"https:\/\/secure.gravatar.com\/avatar\/f9371f188c71501b4475a9ba2a71595850ec72967f800a2ed8e3e2102859ed65?s=96&d=mm&r=g","caption":"Alba Mar\u00eda Torres"},"url":"https:\/\/torredonjimenoactualidad.com\/index.php\/author\/alba-torres\/"}]}},"_links":{"self":[{"href":"https:\/\/torredonjimenoactualidad.com\/index.php\/wp-json\/wp\/v2\/posts\/4697","targetHints":{"allow":["GET"]}}],"collection":[{"href":"https:\/\/torredonjimenoactualidad.com\/index.php\/wp-json\/wp\/v2\/posts"}],"about":[{"href":"https:\/\/torredonjimenoactualidad.com\/index.php\/wp-json\/wp\/v2\/types\/post"}],"author":[{"embeddable":true,"href":"https:\/\/torredonjimenoactualidad.com\/index.php\/wp-json\/wp\/v2\/users\/2"}],"replies":[{"embeddable":true,"href":"https:\/\/torredonjimenoactualidad.com\/index.php\/wp-json\/wp\/v2\/comments?post=4697"}],"version-history":[{"count":1,"href":"https:\/\/torredonjimenoactualidad.com\/index.php\/wp-json\/wp\/v2\/posts\/4697\/revisions"}],"predecessor-version":[{"id":4699,"href":"https:\/\/torredonjimenoactualidad.com\/index.php\/wp-json\/wp\/v2\/posts\/4697\/revisions\/4699"}],"wp:featuredmedia":[{"embeddable":true,"href":"https:\/\/torredonjimenoactualidad.com\/index.php\/wp-json\/wp\/v2\/media\/4698"}],"wp:attachment":[{"href":"https:\/\/torredonjimenoactualidad.com\/index.php\/wp-json\/wp\/v2\/media?parent=4697"}],"wp:term":[{"taxonomy":"category","embeddable":true,"href":"https:\/\/torredonjimenoactualidad.com\/index.php\/wp-json\/wp\/v2\/categories?post=4697"},{"taxonomy":"post_tag","embeddable":true,"href":"https:\/\/torredonjimenoactualidad.com\/index.php\/wp-json\/wp\/v2\/tags?post=4697"}],"curies":[{"name":"wp","href":"https:\/\/api.w.org\/{rel}","templated":true}]}}