{"id":4674,"date":"2026-03-12T07:46:01","date_gmt":"2026-03-12T07:46:01","guid":{"rendered":"https:\/\/torredonjimenoactualidad.com\/?p=4674"},"modified":"2026-03-12T07:46:02","modified_gmt":"2026-03-12T07:46:02","slug":"el-historiador-tosiriano-javier-illana-participa-en-la-edicion-de-un-libro-que-profundiza-en-los-origenes-historicos-de-noalejo","status":"publish","type":"post","link":"https:\/\/torredonjimenoactualidad.com\/index.php\/2026\/03\/12\/el-historiador-tosiriano-javier-illana-participa-en-la-edicion-de-un-libro-que-profundiza-en-los-origenes-historicos-de-noalejo\/","title":{"rendered":"El historiador tosiriano Javier Illana participa en la edici\u00f3n de un libro que profundiza en los or\u00edgenes hist\u00f3ricos de Noalejo"},"content":{"rendered":"\n<p>El profesor e investigador de Historia Moderna de la Universidad de Ja\u00e9n, el tosiriano\u00a0<strong>Francisco Javier Illana<\/strong>, ha participado en la edici\u00f3n del libro\u00a0<em>\u2018El se\u00f1or\u00edo de Noalejo (siglos XVI-XIX). Repoblaci\u00f3n y poder se\u00f1orial en un territorio de frontera\u2019<\/em>, una obra colectiva que analiza el origen y la evoluci\u00f3n hist\u00f3rica de este municipio jiennense.<\/p>\n\n\n\n<p>El&nbsp;<strong>Aula de Cultura del Palacio Provincial<\/strong>&nbsp;ha acogido la presentaci\u00f3n oficial de esta publicaci\u00f3n, realizada por el \u00e1rea de Historia Moderna de la Universidad de Ja\u00e9n y coordinada por&nbsp;<strong>Francisco Javier Illana<\/strong>&nbsp;y&nbsp;<strong>Jos\u00e9 Miguel Delgado<\/strong>. El proyecto ha contado con la colaboraci\u00f3n de la Diputaci\u00f3n Provincial de Ja\u00e9n y del Ayuntamiento de Noalejo.<\/p>\n\n\n\n<p>Durante el acto, el presidente de la Diputaci\u00f3n,&nbsp;<strong>Francisco Reyes<\/strong>, destac\u00f3 la importancia del trabajo conjunto entre instituciones para impulsar investigaciones hist\u00f3ricas de este calibre. \u201cEn este libro confluyen dos entidades que han unido sus caminos para alumbrar este libro que es el mayor y el mejor trabajo de investigaci\u00f3n sobre la fundaci\u00f3n y la historia de Noalejo\u201d, se\u00f1al\u00f3. Reyes subray\u00f3 tambi\u00e9n el papel del Ayuntamiento en la recuperaci\u00f3n de su memoria hist\u00f3rica y el de la Universidad de Ja\u00e9n en la investigaci\u00f3n, la innovaci\u00f3n y la transferencia de conocimiento a la sociedad.<\/p>\n\n\n\n<p>La obra re\u00fane&nbsp;<strong>nueve cap\u00edtulos elaborados por especialistas de las universidades de Ja\u00e9n, C\u00f3rdoba y Complutense de Madrid, adem\u00e1s de investigadores del Consejo Superior de Investigaciones Cient\u00edficas (CSIC)<\/strong>. A trav\u00e9s de estas aportaciones se examina el se\u00f1or\u00edo de Noalejo desde distintos enfoques, como el proceso pol\u00edtico de su creaci\u00f3n, las redes clientelares de sus se\u00f1ores, las resistencias de las comunidades locales frente al poder se\u00f1orial o las posesiones econ\u00f3micas ligadas al mayorazgo.<\/p>\n\n\n\n<p>Tambi\u00e9n se analizan la articulaci\u00f3n territorial del se\u00f1or\u00edo y los restos arqueol\u00f3gicos conservados en el municipio, as\u00ed como los conflictos jurisdiccionales entre concejos vecinos y los titulares de este dominio. El libro concluye con una propuesta para recuperar y poner en valor el patrimonio inmueble de esta etapa hist\u00f3rica, parte del cual aparece documentado con material fotogr\u00e1fico.<\/p>\n\n\n\n<p>Por su parte, el alcalde de Noalejo,&nbsp;<strong>Antonio Morales<\/strong>, afirm\u00f3 que esta publicaci\u00f3n supone un paso importante para la identidad del municipio. \u201cNoalejo reconoce su historia y su identidad, porque \u00e9ramos un pueblo sin pasado. Merec\u00edamos tener justicia hist\u00f3rica y asumimos la responsabilidad de dotar a nuestro municipio de sus ra\u00edces con una obra profunda, rigurosa y valiente\u201d, indic\u00f3.<\/p>\n\n\n\n<p>La investigaci\u00f3n aborda adem\u00e1s la figura de&nbsp;<strong>Menc\u00eda de Salcedo<\/strong>, primera se\u00f1ora de Noalejo, vinculada a la corte de la emperatriz Isabel de Portugal y de Felipe II, quien adquiri\u00f3 a la Corona la jurisdicci\u00f3n civil de estas tierras. Su papel en la fundaci\u00f3n del municipio, junto con el de los sucesivos titulares del se\u00f1or\u00edo, ocupa un lugar destacado en esta obra que recorre m\u00e1s de cuatro siglos de historia, desde el periodo previo de dominio musulm\u00e1n hasta la evoluci\u00f3n posterior de la localidad.<\/p>\n\n\n\n<p><\/p>\n","protected":false},"excerpt":{"rendered":"<p>El profesor e investigador de Historia Moderna de la Universidad de Ja\u00e9n, el tosiriano\u00a0Francisco Javier Illana, ha participado en la edici\u00f3n del libro\u00a0\u2018El se\u00f1or\u00edo de Noalejo (siglos XVI-XIX). Repoblaci\u00f3n y poder se\u00f1orial en un territorio de frontera\u2019, una obra colectiva que analiza el origen y la evoluci\u00f3n hist\u00f3rica de este municipio jiennense. El&nbsp;Aula de Cultura &hellip;<\/p>\n<p class=\"read-more\"> <a class=\"\" href=\"https:\/\/torredonjimenoactualidad.com\/index.php\/2026\/03\/12\/el-historiador-tosiriano-javier-illana-participa-en-la-edicion-de-un-libro-que-profundiza-en-los-origenes-historicos-de-noalejo\/\"> <span class=\"screen-reader-text\">El historiador tosiriano Javier Illana participa en la edici\u00f3n de un libro que profundiza en los or\u00edgenes hist\u00f3ricos de Noalejo<\/span> Leer m\u00e1s &raquo;<\/a><\/p>\n","protected":false},"author":2,"featured_media":4675,"comment_status":"closed","ping_status":"open","sticky":false,"template":"","format":"standard","meta":{"site-sidebar-layout":"default","site-content-layout":"default","ast-global-header-display":"","ast-main-header-display":"","ast-hfb-above-header-display":"","ast-hfb-below-header-display":"","ast-hfb-mobile-header-display":"","site-post-title":"","ast-breadcrumbs-content":"","ast-featured-img":"","footer-sml-layout":"","theme-transparent-header-meta":"","adv-header-id-meta":"","stick-header-meta":"","header-above-stick-meta":"","header-main-stick-meta":"","header-below-stick-meta":"","footnotes":""},"categories":[8],"tags":[],"class_list":["post-4674","post","type-post","status-publish","format-standard","has-post-thumbnail","hentry","category-provincia"],"yoast_head":"<!-- This site is optimized with the Yoast SEO plugin v20.8 - https:\/\/yoast.com\/wordpress\/plugins\/seo\/ -->\n<title>El historiador tosiriano Javier Illana participa en la edici\u00f3n de un libro que profundiza en los or\u00edgenes hist\u00f3ricos de Noalejo - Torredonjimeno Actualidad<\/title>\n<meta name=\"robots\" content=\"index, follow, max-snippet:-1, max-image-preview:large, max-video-preview:-1\" \/>\n<link rel=\"canonical\" href=\"https:\/\/torredonjimenoactualidad.com\/index.php\/2026\/03\/12\/el-historiador-tosiriano-javier-illana-participa-en-la-edicion-de-un-libro-que-profundiza-en-los-origenes-historicos-de-noalejo\/\" \/>\n<meta property=\"og:locale\" content=\"es_ES\" \/>\n<meta property=\"og:type\" content=\"article\" \/>\n<meta property=\"og:title\" content=\"El historiador tosiriano Javier Illana participa en la edici\u00f3n de un libro que profundiza en los or\u00edgenes hist\u00f3ricos de Noalejo - Torredonjimeno Actualidad\" \/>\n<meta property=\"og:description\" content=\"El profesor e investigador de Historia Moderna de la Universidad de Ja\u00e9n, el tosiriano\u00a0Francisco Javier Illana, ha participado en la edici\u00f3n del libro\u00a0\u2018El se\u00f1or\u00edo de Noalejo (siglos XVI-XIX). Repoblaci\u00f3n y poder se\u00f1orial en un territorio de frontera\u2019, una obra colectiva que analiza el origen y la evoluci\u00f3n hist\u00f3rica de este municipio jiennense. El&nbsp;Aula de Cultura &hellip; El historiador tosiriano Javier Illana participa en la edici\u00f3n de un libro que profundiza en los or\u00edgenes hist\u00f3ricos de Noalejo Leer m\u00e1s &raquo;\" \/>\n<meta property=\"og:url\" content=\"https:\/\/torredonjimenoactualidad.com\/index.php\/2026\/03\/12\/el-historiador-tosiriano-javier-illana-participa-en-la-edicion-de-un-libro-que-profundiza-en-los-origenes-historicos-de-noalejo\/\" \/>\n<meta property=\"og:site_name\" content=\"Torredonjimeno Actualidad\" \/>\n<meta property=\"article:published_time\" content=\"2026-03-12T07:46:01+00:00\" \/>\n<meta property=\"article:modified_time\" content=\"2026-03-12T07:46:02+00:00\" \/>\n<meta property=\"og:image\" content=\"https:\/\/torredonjimenoactualidad.com\/wp-content\/uploads\/2026\/03\/20260311_Presentacixn_libro_El_sexorxo_de_Noalejo_1.jpeg\" \/>\n\t<meta property=\"og:image:width\" content=\"1428\" \/>\n\t<meta property=\"og:image:height\" content=\"816\" \/>\n\t<meta property=\"og:image:type\" content=\"image\/jpeg\" \/>\n<meta name=\"author\" content=\"Alba Mar\u00eda Torres\" \/>\n<meta name=\"twitter:card\" content=\"summary_large_image\" \/>\n<meta name=\"twitter:label1\" content=\"Escrito por\" \/>\n\t<meta name=\"twitter:data1\" content=\"Alba Mar\u00eda Torres\" \/>\n\t<meta name=\"twitter:label2\" content=\"Tiempo de lectura\" \/>\n\t<meta name=\"twitter:data2\" content=\"3 minutos\" \/>\n<script type=\"application\/ld+json\" class=\"yoast-schema-graph\">{\"@context\":\"https:\/\/schema.org\",\"@graph\":[{\"@type\":\"Article\",\"@id\":\"https:\/\/torredonjimenoactualidad.com\/index.php\/2026\/03\/12\/el-historiador-tosiriano-javier-illana-participa-en-la-edicion-de-un-libro-que-profundiza-en-los-origenes-historicos-de-noalejo\/#article\",\"isPartOf\":{\"@id\":\"https:\/\/torredonjimenoactualidad.com\/index.php\/2026\/03\/12\/el-historiador-tosiriano-javier-illana-participa-en-la-edicion-de-un-libro-que-profundiza-en-los-origenes-historicos-de-noalejo\/\"},\"author\":{\"name\":\"Alba Mar\u00eda Torres\",\"@id\":\"https:\/\/torredonjimenoactualidad.com\/#\/schema\/person\/84de5f233e783ef2c75151a532b54977\"},\"headline\":\"El historiador tosiriano Javier Illana participa en la edici\u00f3n de un libro que profundiza en los or\u00edgenes hist\u00f3ricos de Noalejo\",\"datePublished\":\"2026-03-12T07:46:01+00:00\",\"dateModified\":\"2026-03-12T07:46:02+00:00\",\"mainEntityOfPage\":{\"@id\":\"https:\/\/torredonjimenoactualidad.com\/index.php\/2026\/03\/12\/el-historiador-tosiriano-javier-illana-participa-en-la-edicion-de-un-libro-que-profundiza-en-los-origenes-historicos-de-noalejo\/\"},\"wordCount\":567,\"publisher\":{\"@id\":\"https:\/\/torredonjimenoactualidad.com\/#organization\"},\"articleSection\":[\"provincia\"],\"inLanguage\":\"es\"},{\"@type\":\"WebPage\",\"@id\":\"https:\/\/torredonjimenoactualidad.com\/index.php\/2026\/03\/12\/el-historiador-tosiriano-javier-illana-participa-en-la-edicion-de-un-libro-que-profundiza-en-los-origenes-historicos-de-noalejo\/\",\"url\":\"https:\/\/torredonjimenoactualidad.com\/index.php\/2026\/03\/12\/el-historiador-tosiriano-javier-illana-participa-en-la-edicion-de-un-libro-que-profundiza-en-los-origenes-historicos-de-noalejo\/\",\"name\":\"El historiador tosiriano Javier Illana participa en la edici\u00f3n de un libro que profundiza en los or\u00edgenes hist\u00f3ricos de Noalejo - Torredonjimeno Actualidad\",\"isPartOf\":{\"@id\":\"https:\/\/torredonjimenoactualidad.com\/#website\"},\"datePublished\":\"2026-03-12T07:46:01+00:00\",\"dateModified\":\"2026-03-12T07:46:02+00:00\",\"breadcrumb\":{\"@id\":\"https:\/\/torredonjimenoactualidad.com\/index.php\/2026\/03\/12\/el-historiador-tosiriano-javier-illana-participa-en-la-edicion-de-un-libro-que-profundiza-en-los-origenes-historicos-de-noalejo\/#breadcrumb\"},\"inLanguage\":\"es\",\"potentialAction\":[{\"@type\":\"ReadAction\",\"target\":[\"https:\/\/torredonjimenoactualidad.com\/index.php\/2026\/03\/12\/el-historiador-tosiriano-javier-illana-participa-en-la-edicion-de-un-libro-que-profundiza-en-los-origenes-historicos-de-noalejo\/\"]}]},{\"@type\":\"BreadcrumbList\",\"@id\":\"https:\/\/torredonjimenoactualidad.com\/index.php\/2026\/03\/12\/el-historiador-tosiriano-javier-illana-participa-en-la-edicion-de-un-libro-que-profundiza-en-los-origenes-historicos-de-noalejo\/#breadcrumb\",\"itemListElement\":[{\"@type\":\"ListItem\",\"position\":1,\"name\":\"Portada\",\"item\":\"https:\/\/torredonjimenoactualidad.com\/\"},{\"@type\":\"ListItem\",\"position\":2,\"name\":\"El historiador tosiriano Javier Illana participa en la edici\u00f3n de un libro que profundiza en los or\u00edgenes hist\u00f3ricos de Noalejo\"}]},{\"@type\":\"WebSite\",\"@id\":\"https:\/\/torredonjimenoactualidad.com\/#website\",\"url\":\"https:\/\/torredonjimenoactualidad.com\/\",\"name\":\"Torredonjimeno Actualidad\",\"description\":\"\",\"publisher\":{\"@id\":\"https:\/\/torredonjimenoactualidad.com\/#organization\"},\"potentialAction\":[{\"@type\":\"SearchAction\",\"target\":{\"@type\":\"EntryPoint\",\"urlTemplate\":\"https:\/\/torredonjimenoactualidad.com\/?s={search_term_string}\"},\"query-input\":\"required name=search_term_string\"}],\"inLanguage\":\"es\"},{\"@type\":\"Organization\",\"@id\":\"https:\/\/torredonjimenoactualidad.com\/#organization\",\"name\":\"Torredonjimeno Actualidad\",\"url\":\"https:\/\/torredonjimenoactualidad.com\/\",\"logo\":{\"@type\":\"ImageObject\",\"inLanguage\":\"es\",\"@id\":\"https:\/\/torredonjimenoactualidad.com\/#\/schema\/logo\/image\/\",\"url\":\"https:\/\/torredonjimenoactualidad.com\/wp-content\/uploads\/2023\/02\/logo-torredonjimeno-544x180-1.png\",\"contentUrl\":\"https:\/\/torredonjimenoactualidad.com\/wp-content\/uploads\/2023\/02\/logo-torredonjimeno-544x180-1.png\",\"width\":545,\"height\":112,\"caption\":\"Torredonjimeno Actualidad\"},\"image\":{\"@id\":\"https:\/\/torredonjimenoactualidad.com\/#\/schema\/logo\/image\/\"}},{\"@type\":\"Person\",\"@id\":\"https:\/\/torredonjimenoactualidad.com\/#\/schema\/person\/84de5f233e783ef2c75151a532b54977\",\"name\":\"Alba Mar\u00eda Torres\",\"image\":{\"@type\":\"ImageObject\",\"inLanguage\":\"es\",\"@id\":\"https:\/\/torredonjimenoactualidad.com\/#\/schema\/person\/image\/\",\"url\":\"https:\/\/secure.gravatar.com\/avatar\/f9371f188c71501b4475a9ba2a71595850ec72967f800a2ed8e3e2102859ed65?s=96&d=mm&r=g\",\"contentUrl\":\"https:\/\/secure.gravatar.com\/avatar\/f9371f188c71501b4475a9ba2a71595850ec72967f800a2ed8e3e2102859ed65?s=96&d=mm&r=g\",\"caption\":\"Alba Mar\u00eda Torres\"},\"url\":\"https:\/\/torredonjimenoactualidad.com\/index.php\/author\/alba-torres\/\"}]}<\/script>\n<!-- \/ Yoast SEO plugin. -->","yoast_head_json":{"title":"El historiador tosiriano Javier Illana participa en la edici\u00f3n de un libro que profundiza en los or\u00edgenes hist\u00f3ricos de Noalejo - Torredonjimeno Actualidad","robots":{"index":"index","follow":"follow","max-snippet":"max-snippet:-1","max-image-preview":"max-image-preview:large","max-video-preview":"max-video-preview:-1"},"canonical":"https:\/\/torredonjimenoactualidad.com\/index.php\/2026\/03\/12\/el-historiador-tosiriano-javier-illana-participa-en-la-edicion-de-un-libro-que-profundiza-en-los-origenes-historicos-de-noalejo\/","og_locale":"es_ES","og_type":"article","og_title":"El historiador tosiriano Javier Illana participa en la edici\u00f3n de un libro que profundiza en los or\u00edgenes hist\u00f3ricos de Noalejo - Torredonjimeno Actualidad","og_description":"El profesor e investigador de Historia Moderna de la Universidad de Ja\u00e9n, el tosiriano\u00a0Francisco Javier Illana, ha participado en la edici\u00f3n del libro\u00a0\u2018El se\u00f1or\u00edo de Noalejo (siglos XVI-XIX). Repoblaci\u00f3n y poder se\u00f1orial en un territorio de frontera\u2019, una obra colectiva que analiza el origen y la evoluci\u00f3n hist\u00f3rica de este municipio jiennense. El&nbsp;Aula de Cultura &hellip; El historiador tosiriano Javier Illana participa en la edici\u00f3n de un libro que profundiza en los or\u00edgenes hist\u00f3ricos de Noalejo Leer m\u00e1s &raquo;","og_url":"https:\/\/torredonjimenoactualidad.com\/index.php\/2026\/03\/12\/el-historiador-tosiriano-javier-illana-participa-en-la-edicion-de-un-libro-que-profundiza-en-los-origenes-historicos-de-noalejo\/","og_site_name":"Torredonjimeno Actualidad","article_published_time":"2026-03-12T07:46:01+00:00","article_modified_time":"2026-03-12T07:46:02+00:00","og_image":[{"width":1428,"height":816,"url":"https:\/\/torredonjimenoactualidad.com\/wp-content\/uploads\/2026\/03\/20260311_Presentacixn_libro_El_sexorxo_de_Noalejo_1.jpeg","type":"image\/jpeg"}],"author":"Alba Mar\u00eda Torres","twitter_card":"summary_large_image","twitter_misc":{"Escrito por":"Alba Mar\u00eda Torres","Tiempo de lectura":"3 minutos"},"schema":{"@context":"https:\/\/schema.org","@graph":[{"@type":"Article","@id":"https:\/\/torredonjimenoactualidad.com\/index.php\/2026\/03\/12\/el-historiador-tosiriano-javier-illana-participa-en-la-edicion-de-un-libro-que-profundiza-en-los-origenes-historicos-de-noalejo\/#article","isPartOf":{"@id":"https:\/\/torredonjimenoactualidad.com\/index.php\/2026\/03\/12\/el-historiador-tosiriano-javier-illana-participa-en-la-edicion-de-un-libro-que-profundiza-en-los-origenes-historicos-de-noalejo\/"},"author":{"name":"Alba Mar\u00eda Torres","@id":"https:\/\/torredonjimenoactualidad.com\/#\/schema\/person\/84de5f233e783ef2c75151a532b54977"},"headline":"El historiador tosiriano Javier Illana participa en la edici\u00f3n de un libro que profundiza en los or\u00edgenes hist\u00f3ricos de Noalejo","datePublished":"2026-03-12T07:46:01+00:00","dateModified":"2026-03-12T07:46:02+00:00","mainEntityOfPage":{"@id":"https:\/\/torredonjimenoactualidad.com\/index.php\/2026\/03\/12\/el-historiador-tosiriano-javier-illana-participa-en-la-edicion-de-un-libro-que-profundiza-en-los-origenes-historicos-de-noalejo\/"},"wordCount":567,"publisher":{"@id":"https:\/\/torredonjimenoactualidad.com\/#organization"},"articleSection":["provincia"],"inLanguage":"es"},{"@type":"WebPage","@id":"https:\/\/torredonjimenoactualidad.com\/index.php\/2026\/03\/12\/el-historiador-tosiriano-javier-illana-participa-en-la-edicion-de-un-libro-que-profundiza-en-los-origenes-historicos-de-noalejo\/","url":"https:\/\/torredonjimenoactualidad.com\/index.php\/2026\/03\/12\/el-historiador-tosiriano-javier-illana-participa-en-la-edicion-de-un-libro-que-profundiza-en-los-origenes-historicos-de-noalejo\/","name":"El historiador tosiriano Javier Illana participa en la edici\u00f3n de un libro que profundiza en los or\u00edgenes hist\u00f3ricos de Noalejo - Torredonjimeno Actualidad","isPartOf":{"@id":"https:\/\/torredonjimenoactualidad.com\/#website"},"datePublished":"2026-03-12T07:46:01+00:00","dateModified":"2026-03-12T07:46:02+00:00","breadcrumb":{"@id":"https:\/\/torredonjimenoactualidad.com\/index.php\/2026\/03\/12\/el-historiador-tosiriano-javier-illana-participa-en-la-edicion-de-un-libro-que-profundiza-en-los-origenes-historicos-de-noalejo\/#breadcrumb"},"inLanguage":"es","potentialAction":[{"@type":"ReadAction","target":["https:\/\/torredonjimenoactualidad.com\/index.php\/2026\/03\/12\/el-historiador-tosiriano-javier-illana-participa-en-la-edicion-de-un-libro-que-profundiza-en-los-origenes-historicos-de-noalejo\/"]}]},{"@type":"BreadcrumbList","@id":"https:\/\/torredonjimenoactualidad.com\/index.php\/2026\/03\/12\/el-historiador-tosiriano-javier-illana-participa-en-la-edicion-de-un-libro-que-profundiza-en-los-origenes-historicos-de-noalejo\/#breadcrumb","itemListElement":[{"@type":"ListItem","position":1,"name":"Portada","item":"https:\/\/torredonjimenoactualidad.com\/"},{"@type":"ListItem","position":2,"name":"El historiador tosiriano Javier Illana participa en la edici\u00f3n de un libro que profundiza en los or\u00edgenes hist\u00f3ricos de Noalejo"}]},{"@type":"WebSite","@id":"https:\/\/torredonjimenoactualidad.com\/#website","url":"https:\/\/torredonjimenoactualidad.com\/","name":"Torredonjimeno Actualidad","description":"","publisher":{"@id":"https:\/\/torredonjimenoactualidad.com\/#organization"},"potentialAction":[{"@type":"SearchAction","target":{"@type":"EntryPoint","urlTemplate":"https:\/\/torredonjimenoactualidad.com\/?s={search_term_string}"},"query-input":"required name=search_term_string"}],"inLanguage":"es"},{"@type":"Organization","@id":"https:\/\/torredonjimenoactualidad.com\/#organization","name":"Torredonjimeno Actualidad","url":"https:\/\/torredonjimenoactualidad.com\/","logo":{"@type":"ImageObject","inLanguage":"es","@id":"https:\/\/torredonjimenoactualidad.com\/#\/schema\/logo\/image\/","url":"https:\/\/torredonjimenoactualidad.com\/wp-content\/uploads\/2023\/02\/logo-torredonjimeno-544x180-1.png","contentUrl":"https:\/\/torredonjimenoactualidad.com\/wp-content\/uploads\/2023\/02\/logo-torredonjimeno-544x180-1.png","width":545,"height":112,"caption":"Torredonjimeno Actualidad"},"image":{"@id":"https:\/\/torredonjimenoactualidad.com\/#\/schema\/logo\/image\/"}},{"@type":"Person","@id":"https:\/\/torredonjimenoactualidad.com\/#\/schema\/person\/84de5f233e783ef2c75151a532b54977","name":"Alba Mar\u00eda Torres","image":{"@type":"ImageObject","inLanguage":"es","@id":"https:\/\/torredonjimenoactualidad.com\/#\/schema\/person\/image\/","url":"https:\/\/secure.gravatar.com\/avatar\/f9371f188c71501b4475a9ba2a71595850ec72967f800a2ed8e3e2102859ed65?s=96&d=mm&r=g","contentUrl":"https:\/\/secure.gravatar.com\/avatar\/f9371f188c71501b4475a9ba2a71595850ec72967f800a2ed8e3e2102859ed65?s=96&d=mm&r=g","caption":"Alba Mar\u00eda Torres"},"url":"https:\/\/torredonjimenoactualidad.com\/index.php\/author\/alba-torres\/"}]}},"_links":{"self":[{"href":"https:\/\/torredonjimenoactualidad.com\/index.php\/wp-json\/wp\/v2\/posts\/4674","targetHints":{"allow":["GET"]}}],"collection":[{"href":"https:\/\/torredonjimenoactualidad.com\/index.php\/wp-json\/wp\/v2\/posts"}],"about":[{"href":"https:\/\/torredonjimenoactualidad.com\/index.php\/wp-json\/wp\/v2\/types\/post"}],"author":[{"embeddable":true,"href":"https:\/\/torredonjimenoactualidad.com\/index.php\/wp-json\/wp\/v2\/users\/2"}],"replies":[{"embeddable":true,"href":"https:\/\/torredonjimenoactualidad.com\/index.php\/wp-json\/wp\/v2\/comments?post=4674"}],"version-history":[{"count":1,"href":"https:\/\/torredonjimenoactualidad.com\/index.php\/wp-json\/wp\/v2\/posts\/4674\/revisions"}],"predecessor-version":[{"id":4676,"href":"https:\/\/torredonjimenoactualidad.com\/index.php\/wp-json\/wp\/v2\/posts\/4674\/revisions\/4676"}],"wp:featuredmedia":[{"embeddable":true,"href":"https:\/\/torredonjimenoactualidad.com\/index.php\/wp-json\/wp\/v2\/media\/4675"}],"wp:attachment":[{"href":"https:\/\/torredonjimenoactualidad.com\/index.php\/wp-json\/wp\/v2\/media?parent=4674"}],"wp:term":[{"taxonomy":"category","embeddable":true,"href":"https:\/\/torredonjimenoactualidad.com\/index.php\/wp-json\/wp\/v2\/categories?post=4674"},{"taxonomy":"post_tag","embeddable":true,"href":"https:\/\/torredonjimenoactualidad.com\/index.php\/wp-json\/wp\/v2\/tags?post=4674"}],"curies":[{"name":"wp","href":"https:\/\/api.w.org\/{rel}","templated":true}]}}