{"id":4670,"date":"2026-03-11T18:36:27","date_gmt":"2026-03-11T18:36:27","guid":{"rendered":"https:\/\/torredonjimenoactualidad.com\/?p=4670"},"modified":"2026-03-11T18:36:28","modified_gmt":"2026-03-11T18:36:28","slug":"el-ii-certamen-de-saetas-el-tostadillo-se-celebrara-en-torredonjimeno-el-proximo-20-de-marzo","status":"publish","type":"post","link":"https:\/\/torredonjimenoactualidad.com\/index.php\/2026\/03\/11\/el-ii-certamen-de-saetas-el-tostadillo-se-celebrara-en-torredonjimeno-el-proximo-20-de-marzo\/","title":{"rendered":"El II Certamen de Saetas \u201cEl Tostadillo\u201d se celebrar\u00e1 en Torredonjimeno el pr\u00f3ximo 20 de marzo"},"content":{"rendered":"\n<p>El Teatro Municipal Alcalde Miguel Anguita ser\u00e1 el escenario del\u00a0II Certamen de Saetas \u201cEl Tostadillo\u201d, que se celebrar\u00e1 el pr\u00f3ximo\u00a020 de marzo a partir de las 21:00 horas. El evento ha sido presentado hoy por la concejala de Cultura, Sela Ib\u00e1\u00f1ez, junto al nuevo presidente de la Pe\u00f1a Flamenca La Besana,\u00a0Juan Francisco Serrano.<\/p>\n\n\n\n<p>Durante la presentaci\u00f3n, la edil destac\u00f3 la importancia de esta cita para la tradici\u00f3n musical y religiosa de la localidad, subrayando su estrecha vinculaci\u00f3n con la Semana Santa. Ib\u00e1\u00f1ez se\u00f1al\u00f3 que desde su llegada al \u00e1rea de Cultura ha mostrado un especial inter\u00e9s en que esta actividad contin\u00fae consolid\u00e1ndose, al considerarla \u201calgo tan identificativo en nuestra Semana Santa\u201d, donde las saetas acompa\u00f1an cada a\u00f1o las procesiones y momentos m\u00e1s emotivos de los diferentes desfiles procesionales.<\/p>\n\n\n\n<p>La concejala puso en valor adem\u00e1s el talento local, recordando que en Torredonjimeno residen saeteros de gran nivel. En esta segunda edici\u00f3n participar\u00e1 tambi\u00e9n una cantaora procedente de Martos, a la que defini\u00f3 como \u201cuna hermana de coraz\u00f3n, una marte\u00f1a\u201d, que se suma al certamen.<\/p>\n\n\n\n<p>Ib\u00e1\u00f1ez quiso agradecer asimismo la colaboraci\u00f3n de la Pe\u00f1a Flamenca La Besana, organizadora del evento junto al Ayuntamiento, y tuvo palabras de reconocimiento para\u00a0Antonio Castro, anterior presidente de la entidad, por su trabajo y apoyo durante los \u00faltimos a\u00f1os. Del mismo modo, dio la bienvenida al nuevo presidente, Juan Francisco Serrano, con quien espera seguir trabajando \u201cde la mano\u201d para fortalecer el arte del flamenco en la localidad. <\/p>\n\n\n\n<p>La responsable municipal aprovech\u00f3 la ocasi\u00f3n para hacer un llamamiento a la participaci\u00f3n de la juventud en el cante por saetas, con el objetivo de garantizar el relevo generacional. \u201cEs necesario que los j\u00f3venes se animen a practicar y a cantar saetas para acompa\u00f1ar a nuestros mayores\u201d, afirm\u00f3. <\/p>\n\n\n\n<p>Por su parte,&nbsp;Juan Francisco Serrano&nbsp;explic\u00f3 que en esta edici\u00f3n&nbsp;participar\u00e1n cinco cantaores, que interpretar\u00e1n dos saetas cada uno en el escenario del teatro. El orden de actuaci\u00f3n se decidir\u00e1 mediante sorteo, siguiendo el formato habitual de este tipo de cert\u00e1menes.<\/p>\n\n\n\n<p>El presidente de la Pe\u00f1a Flamenca La Besana tambi\u00e9n inform\u00f3 de que\u00a0las entradas ser\u00e1n gratuitas\u00a0y podr\u00e1n recogerse previamente en la\u00a0Casa Municipal de Cultura. El certamen comenzar\u00e1 a las 21:00 horas, con la finalidad de facilitar la asistencia del p\u00fablico tras la finalizaci\u00f3n de otros actos religiosos y cofrades.<\/p>\n\n\n\n<p>Desde la organizaci\u00f3n se invita a todos los vecinos de Torredonjimeno a asistir a esta velada flamenca, concebida como un preludio sonoro de la Semana Santa, en la que el cante por saetas volver\u00e1 a llenar de emoci\u00f3n el escenario del Teatro Municipal Alcalde Miguel Anguita.<\/p>\n","protected":false},"excerpt":{"rendered":"<p>El Teatro Municipal Alcalde Miguel Anguita ser\u00e1 el escenario del\u00a0II Certamen de Saetas \u201cEl Tostadillo\u201d, que se celebrar\u00e1 el pr\u00f3ximo\u00a020 de marzo a partir de las 21:00 horas. El evento ha sido presentado hoy por la concejala de Cultura, Sela Ib\u00e1\u00f1ez, junto al nuevo presidente de la Pe\u00f1a Flamenca La Besana,\u00a0Juan Francisco Serrano. Durante la &hellip;<\/p>\n<p class=\"read-more\"> <a class=\"\" href=\"https:\/\/torredonjimenoactualidad.com\/index.php\/2026\/03\/11\/el-ii-certamen-de-saetas-el-tostadillo-se-celebrara-en-torredonjimeno-el-proximo-20-de-marzo\/\"> <span class=\"screen-reader-text\">El II Certamen de Saetas \u201cEl Tostadillo\u201d se celebrar\u00e1 en Torredonjimeno el pr\u00f3ximo 20 de marzo<\/span> Leer m\u00e1s &raquo;<\/a><\/p>\n","protected":false},"author":2,"featured_media":4671,"comment_status":"closed","ping_status":"open","sticky":false,"template":"","format":"standard","meta":{"site-sidebar-layout":"default","site-content-layout":"default","ast-global-header-display":"","ast-main-header-display":"","ast-hfb-above-header-display":"","ast-hfb-below-header-display":"","ast-hfb-mobile-header-display":"","site-post-title":"","ast-breadcrumbs-content":"","ast-featured-img":"","footer-sml-layout":"","theme-transparent-header-meta":"","adv-header-id-meta":"","stick-header-meta":"","header-above-stick-meta":"","header-main-stick-meta":"","header-below-stick-meta":"","footnotes":""},"categories":[10],"tags":[],"class_list":["post-4670","post","type-post","status-publish","format-standard","has-post-thumbnail","hentry","category-cultura"],"yoast_head":"<!-- This site is optimized with the Yoast SEO plugin v20.8 - https:\/\/yoast.com\/wordpress\/plugins\/seo\/ -->\n<title>El II Certamen de Saetas \u201cEl Tostadillo\u201d se celebrar\u00e1 en Torredonjimeno el pr\u00f3ximo 20 de marzo - Torredonjimeno Actualidad<\/title>\n<meta name=\"robots\" content=\"index, follow, max-snippet:-1, max-image-preview:large, max-video-preview:-1\" \/>\n<link rel=\"canonical\" href=\"https:\/\/torredonjimenoactualidad.com\/index.php\/2026\/03\/11\/el-ii-certamen-de-saetas-el-tostadillo-se-celebrara-en-torredonjimeno-el-proximo-20-de-marzo\/\" \/>\n<meta property=\"og:locale\" content=\"es_ES\" \/>\n<meta property=\"og:type\" content=\"article\" \/>\n<meta property=\"og:title\" content=\"El II Certamen de Saetas \u201cEl Tostadillo\u201d se celebrar\u00e1 en Torredonjimeno el pr\u00f3ximo 20 de marzo - Torredonjimeno Actualidad\" \/>\n<meta property=\"og:description\" content=\"El Teatro Municipal Alcalde Miguel Anguita ser\u00e1 el escenario del\u00a0II Certamen de Saetas \u201cEl Tostadillo\u201d, que se celebrar\u00e1 el pr\u00f3ximo\u00a020 de marzo a partir de las 21:00 horas. El evento ha sido presentado hoy por la concejala de Cultura, Sela Ib\u00e1\u00f1ez, junto al nuevo presidente de la Pe\u00f1a Flamenca La Besana,\u00a0Juan Francisco Serrano. Durante la &hellip; El II Certamen de Saetas \u201cEl Tostadillo\u201d se celebrar\u00e1 en Torredonjimeno el pr\u00f3ximo 20 de marzo Leer m\u00e1s &raquo;\" \/>\n<meta property=\"og:url\" content=\"https:\/\/torredonjimenoactualidad.com\/index.php\/2026\/03\/11\/el-ii-certamen-de-saetas-el-tostadillo-se-celebrara-en-torredonjimeno-el-proximo-20-de-marzo\/\" \/>\n<meta property=\"og:site_name\" content=\"Torredonjimeno Actualidad\" \/>\n<meta property=\"article:published_time\" content=\"2026-03-11T18:36:27+00:00\" \/>\n<meta property=\"article:modified_time\" content=\"2026-03-11T18:36:28+00:00\" \/>\n<meta property=\"og:image\" content=\"https:\/\/torredonjimenoactualidad.com\/wp-content\/uploads\/2026\/03\/649648534_122117322741173202_8928434402551308284_n.jpg\" \/>\n\t<meta property=\"og:image:width\" content=\"900\" \/>\n\t<meta property=\"og:image:height\" content=\"515\" \/>\n\t<meta property=\"og:image:type\" content=\"image\/jpeg\" \/>\n<meta name=\"author\" content=\"Alba Mar\u00eda Torres\" \/>\n<meta name=\"twitter:card\" content=\"summary_large_image\" \/>\n<meta name=\"twitter:label1\" content=\"Escrito por\" \/>\n\t<meta name=\"twitter:data1\" content=\"Alba Mar\u00eda Torres\" \/>\n\t<meta name=\"twitter:label2\" content=\"Tiempo de lectura\" \/>\n\t<meta name=\"twitter:data2\" content=\"2 minutos\" \/>\n<script type=\"application\/ld+json\" class=\"yoast-schema-graph\">{\"@context\":\"https:\/\/schema.org\",\"@graph\":[{\"@type\":\"Article\",\"@id\":\"https:\/\/torredonjimenoactualidad.com\/index.php\/2026\/03\/11\/el-ii-certamen-de-saetas-el-tostadillo-se-celebrara-en-torredonjimeno-el-proximo-20-de-marzo\/#article\",\"isPartOf\":{\"@id\":\"https:\/\/torredonjimenoactualidad.com\/index.php\/2026\/03\/11\/el-ii-certamen-de-saetas-el-tostadillo-se-celebrara-en-torredonjimeno-el-proximo-20-de-marzo\/\"},\"author\":{\"name\":\"Alba Mar\u00eda Torres\",\"@id\":\"https:\/\/torredonjimenoactualidad.com\/#\/schema\/person\/84de5f233e783ef2c75151a532b54977\"},\"headline\":\"El II Certamen de Saetas \u201cEl Tostadillo\u201d se celebrar\u00e1 en Torredonjimeno el pr\u00f3ximo 20 de marzo\",\"datePublished\":\"2026-03-11T18:36:27+00:00\",\"dateModified\":\"2026-03-11T18:36:28+00:00\",\"mainEntityOfPage\":{\"@id\":\"https:\/\/torredonjimenoactualidad.com\/index.php\/2026\/03\/11\/el-ii-certamen-de-saetas-el-tostadillo-se-celebrara-en-torredonjimeno-el-proximo-20-de-marzo\/\"},\"wordCount\":488,\"publisher\":{\"@id\":\"https:\/\/torredonjimenoactualidad.com\/#organization\"},\"articleSection\":[\"cultura\"],\"inLanguage\":\"es\"},{\"@type\":\"WebPage\",\"@id\":\"https:\/\/torredonjimenoactualidad.com\/index.php\/2026\/03\/11\/el-ii-certamen-de-saetas-el-tostadillo-se-celebrara-en-torredonjimeno-el-proximo-20-de-marzo\/\",\"url\":\"https:\/\/torredonjimenoactualidad.com\/index.php\/2026\/03\/11\/el-ii-certamen-de-saetas-el-tostadillo-se-celebrara-en-torredonjimeno-el-proximo-20-de-marzo\/\",\"name\":\"El II Certamen de Saetas \u201cEl Tostadillo\u201d se celebrar\u00e1 en Torredonjimeno el pr\u00f3ximo 20 de marzo - Torredonjimeno Actualidad\",\"isPartOf\":{\"@id\":\"https:\/\/torredonjimenoactualidad.com\/#website\"},\"datePublished\":\"2026-03-11T18:36:27+00:00\",\"dateModified\":\"2026-03-11T18:36:28+00:00\",\"breadcrumb\":{\"@id\":\"https:\/\/torredonjimenoactualidad.com\/index.php\/2026\/03\/11\/el-ii-certamen-de-saetas-el-tostadillo-se-celebrara-en-torredonjimeno-el-proximo-20-de-marzo\/#breadcrumb\"},\"inLanguage\":\"es\",\"potentialAction\":[{\"@type\":\"ReadAction\",\"target\":[\"https:\/\/torredonjimenoactualidad.com\/index.php\/2026\/03\/11\/el-ii-certamen-de-saetas-el-tostadillo-se-celebrara-en-torredonjimeno-el-proximo-20-de-marzo\/\"]}]},{\"@type\":\"BreadcrumbList\",\"@id\":\"https:\/\/torredonjimenoactualidad.com\/index.php\/2026\/03\/11\/el-ii-certamen-de-saetas-el-tostadillo-se-celebrara-en-torredonjimeno-el-proximo-20-de-marzo\/#breadcrumb\",\"itemListElement\":[{\"@type\":\"ListItem\",\"position\":1,\"name\":\"Portada\",\"item\":\"https:\/\/torredonjimenoactualidad.com\/\"},{\"@type\":\"ListItem\",\"position\":2,\"name\":\"El II Certamen de Saetas \u201cEl Tostadillo\u201d se celebrar\u00e1 en Torredonjimeno el pr\u00f3ximo 20 de marzo\"}]},{\"@type\":\"WebSite\",\"@id\":\"https:\/\/torredonjimenoactualidad.com\/#website\",\"url\":\"https:\/\/torredonjimenoactualidad.com\/\",\"name\":\"Torredonjimeno Actualidad\",\"description\":\"\",\"publisher\":{\"@id\":\"https:\/\/torredonjimenoactualidad.com\/#organization\"},\"potentialAction\":[{\"@type\":\"SearchAction\",\"target\":{\"@type\":\"EntryPoint\",\"urlTemplate\":\"https:\/\/torredonjimenoactualidad.com\/?s={search_term_string}\"},\"query-input\":\"required name=search_term_string\"}],\"inLanguage\":\"es\"},{\"@type\":\"Organization\",\"@id\":\"https:\/\/torredonjimenoactualidad.com\/#organization\",\"name\":\"Torredonjimeno Actualidad\",\"url\":\"https:\/\/torredonjimenoactualidad.com\/\",\"logo\":{\"@type\":\"ImageObject\",\"inLanguage\":\"es\",\"@id\":\"https:\/\/torredonjimenoactualidad.com\/#\/schema\/logo\/image\/\",\"url\":\"https:\/\/torredonjimenoactualidad.com\/wp-content\/uploads\/2023\/02\/logo-torredonjimeno-544x180-1.png\",\"contentUrl\":\"https:\/\/torredonjimenoactualidad.com\/wp-content\/uploads\/2023\/02\/logo-torredonjimeno-544x180-1.png\",\"width\":545,\"height\":112,\"caption\":\"Torredonjimeno Actualidad\"},\"image\":{\"@id\":\"https:\/\/torredonjimenoactualidad.com\/#\/schema\/logo\/image\/\"}},{\"@type\":\"Person\",\"@id\":\"https:\/\/torredonjimenoactualidad.com\/#\/schema\/person\/84de5f233e783ef2c75151a532b54977\",\"name\":\"Alba Mar\u00eda Torres\",\"image\":{\"@type\":\"ImageObject\",\"inLanguage\":\"es\",\"@id\":\"https:\/\/torredonjimenoactualidad.com\/#\/schema\/person\/image\/\",\"url\":\"https:\/\/secure.gravatar.com\/avatar\/f9371f188c71501b4475a9ba2a71595850ec72967f800a2ed8e3e2102859ed65?s=96&d=mm&r=g\",\"contentUrl\":\"https:\/\/secure.gravatar.com\/avatar\/f9371f188c71501b4475a9ba2a71595850ec72967f800a2ed8e3e2102859ed65?s=96&d=mm&r=g\",\"caption\":\"Alba Mar\u00eda Torres\"},\"url\":\"https:\/\/torredonjimenoactualidad.com\/index.php\/author\/alba-torres\/\"}]}<\/script>\n<!-- \/ Yoast SEO plugin. -->","yoast_head_json":{"title":"El II Certamen de Saetas \u201cEl Tostadillo\u201d se celebrar\u00e1 en Torredonjimeno el pr\u00f3ximo 20 de marzo - Torredonjimeno Actualidad","robots":{"index":"index","follow":"follow","max-snippet":"max-snippet:-1","max-image-preview":"max-image-preview:large","max-video-preview":"max-video-preview:-1"},"canonical":"https:\/\/torredonjimenoactualidad.com\/index.php\/2026\/03\/11\/el-ii-certamen-de-saetas-el-tostadillo-se-celebrara-en-torredonjimeno-el-proximo-20-de-marzo\/","og_locale":"es_ES","og_type":"article","og_title":"El II Certamen de Saetas \u201cEl Tostadillo\u201d se celebrar\u00e1 en Torredonjimeno el pr\u00f3ximo 20 de marzo - Torredonjimeno Actualidad","og_description":"El Teatro Municipal Alcalde Miguel Anguita ser\u00e1 el escenario del\u00a0II Certamen de Saetas \u201cEl Tostadillo\u201d, que se celebrar\u00e1 el pr\u00f3ximo\u00a020 de marzo a partir de las 21:00 horas. El evento ha sido presentado hoy por la concejala de Cultura, Sela Ib\u00e1\u00f1ez, junto al nuevo presidente de la Pe\u00f1a Flamenca La Besana,\u00a0Juan Francisco Serrano. Durante la &hellip; El II Certamen de Saetas \u201cEl Tostadillo\u201d se celebrar\u00e1 en Torredonjimeno el pr\u00f3ximo 20 de marzo Leer m\u00e1s &raquo;","og_url":"https:\/\/torredonjimenoactualidad.com\/index.php\/2026\/03\/11\/el-ii-certamen-de-saetas-el-tostadillo-se-celebrara-en-torredonjimeno-el-proximo-20-de-marzo\/","og_site_name":"Torredonjimeno Actualidad","article_published_time":"2026-03-11T18:36:27+00:00","article_modified_time":"2026-03-11T18:36:28+00:00","og_image":[{"width":900,"height":515,"url":"https:\/\/torredonjimenoactualidad.com\/wp-content\/uploads\/2026\/03\/649648534_122117322741173202_8928434402551308284_n.jpg","type":"image\/jpeg"}],"author":"Alba Mar\u00eda Torres","twitter_card":"summary_large_image","twitter_misc":{"Escrito por":"Alba Mar\u00eda Torres","Tiempo de lectura":"2 minutos"},"schema":{"@context":"https:\/\/schema.org","@graph":[{"@type":"Article","@id":"https:\/\/torredonjimenoactualidad.com\/index.php\/2026\/03\/11\/el-ii-certamen-de-saetas-el-tostadillo-se-celebrara-en-torredonjimeno-el-proximo-20-de-marzo\/#article","isPartOf":{"@id":"https:\/\/torredonjimenoactualidad.com\/index.php\/2026\/03\/11\/el-ii-certamen-de-saetas-el-tostadillo-se-celebrara-en-torredonjimeno-el-proximo-20-de-marzo\/"},"author":{"name":"Alba Mar\u00eda Torres","@id":"https:\/\/torredonjimenoactualidad.com\/#\/schema\/person\/84de5f233e783ef2c75151a532b54977"},"headline":"El II Certamen de Saetas \u201cEl Tostadillo\u201d se celebrar\u00e1 en Torredonjimeno el pr\u00f3ximo 20 de marzo","datePublished":"2026-03-11T18:36:27+00:00","dateModified":"2026-03-11T18:36:28+00:00","mainEntityOfPage":{"@id":"https:\/\/torredonjimenoactualidad.com\/index.php\/2026\/03\/11\/el-ii-certamen-de-saetas-el-tostadillo-se-celebrara-en-torredonjimeno-el-proximo-20-de-marzo\/"},"wordCount":488,"publisher":{"@id":"https:\/\/torredonjimenoactualidad.com\/#organization"},"articleSection":["cultura"],"inLanguage":"es"},{"@type":"WebPage","@id":"https:\/\/torredonjimenoactualidad.com\/index.php\/2026\/03\/11\/el-ii-certamen-de-saetas-el-tostadillo-se-celebrara-en-torredonjimeno-el-proximo-20-de-marzo\/","url":"https:\/\/torredonjimenoactualidad.com\/index.php\/2026\/03\/11\/el-ii-certamen-de-saetas-el-tostadillo-se-celebrara-en-torredonjimeno-el-proximo-20-de-marzo\/","name":"El II Certamen de Saetas \u201cEl Tostadillo\u201d se celebrar\u00e1 en Torredonjimeno el pr\u00f3ximo 20 de marzo - Torredonjimeno Actualidad","isPartOf":{"@id":"https:\/\/torredonjimenoactualidad.com\/#website"},"datePublished":"2026-03-11T18:36:27+00:00","dateModified":"2026-03-11T18:36:28+00:00","breadcrumb":{"@id":"https:\/\/torredonjimenoactualidad.com\/index.php\/2026\/03\/11\/el-ii-certamen-de-saetas-el-tostadillo-se-celebrara-en-torredonjimeno-el-proximo-20-de-marzo\/#breadcrumb"},"inLanguage":"es","potentialAction":[{"@type":"ReadAction","target":["https:\/\/torredonjimenoactualidad.com\/index.php\/2026\/03\/11\/el-ii-certamen-de-saetas-el-tostadillo-se-celebrara-en-torredonjimeno-el-proximo-20-de-marzo\/"]}]},{"@type":"BreadcrumbList","@id":"https:\/\/torredonjimenoactualidad.com\/index.php\/2026\/03\/11\/el-ii-certamen-de-saetas-el-tostadillo-se-celebrara-en-torredonjimeno-el-proximo-20-de-marzo\/#breadcrumb","itemListElement":[{"@type":"ListItem","position":1,"name":"Portada","item":"https:\/\/torredonjimenoactualidad.com\/"},{"@type":"ListItem","position":2,"name":"El II Certamen de Saetas \u201cEl Tostadillo\u201d se celebrar\u00e1 en Torredonjimeno el pr\u00f3ximo 20 de marzo"}]},{"@type":"WebSite","@id":"https:\/\/torredonjimenoactualidad.com\/#website","url":"https:\/\/torredonjimenoactualidad.com\/","name":"Torredonjimeno Actualidad","description":"","publisher":{"@id":"https:\/\/torredonjimenoactualidad.com\/#organization"},"potentialAction":[{"@type":"SearchAction","target":{"@type":"EntryPoint","urlTemplate":"https:\/\/torredonjimenoactualidad.com\/?s={search_term_string}"},"query-input":"required name=search_term_string"}],"inLanguage":"es"},{"@type":"Organization","@id":"https:\/\/torredonjimenoactualidad.com\/#organization","name":"Torredonjimeno Actualidad","url":"https:\/\/torredonjimenoactualidad.com\/","logo":{"@type":"ImageObject","inLanguage":"es","@id":"https:\/\/torredonjimenoactualidad.com\/#\/schema\/logo\/image\/","url":"https:\/\/torredonjimenoactualidad.com\/wp-content\/uploads\/2023\/02\/logo-torredonjimeno-544x180-1.png","contentUrl":"https:\/\/torredonjimenoactualidad.com\/wp-content\/uploads\/2023\/02\/logo-torredonjimeno-544x180-1.png","width":545,"height":112,"caption":"Torredonjimeno Actualidad"},"image":{"@id":"https:\/\/torredonjimenoactualidad.com\/#\/schema\/logo\/image\/"}},{"@type":"Person","@id":"https:\/\/torredonjimenoactualidad.com\/#\/schema\/person\/84de5f233e783ef2c75151a532b54977","name":"Alba Mar\u00eda Torres","image":{"@type":"ImageObject","inLanguage":"es","@id":"https:\/\/torredonjimenoactualidad.com\/#\/schema\/person\/image\/","url":"https:\/\/secure.gravatar.com\/avatar\/f9371f188c71501b4475a9ba2a71595850ec72967f800a2ed8e3e2102859ed65?s=96&d=mm&r=g","contentUrl":"https:\/\/secure.gravatar.com\/avatar\/f9371f188c71501b4475a9ba2a71595850ec72967f800a2ed8e3e2102859ed65?s=96&d=mm&r=g","caption":"Alba Mar\u00eda Torres"},"url":"https:\/\/torredonjimenoactualidad.com\/index.php\/author\/alba-torres\/"}]}},"_links":{"self":[{"href":"https:\/\/torredonjimenoactualidad.com\/index.php\/wp-json\/wp\/v2\/posts\/4670","targetHints":{"allow":["GET"]}}],"collection":[{"href":"https:\/\/torredonjimenoactualidad.com\/index.php\/wp-json\/wp\/v2\/posts"}],"about":[{"href":"https:\/\/torredonjimenoactualidad.com\/index.php\/wp-json\/wp\/v2\/types\/post"}],"author":[{"embeddable":true,"href":"https:\/\/torredonjimenoactualidad.com\/index.php\/wp-json\/wp\/v2\/users\/2"}],"replies":[{"embeddable":true,"href":"https:\/\/torredonjimenoactualidad.com\/index.php\/wp-json\/wp\/v2\/comments?post=4670"}],"version-history":[{"count":1,"href":"https:\/\/torredonjimenoactualidad.com\/index.php\/wp-json\/wp\/v2\/posts\/4670\/revisions"}],"predecessor-version":[{"id":4672,"href":"https:\/\/torredonjimenoactualidad.com\/index.php\/wp-json\/wp\/v2\/posts\/4670\/revisions\/4672"}],"wp:featuredmedia":[{"embeddable":true,"href":"https:\/\/torredonjimenoactualidad.com\/index.php\/wp-json\/wp\/v2\/media\/4671"}],"wp:attachment":[{"href":"https:\/\/torredonjimenoactualidad.com\/index.php\/wp-json\/wp\/v2\/media?parent=4670"}],"wp:term":[{"taxonomy":"category","embeddable":true,"href":"https:\/\/torredonjimenoactualidad.com\/index.php\/wp-json\/wp\/v2\/categories?post=4670"},{"taxonomy":"post_tag","embeddable":true,"href":"https:\/\/torredonjimenoactualidad.com\/index.php\/wp-json\/wp\/v2\/tags?post=4670"}],"curies":[{"name":"wp","href":"https:\/\/api.w.org\/{rel}","templated":true}]}}