{"id":4666,"date":"2026-03-11T17:29:56","date_gmt":"2026-03-11T17:29:56","guid":{"rendered":"https:\/\/torredonjimenoactualidad.com\/?p=4666"},"modified":"2026-03-11T17:29:57","modified_gmt":"2026-03-11T17:29:57","slug":"unicaja-y-asaja-jaen-renuevan-su-colaboracion-para-facilitar-el-anticipo-de-la-pac-a-agricultores-y-ganaderos","status":"publish","type":"post","link":"https:\/\/torredonjimenoactualidad.com\/index.php\/2026\/03\/11\/unicaja-y-asaja-jaen-renuevan-su-colaboracion-para-facilitar-el-anticipo-de-la-pac-a-agricultores-y-ganaderos\/","title":{"rendered":"Unicaja y Asaja Ja\u00e9n renuevan su colaboraci\u00f3n para facilitar el anticipo de la PAC a agricultores y ganaderos"},"content":{"rendered":"\n<p>Unicaja ha renovado su colaboraci\u00f3n con Asaja Ja\u00e9n para facilitar a agricultores y ganaderos de la provincia el anticipo de las ayudas de la Pol\u00edtica Agraria Com\u00fan (PAC), una herramienta fundamental para asegurar la estabilidad econ\u00f3mica de sus explotaciones.<\/p>\n\n\n\n<p>En virtud de este acuerdo, los agricultores y ganaderos que integran Asaja Ja\u00e9n y que tramiten su solicitud \u00fanica de la PAC a trav\u00e9s de Unicaja \u00abpodr\u00e1n acceder, en condiciones ventajosas, al anticipo de las ayudas, permiti\u00e9ndoles afrontar con mayor tranquilidad los gastos de su actividad diaria\u00bb.<\/p>\n\n\n\n<p>El plazo para la presentaci\u00f3n de la solicitud \u00fanica permanecer\u00e1 abierto hasta el 30 de abril, mientras que el anticipo podr\u00e1 formalizarse hasta el 31 de octubre, seg\u00fan ha informdo este mi\u00e9rcoles la entidad financiera.<\/p>\n\n\n\n<p>Ha habilitado para este ejercicio una l\u00ednea de financiaci\u00f3n preconcedida, dotada con 1.000 millones de euros y destinada al sector agr\u00edcola y ganadero, incluyendo anticipos de la PAC y apoyo a cultivos intensivos, lo que permitir\u00e1 atender las necesidades de liquidez de miles de profesionales.<\/p>\n\n\n\n<p>El acuerdo ha sido firmado por el director territorial de Andaluc\u00eda Oriental de Unicaja, Juan Cayuela, y el presidente de Asaja Ja\u00e9n, Nicol\u00e1s Vico. El primero ha destacado que el \u00abcompromiso con el campo jiennense es firme y sostenido en el tiempo\u00bb.<\/p>\n\n\n\n<p>\u00abTrabajamos junto a organizaciones como Asaja Ja\u00e9n para ofrecer soluciones \u00e1giles, cercanas y adaptadas a la realidad de cada explotaci\u00f3n. El sector agrario es estrat\u00e9gico para la provincia y queremos seguir siendo su aliado financiero\u00bb, ha afirmado.<\/p>\n\n\n\n<p>Cayuela tambi\u00e9n ha se\u00f1alado que, en general, este tipo de colaboraciones, con las que Unicaja sit\u00faa a estos profesionales en el centro de su estrategia, \u00abpermiten facilitar no solo tr\u00e1mites administrativos, sino tambi\u00e9n reforzar el respaldo institucional y financiero a un sector que afronta retos como la incertidumbre clim\u00e1tica y la necesidad de relevo generacional\u00bb.<\/p>\n\n\n\n<p>Asimismo, ha valorado la red de oficinas de Unicaja en Ja\u00e9n y su especializaci\u00f3n en el \u00e1mbito agro, adem\u00e1s de los canales digitales con los que cuenta la entidad, lo que \u00abpermite un acompa\u00f1amiento personalizado tanto en la tramitaci\u00f3n como en la financiaci\u00f3n vinculada a la PAC\u00bb.<\/p>\n\n\n\n<p>Por su parte, el presidente de Asaja Ja\u00e9n, Nicol\u00e1s Vico, ha subrayado la importancia de esta colaboraci\u00f3n. \u00abSe mantiene desde hace a\u00f1os y que redundar\u00e1 en nuestros m\u00e1s de 6.000 asociados, que son por los que trabajamos\u00bb, ha declarado.<\/p>\n\n\n\n<p>La trayectoria de Unicaja en el \u00e1mbito agropecuario y la industria alimentaria se apoya en un modelo de atenci\u00f3n integral que ofrece soluciones financieras, aseguradoras y de asesoramiento, dise\u00f1adas espec\u00edficamente para dar respuesta a las particularidades del sector.<\/p>\n\n\n\n<p>Esa colaboraci\u00f3n se traduce tambi\u00e9n en acuerdos con administraciones p\u00fablicas y en la participaci\u00f3n en eventos especializados en Ja\u00e9n, como es el caso de Expoliva, la Feria Internacional del Aceite de Oliva e Industrias Afines.<\/p>\n\n\n\n<p>Asaja Ja\u00e9n, con m\u00e1s de tres d\u00e9cadas de historia, es la mayor organizaci\u00f3n profesional agraria de Ja\u00e9n y una de las m\u00e1s grandes y s\u00f3lidas del panorama nacional. Tiene una red de m\u00e1s de 60 profesionales en la provincia y cerca de 40 oficinas o puntos de atenci\u00f3n.<\/p>\n","protected":false},"excerpt":{"rendered":"<p>Unicaja ha renovado su colaboraci\u00f3n con Asaja Ja\u00e9n para facilitar a agricultores y ganaderos de la provincia el anticipo de las ayudas de la Pol\u00edtica Agraria Com\u00fan (PAC), una herramienta fundamental para asegurar la estabilidad econ\u00f3mica de sus explotaciones. En virtud de este acuerdo, los agricultores y ganaderos que integran Asaja Ja\u00e9n y que tramiten &hellip;<\/p>\n<p class=\"read-more\"> <a class=\"\" href=\"https:\/\/torredonjimenoactualidad.com\/index.php\/2026\/03\/11\/unicaja-y-asaja-jaen-renuevan-su-colaboracion-para-facilitar-el-anticipo-de-la-pac-a-agricultores-y-ganaderos\/\"> <span class=\"screen-reader-text\">Unicaja y Asaja Ja\u00e9n renuevan su colaboraci\u00f3n para facilitar el anticipo de la PAC a agricultores y ganaderos<\/span> Leer m\u00e1s &raquo;<\/a><\/p>\n","protected":false},"author":2,"featured_media":4667,"comment_status":"closed","ping_status":"open","sticky":false,"template":"","format":"standard","meta":{"site-sidebar-layout":"default","site-content-layout":"default","ast-global-header-display":"","ast-main-header-display":"","ast-hfb-above-header-display":"","ast-hfb-below-header-display":"","ast-hfb-mobile-header-display":"","site-post-title":"","ast-breadcrumbs-content":"","ast-featured-img":"","footer-sml-layout":"","theme-transparent-header-meta":"","adv-header-id-meta":"","stick-header-meta":"","header-above-stick-meta":"","header-main-stick-meta":"","header-below-stick-meta":"","footnotes":""},"categories":[8],"tags":[],"class_list":["post-4666","post","type-post","status-publish","format-standard","has-post-thumbnail","hentry","category-provincia"],"yoast_head":"<!-- This site is optimized with the Yoast SEO plugin v20.8 - https:\/\/yoast.com\/wordpress\/plugins\/seo\/ -->\n<title>Unicaja y Asaja Ja\u00e9n renuevan su colaboraci\u00f3n para facilitar el anticipo de la PAC a agricultores y ganaderos - Torredonjimeno Actualidad<\/title>\n<meta name=\"robots\" content=\"index, follow, max-snippet:-1, max-image-preview:large, max-video-preview:-1\" \/>\n<link rel=\"canonical\" href=\"https:\/\/torredonjimenoactualidad.com\/index.php\/2026\/03\/11\/unicaja-y-asaja-jaen-renuevan-su-colaboracion-para-facilitar-el-anticipo-de-la-pac-a-agricultores-y-ganaderos\/\" \/>\n<meta property=\"og:locale\" content=\"es_ES\" \/>\n<meta property=\"og:type\" content=\"article\" \/>\n<meta property=\"og:title\" content=\"Unicaja y Asaja Ja\u00e9n renuevan su colaboraci\u00f3n para facilitar el anticipo de la PAC a agricultores y ganaderos - Torredonjimeno Actualidad\" \/>\n<meta property=\"og:description\" content=\"Unicaja ha renovado su colaboraci\u00f3n con Asaja Ja\u00e9n para facilitar a agricultores y ganaderos de la provincia el anticipo de las ayudas de la Pol\u00edtica Agraria Com\u00fan (PAC), una herramienta fundamental para asegurar la estabilidad econ\u00f3mica de sus explotaciones. En virtud de este acuerdo, los agricultores y ganaderos que integran Asaja Ja\u00e9n y que tramiten &hellip; Unicaja y Asaja Ja\u00e9n renuevan su colaboraci\u00f3n para facilitar el anticipo de la PAC a agricultores y ganaderos Leer m\u00e1s &raquo;\" \/>\n<meta property=\"og:url\" content=\"https:\/\/torredonjimenoactualidad.com\/index.php\/2026\/03\/11\/unicaja-y-asaja-jaen-renuevan-su-colaboracion-para-facilitar-el-anticipo-de-la-pac-a-agricultores-y-ganaderos\/\" \/>\n<meta property=\"og:site_name\" content=\"Torredonjimeno Actualidad\" \/>\n<meta property=\"article:published_time\" content=\"2026-03-11T17:29:56+00:00\" \/>\n<meta property=\"article:modified_time\" content=\"2026-03-11T17:29:57+00:00\" \/>\n<meta property=\"og:image\" content=\"https:\/\/torredonjimenoactualidad.com\/wp-content\/uploads\/2026\/03\/fotonoticia_20260311152643_1920.jpg\" \/>\n\t<meta property=\"og:image:width\" content=\"1766\" \/>\n\t<meta property=\"og:image:height\" content=\"1009\" \/>\n\t<meta property=\"og:image:type\" content=\"image\/jpeg\" \/>\n<meta name=\"author\" content=\"Alba Mar\u00eda Torres\" \/>\n<meta name=\"twitter:card\" content=\"summary_large_image\" \/>\n<meta name=\"twitter:label1\" content=\"Escrito por\" \/>\n\t<meta name=\"twitter:data1\" content=\"Alba Mar\u00eda Torres\" \/>\n\t<meta name=\"twitter:label2\" content=\"Tiempo de lectura\" \/>\n\t<meta name=\"twitter:data2\" content=\"3 minutos\" \/>\n<script type=\"application\/ld+json\" class=\"yoast-schema-graph\">{\"@context\":\"https:\/\/schema.org\",\"@graph\":[{\"@type\":\"Article\",\"@id\":\"https:\/\/torredonjimenoactualidad.com\/index.php\/2026\/03\/11\/unicaja-y-asaja-jaen-renuevan-su-colaboracion-para-facilitar-el-anticipo-de-la-pac-a-agricultores-y-ganaderos\/#article\",\"isPartOf\":{\"@id\":\"https:\/\/torredonjimenoactualidad.com\/index.php\/2026\/03\/11\/unicaja-y-asaja-jaen-renuevan-su-colaboracion-para-facilitar-el-anticipo-de-la-pac-a-agricultores-y-ganaderos\/\"},\"author\":{\"name\":\"Alba Mar\u00eda Torres\",\"@id\":\"https:\/\/torredonjimenoactualidad.com\/#\/schema\/person\/84de5f233e783ef2c75151a532b54977\"},\"headline\":\"Unicaja y Asaja Ja\u00e9n renuevan su colaboraci\u00f3n para facilitar el anticipo de la PAC a agricultores y ganaderos\",\"datePublished\":\"2026-03-11T17:29:56+00:00\",\"dateModified\":\"2026-03-11T17:29:57+00:00\",\"mainEntityOfPage\":{\"@id\":\"https:\/\/torredonjimenoactualidad.com\/index.php\/2026\/03\/11\/unicaja-y-asaja-jaen-renuevan-su-colaboracion-para-facilitar-el-anticipo-de-la-pac-a-agricultores-y-ganaderos\/\"},\"wordCount\":576,\"publisher\":{\"@id\":\"https:\/\/torredonjimenoactualidad.com\/#organization\"},\"articleSection\":[\"provincia\"],\"inLanguage\":\"es\"},{\"@type\":\"WebPage\",\"@id\":\"https:\/\/torredonjimenoactualidad.com\/index.php\/2026\/03\/11\/unicaja-y-asaja-jaen-renuevan-su-colaboracion-para-facilitar-el-anticipo-de-la-pac-a-agricultores-y-ganaderos\/\",\"url\":\"https:\/\/torredonjimenoactualidad.com\/index.php\/2026\/03\/11\/unicaja-y-asaja-jaen-renuevan-su-colaboracion-para-facilitar-el-anticipo-de-la-pac-a-agricultores-y-ganaderos\/\",\"name\":\"Unicaja y Asaja Ja\u00e9n renuevan su colaboraci\u00f3n para facilitar el anticipo de la PAC a agricultores y ganaderos - Torredonjimeno Actualidad\",\"isPartOf\":{\"@id\":\"https:\/\/torredonjimenoactualidad.com\/#website\"},\"datePublished\":\"2026-03-11T17:29:56+00:00\",\"dateModified\":\"2026-03-11T17:29:57+00:00\",\"breadcrumb\":{\"@id\":\"https:\/\/torredonjimenoactualidad.com\/index.php\/2026\/03\/11\/unicaja-y-asaja-jaen-renuevan-su-colaboracion-para-facilitar-el-anticipo-de-la-pac-a-agricultores-y-ganaderos\/#breadcrumb\"},\"inLanguage\":\"es\",\"potentialAction\":[{\"@type\":\"ReadAction\",\"target\":[\"https:\/\/torredonjimenoactualidad.com\/index.php\/2026\/03\/11\/unicaja-y-asaja-jaen-renuevan-su-colaboracion-para-facilitar-el-anticipo-de-la-pac-a-agricultores-y-ganaderos\/\"]}]},{\"@type\":\"BreadcrumbList\",\"@id\":\"https:\/\/torredonjimenoactualidad.com\/index.php\/2026\/03\/11\/unicaja-y-asaja-jaen-renuevan-su-colaboracion-para-facilitar-el-anticipo-de-la-pac-a-agricultores-y-ganaderos\/#breadcrumb\",\"itemListElement\":[{\"@type\":\"ListItem\",\"position\":1,\"name\":\"Portada\",\"item\":\"https:\/\/torredonjimenoactualidad.com\/\"},{\"@type\":\"ListItem\",\"position\":2,\"name\":\"Unicaja y Asaja Ja\u00e9n renuevan su colaboraci\u00f3n para facilitar el anticipo de la PAC a agricultores y ganaderos\"}]},{\"@type\":\"WebSite\",\"@id\":\"https:\/\/torredonjimenoactualidad.com\/#website\",\"url\":\"https:\/\/torredonjimenoactualidad.com\/\",\"name\":\"Torredonjimeno Actualidad\",\"description\":\"\",\"publisher\":{\"@id\":\"https:\/\/torredonjimenoactualidad.com\/#organization\"},\"potentialAction\":[{\"@type\":\"SearchAction\",\"target\":{\"@type\":\"EntryPoint\",\"urlTemplate\":\"https:\/\/torredonjimenoactualidad.com\/?s={search_term_string}\"},\"query-input\":\"required name=search_term_string\"}],\"inLanguage\":\"es\"},{\"@type\":\"Organization\",\"@id\":\"https:\/\/torredonjimenoactualidad.com\/#organization\",\"name\":\"Torredonjimeno Actualidad\",\"url\":\"https:\/\/torredonjimenoactualidad.com\/\",\"logo\":{\"@type\":\"ImageObject\",\"inLanguage\":\"es\",\"@id\":\"https:\/\/torredonjimenoactualidad.com\/#\/schema\/logo\/image\/\",\"url\":\"https:\/\/torredonjimenoactualidad.com\/wp-content\/uploads\/2023\/02\/logo-torredonjimeno-544x180-1.png\",\"contentUrl\":\"https:\/\/torredonjimenoactualidad.com\/wp-content\/uploads\/2023\/02\/logo-torredonjimeno-544x180-1.png\",\"width\":545,\"height\":112,\"caption\":\"Torredonjimeno Actualidad\"},\"image\":{\"@id\":\"https:\/\/torredonjimenoactualidad.com\/#\/schema\/logo\/image\/\"}},{\"@type\":\"Person\",\"@id\":\"https:\/\/torredonjimenoactualidad.com\/#\/schema\/person\/84de5f233e783ef2c75151a532b54977\",\"name\":\"Alba Mar\u00eda Torres\",\"image\":{\"@type\":\"ImageObject\",\"inLanguage\":\"es\",\"@id\":\"https:\/\/torredonjimenoactualidad.com\/#\/schema\/person\/image\/\",\"url\":\"https:\/\/secure.gravatar.com\/avatar\/f9371f188c71501b4475a9ba2a71595850ec72967f800a2ed8e3e2102859ed65?s=96&d=mm&r=g\",\"contentUrl\":\"https:\/\/secure.gravatar.com\/avatar\/f9371f188c71501b4475a9ba2a71595850ec72967f800a2ed8e3e2102859ed65?s=96&d=mm&r=g\",\"caption\":\"Alba Mar\u00eda Torres\"},\"url\":\"https:\/\/torredonjimenoactualidad.com\/index.php\/author\/alba-torres\/\"}]}<\/script>\n<!-- \/ Yoast SEO plugin. -->","yoast_head_json":{"title":"Unicaja y Asaja Ja\u00e9n renuevan su colaboraci\u00f3n para facilitar el anticipo de la PAC a agricultores y ganaderos - Torredonjimeno Actualidad","robots":{"index":"index","follow":"follow","max-snippet":"max-snippet:-1","max-image-preview":"max-image-preview:large","max-video-preview":"max-video-preview:-1"},"canonical":"https:\/\/torredonjimenoactualidad.com\/index.php\/2026\/03\/11\/unicaja-y-asaja-jaen-renuevan-su-colaboracion-para-facilitar-el-anticipo-de-la-pac-a-agricultores-y-ganaderos\/","og_locale":"es_ES","og_type":"article","og_title":"Unicaja y Asaja Ja\u00e9n renuevan su colaboraci\u00f3n para facilitar el anticipo de la PAC a agricultores y ganaderos - Torredonjimeno Actualidad","og_description":"Unicaja ha renovado su colaboraci\u00f3n con Asaja Ja\u00e9n para facilitar a agricultores y ganaderos de la provincia el anticipo de las ayudas de la Pol\u00edtica Agraria Com\u00fan (PAC), una herramienta fundamental para asegurar la estabilidad econ\u00f3mica de sus explotaciones. En virtud de este acuerdo, los agricultores y ganaderos que integran Asaja Ja\u00e9n y que tramiten &hellip; Unicaja y Asaja Ja\u00e9n renuevan su colaboraci\u00f3n para facilitar el anticipo de la PAC a agricultores y ganaderos Leer m\u00e1s &raquo;","og_url":"https:\/\/torredonjimenoactualidad.com\/index.php\/2026\/03\/11\/unicaja-y-asaja-jaen-renuevan-su-colaboracion-para-facilitar-el-anticipo-de-la-pac-a-agricultores-y-ganaderos\/","og_site_name":"Torredonjimeno Actualidad","article_published_time":"2026-03-11T17:29:56+00:00","article_modified_time":"2026-03-11T17:29:57+00:00","og_image":[{"width":1766,"height":1009,"url":"https:\/\/torredonjimenoactualidad.com\/wp-content\/uploads\/2026\/03\/fotonoticia_20260311152643_1920.jpg","type":"image\/jpeg"}],"author":"Alba Mar\u00eda Torres","twitter_card":"summary_large_image","twitter_misc":{"Escrito por":"Alba Mar\u00eda Torres","Tiempo de lectura":"3 minutos"},"schema":{"@context":"https:\/\/schema.org","@graph":[{"@type":"Article","@id":"https:\/\/torredonjimenoactualidad.com\/index.php\/2026\/03\/11\/unicaja-y-asaja-jaen-renuevan-su-colaboracion-para-facilitar-el-anticipo-de-la-pac-a-agricultores-y-ganaderos\/#article","isPartOf":{"@id":"https:\/\/torredonjimenoactualidad.com\/index.php\/2026\/03\/11\/unicaja-y-asaja-jaen-renuevan-su-colaboracion-para-facilitar-el-anticipo-de-la-pac-a-agricultores-y-ganaderos\/"},"author":{"name":"Alba Mar\u00eda Torres","@id":"https:\/\/torredonjimenoactualidad.com\/#\/schema\/person\/84de5f233e783ef2c75151a532b54977"},"headline":"Unicaja y Asaja Ja\u00e9n renuevan su colaboraci\u00f3n para facilitar el anticipo de la PAC a agricultores y ganaderos","datePublished":"2026-03-11T17:29:56+00:00","dateModified":"2026-03-11T17:29:57+00:00","mainEntityOfPage":{"@id":"https:\/\/torredonjimenoactualidad.com\/index.php\/2026\/03\/11\/unicaja-y-asaja-jaen-renuevan-su-colaboracion-para-facilitar-el-anticipo-de-la-pac-a-agricultores-y-ganaderos\/"},"wordCount":576,"publisher":{"@id":"https:\/\/torredonjimenoactualidad.com\/#organization"},"articleSection":["provincia"],"inLanguage":"es"},{"@type":"WebPage","@id":"https:\/\/torredonjimenoactualidad.com\/index.php\/2026\/03\/11\/unicaja-y-asaja-jaen-renuevan-su-colaboracion-para-facilitar-el-anticipo-de-la-pac-a-agricultores-y-ganaderos\/","url":"https:\/\/torredonjimenoactualidad.com\/index.php\/2026\/03\/11\/unicaja-y-asaja-jaen-renuevan-su-colaboracion-para-facilitar-el-anticipo-de-la-pac-a-agricultores-y-ganaderos\/","name":"Unicaja y Asaja Ja\u00e9n renuevan su colaboraci\u00f3n para facilitar el anticipo de la PAC a agricultores y ganaderos - Torredonjimeno Actualidad","isPartOf":{"@id":"https:\/\/torredonjimenoactualidad.com\/#website"},"datePublished":"2026-03-11T17:29:56+00:00","dateModified":"2026-03-11T17:29:57+00:00","breadcrumb":{"@id":"https:\/\/torredonjimenoactualidad.com\/index.php\/2026\/03\/11\/unicaja-y-asaja-jaen-renuevan-su-colaboracion-para-facilitar-el-anticipo-de-la-pac-a-agricultores-y-ganaderos\/#breadcrumb"},"inLanguage":"es","potentialAction":[{"@type":"ReadAction","target":["https:\/\/torredonjimenoactualidad.com\/index.php\/2026\/03\/11\/unicaja-y-asaja-jaen-renuevan-su-colaboracion-para-facilitar-el-anticipo-de-la-pac-a-agricultores-y-ganaderos\/"]}]},{"@type":"BreadcrumbList","@id":"https:\/\/torredonjimenoactualidad.com\/index.php\/2026\/03\/11\/unicaja-y-asaja-jaen-renuevan-su-colaboracion-para-facilitar-el-anticipo-de-la-pac-a-agricultores-y-ganaderos\/#breadcrumb","itemListElement":[{"@type":"ListItem","position":1,"name":"Portada","item":"https:\/\/torredonjimenoactualidad.com\/"},{"@type":"ListItem","position":2,"name":"Unicaja y Asaja Ja\u00e9n renuevan su colaboraci\u00f3n para facilitar el anticipo de la PAC a agricultores y ganaderos"}]},{"@type":"WebSite","@id":"https:\/\/torredonjimenoactualidad.com\/#website","url":"https:\/\/torredonjimenoactualidad.com\/","name":"Torredonjimeno Actualidad","description":"","publisher":{"@id":"https:\/\/torredonjimenoactualidad.com\/#organization"},"potentialAction":[{"@type":"SearchAction","target":{"@type":"EntryPoint","urlTemplate":"https:\/\/torredonjimenoactualidad.com\/?s={search_term_string}"},"query-input":"required name=search_term_string"}],"inLanguage":"es"},{"@type":"Organization","@id":"https:\/\/torredonjimenoactualidad.com\/#organization","name":"Torredonjimeno Actualidad","url":"https:\/\/torredonjimenoactualidad.com\/","logo":{"@type":"ImageObject","inLanguage":"es","@id":"https:\/\/torredonjimenoactualidad.com\/#\/schema\/logo\/image\/","url":"https:\/\/torredonjimenoactualidad.com\/wp-content\/uploads\/2023\/02\/logo-torredonjimeno-544x180-1.png","contentUrl":"https:\/\/torredonjimenoactualidad.com\/wp-content\/uploads\/2023\/02\/logo-torredonjimeno-544x180-1.png","width":545,"height":112,"caption":"Torredonjimeno Actualidad"},"image":{"@id":"https:\/\/torredonjimenoactualidad.com\/#\/schema\/logo\/image\/"}},{"@type":"Person","@id":"https:\/\/torredonjimenoactualidad.com\/#\/schema\/person\/84de5f233e783ef2c75151a532b54977","name":"Alba Mar\u00eda Torres","image":{"@type":"ImageObject","inLanguage":"es","@id":"https:\/\/torredonjimenoactualidad.com\/#\/schema\/person\/image\/","url":"https:\/\/secure.gravatar.com\/avatar\/f9371f188c71501b4475a9ba2a71595850ec72967f800a2ed8e3e2102859ed65?s=96&d=mm&r=g","contentUrl":"https:\/\/secure.gravatar.com\/avatar\/f9371f188c71501b4475a9ba2a71595850ec72967f800a2ed8e3e2102859ed65?s=96&d=mm&r=g","caption":"Alba Mar\u00eda Torres"},"url":"https:\/\/torredonjimenoactualidad.com\/index.php\/author\/alba-torres\/"}]}},"_links":{"self":[{"href":"https:\/\/torredonjimenoactualidad.com\/index.php\/wp-json\/wp\/v2\/posts\/4666","targetHints":{"allow":["GET"]}}],"collection":[{"href":"https:\/\/torredonjimenoactualidad.com\/index.php\/wp-json\/wp\/v2\/posts"}],"about":[{"href":"https:\/\/torredonjimenoactualidad.com\/index.php\/wp-json\/wp\/v2\/types\/post"}],"author":[{"embeddable":true,"href":"https:\/\/torredonjimenoactualidad.com\/index.php\/wp-json\/wp\/v2\/users\/2"}],"replies":[{"embeddable":true,"href":"https:\/\/torredonjimenoactualidad.com\/index.php\/wp-json\/wp\/v2\/comments?post=4666"}],"version-history":[{"count":1,"href":"https:\/\/torredonjimenoactualidad.com\/index.php\/wp-json\/wp\/v2\/posts\/4666\/revisions"}],"predecessor-version":[{"id":4668,"href":"https:\/\/torredonjimenoactualidad.com\/index.php\/wp-json\/wp\/v2\/posts\/4666\/revisions\/4668"}],"wp:featuredmedia":[{"embeddable":true,"href":"https:\/\/torredonjimenoactualidad.com\/index.php\/wp-json\/wp\/v2\/media\/4667"}],"wp:attachment":[{"href":"https:\/\/torredonjimenoactualidad.com\/index.php\/wp-json\/wp\/v2\/media?parent=4666"}],"wp:term":[{"taxonomy":"category","embeddable":true,"href":"https:\/\/torredonjimenoactualidad.com\/index.php\/wp-json\/wp\/v2\/categories?post=4666"},{"taxonomy":"post_tag","embeddable":true,"href":"https:\/\/torredonjimenoactualidad.com\/index.php\/wp-json\/wp\/v2\/tags?post=4666"}],"curies":[{"name":"wp","href":"https:\/\/api.w.org\/{rel}","templated":true}]}}