{"id":4663,"date":"2026-03-10T15:27:50","date_gmt":"2026-03-10T15:27:50","guid":{"rendered":"https:\/\/torredonjimenoactualidad.com\/?p=4663"},"modified":"2026-03-10T15:27:52","modified_gmt":"2026-03-10T15:27:52","slug":"torredonjimeno-une-musica-cofrade-y-solidaridad-en-un-certamen-benefico-a-favor-de-caritas","status":"publish","type":"post","link":"https:\/\/torredonjimenoactualidad.com\/index.php\/2026\/03\/10\/torredonjimeno-une-musica-cofrade-y-solidaridad-en-un-certamen-benefico-a-favor-de-caritas\/","title":{"rendered":"Torredonjimeno une m\u00fasica cofrade y solidaridad en un certamen ben\u00e9fico a favor de C\u00e1ritas"},"content":{"rendered":"\n<p><strong><em>El evento, organizado por la Agrupaci\u00f3n Musical Sant\u00edsimo Cristo de la Piedad en colaboraci\u00f3n con el Ayuntamiento y la Cofrad\u00eda del Huerto, se celebrar\u00e1 el pr\u00f3ximo 15 de marzo.<\/em><\/strong><\/p>\n\n\n\n<p>En el Ayuntamiento de Torredonjimeno se ha presentado el pr\u00f3ximo\u00a0<strong>Certamen Ben\u00e9fico de M\u00fasica Cofrade<\/strong>, una iniciativa que une la tradici\u00f3n de la Semana Santa con el compromiso social. El evento se celebrar\u00e1 el domingo\u00a0<strong>15 de marzo<\/strong>\u00a0y contar\u00e1 con la participaci\u00f3n protagonista de la\u00a0<strong>Agrupaci\u00f3n Musical Sant\u00edsimo Cristo de la Piedad<\/strong> de Miguelturra (Ciudad Real). <\/p>\n\n\n\n<p>La presentaci\u00f3n ha corrido a cargo de representantes municipales y de la Hermandad del Huerto, quienes han destacado el doble objetivo de esta cita: ensalzar la riqueza cultural de la Semana Santa tosiriana y prestar apoyo directo a las familias m\u00e1s vulnerables del municipio.<\/p>\n\n\n\n<h3 class=\"wp-block-heading\">Un escenario hist\u00f3rico para la solidaridad<\/h3>\n\n\n\n<p>El certamen se desarrollar\u00e1 en el&nbsp;<strong>Patio del Castillo de Torredonjimeno<\/strong>&nbsp;a partir de las&nbsp;<strong>12:30 horas<\/strong>. Previamente, la banda realizar\u00e1 un&nbsp;<strong>pasacalles desde la zona de Santa Mar\u00eda<\/strong>&nbsp;hasta el recinto fortificado, con el prop\u00f3sito de dinamizar las calles y atraer a vecinos y visitantes.<\/p>\n\n\n\n<p>La entrada al certamen tendr\u00e1 car\u00e1cter solidario. Los asistentes deber\u00e1n aportar&nbsp;<strong>alimentos no perecederos<\/strong>, que ser\u00e1n destinados \u00edntegramente a&nbsp;<strong>C\u00e1ritas<\/strong>&nbsp;para su posterior distribuci\u00f3n entre las familias que m\u00e1s lo necesitan.<\/p>\n\n\n\n<p>Desde la organizaci\u00f3n se ha informado adem\u00e1s de que, en caso de que las condiciones meteorol\u00f3gicas no permitan la celebraci\u00f3n al aire libre en el Castillo, el evento se trasladar\u00e1 al&nbsp;<strong>Teatro Municipal<\/strong>, circunstancia que se comunicar\u00eda con antelaci\u00f3n.<\/p>\n\n\n\n<p>Con esta iniciativa,&nbsp;<strong>Torredonjimeno<\/strong>&nbsp;vuelve a demostrar su capacidad para unir sus tradiciones m\u00e1s arraigadas con la ayuda a quienes m\u00e1s lo necesitan, invitando a vecinos y visitantes a disfrutar de un mediod\u00eda de m\u00fasica cofrade, convivencia y solidaridad.<\/p>\n","protected":false},"excerpt":{"rendered":"<p>El evento, organizado por la Agrupaci\u00f3n Musical Sant\u00edsimo Cristo de la Piedad en colaboraci\u00f3n con el Ayuntamiento y la Cofrad\u00eda del Huerto, se celebrar\u00e1 el pr\u00f3ximo 15 de marzo. En el Ayuntamiento de Torredonjimeno se ha presentado el pr\u00f3ximo\u00a0Certamen Ben\u00e9fico de M\u00fasica Cofrade, una iniciativa que une la tradici\u00f3n de la Semana Santa con el &hellip;<\/p>\n<p class=\"read-more\"> <a class=\"\" href=\"https:\/\/torredonjimenoactualidad.com\/index.php\/2026\/03\/10\/torredonjimeno-une-musica-cofrade-y-solidaridad-en-un-certamen-benefico-a-favor-de-caritas\/\"> <span class=\"screen-reader-text\">Torredonjimeno une m\u00fasica cofrade y solidaridad en un certamen ben\u00e9fico a favor de C\u00e1ritas<\/span> Leer m\u00e1s &raquo;<\/a><\/p>\n","protected":false},"author":2,"featured_media":4664,"comment_status":"closed","ping_status":"open","sticky":false,"template":"","format":"standard","meta":{"site-sidebar-layout":"default","site-content-layout":"default","ast-global-header-display":"","ast-main-header-display":"","ast-hfb-above-header-display":"","ast-hfb-below-header-display":"","ast-hfb-mobile-header-display":"","site-post-title":"","ast-breadcrumbs-content":"","ast-featured-img":"","footer-sml-layout":"","theme-transparent-header-meta":"","adv-header-id-meta":"","stick-header-meta":"","header-above-stick-meta":"","header-main-stick-meta":"","header-below-stick-meta":"","footnotes":""},"categories":[7],"tags":[],"class_list":["post-4663","post","type-post","status-publish","format-standard","has-post-thumbnail","hentry","category-local"],"yoast_head":"<!-- This site is optimized with the Yoast SEO plugin v20.8 - https:\/\/yoast.com\/wordpress\/plugins\/seo\/ -->\n<title>Torredonjimeno une m\u00fasica cofrade y solidaridad en un certamen ben\u00e9fico a favor de C\u00e1ritas - Torredonjimeno Actualidad<\/title>\n<meta name=\"robots\" content=\"index, follow, max-snippet:-1, max-image-preview:large, max-video-preview:-1\" \/>\n<link rel=\"canonical\" href=\"https:\/\/torredonjimenoactualidad.com\/index.php\/2026\/03\/10\/torredonjimeno-une-musica-cofrade-y-solidaridad-en-un-certamen-benefico-a-favor-de-caritas\/\" \/>\n<meta property=\"og:locale\" content=\"es_ES\" \/>\n<meta property=\"og:type\" content=\"article\" \/>\n<meta property=\"og:title\" content=\"Torredonjimeno une m\u00fasica cofrade y solidaridad en un certamen ben\u00e9fico a favor de C\u00e1ritas - Torredonjimeno Actualidad\" \/>\n<meta property=\"og:description\" content=\"El evento, organizado por la Agrupaci\u00f3n Musical Sant\u00edsimo Cristo de la Piedad en colaboraci\u00f3n con el Ayuntamiento y la Cofrad\u00eda del Huerto, se celebrar\u00e1 el pr\u00f3ximo 15 de marzo. En el Ayuntamiento de Torredonjimeno se ha presentado el pr\u00f3ximo\u00a0Certamen Ben\u00e9fico de M\u00fasica Cofrade, una iniciativa que une la tradici\u00f3n de la Semana Santa con el &hellip; Torredonjimeno une m\u00fasica cofrade y solidaridad en un certamen ben\u00e9fico a favor de C\u00e1ritas Leer m\u00e1s &raquo;\" \/>\n<meta property=\"og:url\" content=\"https:\/\/torredonjimenoactualidad.com\/index.php\/2026\/03\/10\/torredonjimeno-une-musica-cofrade-y-solidaridad-en-un-certamen-benefico-a-favor-de-caritas\/\" \/>\n<meta property=\"og:site_name\" content=\"Torredonjimeno Actualidad\" \/>\n<meta property=\"article:published_time\" content=\"2026-03-10T15:27:50+00:00\" \/>\n<meta property=\"article:modified_time\" content=\"2026-03-10T15:27:52+00:00\" \/>\n<meta property=\"og:image\" content=\"https:\/\/torredonjimenoactualidad.com\/wp-content\/uploads\/2026\/03\/PXL_20260306_171946174-scaled.jpg\" \/>\n\t<meta property=\"og:image:width\" content=\"2560\" \/>\n\t<meta property=\"og:image:height\" content=\"1463\" \/>\n\t<meta property=\"og:image:type\" content=\"image\/jpeg\" \/>\n<meta name=\"author\" content=\"Alba Mar\u00eda Torres\" \/>\n<meta name=\"twitter:card\" content=\"summary_large_image\" \/>\n<meta name=\"twitter:label1\" content=\"Escrito por\" \/>\n\t<meta name=\"twitter:data1\" content=\"Alba Mar\u00eda Torres\" \/>\n\t<meta name=\"twitter:label2\" content=\"Tiempo de lectura\" \/>\n\t<meta name=\"twitter:data2\" content=\"2 minutos\" \/>\n<script type=\"application\/ld+json\" class=\"yoast-schema-graph\">{\"@context\":\"https:\/\/schema.org\",\"@graph\":[{\"@type\":\"Article\",\"@id\":\"https:\/\/torredonjimenoactualidad.com\/index.php\/2026\/03\/10\/torredonjimeno-une-musica-cofrade-y-solidaridad-en-un-certamen-benefico-a-favor-de-caritas\/#article\",\"isPartOf\":{\"@id\":\"https:\/\/torredonjimenoactualidad.com\/index.php\/2026\/03\/10\/torredonjimeno-une-musica-cofrade-y-solidaridad-en-un-certamen-benefico-a-favor-de-caritas\/\"},\"author\":{\"name\":\"Alba Mar\u00eda Torres\",\"@id\":\"https:\/\/torredonjimenoactualidad.com\/#\/schema\/person\/84de5f233e783ef2c75151a532b54977\"},\"headline\":\"Torredonjimeno une m\u00fasica cofrade y solidaridad en un certamen ben\u00e9fico a favor de C\u00e1ritas\",\"datePublished\":\"2026-03-10T15:27:50+00:00\",\"dateModified\":\"2026-03-10T15:27:52+00:00\",\"mainEntityOfPage\":{\"@id\":\"https:\/\/torredonjimenoactualidad.com\/index.php\/2026\/03\/10\/torredonjimeno-une-musica-cofrade-y-solidaridad-en-un-certamen-benefico-a-favor-de-caritas\/\"},\"wordCount\":349,\"publisher\":{\"@id\":\"https:\/\/torredonjimenoactualidad.com\/#organization\"},\"articleSection\":[\"local\"],\"inLanguage\":\"es\"},{\"@type\":\"WebPage\",\"@id\":\"https:\/\/torredonjimenoactualidad.com\/index.php\/2026\/03\/10\/torredonjimeno-une-musica-cofrade-y-solidaridad-en-un-certamen-benefico-a-favor-de-caritas\/\",\"url\":\"https:\/\/torredonjimenoactualidad.com\/index.php\/2026\/03\/10\/torredonjimeno-une-musica-cofrade-y-solidaridad-en-un-certamen-benefico-a-favor-de-caritas\/\",\"name\":\"Torredonjimeno une m\u00fasica cofrade y solidaridad en un certamen ben\u00e9fico a favor de C\u00e1ritas - Torredonjimeno Actualidad\",\"isPartOf\":{\"@id\":\"https:\/\/torredonjimenoactualidad.com\/#website\"},\"datePublished\":\"2026-03-10T15:27:50+00:00\",\"dateModified\":\"2026-03-10T15:27:52+00:00\",\"breadcrumb\":{\"@id\":\"https:\/\/torredonjimenoactualidad.com\/index.php\/2026\/03\/10\/torredonjimeno-une-musica-cofrade-y-solidaridad-en-un-certamen-benefico-a-favor-de-caritas\/#breadcrumb\"},\"inLanguage\":\"es\",\"potentialAction\":[{\"@type\":\"ReadAction\",\"target\":[\"https:\/\/torredonjimenoactualidad.com\/index.php\/2026\/03\/10\/torredonjimeno-une-musica-cofrade-y-solidaridad-en-un-certamen-benefico-a-favor-de-caritas\/\"]}]},{\"@type\":\"BreadcrumbList\",\"@id\":\"https:\/\/torredonjimenoactualidad.com\/index.php\/2026\/03\/10\/torredonjimeno-une-musica-cofrade-y-solidaridad-en-un-certamen-benefico-a-favor-de-caritas\/#breadcrumb\",\"itemListElement\":[{\"@type\":\"ListItem\",\"position\":1,\"name\":\"Portada\",\"item\":\"https:\/\/torredonjimenoactualidad.com\/\"},{\"@type\":\"ListItem\",\"position\":2,\"name\":\"Torredonjimeno une m\u00fasica cofrade y solidaridad en un certamen ben\u00e9fico a favor de C\u00e1ritas\"}]},{\"@type\":\"WebSite\",\"@id\":\"https:\/\/torredonjimenoactualidad.com\/#website\",\"url\":\"https:\/\/torredonjimenoactualidad.com\/\",\"name\":\"Torredonjimeno Actualidad\",\"description\":\"\",\"publisher\":{\"@id\":\"https:\/\/torredonjimenoactualidad.com\/#organization\"},\"potentialAction\":[{\"@type\":\"SearchAction\",\"target\":{\"@type\":\"EntryPoint\",\"urlTemplate\":\"https:\/\/torredonjimenoactualidad.com\/?s={search_term_string}\"},\"query-input\":\"required name=search_term_string\"}],\"inLanguage\":\"es\"},{\"@type\":\"Organization\",\"@id\":\"https:\/\/torredonjimenoactualidad.com\/#organization\",\"name\":\"Torredonjimeno Actualidad\",\"url\":\"https:\/\/torredonjimenoactualidad.com\/\",\"logo\":{\"@type\":\"ImageObject\",\"inLanguage\":\"es\",\"@id\":\"https:\/\/torredonjimenoactualidad.com\/#\/schema\/logo\/image\/\",\"url\":\"https:\/\/torredonjimenoactualidad.com\/wp-content\/uploads\/2023\/02\/logo-torredonjimeno-544x180-1.png\",\"contentUrl\":\"https:\/\/torredonjimenoactualidad.com\/wp-content\/uploads\/2023\/02\/logo-torredonjimeno-544x180-1.png\",\"width\":545,\"height\":112,\"caption\":\"Torredonjimeno Actualidad\"},\"image\":{\"@id\":\"https:\/\/torredonjimenoactualidad.com\/#\/schema\/logo\/image\/\"}},{\"@type\":\"Person\",\"@id\":\"https:\/\/torredonjimenoactualidad.com\/#\/schema\/person\/84de5f233e783ef2c75151a532b54977\",\"name\":\"Alba Mar\u00eda Torres\",\"image\":{\"@type\":\"ImageObject\",\"inLanguage\":\"es\",\"@id\":\"https:\/\/torredonjimenoactualidad.com\/#\/schema\/person\/image\/\",\"url\":\"https:\/\/secure.gravatar.com\/avatar\/f9371f188c71501b4475a9ba2a71595850ec72967f800a2ed8e3e2102859ed65?s=96&d=mm&r=g\",\"contentUrl\":\"https:\/\/secure.gravatar.com\/avatar\/f9371f188c71501b4475a9ba2a71595850ec72967f800a2ed8e3e2102859ed65?s=96&d=mm&r=g\",\"caption\":\"Alba Mar\u00eda Torres\"},\"url\":\"https:\/\/torredonjimenoactualidad.com\/index.php\/author\/alba-torres\/\"}]}<\/script>\n<!-- \/ Yoast SEO plugin. -->","yoast_head_json":{"title":"Torredonjimeno une m\u00fasica cofrade y solidaridad en un certamen ben\u00e9fico a favor de C\u00e1ritas - Torredonjimeno Actualidad","robots":{"index":"index","follow":"follow","max-snippet":"max-snippet:-1","max-image-preview":"max-image-preview:large","max-video-preview":"max-video-preview:-1"},"canonical":"https:\/\/torredonjimenoactualidad.com\/index.php\/2026\/03\/10\/torredonjimeno-une-musica-cofrade-y-solidaridad-en-un-certamen-benefico-a-favor-de-caritas\/","og_locale":"es_ES","og_type":"article","og_title":"Torredonjimeno une m\u00fasica cofrade y solidaridad en un certamen ben\u00e9fico a favor de C\u00e1ritas - Torredonjimeno Actualidad","og_description":"El evento, organizado por la Agrupaci\u00f3n Musical Sant\u00edsimo Cristo de la Piedad en colaboraci\u00f3n con el Ayuntamiento y la Cofrad\u00eda del Huerto, se celebrar\u00e1 el pr\u00f3ximo 15 de marzo. En el Ayuntamiento de Torredonjimeno se ha presentado el pr\u00f3ximo\u00a0Certamen Ben\u00e9fico de M\u00fasica Cofrade, una iniciativa que une la tradici\u00f3n de la Semana Santa con el &hellip; Torredonjimeno une m\u00fasica cofrade y solidaridad en un certamen ben\u00e9fico a favor de C\u00e1ritas Leer m\u00e1s &raquo;","og_url":"https:\/\/torredonjimenoactualidad.com\/index.php\/2026\/03\/10\/torredonjimeno-une-musica-cofrade-y-solidaridad-en-un-certamen-benefico-a-favor-de-caritas\/","og_site_name":"Torredonjimeno Actualidad","article_published_time":"2026-03-10T15:27:50+00:00","article_modified_time":"2026-03-10T15:27:52+00:00","og_image":[{"width":2560,"height":1463,"url":"https:\/\/torredonjimenoactualidad.com\/wp-content\/uploads\/2026\/03\/PXL_20260306_171946174-scaled.jpg","type":"image\/jpeg"}],"author":"Alba Mar\u00eda Torres","twitter_card":"summary_large_image","twitter_misc":{"Escrito por":"Alba Mar\u00eda Torres","Tiempo de lectura":"2 minutos"},"schema":{"@context":"https:\/\/schema.org","@graph":[{"@type":"Article","@id":"https:\/\/torredonjimenoactualidad.com\/index.php\/2026\/03\/10\/torredonjimeno-une-musica-cofrade-y-solidaridad-en-un-certamen-benefico-a-favor-de-caritas\/#article","isPartOf":{"@id":"https:\/\/torredonjimenoactualidad.com\/index.php\/2026\/03\/10\/torredonjimeno-une-musica-cofrade-y-solidaridad-en-un-certamen-benefico-a-favor-de-caritas\/"},"author":{"name":"Alba Mar\u00eda Torres","@id":"https:\/\/torredonjimenoactualidad.com\/#\/schema\/person\/84de5f233e783ef2c75151a532b54977"},"headline":"Torredonjimeno une m\u00fasica cofrade y solidaridad en un certamen ben\u00e9fico a favor de C\u00e1ritas","datePublished":"2026-03-10T15:27:50+00:00","dateModified":"2026-03-10T15:27:52+00:00","mainEntityOfPage":{"@id":"https:\/\/torredonjimenoactualidad.com\/index.php\/2026\/03\/10\/torredonjimeno-une-musica-cofrade-y-solidaridad-en-un-certamen-benefico-a-favor-de-caritas\/"},"wordCount":349,"publisher":{"@id":"https:\/\/torredonjimenoactualidad.com\/#organization"},"articleSection":["local"],"inLanguage":"es"},{"@type":"WebPage","@id":"https:\/\/torredonjimenoactualidad.com\/index.php\/2026\/03\/10\/torredonjimeno-une-musica-cofrade-y-solidaridad-en-un-certamen-benefico-a-favor-de-caritas\/","url":"https:\/\/torredonjimenoactualidad.com\/index.php\/2026\/03\/10\/torredonjimeno-une-musica-cofrade-y-solidaridad-en-un-certamen-benefico-a-favor-de-caritas\/","name":"Torredonjimeno une m\u00fasica cofrade y solidaridad en un certamen ben\u00e9fico a favor de C\u00e1ritas - Torredonjimeno Actualidad","isPartOf":{"@id":"https:\/\/torredonjimenoactualidad.com\/#website"},"datePublished":"2026-03-10T15:27:50+00:00","dateModified":"2026-03-10T15:27:52+00:00","breadcrumb":{"@id":"https:\/\/torredonjimenoactualidad.com\/index.php\/2026\/03\/10\/torredonjimeno-une-musica-cofrade-y-solidaridad-en-un-certamen-benefico-a-favor-de-caritas\/#breadcrumb"},"inLanguage":"es","potentialAction":[{"@type":"ReadAction","target":["https:\/\/torredonjimenoactualidad.com\/index.php\/2026\/03\/10\/torredonjimeno-une-musica-cofrade-y-solidaridad-en-un-certamen-benefico-a-favor-de-caritas\/"]}]},{"@type":"BreadcrumbList","@id":"https:\/\/torredonjimenoactualidad.com\/index.php\/2026\/03\/10\/torredonjimeno-une-musica-cofrade-y-solidaridad-en-un-certamen-benefico-a-favor-de-caritas\/#breadcrumb","itemListElement":[{"@type":"ListItem","position":1,"name":"Portada","item":"https:\/\/torredonjimenoactualidad.com\/"},{"@type":"ListItem","position":2,"name":"Torredonjimeno une m\u00fasica cofrade y solidaridad en un certamen ben\u00e9fico a favor de C\u00e1ritas"}]},{"@type":"WebSite","@id":"https:\/\/torredonjimenoactualidad.com\/#website","url":"https:\/\/torredonjimenoactualidad.com\/","name":"Torredonjimeno Actualidad","description":"","publisher":{"@id":"https:\/\/torredonjimenoactualidad.com\/#organization"},"potentialAction":[{"@type":"SearchAction","target":{"@type":"EntryPoint","urlTemplate":"https:\/\/torredonjimenoactualidad.com\/?s={search_term_string}"},"query-input":"required name=search_term_string"}],"inLanguage":"es"},{"@type":"Organization","@id":"https:\/\/torredonjimenoactualidad.com\/#organization","name":"Torredonjimeno Actualidad","url":"https:\/\/torredonjimenoactualidad.com\/","logo":{"@type":"ImageObject","inLanguage":"es","@id":"https:\/\/torredonjimenoactualidad.com\/#\/schema\/logo\/image\/","url":"https:\/\/torredonjimenoactualidad.com\/wp-content\/uploads\/2023\/02\/logo-torredonjimeno-544x180-1.png","contentUrl":"https:\/\/torredonjimenoactualidad.com\/wp-content\/uploads\/2023\/02\/logo-torredonjimeno-544x180-1.png","width":545,"height":112,"caption":"Torredonjimeno Actualidad"},"image":{"@id":"https:\/\/torredonjimenoactualidad.com\/#\/schema\/logo\/image\/"}},{"@type":"Person","@id":"https:\/\/torredonjimenoactualidad.com\/#\/schema\/person\/84de5f233e783ef2c75151a532b54977","name":"Alba Mar\u00eda Torres","image":{"@type":"ImageObject","inLanguage":"es","@id":"https:\/\/torredonjimenoactualidad.com\/#\/schema\/person\/image\/","url":"https:\/\/secure.gravatar.com\/avatar\/f9371f188c71501b4475a9ba2a71595850ec72967f800a2ed8e3e2102859ed65?s=96&d=mm&r=g","contentUrl":"https:\/\/secure.gravatar.com\/avatar\/f9371f188c71501b4475a9ba2a71595850ec72967f800a2ed8e3e2102859ed65?s=96&d=mm&r=g","caption":"Alba Mar\u00eda Torres"},"url":"https:\/\/torredonjimenoactualidad.com\/index.php\/author\/alba-torres\/"}]}},"_links":{"self":[{"href":"https:\/\/torredonjimenoactualidad.com\/index.php\/wp-json\/wp\/v2\/posts\/4663","targetHints":{"allow":["GET"]}}],"collection":[{"href":"https:\/\/torredonjimenoactualidad.com\/index.php\/wp-json\/wp\/v2\/posts"}],"about":[{"href":"https:\/\/torredonjimenoactualidad.com\/index.php\/wp-json\/wp\/v2\/types\/post"}],"author":[{"embeddable":true,"href":"https:\/\/torredonjimenoactualidad.com\/index.php\/wp-json\/wp\/v2\/users\/2"}],"replies":[{"embeddable":true,"href":"https:\/\/torredonjimenoactualidad.com\/index.php\/wp-json\/wp\/v2\/comments?post=4663"}],"version-history":[{"count":1,"href":"https:\/\/torredonjimenoactualidad.com\/index.php\/wp-json\/wp\/v2\/posts\/4663\/revisions"}],"predecessor-version":[{"id":4665,"href":"https:\/\/torredonjimenoactualidad.com\/index.php\/wp-json\/wp\/v2\/posts\/4663\/revisions\/4665"}],"wp:featuredmedia":[{"embeddable":true,"href":"https:\/\/torredonjimenoactualidad.com\/index.php\/wp-json\/wp\/v2\/media\/4664"}],"wp:attachment":[{"href":"https:\/\/torredonjimenoactualidad.com\/index.php\/wp-json\/wp\/v2\/media?parent=4663"}],"wp:term":[{"taxonomy":"category","embeddable":true,"href":"https:\/\/torredonjimenoactualidad.com\/index.php\/wp-json\/wp\/v2\/categories?post=4663"},{"taxonomy":"post_tag","embeddable":true,"href":"https:\/\/torredonjimenoactualidad.com\/index.php\/wp-json\/wp\/v2\/tags?post=4663"}],"curies":[{"name":"wp","href":"https:\/\/api.w.org\/{rel}","templated":true}]}}