{"id":4659,"date":"2026-03-10T14:52:43","date_gmt":"2026-03-10T14:52:43","guid":{"rendered":"https:\/\/torredonjimenoactualidad.com\/?p=4659"},"modified":"2026-03-10T14:52:45","modified_gmt":"2026-03-10T14:52:45","slug":"el-pp-pide-a-la-diputacion-de-jaen-un-reparto-mas-justo-de-las-ayudas-por-el-temporal-y-reclama-que-se-tengan-en-cuenta-los-danos-reales","status":"publish","type":"post","link":"https:\/\/torredonjimenoactualidad.com\/index.php\/2026\/03\/10\/el-pp-pide-a-la-diputacion-de-jaen-un-reparto-mas-justo-de-las-ayudas-por-el-temporal-y-reclama-que-se-tengan-en-cuenta-los-danos-reales\/","title":{"rendered":"El PP pide a la Diputaci\u00f3n de Ja\u00e9n un reparto \u201cm\u00e1s justo\u201d de las ayudas por el temporal y reclama que se tengan en cuenta los da\u00f1os reales"},"content":{"rendered":"\n<p>El Grupo Popular en la Diputaci\u00f3n Provincial de Ja\u00e9n ha reclamado al equipo de gobierno socialista que rectifique el plan de ayudas anunciado para hacer frente a los da\u00f1os provocados por el reciente temporal, al considerar que el sistema de reparto previsto resulta \u201cinjusto y arbitrario\u201d para muchos municipios de la provincia.<\/p>\n\n\n\n<p>Seg\u00fan ha explicado el portavoz del Grupo Popular, Luis Mariano Camacho, el modelo planteado establece una \u201ctarifa plana\u201d con un m\u00e1ximo de 100.000 euros por ayuntamiento, independientemente de los da\u00f1os sufridos, la poblaci\u00f3n o la extensi\u00f3n del t\u00e9rmino municipal. \u201cNo es razonable tratar igual a un municipio con pocos da\u00f1os que a otro con infraestructuras muy afectadas y una gran red de caminos rurales\u201d, ha se\u00f1alado.<\/p>\n\n\n\n<p>Desde el PP se insiste en que el reparto de las ayudas deber\u00eda realizarse atendiendo a criterios de proporcionalidad y a una valoraci\u00f3n real de los da\u00f1os causados por el temporal. De lo contrario, advierten, habr\u00e1 municipios que tengan que afrontar reparaciones muy superiores a la cantidad que recibir\u00e1n de la Diputaci\u00f3n.\u00a0<\/p>\n\n\n\n<p>El alcalde de Torredonjimeno,&nbsp;<strong>Enrique Castro<\/strong>, ha mostrado su preocupaci\u00f3n por el planteamiento actual y ha defendido que las administraciones deben actuar con criterios de equidad. \u201cLo importante es que los municipios reciban ayudas acordes a los da\u00f1os reales que han sufrido. No todos los pueblos han tenido el mismo impacto del temporal y el reparto debe reflejar esa realidad\u201d, ha se\u00f1alado.<\/p>\n\n\n\n<p>Asimismo, el Grupo Popular ha criticado que parte de los 50 millones de euros anunciados por la Diputaci\u00f3n no proceden directamente de fondos propios de la instituci\u00f3n provincial o ser\u00e1n posteriormente compensados, por lo que consideran que la cifra anunciada est\u00e1 \u201cmaquillada\u201d.\u00a0<\/p>\n\n\n\n<p>Por todo ello, los populares han solicitado al equipo de gobierno que revise el modelo de reparto o que, en su defecto, impulse un segundo paquete de ayudas con mayor aportaci\u00f3n econ\u00f3mica de la Diputaci\u00f3n para atender las necesidades reales de los municipios afectados.<\/p>\n\n\n\n<figure class=\"wp-block-image aligncenter size-large\"><img loading=\"lazy\" decoding=\"async\" width=\"1024\" height=\"585\" src=\"https:\/\/torredonjimenoactualidad.com\/wp-content\/uploads\/2026\/03\/0298389d-fa2d-4739-9c6d-2cf3d34fce18-1024x585.jpg\" alt=\"\" class=\"wp-image-4661\" srcset=\"https:\/\/torredonjimenoactualidad.com\/wp-content\/uploads\/2026\/03\/0298389d-fa2d-4739-9c6d-2cf3d34fce18-1024x585.jpg 1024w, https:\/\/torredonjimenoactualidad.com\/wp-content\/uploads\/2026\/03\/0298389d-fa2d-4739-9c6d-2cf3d34fce18-300x171.jpg 300w, https:\/\/torredonjimenoactualidad.com\/wp-content\/uploads\/2026\/03\/0298389d-fa2d-4739-9c6d-2cf3d34fce18-768x439.jpg 768w, https:\/\/torredonjimenoactualidad.com\/wp-content\/uploads\/2026\/03\/0298389d-fa2d-4739-9c6d-2cf3d34fce18-1536x878.jpg 1536w, https:\/\/torredonjimenoactualidad.com\/wp-content\/uploads\/2026\/03\/0298389d-fa2d-4739-9c6d-2cf3d34fce18-2048x1170.jpg 2048w\" sizes=\"auto, (max-width: 1024px) 100vw, 1024px\" \/><\/figure>\n","protected":false},"excerpt":{"rendered":"<p>El Grupo Popular en la Diputaci\u00f3n Provincial de Ja\u00e9n ha reclamado al equipo de gobierno socialista que rectifique el plan de ayudas anunciado para hacer frente a los da\u00f1os provocados por el reciente temporal, al considerar que el sistema de reparto previsto resulta \u201cinjusto y arbitrario\u201d para muchos municipios de la provincia. Seg\u00fan ha explicado &hellip;<\/p>\n<p class=\"read-more\"> <a class=\"\" href=\"https:\/\/torredonjimenoactualidad.com\/index.php\/2026\/03\/10\/el-pp-pide-a-la-diputacion-de-jaen-un-reparto-mas-justo-de-las-ayudas-por-el-temporal-y-reclama-que-se-tengan-en-cuenta-los-danos-reales\/\"> <span class=\"screen-reader-text\">El PP pide a la Diputaci\u00f3n de Ja\u00e9n un reparto \u201cm\u00e1s justo\u201d de las ayudas por el temporal y reclama que se tengan en cuenta los da\u00f1os reales<\/span> Leer m\u00e1s &raquo;<\/a><\/p>\n","protected":false},"author":2,"featured_media":4660,"comment_status":"closed","ping_status":"open","sticky":false,"template":"","format":"standard","meta":{"site-sidebar-layout":"default","site-content-layout":"default","ast-global-header-display":"","ast-main-header-display":"","ast-hfb-above-header-display":"","ast-hfb-below-header-display":"","ast-hfb-mobile-header-display":"","site-post-title":"","ast-breadcrumbs-content":"","ast-featured-img":"","footer-sml-layout":"","theme-transparent-header-meta":"","adv-header-id-meta":"","stick-header-meta":"","header-above-stick-meta":"","header-main-stick-meta":"","header-below-stick-meta":"","footnotes":""},"categories":[8],"tags":[],"class_list":["post-4659","post","type-post","status-publish","format-standard","has-post-thumbnail","hentry","category-provincia"],"yoast_head":"<!-- This site is optimized with the Yoast SEO plugin v20.8 - https:\/\/yoast.com\/wordpress\/plugins\/seo\/ -->\n<title>El PP pide a la Diputaci\u00f3n de Ja\u00e9n un reparto \u201cm\u00e1s justo\u201d de las ayudas por el temporal y reclama que se tengan en cuenta los da\u00f1os reales - Torredonjimeno Actualidad<\/title>\n<meta name=\"robots\" content=\"index, follow, max-snippet:-1, max-image-preview:large, max-video-preview:-1\" \/>\n<link rel=\"canonical\" href=\"https:\/\/torredonjimenoactualidad.com\/index.php\/2026\/03\/10\/el-pp-pide-a-la-diputacion-de-jaen-un-reparto-mas-justo-de-las-ayudas-por-el-temporal-y-reclama-que-se-tengan-en-cuenta-los-danos-reales\/\" \/>\n<meta property=\"og:locale\" content=\"es_ES\" \/>\n<meta property=\"og:type\" content=\"article\" \/>\n<meta property=\"og:title\" content=\"El PP pide a la Diputaci\u00f3n de Ja\u00e9n un reparto \u201cm\u00e1s justo\u201d de las ayudas por el temporal y reclama que se tengan en cuenta los da\u00f1os reales - Torredonjimeno Actualidad\" \/>\n<meta property=\"og:description\" content=\"El Grupo Popular en la Diputaci\u00f3n Provincial de Ja\u00e9n ha reclamado al equipo de gobierno socialista que rectifique el plan de ayudas anunciado para hacer frente a los da\u00f1os provocados por el reciente temporal, al considerar que el sistema de reparto previsto resulta \u201cinjusto y arbitrario\u201d para muchos municipios de la provincia. Seg\u00fan ha explicado &hellip; El PP pide a la Diputaci\u00f3n de Ja\u00e9n un reparto \u201cm\u00e1s justo\u201d de las ayudas por el temporal y reclama que se tengan en cuenta los da\u00f1os reales Leer m\u00e1s &raquo;\" \/>\n<meta property=\"og:url\" content=\"https:\/\/torredonjimenoactualidad.com\/index.php\/2026\/03\/10\/el-pp-pide-a-la-diputacion-de-jaen-un-reparto-mas-justo-de-las-ayudas-por-el-temporal-y-reclama-que-se-tengan-en-cuenta-los-danos-reales\/\" \/>\n<meta property=\"og:site_name\" content=\"Torredonjimeno Actualidad\" \/>\n<meta property=\"article:published_time\" content=\"2026-03-10T14:52:43+00:00\" \/>\n<meta property=\"article:modified_time\" content=\"2026-03-10T14:52:45+00:00\" \/>\n<meta property=\"og:image\" content=\"https:\/\/torredonjimenoactualidad.com\/wp-content\/uploads\/2026\/03\/bbc25b59-736b-43c0-848f-b8b2c1769295.jpg\" \/>\n\t<meta property=\"og:image:width\" content=\"1600\" \/>\n\t<meta property=\"og:image:height\" content=\"914\" \/>\n\t<meta property=\"og:image:type\" content=\"image\/jpeg\" \/>\n<meta name=\"author\" content=\"Alba Mar\u00eda Torres\" \/>\n<meta name=\"twitter:card\" content=\"summary_large_image\" \/>\n<meta name=\"twitter:label1\" content=\"Escrito por\" \/>\n\t<meta name=\"twitter:data1\" content=\"Alba Mar\u00eda Torres\" \/>\n\t<meta name=\"twitter:label2\" content=\"Tiempo de lectura\" \/>\n\t<meta name=\"twitter:data2\" content=\"2 minutos\" \/>\n<script type=\"application\/ld+json\" class=\"yoast-schema-graph\">{\"@context\":\"https:\/\/schema.org\",\"@graph\":[{\"@type\":\"Article\",\"@id\":\"https:\/\/torredonjimenoactualidad.com\/index.php\/2026\/03\/10\/el-pp-pide-a-la-diputacion-de-jaen-un-reparto-mas-justo-de-las-ayudas-por-el-temporal-y-reclama-que-se-tengan-en-cuenta-los-danos-reales\/#article\",\"isPartOf\":{\"@id\":\"https:\/\/torredonjimenoactualidad.com\/index.php\/2026\/03\/10\/el-pp-pide-a-la-diputacion-de-jaen-un-reparto-mas-justo-de-las-ayudas-por-el-temporal-y-reclama-que-se-tengan-en-cuenta-los-danos-reales\/\"},\"author\":{\"name\":\"Alba Mar\u00eda Torres\",\"@id\":\"https:\/\/torredonjimenoactualidad.com\/#\/schema\/person\/84de5f233e783ef2c75151a532b54977\"},\"headline\":\"El PP pide a la Diputaci\u00f3n de Ja\u00e9n un reparto \u201cm\u00e1s justo\u201d de las ayudas por el temporal y reclama que se tengan en cuenta los da\u00f1os reales\",\"datePublished\":\"2026-03-10T14:52:43+00:00\",\"dateModified\":\"2026-03-10T14:52:45+00:00\",\"mainEntityOfPage\":{\"@id\":\"https:\/\/torredonjimenoactualidad.com\/index.php\/2026\/03\/10\/el-pp-pide-a-la-diputacion-de-jaen-un-reparto-mas-justo-de-las-ayudas-por-el-temporal-y-reclama-que-se-tengan-en-cuenta-los-danos-reales\/\"},\"wordCount\":374,\"publisher\":{\"@id\":\"https:\/\/torredonjimenoactualidad.com\/#organization\"},\"articleSection\":[\"provincia\"],\"inLanguage\":\"es\"},{\"@type\":\"WebPage\",\"@id\":\"https:\/\/torredonjimenoactualidad.com\/index.php\/2026\/03\/10\/el-pp-pide-a-la-diputacion-de-jaen-un-reparto-mas-justo-de-las-ayudas-por-el-temporal-y-reclama-que-se-tengan-en-cuenta-los-danos-reales\/\",\"url\":\"https:\/\/torredonjimenoactualidad.com\/index.php\/2026\/03\/10\/el-pp-pide-a-la-diputacion-de-jaen-un-reparto-mas-justo-de-las-ayudas-por-el-temporal-y-reclama-que-se-tengan-en-cuenta-los-danos-reales\/\",\"name\":\"El PP pide a la Diputaci\u00f3n de Ja\u00e9n un reparto \u201cm\u00e1s justo\u201d de las ayudas por el temporal y reclama que se tengan en cuenta los da\u00f1os reales - Torredonjimeno Actualidad\",\"isPartOf\":{\"@id\":\"https:\/\/torredonjimenoactualidad.com\/#website\"},\"datePublished\":\"2026-03-10T14:52:43+00:00\",\"dateModified\":\"2026-03-10T14:52:45+00:00\",\"breadcrumb\":{\"@id\":\"https:\/\/torredonjimenoactualidad.com\/index.php\/2026\/03\/10\/el-pp-pide-a-la-diputacion-de-jaen-un-reparto-mas-justo-de-las-ayudas-por-el-temporal-y-reclama-que-se-tengan-en-cuenta-los-danos-reales\/#breadcrumb\"},\"inLanguage\":\"es\",\"potentialAction\":[{\"@type\":\"ReadAction\",\"target\":[\"https:\/\/torredonjimenoactualidad.com\/index.php\/2026\/03\/10\/el-pp-pide-a-la-diputacion-de-jaen-un-reparto-mas-justo-de-las-ayudas-por-el-temporal-y-reclama-que-se-tengan-en-cuenta-los-danos-reales\/\"]}]},{\"@type\":\"BreadcrumbList\",\"@id\":\"https:\/\/torredonjimenoactualidad.com\/index.php\/2026\/03\/10\/el-pp-pide-a-la-diputacion-de-jaen-un-reparto-mas-justo-de-las-ayudas-por-el-temporal-y-reclama-que-se-tengan-en-cuenta-los-danos-reales\/#breadcrumb\",\"itemListElement\":[{\"@type\":\"ListItem\",\"position\":1,\"name\":\"Portada\",\"item\":\"https:\/\/torredonjimenoactualidad.com\/\"},{\"@type\":\"ListItem\",\"position\":2,\"name\":\"El PP pide a la Diputaci\u00f3n de Ja\u00e9n un reparto \u201cm\u00e1s justo\u201d de las ayudas por el temporal y reclama que se tengan en cuenta los da\u00f1os reales\"}]},{\"@type\":\"WebSite\",\"@id\":\"https:\/\/torredonjimenoactualidad.com\/#website\",\"url\":\"https:\/\/torredonjimenoactualidad.com\/\",\"name\":\"Torredonjimeno Actualidad\",\"description\":\"\",\"publisher\":{\"@id\":\"https:\/\/torredonjimenoactualidad.com\/#organization\"},\"potentialAction\":[{\"@type\":\"SearchAction\",\"target\":{\"@type\":\"EntryPoint\",\"urlTemplate\":\"https:\/\/torredonjimenoactualidad.com\/?s={search_term_string}\"},\"query-input\":\"required name=search_term_string\"}],\"inLanguage\":\"es\"},{\"@type\":\"Organization\",\"@id\":\"https:\/\/torredonjimenoactualidad.com\/#organization\",\"name\":\"Torredonjimeno Actualidad\",\"url\":\"https:\/\/torredonjimenoactualidad.com\/\",\"logo\":{\"@type\":\"ImageObject\",\"inLanguage\":\"es\",\"@id\":\"https:\/\/torredonjimenoactualidad.com\/#\/schema\/logo\/image\/\",\"url\":\"https:\/\/torredonjimenoactualidad.com\/wp-content\/uploads\/2023\/02\/logo-torredonjimeno-544x180-1.png\",\"contentUrl\":\"https:\/\/torredonjimenoactualidad.com\/wp-content\/uploads\/2023\/02\/logo-torredonjimeno-544x180-1.png\",\"width\":545,\"height\":112,\"caption\":\"Torredonjimeno Actualidad\"},\"image\":{\"@id\":\"https:\/\/torredonjimenoactualidad.com\/#\/schema\/logo\/image\/\"}},{\"@type\":\"Person\",\"@id\":\"https:\/\/torredonjimenoactualidad.com\/#\/schema\/person\/84de5f233e783ef2c75151a532b54977\",\"name\":\"Alba Mar\u00eda Torres\",\"image\":{\"@type\":\"ImageObject\",\"inLanguage\":\"es\",\"@id\":\"https:\/\/torredonjimenoactualidad.com\/#\/schema\/person\/image\/\",\"url\":\"https:\/\/secure.gravatar.com\/avatar\/f9371f188c71501b4475a9ba2a71595850ec72967f800a2ed8e3e2102859ed65?s=96&d=mm&r=g\",\"contentUrl\":\"https:\/\/secure.gravatar.com\/avatar\/f9371f188c71501b4475a9ba2a71595850ec72967f800a2ed8e3e2102859ed65?s=96&d=mm&r=g\",\"caption\":\"Alba Mar\u00eda Torres\"},\"url\":\"https:\/\/torredonjimenoactualidad.com\/index.php\/author\/alba-torres\/\"}]}<\/script>\n<!-- \/ Yoast SEO plugin. -->","yoast_head_json":{"title":"El PP pide a la Diputaci\u00f3n de Ja\u00e9n un reparto \u201cm\u00e1s justo\u201d de las ayudas por el temporal y reclama que se tengan en cuenta los da\u00f1os reales - Torredonjimeno Actualidad","robots":{"index":"index","follow":"follow","max-snippet":"max-snippet:-1","max-image-preview":"max-image-preview:large","max-video-preview":"max-video-preview:-1"},"canonical":"https:\/\/torredonjimenoactualidad.com\/index.php\/2026\/03\/10\/el-pp-pide-a-la-diputacion-de-jaen-un-reparto-mas-justo-de-las-ayudas-por-el-temporal-y-reclama-que-se-tengan-en-cuenta-los-danos-reales\/","og_locale":"es_ES","og_type":"article","og_title":"El PP pide a la Diputaci\u00f3n de Ja\u00e9n un reparto \u201cm\u00e1s justo\u201d de las ayudas por el temporal y reclama que se tengan en cuenta los da\u00f1os reales - Torredonjimeno Actualidad","og_description":"El Grupo Popular en la Diputaci\u00f3n Provincial de Ja\u00e9n ha reclamado al equipo de gobierno socialista que rectifique el plan de ayudas anunciado para hacer frente a los da\u00f1os provocados por el reciente temporal, al considerar que el sistema de reparto previsto resulta \u201cinjusto y arbitrario\u201d para muchos municipios de la provincia. Seg\u00fan ha explicado &hellip; El PP pide a la Diputaci\u00f3n de Ja\u00e9n un reparto \u201cm\u00e1s justo\u201d de las ayudas por el temporal y reclama que se tengan en cuenta los da\u00f1os reales Leer m\u00e1s &raquo;","og_url":"https:\/\/torredonjimenoactualidad.com\/index.php\/2026\/03\/10\/el-pp-pide-a-la-diputacion-de-jaen-un-reparto-mas-justo-de-las-ayudas-por-el-temporal-y-reclama-que-se-tengan-en-cuenta-los-danos-reales\/","og_site_name":"Torredonjimeno Actualidad","article_published_time":"2026-03-10T14:52:43+00:00","article_modified_time":"2026-03-10T14:52:45+00:00","og_image":[{"width":1600,"height":914,"url":"https:\/\/torredonjimenoactualidad.com\/wp-content\/uploads\/2026\/03\/bbc25b59-736b-43c0-848f-b8b2c1769295.jpg","type":"image\/jpeg"}],"author":"Alba Mar\u00eda Torres","twitter_card":"summary_large_image","twitter_misc":{"Escrito por":"Alba Mar\u00eda Torres","Tiempo de lectura":"2 minutos"},"schema":{"@context":"https:\/\/schema.org","@graph":[{"@type":"Article","@id":"https:\/\/torredonjimenoactualidad.com\/index.php\/2026\/03\/10\/el-pp-pide-a-la-diputacion-de-jaen-un-reparto-mas-justo-de-las-ayudas-por-el-temporal-y-reclama-que-se-tengan-en-cuenta-los-danos-reales\/#article","isPartOf":{"@id":"https:\/\/torredonjimenoactualidad.com\/index.php\/2026\/03\/10\/el-pp-pide-a-la-diputacion-de-jaen-un-reparto-mas-justo-de-las-ayudas-por-el-temporal-y-reclama-que-se-tengan-en-cuenta-los-danos-reales\/"},"author":{"name":"Alba Mar\u00eda Torres","@id":"https:\/\/torredonjimenoactualidad.com\/#\/schema\/person\/84de5f233e783ef2c75151a532b54977"},"headline":"El PP pide a la Diputaci\u00f3n de Ja\u00e9n un reparto \u201cm\u00e1s justo\u201d de las ayudas por el temporal y reclama que se tengan en cuenta los da\u00f1os reales","datePublished":"2026-03-10T14:52:43+00:00","dateModified":"2026-03-10T14:52:45+00:00","mainEntityOfPage":{"@id":"https:\/\/torredonjimenoactualidad.com\/index.php\/2026\/03\/10\/el-pp-pide-a-la-diputacion-de-jaen-un-reparto-mas-justo-de-las-ayudas-por-el-temporal-y-reclama-que-se-tengan-en-cuenta-los-danos-reales\/"},"wordCount":374,"publisher":{"@id":"https:\/\/torredonjimenoactualidad.com\/#organization"},"articleSection":["provincia"],"inLanguage":"es"},{"@type":"WebPage","@id":"https:\/\/torredonjimenoactualidad.com\/index.php\/2026\/03\/10\/el-pp-pide-a-la-diputacion-de-jaen-un-reparto-mas-justo-de-las-ayudas-por-el-temporal-y-reclama-que-se-tengan-en-cuenta-los-danos-reales\/","url":"https:\/\/torredonjimenoactualidad.com\/index.php\/2026\/03\/10\/el-pp-pide-a-la-diputacion-de-jaen-un-reparto-mas-justo-de-las-ayudas-por-el-temporal-y-reclama-que-se-tengan-en-cuenta-los-danos-reales\/","name":"El PP pide a la Diputaci\u00f3n de Ja\u00e9n un reparto \u201cm\u00e1s justo\u201d de las ayudas por el temporal y reclama que se tengan en cuenta los da\u00f1os reales - Torredonjimeno Actualidad","isPartOf":{"@id":"https:\/\/torredonjimenoactualidad.com\/#website"},"datePublished":"2026-03-10T14:52:43+00:00","dateModified":"2026-03-10T14:52:45+00:00","breadcrumb":{"@id":"https:\/\/torredonjimenoactualidad.com\/index.php\/2026\/03\/10\/el-pp-pide-a-la-diputacion-de-jaen-un-reparto-mas-justo-de-las-ayudas-por-el-temporal-y-reclama-que-se-tengan-en-cuenta-los-danos-reales\/#breadcrumb"},"inLanguage":"es","potentialAction":[{"@type":"ReadAction","target":["https:\/\/torredonjimenoactualidad.com\/index.php\/2026\/03\/10\/el-pp-pide-a-la-diputacion-de-jaen-un-reparto-mas-justo-de-las-ayudas-por-el-temporal-y-reclama-que-se-tengan-en-cuenta-los-danos-reales\/"]}]},{"@type":"BreadcrumbList","@id":"https:\/\/torredonjimenoactualidad.com\/index.php\/2026\/03\/10\/el-pp-pide-a-la-diputacion-de-jaen-un-reparto-mas-justo-de-las-ayudas-por-el-temporal-y-reclama-que-se-tengan-en-cuenta-los-danos-reales\/#breadcrumb","itemListElement":[{"@type":"ListItem","position":1,"name":"Portada","item":"https:\/\/torredonjimenoactualidad.com\/"},{"@type":"ListItem","position":2,"name":"El PP pide a la Diputaci\u00f3n de Ja\u00e9n un reparto \u201cm\u00e1s justo\u201d de las ayudas por el temporal y reclama que se tengan en cuenta los da\u00f1os reales"}]},{"@type":"WebSite","@id":"https:\/\/torredonjimenoactualidad.com\/#website","url":"https:\/\/torredonjimenoactualidad.com\/","name":"Torredonjimeno Actualidad","description":"","publisher":{"@id":"https:\/\/torredonjimenoactualidad.com\/#organization"},"potentialAction":[{"@type":"SearchAction","target":{"@type":"EntryPoint","urlTemplate":"https:\/\/torredonjimenoactualidad.com\/?s={search_term_string}"},"query-input":"required name=search_term_string"}],"inLanguage":"es"},{"@type":"Organization","@id":"https:\/\/torredonjimenoactualidad.com\/#organization","name":"Torredonjimeno Actualidad","url":"https:\/\/torredonjimenoactualidad.com\/","logo":{"@type":"ImageObject","inLanguage":"es","@id":"https:\/\/torredonjimenoactualidad.com\/#\/schema\/logo\/image\/","url":"https:\/\/torredonjimenoactualidad.com\/wp-content\/uploads\/2023\/02\/logo-torredonjimeno-544x180-1.png","contentUrl":"https:\/\/torredonjimenoactualidad.com\/wp-content\/uploads\/2023\/02\/logo-torredonjimeno-544x180-1.png","width":545,"height":112,"caption":"Torredonjimeno Actualidad"},"image":{"@id":"https:\/\/torredonjimenoactualidad.com\/#\/schema\/logo\/image\/"}},{"@type":"Person","@id":"https:\/\/torredonjimenoactualidad.com\/#\/schema\/person\/84de5f233e783ef2c75151a532b54977","name":"Alba Mar\u00eda Torres","image":{"@type":"ImageObject","inLanguage":"es","@id":"https:\/\/torredonjimenoactualidad.com\/#\/schema\/person\/image\/","url":"https:\/\/secure.gravatar.com\/avatar\/f9371f188c71501b4475a9ba2a71595850ec72967f800a2ed8e3e2102859ed65?s=96&d=mm&r=g","contentUrl":"https:\/\/secure.gravatar.com\/avatar\/f9371f188c71501b4475a9ba2a71595850ec72967f800a2ed8e3e2102859ed65?s=96&d=mm&r=g","caption":"Alba Mar\u00eda Torres"},"url":"https:\/\/torredonjimenoactualidad.com\/index.php\/author\/alba-torres\/"}]}},"_links":{"self":[{"href":"https:\/\/torredonjimenoactualidad.com\/index.php\/wp-json\/wp\/v2\/posts\/4659","targetHints":{"allow":["GET"]}}],"collection":[{"href":"https:\/\/torredonjimenoactualidad.com\/index.php\/wp-json\/wp\/v2\/posts"}],"about":[{"href":"https:\/\/torredonjimenoactualidad.com\/index.php\/wp-json\/wp\/v2\/types\/post"}],"author":[{"embeddable":true,"href":"https:\/\/torredonjimenoactualidad.com\/index.php\/wp-json\/wp\/v2\/users\/2"}],"replies":[{"embeddable":true,"href":"https:\/\/torredonjimenoactualidad.com\/index.php\/wp-json\/wp\/v2\/comments?post=4659"}],"version-history":[{"count":1,"href":"https:\/\/torredonjimenoactualidad.com\/index.php\/wp-json\/wp\/v2\/posts\/4659\/revisions"}],"predecessor-version":[{"id":4662,"href":"https:\/\/torredonjimenoactualidad.com\/index.php\/wp-json\/wp\/v2\/posts\/4659\/revisions\/4662"}],"wp:featuredmedia":[{"embeddable":true,"href":"https:\/\/torredonjimenoactualidad.com\/index.php\/wp-json\/wp\/v2\/media\/4660"}],"wp:attachment":[{"href":"https:\/\/torredonjimenoactualidad.com\/index.php\/wp-json\/wp\/v2\/media?parent=4659"}],"wp:term":[{"taxonomy":"category","embeddable":true,"href":"https:\/\/torredonjimenoactualidad.com\/index.php\/wp-json\/wp\/v2\/categories?post=4659"},{"taxonomy":"post_tag","embeddable":true,"href":"https:\/\/torredonjimenoactualidad.com\/index.php\/wp-json\/wp\/v2\/tags?post=4659"}],"curies":[{"name":"wp","href":"https:\/\/api.w.org\/{rel}","templated":true}]}}