{"id":4656,"date":"2026-03-10T13:17:09","date_gmt":"2026-03-10T13:17:09","guid":{"rendered":"https:\/\/torredonjimenoactualidad.com\/?p=4656"},"modified":"2026-03-10T13:17:10","modified_gmt":"2026-03-10T13:17:10","slug":"la-seccion-sindical-de-sip-an-desmiente-un-supuesto-acuerdo-para-eliminar-permisos-de-la-policia-local-en-semana-santa-y-feria","status":"publish","type":"post","link":"https:\/\/torredonjimenoactualidad.com\/index.php\/2026\/03\/10\/la-seccion-sindical-de-sip-an-desmiente-un-supuesto-acuerdo-para-eliminar-permisos-de-la-policia-local-en-semana-santa-y-feria\/","title":{"rendered":"La secci\u00f3n sindical de SIP-AN desmiente un supuesto acuerdo para eliminar permisos de la Polic\u00eda Local en Semana Santa y Feria"},"content":{"rendered":"\n<p>La secci\u00f3n sindical de SIP-AN (Sindicato Independiente de Polic\u00eda de Andaluc\u00eda) en Torredonjimeno ha emitido un comunicado  en el que desmiente las manifestaciones realizadas por el alcalde, Enrique Castro, durante la \u00faltima sesi\u00f3n del Pleno Municipal, en las que afirm\u00f3 que exist\u00eda un acuerdo con la Polic\u00eda Local para prohibir el disfrute de vacaciones y d\u00edas de asuntos propios durante la pr\u00f3xima Semana Santa y la Feria.<\/p>\n\n\n\n<p>Seg\u00fan expone el sindicato, dichas afirmaciones \u201cfaltan gravemente a la verdad\u201d. SIP-AN asegura que no existe ning\u00fan acuerdo con la plantilla de la Polic\u00eda Local para limitar estos permisos laborales. En su comunicado, la organizaci\u00f3n sindical sostiene que lo que el alcalde calific\u00f3 como acuerdo es, en realidad, \u201cuna imposici\u00f3n unilateral\u201d que vulnerar\u00eda el marco legal de la negociaci\u00f3n colectiva.<\/p>\n\n\n\n<p>El sindicato tambi\u00e9n rechaza el argumento municipal de que la medida responde a la necesidad de reducir el gasto en horas extraordinarias debido a la situaci\u00f3n econ\u00f3mica del Ayuntamiento. A juicio de SIP-AN, los problemas presupuestarios no pueden utilizarse para recortar derechos consolidados de los trabajadores, como el descanso o la conciliaci\u00f3n familiar.<\/p>\n\n\n\n<p>Asimismo, la secci\u00f3n sindical considera \u201cprofundamente decepcionante\u201d que, seg\u00fan afirma, se utilice el Pleno municipal para transmitir informaci\u00f3n que califican de incorrecta. En este sentido, defienden que la seguridad p\u00fablica en el municipio debe sostenerse con una plantilla \u201cmotivada y respetada\u201d, y no mediante decisiones que, seg\u00fan el sindicato, anulan permisos por motivos financieros.<\/p>\n\n\n\n<p>Por todo ello, SIP-AN se\u00f1ala que no permitir\u00e1 que se utilice la imagen de la Polic\u00eda Local para justificar medidas restrictivas que, seg\u00fan indican, no han sido consensuadas con los representantes de los trabajadores. En su comunicado, el sindicato exige al alcalde que rectifique p\u00fablicamente sus palabras y que se retome el di\u00e1logo sobre la base de la legalidad vigente y el respeto institucional.<\/p>\n","protected":false},"excerpt":{"rendered":"<p>La secci\u00f3n sindical de SIP-AN (Sindicato Independiente de Polic\u00eda de Andaluc\u00eda) en Torredonjimeno ha emitido un comunicado en el que desmiente las manifestaciones realizadas por el alcalde, Enrique Castro, durante la \u00faltima sesi\u00f3n del Pleno Municipal, en las que afirm\u00f3 que exist\u00eda un acuerdo con la Polic\u00eda Local para prohibir el disfrute de vacaciones y &hellip;<\/p>\n<p class=\"read-more\"> <a class=\"\" href=\"https:\/\/torredonjimenoactualidad.com\/index.php\/2026\/03\/10\/la-seccion-sindical-de-sip-an-desmiente-un-supuesto-acuerdo-para-eliminar-permisos-de-la-policia-local-en-semana-santa-y-feria\/\"> <span class=\"screen-reader-text\">La secci\u00f3n sindical de SIP-AN desmiente un supuesto acuerdo para eliminar permisos de la Polic\u00eda Local en Semana Santa y Feria<\/span> Leer m\u00e1s &raquo;<\/a><\/p>\n","protected":false},"author":2,"featured_media":4657,"comment_status":"closed","ping_status":"open","sticky":false,"template":"","format":"standard","meta":{"site-sidebar-layout":"default","site-content-layout":"default","ast-global-header-display":"","ast-main-header-display":"","ast-hfb-above-header-display":"","ast-hfb-below-header-display":"","ast-hfb-mobile-header-display":"","site-post-title":"","ast-breadcrumbs-content":"","ast-featured-img":"","footer-sml-layout":"","theme-transparent-header-meta":"","adv-header-id-meta":"","stick-header-meta":"","header-above-stick-meta":"","header-main-stick-meta":"","header-below-stick-meta":"","footnotes":""},"categories":[7],"tags":[],"class_list":["post-4656","post","type-post","status-publish","format-standard","has-post-thumbnail","hentry","category-local"],"yoast_head":"<!-- This site is optimized with the Yoast SEO plugin v20.8 - https:\/\/yoast.com\/wordpress\/plugins\/seo\/ -->\n<title>La secci\u00f3n sindical de SIP-AN desmiente un supuesto acuerdo para eliminar permisos de la Polic\u00eda Local en Semana Santa y Feria - Torredonjimeno Actualidad<\/title>\n<meta name=\"robots\" content=\"index, follow, max-snippet:-1, max-image-preview:large, max-video-preview:-1\" \/>\n<link rel=\"canonical\" href=\"https:\/\/torredonjimenoactualidad.com\/index.php\/2026\/03\/10\/la-seccion-sindical-de-sip-an-desmiente-un-supuesto-acuerdo-para-eliminar-permisos-de-la-policia-local-en-semana-santa-y-feria\/\" \/>\n<meta property=\"og:locale\" content=\"es_ES\" \/>\n<meta property=\"og:type\" content=\"article\" \/>\n<meta property=\"og:title\" content=\"La secci\u00f3n sindical de SIP-AN desmiente un supuesto acuerdo para eliminar permisos de la Polic\u00eda Local en Semana Santa y Feria - Torredonjimeno Actualidad\" \/>\n<meta property=\"og:description\" content=\"La secci\u00f3n sindical de SIP-AN (Sindicato Independiente de Polic\u00eda de Andaluc\u00eda) en Torredonjimeno ha emitido un comunicado en el que desmiente las manifestaciones realizadas por el alcalde, Enrique Castro, durante la \u00faltima sesi\u00f3n del Pleno Municipal, en las que afirm\u00f3 que exist\u00eda un acuerdo con la Polic\u00eda Local para prohibir el disfrute de vacaciones y &hellip; La secci\u00f3n sindical de SIP-AN desmiente un supuesto acuerdo para eliminar permisos de la Polic\u00eda Local en Semana Santa y Feria Leer m\u00e1s &raquo;\" \/>\n<meta property=\"og:url\" content=\"https:\/\/torredonjimenoactualidad.com\/index.php\/2026\/03\/10\/la-seccion-sindical-de-sip-an-desmiente-un-supuesto-acuerdo-para-eliminar-permisos-de-la-policia-local-en-semana-santa-y-feria\/\" \/>\n<meta property=\"og:site_name\" content=\"Torredonjimeno Actualidad\" \/>\n<meta property=\"article:published_time\" content=\"2026-03-10T13:17:09+00:00\" \/>\n<meta property=\"article:modified_time\" content=\"2026-03-10T13:17:10+00:00\" \/>\n<meta property=\"og:image\" content=\"https:\/\/torredonjimenoactualidad.com\/wp-content\/uploads\/2026\/03\/IMG_0110-scaled.jpg\" \/>\n\t<meta property=\"og:image:width\" content=\"2560\" \/>\n\t<meta property=\"og:image:height\" content=\"1440\" \/>\n\t<meta property=\"og:image:type\" content=\"image\/jpeg\" \/>\n<meta name=\"author\" content=\"Alba Mar\u00eda Torres\" \/>\n<meta name=\"twitter:card\" content=\"summary_large_image\" \/>\n<meta name=\"twitter:label1\" content=\"Escrito por\" \/>\n\t<meta name=\"twitter:data1\" content=\"Alba Mar\u00eda Torres\" \/>\n\t<meta name=\"twitter:label2\" content=\"Tiempo de lectura\" \/>\n\t<meta name=\"twitter:data2\" content=\"2 minutos\" \/>\n<script type=\"application\/ld+json\" class=\"yoast-schema-graph\">{\"@context\":\"https:\/\/schema.org\",\"@graph\":[{\"@type\":\"Article\",\"@id\":\"https:\/\/torredonjimenoactualidad.com\/index.php\/2026\/03\/10\/la-seccion-sindical-de-sip-an-desmiente-un-supuesto-acuerdo-para-eliminar-permisos-de-la-policia-local-en-semana-santa-y-feria\/#article\",\"isPartOf\":{\"@id\":\"https:\/\/torredonjimenoactualidad.com\/index.php\/2026\/03\/10\/la-seccion-sindical-de-sip-an-desmiente-un-supuesto-acuerdo-para-eliminar-permisos-de-la-policia-local-en-semana-santa-y-feria\/\"},\"author\":{\"name\":\"Alba Mar\u00eda Torres\",\"@id\":\"https:\/\/torredonjimenoactualidad.com\/#\/schema\/person\/84de5f233e783ef2c75151a532b54977\"},\"headline\":\"La secci\u00f3n sindical de SIP-AN desmiente un supuesto acuerdo para eliminar permisos de la Polic\u00eda Local en Semana Santa y Feria\",\"datePublished\":\"2026-03-10T13:17:09+00:00\",\"dateModified\":\"2026-03-10T13:17:10+00:00\",\"mainEntityOfPage\":{\"@id\":\"https:\/\/torredonjimenoactualidad.com\/index.php\/2026\/03\/10\/la-seccion-sindical-de-sip-an-desmiente-un-supuesto-acuerdo-para-eliminar-permisos-de-la-policia-local-en-semana-santa-y-feria\/\"},\"wordCount\":350,\"publisher\":{\"@id\":\"https:\/\/torredonjimenoactualidad.com\/#organization\"},\"articleSection\":[\"local\"],\"inLanguage\":\"es\"},{\"@type\":\"WebPage\",\"@id\":\"https:\/\/torredonjimenoactualidad.com\/index.php\/2026\/03\/10\/la-seccion-sindical-de-sip-an-desmiente-un-supuesto-acuerdo-para-eliminar-permisos-de-la-policia-local-en-semana-santa-y-feria\/\",\"url\":\"https:\/\/torredonjimenoactualidad.com\/index.php\/2026\/03\/10\/la-seccion-sindical-de-sip-an-desmiente-un-supuesto-acuerdo-para-eliminar-permisos-de-la-policia-local-en-semana-santa-y-feria\/\",\"name\":\"La secci\u00f3n sindical de SIP-AN desmiente un supuesto acuerdo para eliminar permisos de la Polic\u00eda Local en Semana Santa y Feria - Torredonjimeno Actualidad\",\"isPartOf\":{\"@id\":\"https:\/\/torredonjimenoactualidad.com\/#website\"},\"datePublished\":\"2026-03-10T13:17:09+00:00\",\"dateModified\":\"2026-03-10T13:17:10+00:00\",\"breadcrumb\":{\"@id\":\"https:\/\/torredonjimenoactualidad.com\/index.php\/2026\/03\/10\/la-seccion-sindical-de-sip-an-desmiente-un-supuesto-acuerdo-para-eliminar-permisos-de-la-policia-local-en-semana-santa-y-feria\/#breadcrumb\"},\"inLanguage\":\"es\",\"potentialAction\":[{\"@type\":\"ReadAction\",\"target\":[\"https:\/\/torredonjimenoactualidad.com\/index.php\/2026\/03\/10\/la-seccion-sindical-de-sip-an-desmiente-un-supuesto-acuerdo-para-eliminar-permisos-de-la-policia-local-en-semana-santa-y-feria\/\"]}]},{\"@type\":\"BreadcrumbList\",\"@id\":\"https:\/\/torredonjimenoactualidad.com\/index.php\/2026\/03\/10\/la-seccion-sindical-de-sip-an-desmiente-un-supuesto-acuerdo-para-eliminar-permisos-de-la-policia-local-en-semana-santa-y-feria\/#breadcrumb\",\"itemListElement\":[{\"@type\":\"ListItem\",\"position\":1,\"name\":\"Portada\",\"item\":\"https:\/\/torredonjimenoactualidad.com\/\"},{\"@type\":\"ListItem\",\"position\":2,\"name\":\"La secci\u00f3n sindical de SIP-AN desmiente un supuesto acuerdo para eliminar permisos de la Polic\u00eda Local en Semana Santa y Feria\"}]},{\"@type\":\"WebSite\",\"@id\":\"https:\/\/torredonjimenoactualidad.com\/#website\",\"url\":\"https:\/\/torredonjimenoactualidad.com\/\",\"name\":\"Torredonjimeno Actualidad\",\"description\":\"\",\"publisher\":{\"@id\":\"https:\/\/torredonjimenoactualidad.com\/#organization\"},\"potentialAction\":[{\"@type\":\"SearchAction\",\"target\":{\"@type\":\"EntryPoint\",\"urlTemplate\":\"https:\/\/torredonjimenoactualidad.com\/?s={search_term_string}\"},\"query-input\":\"required name=search_term_string\"}],\"inLanguage\":\"es\"},{\"@type\":\"Organization\",\"@id\":\"https:\/\/torredonjimenoactualidad.com\/#organization\",\"name\":\"Torredonjimeno Actualidad\",\"url\":\"https:\/\/torredonjimenoactualidad.com\/\",\"logo\":{\"@type\":\"ImageObject\",\"inLanguage\":\"es\",\"@id\":\"https:\/\/torredonjimenoactualidad.com\/#\/schema\/logo\/image\/\",\"url\":\"https:\/\/torredonjimenoactualidad.com\/wp-content\/uploads\/2023\/02\/logo-torredonjimeno-544x180-1.png\",\"contentUrl\":\"https:\/\/torredonjimenoactualidad.com\/wp-content\/uploads\/2023\/02\/logo-torredonjimeno-544x180-1.png\",\"width\":545,\"height\":112,\"caption\":\"Torredonjimeno Actualidad\"},\"image\":{\"@id\":\"https:\/\/torredonjimenoactualidad.com\/#\/schema\/logo\/image\/\"}},{\"@type\":\"Person\",\"@id\":\"https:\/\/torredonjimenoactualidad.com\/#\/schema\/person\/84de5f233e783ef2c75151a532b54977\",\"name\":\"Alba Mar\u00eda Torres\",\"image\":{\"@type\":\"ImageObject\",\"inLanguage\":\"es\",\"@id\":\"https:\/\/torredonjimenoactualidad.com\/#\/schema\/person\/image\/\",\"url\":\"https:\/\/secure.gravatar.com\/avatar\/f9371f188c71501b4475a9ba2a71595850ec72967f800a2ed8e3e2102859ed65?s=96&d=mm&r=g\",\"contentUrl\":\"https:\/\/secure.gravatar.com\/avatar\/f9371f188c71501b4475a9ba2a71595850ec72967f800a2ed8e3e2102859ed65?s=96&d=mm&r=g\",\"caption\":\"Alba Mar\u00eda Torres\"},\"url\":\"https:\/\/torredonjimenoactualidad.com\/index.php\/author\/alba-torres\/\"}]}<\/script>\n<!-- \/ Yoast SEO plugin. -->","yoast_head_json":{"title":"La secci\u00f3n sindical de SIP-AN desmiente un supuesto acuerdo para eliminar permisos de la Polic\u00eda Local en Semana Santa y Feria - Torredonjimeno Actualidad","robots":{"index":"index","follow":"follow","max-snippet":"max-snippet:-1","max-image-preview":"max-image-preview:large","max-video-preview":"max-video-preview:-1"},"canonical":"https:\/\/torredonjimenoactualidad.com\/index.php\/2026\/03\/10\/la-seccion-sindical-de-sip-an-desmiente-un-supuesto-acuerdo-para-eliminar-permisos-de-la-policia-local-en-semana-santa-y-feria\/","og_locale":"es_ES","og_type":"article","og_title":"La secci\u00f3n sindical de SIP-AN desmiente un supuesto acuerdo para eliminar permisos de la Polic\u00eda Local en Semana Santa y Feria - Torredonjimeno Actualidad","og_description":"La secci\u00f3n sindical de SIP-AN (Sindicato Independiente de Polic\u00eda de Andaluc\u00eda) en Torredonjimeno ha emitido un comunicado en el que desmiente las manifestaciones realizadas por el alcalde, Enrique Castro, durante la \u00faltima sesi\u00f3n del Pleno Municipal, en las que afirm\u00f3 que exist\u00eda un acuerdo con la Polic\u00eda Local para prohibir el disfrute de vacaciones y &hellip; La secci\u00f3n sindical de SIP-AN desmiente un supuesto acuerdo para eliminar permisos de la Polic\u00eda Local en Semana Santa y Feria Leer m\u00e1s &raquo;","og_url":"https:\/\/torredonjimenoactualidad.com\/index.php\/2026\/03\/10\/la-seccion-sindical-de-sip-an-desmiente-un-supuesto-acuerdo-para-eliminar-permisos-de-la-policia-local-en-semana-santa-y-feria\/","og_site_name":"Torredonjimeno Actualidad","article_published_time":"2026-03-10T13:17:09+00:00","article_modified_time":"2026-03-10T13:17:10+00:00","og_image":[{"width":2560,"height":1440,"url":"https:\/\/torredonjimenoactualidad.com\/wp-content\/uploads\/2026\/03\/IMG_0110-scaled.jpg","type":"image\/jpeg"}],"author":"Alba Mar\u00eda Torres","twitter_card":"summary_large_image","twitter_misc":{"Escrito por":"Alba Mar\u00eda Torres","Tiempo de lectura":"2 minutos"},"schema":{"@context":"https:\/\/schema.org","@graph":[{"@type":"Article","@id":"https:\/\/torredonjimenoactualidad.com\/index.php\/2026\/03\/10\/la-seccion-sindical-de-sip-an-desmiente-un-supuesto-acuerdo-para-eliminar-permisos-de-la-policia-local-en-semana-santa-y-feria\/#article","isPartOf":{"@id":"https:\/\/torredonjimenoactualidad.com\/index.php\/2026\/03\/10\/la-seccion-sindical-de-sip-an-desmiente-un-supuesto-acuerdo-para-eliminar-permisos-de-la-policia-local-en-semana-santa-y-feria\/"},"author":{"name":"Alba Mar\u00eda Torres","@id":"https:\/\/torredonjimenoactualidad.com\/#\/schema\/person\/84de5f233e783ef2c75151a532b54977"},"headline":"La secci\u00f3n sindical de SIP-AN desmiente un supuesto acuerdo para eliminar permisos de la Polic\u00eda Local en Semana Santa y Feria","datePublished":"2026-03-10T13:17:09+00:00","dateModified":"2026-03-10T13:17:10+00:00","mainEntityOfPage":{"@id":"https:\/\/torredonjimenoactualidad.com\/index.php\/2026\/03\/10\/la-seccion-sindical-de-sip-an-desmiente-un-supuesto-acuerdo-para-eliminar-permisos-de-la-policia-local-en-semana-santa-y-feria\/"},"wordCount":350,"publisher":{"@id":"https:\/\/torredonjimenoactualidad.com\/#organization"},"articleSection":["local"],"inLanguage":"es"},{"@type":"WebPage","@id":"https:\/\/torredonjimenoactualidad.com\/index.php\/2026\/03\/10\/la-seccion-sindical-de-sip-an-desmiente-un-supuesto-acuerdo-para-eliminar-permisos-de-la-policia-local-en-semana-santa-y-feria\/","url":"https:\/\/torredonjimenoactualidad.com\/index.php\/2026\/03\/10\/la-seccion-sindical-de-sip-an-desmiente-un-supuesto-acuerdo-para-eliminar-permisos-de-la-policia-local-en-semana-santa-y-feria\/","name":"La secci\u00f3n sindical de SIP-AN desmiente un supuesto acuerdo para eliminar permisos de la Polic\u00eda Local en Semana Santa y Feria - Torredonjimeno Actualidad","isPartOf":{"@id":"https:\/\/torredonjimenoactualidad.com\/#website"},"datePublished":"2026-03-10T13:17:09+00:00","dateModified":"2026-03-10T13:17:10+00:00","breadcrumb":{"@id":"https:\/\/torredonjimenoactualidad.com\/index.php\/2026\/03\/10\/la-seccion-sindical-de-sip-an-desmiente-un-supuesto-acuerdo-para-eliminar-permisos-de-la-policia-local-en-semana-santa-y-feria\/#breadcrumb"},"inLanguage":"es","potentialAction":[{"@type":"ReadAction","target":["https:\/\/torredonjimenoactualidad.com\/index.php\/2026\/03\/10\/la-seccion-sindical-de-sip-an-desmiente-un-supuesto-acuerdo-para-eliminar-permisos-de-la-policia-local-en-semana-santa-y-feria\/"]}]},{"@type":"BreadcrumbList","@id":"https:\/\/torredonjimenoactualidad.com\/index.php\/2026\/03\/10\/la-seccion-sindical-de-sip-an-desmiente-un-supuesto-acuerdo-para-eliminar-permisos-de-la-policia-local-en-semana-santa-y-feria\/#breadcrumb","itemListElement":[{"@type":"ListItem","position":1,"name":"Portada","item":"https:\/\/torredonjimenoactualidad.com\/"},{"@type":"ListItem","position":2,"name":"La secci\u00f3n sindical de SIP-AN desmiente un supuesto acuerdo para eliminar permisos de la Polic\u00eda Local en Semana Santa y Feria"}]},{"@type":"WebSite","@id":"https:\/\/torredonjimenoactualidad.com\/#website","url":"https:\/\/torredonjimenoactualidad.com\/","name":"Torredonjimeno Actualidad","description":"","publisher":{"@id":"https:\/\/torredonjimenoactualidad.com\/#organization"},"potentialAction":[{"@type":"SearchAction","target":{"@type":"EntryPoint","urlTemplate":"https:\/\/torredonjimenoactualidad.com\/?s={search_term_string}"},"query-input":"required name=search_term_string"}],"inLanguage":"es"},{"@type":"Organization","@id":"https:\/\/torredonjimenoactualidad.com\/#organization","name":"Torredonjimeno Actualidad","url":"https:\/\/torredonjimenoactualidad.com\/","logo":{"@type":"ImageObject","inLanguage":"es","@id":"https:\/\/torredonjimenoactualidad.com\/#\/schema\/logo\/image\/","url":"https:\/\/torredonjimenoactualidad.com\/wp-content\/uploads\/2023\/02\/logo-torredonjimeno-544x180-1.png","contentUrl":"https:\/\/torredonjimenoactualidad.com\/wp-content\/uploads\/2023\/02\/logo-torredonjimeno-544x180-1.png","width":545,"height":112,"caption":"Torredonjimeno Actualidad"},"image":{"@id":"https:\/\/torredonjimenoactualidad.com\/#\/schema\/logo\/image\/"}},{"@type":"Person","@id":"https:\/\/torredonjimenoactualidad.com\/#\/schema\/person\/84de5f233e783ef2c75151a532b54977","name":"Alba Mar\u00eda Torres","image":{"@type":"ImageObject","inLanguage":"es","@id":"https:\/\/torredonjimenoactualidad.com\/#\/schema\/person\/image\/","url":"https:\/\/secure.gravatar.com\/avatar\/f9371f188c71501b4475a9ba2a71595850ec72967f800a2ed8e3e2102859ed65?s=96&d=mm&r=g","contentUrl":"https:\/\/secure.gravatar.com\/avatar\/f9371f188c71501b4475a9ba2a71595850ec72967f800a2ed8e3e2102859ed65?s=96&d=mm&r=g","caption":"Alba Mar\u00eda Torres"},"url":"https:\/\/torredonjimenoactualidad.com\/index.php\/author\/alba-torres\/"}]}},"_links":{"self":[{"href":"https:\/\/torredonjimenoactualidad.com\/index.php\/wp-json\/wp\/v2\/posts\/4656","targetHints":{"allow":["GET"]}}],"collection":[{"href":"https:\/\/torredonjimenoactualidad.com\/index.php\/wp-json\/wp\/v2\/posts"}],"about":[{"href":"https:\/\/torredonjimenoactualidad.com\/index.php\/wp-json\/wp\/v2\/types\/post"}],"author":[{"embeddable":true,"href":"https:\/\/torredonjimenoactualidad.com\/index.php\/wp-json\/wp\/v2\/users\/2"}],"replies":[{"embeddable":true,"href":"https:\/\/torredonjimenoactualidad.com\/index.php\/wp-json\/wp\/v2\/comments?post=4656"}],"version-history":[{"count":1,"href":"https:\/\/torredonjimenoactualidad.com\/index.php\/wp-json\/wp\/v2\/posts\/4656\/revisions"}],"predecessor-version":[{"id":4658,"href":"https:\/\/torredonjimenoactualidad.com\/index.php\/wp-json\/wp\/v2\/posts\/4656\/revisions\/4658"}],"wp:featuredmedia":[{"embeddable":true,"href":"https:\/\/torredonjimenoactualidad.com\/index.php\/wp-json\/wp\/v2\/media\/4657"}],"wp:attachment":[{"href":"https:\/\/torredonjimenoactualidad.com\/index.php\/wp-json\/wp\/v2\/media?parent=4656"}],"wp:term":[{"taxonomy":"category","embeddable":true,"href":"https:\/\/torredonjimenoactualidad.com\/index.php\/wp-json\/wp\/v2\/categories?post=4656"},{"taxonomy":"post_tag","embeddable":true,"href":"https:\/\/torredonjimenoactualidad.com\/index.php\/wp-json\/wp\/v2\/tags?post=4656"}],"curies":[{"name":"wp","href":"https:\/\/api.w.org\/{rel}","templated":true}]}}