{"id":4653,"date":"2026-03-09T21:21:19","date_gmt":"2026-03-09T21:21:19","guid":{"rendered":"https:\/\/torredonjimenoactualidad.com\/?p=4653"},"modified":"2026-03-09T21:21:21","modified_gmt":"2026-03-09T21:21:21","slug":"el-pp-califica-de-decepcion-con-mayusculas-las-ayudas-de-la-diputacion-por-el-tren-de-borrascas","status":"publish","type":"post","link":"https:\/\/torredonjimenoactualidad.com\/index.php\/2026\/03\/09\/el-pp-califica-de-decepcion-con-mayusculas-las-ayudas-de-la-diputacion-por-el-tren-de-borrascas\/","title":{"rendered":"El PP califica de \u201cdecepci\u00f3n con may\u00fasculas\u201d las ayudas de la Diputaci\u00f3n por el tren de borrascas"},"content":{"rendered":"\n<p>El alcalde de Torredonjimeno, Enrique Castro, ha participado en el Consejo de Alcaldes y Alcaldesas celebrado en la Diputaci\u00f3n de Ja\u00e9n, una reuni\u00f3n en la que se ha analizado la propuesta de ayudas presentada por la instituci\u00f3n provincial para paliar los da\u00f1os provocados por el reciente tren de borrascas en distintos municipios jiennenses.<\/p>\n\n\n\n<p>Durante el encuentro, el Partido Popular ha mostrado su rechazo a la iniciativa anunciada por el gobierno socialista de la Diputaci\u00f3n. El presidente del Consejo de Alcaldes del PP de Ja\u00e9n, Marino Aguilera, ha calificado la propuesta como una \u201cdecepci\u00f3n con may\u00fasculas\u201d y ha asegurado que se trata de \u201cun tremendo trampantojo con el que fingir ayudar a los pueblos sin poner apenas dinero propio\u201d.<\/p>\n\n\n\n<p>Aguilera ha criticado al presidente de la Diputaci\u00f3n, Francisco Reyes, al considerar que ha presentado \u201cuna mara\u00f1a de mentiras\u201d con el objetivo de \u201chacer oposici\u00f3n a la Junta de Andaluc\u00eda\u201d. Seg\u00fan ha se\u00f1alado, el dirigente socialista \u201csolo quer\u00eda salir hoy a tratar de quedarse por encima de la Junta, pero ha hecho el rid\u00edculo\u201d.<\/p>\n\n\n\n<p>En este sentido, el PP sostiene que la Diputaci\u00f3n ha anunciado una dotaci\u00f3n inicial de 50 millones de euros, aunque asegura que \u201c33 millones no son de la propia instituci\u00f3n o le van a ser compensados\u201d, por lo que consideran que el equipo de gobierno provincial \u201cse adjudica una cantidad que en realidad no sale \u00edntegramente de sus fondos\u201d.<\/p>\n\n\n\n<p>Los populares tambi\u00e9n han cuestionado el criterio de reparto de las ayudas, ya que, seg\u00fan indican, se plantea conceder una cantidad lineal de 100.000 euros a cada municipio. Para Aguilera, esta medida supone \u201cuna aut\u00e9ntica verg\u00fcenza y una tremenda injusticia\u201d, al no tener en cuenta el alcance real de los da\u00f1os sufridos en cada localidad.<\/p>\n\n\n\n<p>Asimismo, el dirigente popular ha criticado el retraso en la puesta en marcha de estas ayudas, recordando que otras administraciones, como la Junta de Andaluc\u00eda, el Gobierno central y distintas diputaciones andaluzas, ya han activado planes de apoyo econ\u00f3mico. Seg\u00fan ha explicado, a\u00fan queda pendiente la aprobaci\u00f3n de un plan en el pr\u00f3ximo pleno de la Diputaci\u00f3n y el correspondiente periodo de exposici\u00f3n p\u00fablica, lo que podr\u00eda retrasar la llegada efectiva de las ayudas a los ayuntamientos.<\/p>\n\n\n\n<p>Por \u00faltimo, Aguilera ha se\u00f1alado al vicepresidente de la Diputaci\u00f3n y secretario general del PSOE de Ja\u00e9n, Juan Latorre, al que ha reprochado que permita lo que considera \u201cincumplimientos con la provincia\u201d, asegurando que deber\u00eda haber asumido su liderazgo para \u201cacabar con el sectarismo y la poca verg\u00fcenza pol\u00edtica con la que act\u00faa Reyes\u201d.<\/p>\n","protected":false},"excerpt":{"rendered":"<p>El alcalde de Torredonjimeno, Enrique Castro, ha participado en el Consejo de Alcaldes y Alcaldesas celebrado en la Diputaci\u00f3n de Ja\u00e9n, una reuni\u00f3n en la que se ha analizado la propuesta de ayudas presentada por la instituci\u00f3n provincial para paliar los da\u00f1os provocados por el reciente tren de borrascas en distintos municipios jiennenses. Durante el &hellip;<\/p>\n<p class=\"read-more\"> <a class=\"\" href=\"https:\/\/torredonjimenoactualidad.com\/index.php\/2026\/03\/09\/el-pp-califica-de-decepcion-con-mayusculas-las-ayudas-de-la-diputacion-por-el-tren-de-borrascas\/\"> <span class=\"screen-reader-text\">El PP califica de \u201cdecepci\u00f3n con may\u00fasculas\u201d las ayudas de la Diputaci\u00f3n por el tren de borrascas<\/span> Leer m\u00e1s &raquo;<\/a><\/p>\n","protected":false},"author":2,"featured_media":4654,"comment_status":"closed","ping_status":"open","sticky":false,"template":"","format":"standard","meta":{"site-sidebar-layout":"default","site-content-layout":"default","ast-global-header-display":"","ast-main-header-display":"","ast-hfb-above-header-display":"","ast-hfb-below-header-display":"","ast-hfb-mobile-header-display":"","site-post-title":"","ast-breadcrumbs-content":"","ast-featured-img":"","footer-sml-layout":"","theme-transparent-header-meta":"","adv-header-id-meta":"","stick-header-meta":"","header-above-stick-meta":"","header-main-stick-meta":"","header-below-stick-meta":"","footnotes":""},"categories":[8],"tags":[],"class_list":["post-4653","post","type-post","status-publish","format-standard","has-post-thumbnail","hentry","category-provincia"],"yoast_head":"<!-- This site is optimized with the Yoast SEO plugin v20.8 - https:\/\/yoast.com\/wordpress\/plugins\/seo\/ -->\n<title>El PP califica de \u201cdecepci\u00f3n con may\u00fasculas\u201d las ayudas de la Diputaci\u00f3n por el tren de borrascas - Torredonjimeno Actualidad<\/title>\n<meta name=\"robots\" content=\"index, follow, max-snippet:-1, max-image-preview:large, max-video-preview:-1\" \/>\n<link rel=\"canonical\" href=\"https:\/\/torredonjimenoactualidad.com\/index.php\/2026\/03\/09\/el-pp-califica-de-decepcion-con-mayusculas-las-ayudas-de-la-diputacion-por-el-tren-de-borrascas\/\" \/>\n<meta property=\"og:locale\" content=\"es_ES\" \/>\n<meta property=\"og:type\" content=\"article\" \/>\n<meta property=\"og:title\" content=\"El PP califica de \u201cdecepci\u00f3n con may\u00fasculas\u201d las ayudas de la Diputaci\u00f3n por el tren de borrascas - Torredonjimeno Actualidad\" \/>\n<meta property=\"og:description\" content=\"El alcalde de Torredonjimeno, Enrique Castro, ha participado en el Consejo de Alcaldes y Alcaldesas celebrado en la Diputaci\u00f3n de Ja\u00e9n, una reuni\u00f3n en la que se ha analizado la propuesta de ayudas presentada por la instituci\u00f3n provincial para paliar los da\u00f1os provocados por el reciente tren de borrascas en distintos municipios jiennenses. Durante el &hellip; El PP califica de \u201cdecepci\u00f3n con may\u00fasculas\u201d las ayudas de la Diputaci\u00f3n por el tren de borrascas Leer m\u00e1s &raquo;\" \/>\n<meta property=\"og:url\" content=\"https:\/\/torredonjimenoactualidad.com\/index.php\/2026\/03\/09\/el-pp-califica-de-decepcion-con-mayusculas-las-ayudas-de-la-diputacion-por-el-tren-de-borrascas\/\" \/>\n<meta property=\"og:site_name\" content=\"Torredonjimeno Actualidad\" \/>\n<meta property=\"article:published_time\" content=\"2026-03-09T21:21:19+00:00\" \/>\n<meta property=\"article:modified_time\" content=\"2026-03-09T21:21:21+00:00\" \/>\n<meta property=\"og:image\" content=\"https:\/\/torredonjimenoactualidad.com\/wp-content\/uploads\/2026\/03\/fotonoticia_20260309182016_1920.jpg\" \/>\n\t<meta property=\"og:image:width\" content=\"1421\" \/>\n\t<meta property=\"og:image:height\" content=\"812\" \/>\n\t<meta property=\"og:image:type\" content=\"image\/jpeg\" \/>\n<meta name=\"author\" content=\"Alba Mar\u00eda Torres\" \/>\n<meta name=\"twitter:card\" content=\"summary_large_image\" \/>\n<meta name=\"twitter:label1\" content=\"Escrito por\" \/>\n\t<meta name=\"twitter:data1\" content=\"Alba Mar\u00eda Torres\" \/>\n\t<meta name=\"twitter:label2\" content=\"Tiempo de lectura\" \/>\n\t<meta name=\"twitter:data2\" content=\"2 minutos\" \/>\n<script type=\"application\/ld+json\" class=\"yoast-schema-graph\">{\"@context\":\"https:\/\/schema.org\",\"@graph\":[{\"@type\":\"Article\",\"@id\":\"https:\/\/torredonjimenoactualidad.com\/index.php\/2026\/03\/09\/el-pp-califica-de-decepcion-con-mayusculas-las-ayudas-de-la-diputacion-por-el-tren-de-borrascas\/#article\",\"isPartOf\":{\"@id\":\"https:\/\/torredonjimenoactualidad.com\/index.php\/2026\/03\/09\/el-pp-califica-de-decepcion-con-mayusculas-las-ayudas-de-la-diputacion-por-el-tren-de-borrascas\/\"},\"author\":{\"name\":\"Alba Mar\u00eda Torres\",\"@id\":\"https:\/\/torredonjimenoactualidad.com\/#\/schema\/person\/84de5f233e783ef2c75151a532b54977\"},\"headline\":\"El PP califica de \u201cdecepci\u00f3n con may\u00fasculas\u201d las ayudas de la Diputaci\u00f3n por el tren de borrascas\",\"datePublished\":\"2026-03-09T21:21:19+00:00\",\"dateModified\":\"2026-03-09T21:21:21+00:00\",\"mainEntityOfPage\":{\"@id\":\"https:\/\/torredonjimenoactualidad.com\/index.php\/2026\/03\/09\/el-pp-califica-de-decepcion-con-mayusculas-las-ayudas-de-la-diputacion-por-el-tren-de-borrascas\/\"},\"wordCount\":476,\"publisher\":{\"@id\":\"https:\/\/torredonjimenoactualidad.com\/#organization\"},\"articleSection\":[\"provincia\"],\"inLanguage\":\"es\"},{\"@type\":\"WebPage\",\"@id\":\"https:\/\/torredonjimenoactualidad.com\/index.php\/2026\/03\/09\/el-pp-califica-de-decepcion-con-mayusculas-las-ayudas-de-la-diputacion-por-el-tren-de-borrascas\/\",\"url\":\"https:\/\/torredonjimenoactualidad.com\/index.php\/2026\/03\/09\/el-pp-califica-de-decepcion-con-mayusculas-las-ayudas-de-la-diputacion-por-el-tren-de-borrascas\/\",\"name\":\"El PP califica de \u201cdecepci\u00f3n con may\u00fasculas\u201d las ayudas de la Diputaci\u00f3n por el tren de borrascas - Torredonjimeno Actualidad\",\"isPartOf\":{\"@id\":\"https:\/\/torredonjimenoactualidad.com\/#website\"},\"datePublished\":\"2026-03-09T21:21:19+00:00\",\"dateModified\":\"2026-03-09T21:21:21+00:00\",\"breadcrumb\":{\"@id\":\"https:\/\/torredonjimenoactualidad.com\/index.php\/2026\/03\/09\/el-pp-califica-de-decepcion-con-mayusculas-las-ayudas-de-la-diputacion-por-el-tren-de-borrascas\/#breadcrumb\"},\"inLanguage\":\"es\",\"potentialAction\":[{\"@type\":\"ReadAction\",\"target\":[\"https:\/\/torredonjimenoactualidad.com\/index.php\/2026\/03\/09\/el-pp-califica-de-decepcion-con-mayusculas-las-ayudas-de-la-diputacion-por-el-tren-de-borrascas\/\"]}]},{\"@type\":\"BreadcrumbList\",\"@id\":\"https:\/\/torredonjimenoactualidad.com\/index.php\/2026\/03\/09\/el-pp-califica-de-decepcion-con-mayusculas-las-ayudas-de-la-diputacion-por-el-tren-de-borrascas\/#breadcrumb\",\"itemListElement\":[{\"@type\":\"ListItem\",\"position\":1,\"name\":\"Portada\",\"item\":\"https:\/\/torredonjimenoactualidad.com\/\"},{\"@type\":\"ListItem\",\"position\":2,\"name\":\"El PP califica de \u201cdecepci\u00f3n con may\u00fasculas\u201d las ayudas de la Diputaci\u00f3n por el tren de borrascas\"}]},{\"@type\":\"WebSite\",\"@id\":\"https:\/\/torredonjimenoactualidad.com\/#website\",\"url\":\"https:\/\/torredonjimenoactualidad.com\/\",\"name\":\"Torredonjimeno Actualidad\",\"description\":\"\",\"publisher\":{\"@id\":\"https:\/\/torredonjimenoactualidad.com\/#organization\"},\"potentialAction\":[{\"@type\":\"SearchAction\",\"target\":{\"@type\":\"EntryPoint\",\"urlTemplate\":\"https:\/\/torredonjimenoactualidad.com\/?s={search_term_string}\"},\"query-input\":\"required name=search_term_string\"}],\"inLanguage\":\"es\"},{\"@type\":\"Organization\",\"@id\":\"https:\/\/torredonjimenoactualidad.com\/#organization\",\"name\":\"Torredonjimeno Actualidad\",\"url\":\"https:\/\/torredonjimenoactualidad.com\/\",\"logo\":{\"@type\":\"ImageObject\",\"inLanguage\":\"es\",\"@id\":\"https:\/\/torredonjimenoactualidad.com\/#\/schema\/logo\/image\/\",\"url\":\"https:\/\/torredonjimenoactualidad.com\/wp-content\/uploads\/2023\/02\/logo-torredonjimeno-544x180-1.png\",\"contentUrl\":\"https:\/\/torredonjimenoactualidad.com\/wp-content\/uploads\/2023\/02\/logo-torredonjimeno-544x180-1.png\",\"width\":545,\"height\":112,\"caption\":\"Torredonjimeno Actualidad\"},\"image\":{\"@id\":\"https:\/\/torredonjimenoactualidad.com\/#\/schema\/logo\/image\/\"}},{\"@type\":\"Person\",\"@id\":\"https:\/\/torredonjimenoactualidad.com\/#\/schema\/person\/84de5f233e783ef2c75151a532b54977\",\"name\":\"Alba Mar\u00eda Torres\",\"image\":{\"@type\":\"ImageObject\",\"inLanguage\":\"es\",\"@id\":\"https:\/\/torredonjimenoactualidad.com\/#\/schema\/person\/image\/\",\"url\":\"https:\/\/secure.gravatar.com\/avatar\/f9371f188c71501b4475a9ba2a71595850ec72967f800a2ed8e3e2102859ed65?s=96&d=mm&r=g\",\"contentUrl\":\"https:\/\/secure.gravatar.com\/avatar\/f9371f188c71501b4475a9ba2a71595850ec72967f800a2ed8e3e2102859ed65?s=96&d=mm&r=g\",\"caption\":\"Alba Mar\u00eda Torres\"},\"url\":\"https:\/\/torredonjimenoactualidad.com\/index.php\/author\/alba-torres\/\"}]}<\/script>\n<!-- \/ Yoast SEO plugin. -->","yoast_head_json":{"title":"El PP califica de \u201cdecepci\u00f3n con may\u00fasculas\u201d las ayudas de la Diputaci\u00f3n por el tren de borrascas - Torredonjimeno Actualidad","robots":{"index":"index","follow":"follow","max-snippet":"max-snippet:-1","max-image-preview":"max-image-preview:large","max-video-preview":"max-video-preview:-1"},"canonical":"https:\/\/torredonjimenoactualidad.com\/index.php\/2026\/03\/09\/el-pp-califica-de-decepcion-con-mayusculas-las-ayudas-de-la-diputacion-por-el-tren-de-borrascas\/","og_locale":"es_ES","og_type":"article","og_title":"El PP califica de \u201cdecepci\u00f3n con may\u00fasculas\u201d las ayudas de la Diputaci\u00f3n por el tren de borrascas - Torredonjimeno Actualidad","og_description":"El alcalde de Torredonjimeno, Enrique Castro, ha participado en el Consejo de Alcaldes y Alcaldesas celebrado en la Diputaci\u00f3n de Ja\u00e9n, una reuni\u00f3n en la que se ha analizado la propuesta de ayudas presentada por la instituci\u00f3n provincial para paliar los da\u00f1os provocados por el reciente tren de borrascas en distintos municipios jiennenses. Durante el &hellip; El PP califica de \u201cdecepci\u00f3n con may\u00fasculas\u201d las ayudas de la Diputaci\u00f3n por el tren de borrascas Leer m\u00e1s &raquo;","og_url":"https:\/\/torredonjimenoactualidad.com\/index.php\/2026\/03\/09\/el-pp-califica-de-decepcion-con-mayusculas-las-ayudas-de-la-diputacion-por-el-tren-de-borrascas\/","og_site_name":"Torredonjimeno Actualidad","article_published_time":"2026-03-09T21:21:19+00:00","article_modified_time":"2026-03-09T21:21:21+00:00","og_image":[{"width":1421,"height":812,"url":"https:\/\/torredonjimenoactualidad.com\/wp-content\/uploads\/2026\/03\/fotonoticia_20260309182016_1920.jpg","type":"image\/jpeg"}],"author":"Alba Mar\u00eda Torres","twitter_card":"summary_large_image","twitter_misc":{"Escrito por":"Alba Mar\u00eda Torres","Tiempo de lectura":"2 minutos"},"schema":{"@context":"https:\/\/schema.org","@graph":[{"@type":"Article","@id":"https:\/\/torredonjimenoactualidad.com\/index.php\/2026\/03\/09\/el-pp-califica-de-decepcion-con-mayusculas-las-ayudas-de-la-diputacion-por-el-tren-de-borrascas\/#article","isPartOf":{"@id":"https:\/\/torredonjimenoactualidad.com\/index.php\/2026\/03\/09\/el-pp-califica-de-decepcion-con-mayusculas-las-ayudas-de-la-diputacion-por-el-tren-de-borrascas\/"},"author":{"name":"Alba Mar\u00eda Torres","@id":"https:\/\/torredonjimenoactualidad.com\/#\/schema\/person\/84de5f233e783ef2c75151a532b54977"},"headline":"El PP califica de \u201cdecepci\u00f3n con may\u00fasculas\u201d las ayudas de la Diputaci\u00f3n por el tren de borrascas","datePublished":"2026-03-09T21:21:19+00:00","dateModified":"2026-03-09T21:21:21+00:00","mainEntityOfPage":{"@id":"https:\/\/torredonjimenoactualidad.com\/index.php\/2026\/03\/09\/el-pp-califica-de-decepcion-con-mayusculas-las-ayudas-de-la-diputacion-por-el-tren-de-borrascas\/"},"wordCount":476,"publisher":{"@id":"https:\/\/torredonjimenoactualidad.com\/#organization"},"articleSection":["provincia"],"inLanguage":"es"},{"@type":"WebPage","@id":"https:\/\/torredonjimenoactualidad.com\/index.php\/2026\/03\/09\/el-pp-califica-de-decepcion-con-mayusculas-las-ayudas-de-la-diputacion-por-el-tren-de-borrascas\/","url":"https:\/\/torredonjimenoactualidad.com\/index.php\/2026\/03\/09\/el-pp-califica-de-decepcion-con-mayusculas-las-ayudas-de-la-diputacion-por-el-tren-de-borrascas\/","name":"El PP califica de \u201cdecepci\u00f3n con may\u00fasculas\u201d las ayudas de la Diputaci\u00f3n por el tren de borrascas - Torredonjimeno Actualidad","isPartOf":{"@id":"https:\/\/torredonjimenoactualidad.com\/#website"},"datePublished":"2026-03-09T21:21:19+00:00","dateModified":"2026-03-09T21:21:21+00:00","breadcrumb":{"@id":"https:\/\/torredonjimenoactualidad.com\/index.php\/2026\/03\/09\/el-pp-califica-de-decepcion-con-mayusculas-las-ayudas-de-la-diputacion-por-el-tren-de-borrascas\/#breadcrumb"},"inLanguage":"es","potentialAction":[{"@type":"ReadAction","target":["https:\/\/torredonjimenoactualidad.com\/index.php\/2026\/03\/09\/el-pp-califica-de-decepcion-con-mayusculas-las-ayudas-de-la-diputacion-por-el-tren-de-borrascas\/"]}]},{"@type":"BreadcrumbList","@id":"https:\/\/torredonjimenoactualidad.com\/index.php\/2026\/03\/09\/el-pp-califica-de-decepcion-con-mayusculas-las-ayudas-de-la-diputacion-por-el-tren-de-borrascas\/#breadcrumb","itemListElement":[{"@type":"ListItem","position":1,"name":"Portada","item":"https:\/\/torredonjimenoactualidad.com\/"},{"@type":"ListItem","position":2,"name":"El PP califica de \u201cdecepci\u00f3n con may\u00fasculas\u201d las ayudas de la Diputaci\u00f3n por el tren de borrascas"}]},{"@type":"WebSite","@id":"https:\/\/torredonjimenoactualidad.com\/#website","url":"https:\/\/torredonjimenoactualidad.com\/","name":"Torredonjimeno Actualidad","description":"","publisher":{"@id":"https:\/\/torredonjimenoactualidad.com\/#organization"},"potentialAction":[{"@type":"SearchAction","target":{"@type":"EntryPoint","urlTemplate":"https:\/\/torredonjimenoactualidad.com\/?s={search_term_string}"},"query-input":"required name=search_term_string"}],"inLanguage":"es"},{"@type":"Organization","@id":"https:\/\/torredonjimenoactualidad.com\/#organization","name":"Torredonjimeno Actualidad","url":"https:\/\/torredonjimenoactualidad.com\/","logo":{"@type":"ImageObject","inLanguage":"es","@id":"https:\/\/torredonjimenoactualidad.com\/#\/schema\/logo\/image\/","url":"https:\/\/torredonjimenoactualidad.com\/wp-content\/uploads\/2023\/02\/logo-torredonjimeno-544x180-1.png","contentUrl":"https:\/\/torredonjimenoactualidad.com\/wp-content\/uploads\/2023\/02\/logo-torredonjimeno-544x180-1.png","width":545,"height":112,"caption":"Torredonjimeno Actualidad"},"image":{"@id":"https:\/\/torredonjimenoactualidad.com\/#\/schema\/logo\/image\/"}},{"@type":"Person","@id":"https:\/\/torredonjimenoactualidad.com\/#\/schema\/person\/84de5f233e783ef2c75151a532b54977","name":"Alba Mar\u00eda Torres","image":{"@type":"ImageObject","inLanguage":"es","@id":"https:\/\/torredonjimenoactualidad.com\/#\/schema\/person\/image\/","url":"https:\/\/secure.gravatar.com\/avatar\/f9371f188c71501b4475a9ba2a71595850ec72967f800a2ed8e3e2102859ed65?s=96&d=mm&r=g","contentUrl":"https:\/\/secure.gravatar.com\/avatar\/f9371f188c71501b4475a9ba2a71595850ec72967f800a2ed8e3e2102859ed65?s=96&d=mm&r=g","caption":"Alba Mar\u00eda Torres"},"url":"https:\/\/torredonjimenoactualidad.com\/index.php\/author\/alba-torres\/"}]}},"_links":{"self":[{"href":"https:\/\/torredonjimenoactualidad.com\/index.php\/wp-json\/wp\/v2\/posts\/4653","targetHints":{"allow":["GET"]}}],"collection":[{"href":"https:\/\/torredonjimenoactualidad.com\/index.php\/wp-json\/wp\/v2\/posts"}],"about":[{"href":"https:\/\/torredonjimenoactualidad.com\/index.php\/wp-json\/wp\/v2\/types\/post"}],"author":[{"embeddable":true,"href":"https:\/\/torredonjimenoactualidad.com\/index.php\/wp-json\/wp\/v2\/users\/2"}],"replies":[{"embeddable":true,"href":"https:\/\/torredonjimenoactualidad.com\/index.php\/wp-json\/wp\/v2\/comments?post=4653"}],"version-history":[{"count":1,"href":"https:\/\/torredonjimenoactualidad.com\/index.php\/wp-json\/wp\/v2\/posts\/4653\/revisions"}],"predecessor-version":[{"id":4655,"href":"https:\/\/torredonjimenoactualidad.com\/index.php\/wp-json\/wp\/v2\/posts\/4653\/revisions\/4655"}],"wp:featuredmedia":[{"embeddable":true,"href":"https:\/\/torredonjimenoactualidad.com\/index.php\/wp-json\/wp\/v2\/media\/4654"}],"wp:attachment":[{"href":"https:\/\/torredonjimenoactualidad.com\/index.php\/wp-json\/wp\/v2\/media?parent=4653"}],"wp:term":[{"taxonomy":"category","embeddable":true,"href":"https:\/\/torredonjimenoactualidad.com\/index.php\/wp-json\/wp\/v2\/categories?post=4653"},{"taxonomy":"post_tag","embeddable":true,"href":"https:\/\/torredonjimenoactualidad.com\/index.php\/wp-json\/wp\/v2\/tags?post=4653"}],"curies":[{"name":"wp","href":"https:\/\/api.w.org\/{rel}","templated":true}]}}