{"id":4650,"date":"2026-03-09T14:47:26","date_gmt":"2026-03-09T14:47:26","guid":{"rendered":"https:\/\/torredonjimenoactualidad.com\/?p=4650"},"modified":"2026-03-09T14:47:28","modified_gmt":"2026-03-09T14:47:28","slug":"la-diputacion-impulsa-un-plan-de-choque-de-50-millones-para-paliar-los-danos-causados-por-el-temporal","status":"publish","type":"post","link":"https:\/\/torredonjimenoactualidad.com\/index.php\/2026\/03\/09\/la-diputacion-impulsa-un-plan-de-choque-de-50-millones-para-paliar-los-danos-causados-por-el-temporal\/","title":{"rendered":"La Diputaci\u00f3n impulsa un plan de choque de 50 millones para paliar los da\u00f1os causados por el temporal"},"content":{"rendered":"\n<p>La Diputaci\u00f3n de Ja\u00e9n destinar\u00e1 50 millones de euros a un Plan de Choque por el Temporal con el objetivo de contribuir a paliar los da\u00f1os ocasionados en la provincia por el tren de borrascas de los pasados enero y febrero.<\/p>\n\n\n\n<p>As\u00ed lo ha anunciado su presidente, Francisco Reyes, en el marco del Consejo de Alcaldes y Alcaldesas celebrado este lunes, donde ha destacado el esfuerzo \u00absuperlativo\u00bb que implica en proporci\u00f3n a los presupuestos de la Administraci\u00f3n provincial.<\/p>\n\n\n\n<p>En este sentido, ha asegurado que \u00absupone un esfuerzo muy importante para ayudar a mejorar las infraestructuras y los equipamientos que se han visto da\u00f1ados en la provincia en l\u00ednea con la colaboraci\u00f3n\u00bb que mantiene con los ayuntamientos jiennenses.<\/p>\n\n\n\n<p>\u00abCumplimos el compromiso que adquirimos con los municipios, con los alcaldes y con las alcaldesas y con los vecinos y vecinas, sum\u00e1ndonos a ese gran esfuerzo que ha hecho el Gobierno de Espa\u00f1a de 7.000 millones de euros, de los cuales 2.000 son espec\u00edficamente para los ayuntamientos, mientras que el Gobierno de Andaluc\u00eda destina 35 millones de euros para m\u00e1s de 770 municipios andaluces, a pesar de contar un presupuesto de m\u00e1s de 51.000 millones de euros\u00bb, ha dicho Reyes.<\/p>\n\n\n\n<p>De los 50 millones que contempla el Plan de Choque por el Temporal de la Diputaci\u00f3n, 30 millones se destinar\u00e1n a adecuar carreteras y v\u00edas de inter\u00e9s agrario de la red de la Administraci\u00f3n provincial que se han visto da\u00f1adas, as\u00ed como a infraestructuras hidr\u00e1ulicas afectadas y v\u00edas verdes que gestiona, adem\u00e1s de a edificios de su titularidad.<\/p>\n\n\n\n<h2 class=\"wp-block-heading\">AYUDAS A LOS AYUNTAMIENTOS<\/h2>\n\n\n\n<p>Los 20 millones restantes se destinar\u00e1n directamente a los ayuntamientos de la provincia. Dentro de esta partida, la Diputaci\u00f3n dedicar\u00e1 diez millones a un plan provincial de ayudas para que los 97 ayuntamientos y entidades locales aut\u00f3nomas puedan sufragar tanto la reparaci\u00f3n de da\u00f1os en infraestructuras municipales y servicios p\u00fablicos, como cofinanciar las ayudas que reciban del Gobierno de Espa\u00f1a en esta materia.<\/p>\n\n\n\n<p>Con este plan provincial, los consistorios y las entidades locales eut\u00f3nomas recibir\u00e1n 100.000 euros de ayuda, una cifra que ser\u00e1 de 25.000 euros para las ELAS que no tengan competencia en materia de caminos rurales.<\/p>\n\n\n\n<p>\u00abSolo con este nuevo plan provincial de ayudas de diez millones de euros, la Diputaci\u00f3n va a destinar m\u00e1s de 16 euros por jiennense para paliar los da\u00f1os por el temporal. Una cantidad muy superior y que cuadruplica a los poco m\u00e1s de cuatro euros que va a destinar por andaluz la Junta con los 35 millones de su decreto de ayudas a los gobiernos locales\u00bb, ha subrayado Reyes.<\/p>\n\n\n\n<p>Tambi\u00e9n, dentro de esos 20 millones de euros del plan de choque dirigidos a los consistorios, cuatro millones corresponder\u00e1n a un plan para dinamizar a municipios menores de 5.000 habitantes que no sean beneficiarios de los fondos EDIL.<\/p>\n\n\n\n<p>Adem\u00e1s. se impulsar\u00e1 un nuevo Plan Especial de Empleo, dotado con otros tres millones de euros, para favorecer la generaci\u00f3n de jornales en los municipios jiennenses, \u00abya que las inclemencias meteorol\u00f3gicas han afectado a la cosecha de aceituna y, por tanto, ha habido menos jornales de los esperados\u00bb.<\/p>\n\n\n\n<p>A todo ello se sumar\u00e1n la devoluci\u00f3n a los consistorios de tres millones de euros del premio de cobranza de recaudaci\u00f3n. \u00abVamos a adelantar la devoluci\u00f3n de este premio de cobranza, que ten\u00edamos previsto dejarlo para m\u00e1s adelante, con el objetivo de que los ayuntamientos tengan m\u00e1s liquidez ante la situaci\u00f3n en la que nos encontramos\u00bb, ha apuntado.<\/p>\n\n\n\n<p>El presidente de la Diputaci\u00f3n ha afirmado que el Plan de Choque por el temporal se pondr\u00e1 en marcha \u00abde forma inmediata\u00bb para que los ayuntamientos puedan disponer de estos fondos \u00aben un mes y medio o dos meses\u00bb. Ha a\u00f1adido, adem\u00e1s, que los consistorios podr\u00e1n financiar con la partida que les corresponda los gastos derivados de la reparaci\u00f3n de los da\u00f1os ocasionados desde el inicio del tren de borrascas.<\/p>\n\n\n\n<p>En este Consejo de Alcaldes y Alcaldesas tambi\u00e9n se ha recordado la asistencia t\u00e9cnica que est\u00e1 prestando la Administraci\u00f3n provincial a los ayuntamientos para la elaboraci\u00f3n de memorias de cara a solicitar las ayudas impulsadas por el Gobierno central y la Junta de Andaluc\u00eda ante los temporales.<\/p>\n\n\n\n<h2 class=\"wp-block-heading\">EMPLEO INTENSIVO<\/h2>\n\n\n\n<p>Igualmente, se ha informado de la ejecuci\u00f3n de los fondos europeos en la provincia y de la convocatoria de generaci\u00f3n de empleo intensivo, dotada con tres millones de euros que ha vuelto a poner en marcha la Diputaci\u00f3n.<\/p>\n\n\n\n<p>La convocatoria de estas ayudas, dirigidas especialmente a la implantaci\u00f3n de empresas del sector industrial en la provincia que generen 15 o m\u00e1s puestos de trabajo, se ha impulsado de nuevo por la Administraci\u00f3n provincial \u00abante esa discriminaci\u00f3n negativa por parte del Gobierno de Juan Manuel Moreno Bonilla\u00bb.<\/p>\n\n\n\n<p>\u00abHa convocado ayudas concretas a empresas que se instalen en C\u00f3rdoba, en torno al Colce, a empresas que se instalen en Sevilla, en torno al sector aeron\u00e1utico, o a las empresas que se instalen en C\u00e1diz o en Huelva, pero no para aquellas que se instalen en Ja\u00e9n en torno al Cetedzex\u00bb, ha explicado Reyes.<\/p>\n\n\n\n<h2 class=\"wp-block-heading\">SERVICIOS SOCIALES COMUNITARIOS<\/h2>\n\n\n\n<p>Otros de los puntos de este consejo se ha centrado en abordar la situaci\u00f3n de los servicios sociales comunitarios y la atenci\u00f3n a la dependencia \u00abque vive una situaci\u00f3n cr\u00edtica por la lista de espera\u00bb que se vive la provincia de Ja\u00e9n.<\/p>\n\n\n\n<p>Una situaci\u00f3n que est\u00e1 ocasionado \u00abindefensi\u00f3n\u00bb en los profesionales de los servicios sociales comunitarios en la provincia, ya que los usuarios y usuarias van a pedirles explicaciones sobre la resoluci\u00f3n de su expediente, cuando quien tiene la competencia de resolver es el Gobierno de Andaluc\u00eda\u00bb.<\/p>\n\n\n\n<p>Por \u00faltimo, como se acord\u00f3 en la junta asesora de este consejo, se ha aprobado la inclusi\u00f3n como punto de urgencia el instar a la Junta de Andaluc\u00eda a que no excluya en su decreto de ayudas para paliar los da\u00f1os de los temporales a los municipios que no tengan plan de emergencias local &#8211;algo que afecta a casi 60 localidades jiennenses&#8211; e incluir como da\u00f1os subvencionables los sufridos en los caminos rurales.<\/p>\n","protected":false},"excerpt":{"rendered":"<p>La Diputaci\u00f3n de Ja\u00e9n destinar\u00e1 50 millones de euros a un Plan de Choque por el Temporal con el objetivo de contribuir a paliar los da\u00f1os ocasionados en la provincia por el tren de borrascas de los pasados enero y febrero. As\u00ed lo ha anunciado su presidente, Francisco Reyes, en el marco del Consejo de &hellip;<\/p>\n<p class=\"read-more\"> <a class=\"\" href=\"https:\/\/torredonjimenoactualidad.com\/index.php\/2026\/03\/09\/la-diputacion-impulsa-un-plan-de-choque-de-50-millones-para-paliar-los-danos-causados-por-el-temporal\/\"> <span class=\"screen-reader-text\">La Diputaci\u00f3n impulsa un plan de choque de 50 millones para paliar los da\u00f1os causados por el temporal<\/span> Leer m\u00e1s &raquo;<\/a><\/p>\n","protected":false},"author":3,"featured_media":4651,"comment_status":"closed","ping_status":"open","sticky":false,"template":"","format":"standard","meta":{"site-sidebar-layout":"default","site-content-layout":"default","ast-global-header-display":"","ast-main-header-display":"","ast-hfb-above-header-display":"","ast-hfb-below-header-display":"","ast-hfb-mobile-header-display":"","site-post-title":"","ast-breadcrumbs-content":"","ast-featured-img":"","footer-sml-layout":"","theme-transparent-header-meta":"","adv-header-id-meta":"","stick-header-meta":"","header-above-stick-meta":"","header-main-stick-meta":"","header-below-stick-meta":"","footnotes":""},"categories":[8],"tags":[],"class_list":["post-4650","post","type-post","status-publish","format-standard","has-post-thumbnail","hentry","category-provincia"],"yoast_head":"<!-- This site is optimized with the Yoast SEO plugin v20.8 - https:\/\/yoast.com\/wordpress\/plugins\/seo\/ -->\n<title>La Diputaci\u00f3n impulsa un plan de choque de 50 millones para paliar los da\u00f1os causados por el temporal - Torredonjimeno Actualidad<\/title>\n<meta name=\"robots\" content=\"index, follow, max-snippet:-1, max-image-preview:large, max-video-preview:-1\" \/>\n<link rel=\"canonical\" href=\"https:\/\/torredonjimenoactualidad.com\/index.php\/2026\/03\/09\/la-diputacion-impulsa-un-plan-de-choque-de-50-millones-para-paliar-los-danos-causados-por-el-temporal\/\" \/>\n<meta property=\"og:locale\" content=\"es_ES\" \/>\n<meta property=\"og:type\" content=\"article\" \/>\n<meta property=\"og:title\" content=\"La Diputaci\u00f3n impulsa un plan de choque de 50 millones para paliar los da\u00f1os causados por el temporal - Torredonjimeno Actualidad\" \/>\n<meta property=\"og:description\" content=\"La Diputaci\u00f3n de Ja\u00e9n destinar\u00e1 50 millones de euros a un Plan de Choque por el Temporal con el objetivo de contribuir a paliar los da\u00f1os ocasionados en la provincia por el tren de borrascas de los pasados enero y febrero. As\u00ed lo ha anunciado su presidente, Francisco Reyes, en el marco del Consejo de &hellip; La Diputaci\u00f3n impulsa un plan de choque de 50 millones para paliar los da\u00f1os causados por el temporal Leer m\u00e1s &raquo;\" \/>\n<meta property=\"og:url\" content=\"https:\/\/torredonjimenoactualidad.com\/index.php\/2026\/03\/09\/la-diputacion-impulsa-un-plan-de-choque-de-50-millones-para-paliar-los-danos-causados-por-el-temporal\/\" \/>\n<meta property=\"og:site_name\" content=\"Torredonjimeno Actualidad\" \/>\n<meta property=\"article:published_time\" content=\"2026-03-09T14:47:26+00:00\" \/>\n<meta property=\"article:modified_time\" content=\"2026-03-09T14:47:28+00:00\" \/>\n<meta property=\"og:image\" content=\"https:\/\/torredonjimenoactualidad.com\/wp-content\/uploads\/2026\/03\/fotonoticia_20260309145226_1920.jpg\" \/>\n\t<meta property=\"og:image:width\" content=\"1920\" \/>\n\t<meta property=\"og:image:height\" content=\"1080\" \/>\n\t<meta property=\"og:image:type\" content=\"image\/jpeg\" \/>\n<meta name=\"author\" content=\"Redaccion\" \/>\n<meta name=\"twitter:card\" content=\"summary_large_image\" \/>\n<meta name=\"twitter:label1\" content=\"Escrito por\" \/>\n\t<meta name=\"twitter:data1\" content=\"Redaccion\" \/>\n\t<meta name=\"twitter:label2\" content=\"Tiempo de lectura\" \/>\n\t<meta name=\"twitter:data2\" content=\"5 minutos\" \/>\n<script type=\"application\/ld+json\" class=\"yoast-schema-graph\">{\"@context\":\"https:\/\/schema.org\",\"@graph\":[{\"@type\":\"Article\",\"@id\":\"https:\/\/torredonjimenoactualidad.com\/index.php\/2026\/03\/09\/la-diputacion-impulsa-un-plan-de-choque-de-50-millones-para-paliar-los-danos-causados-por-el-temporal\/#article\",\"isPartOf\":{\"@id\":\"https:\/\/torredonjimenoactualidad.com\/index.php\/2026\/03\/09\/la-diputacion-impulsa-un-plan-de-choque-de-50-millones-para-paliar-los-danos-causados-por-el-temporal\/\"},\"author\":{\"name\":\"Redaccion\",\"@id\":\"https:\/\/torredonjimenoactualidad.com\/#\/schema\/person\/11f05803cdf40dbeb7f4fbf2365c9ac5\"},\"headline\":\"La Diputaci\u00f3n impulsa un plan de choque de 50 millones para paliar los da\u00f1os causados por el temporal\",\"datePublished\":\"2026-03-09T14:47:26+00:00\",\"dateModified\":\"2026-03-09T14:47:28+00:00\",\"mainEntityOfPage\":{\"@id\":\"https:\/\/torredonjimenoactualidad.com\/index.php\/2026\/03\/09\/la-diputacion-impulsa-un-plan-de-choque-de-50-millones-para-paliar-los-danos-causados-por-el-temporal\/\"},\"wordCount\":1078,\"publisher\":{\"@id\":\"https:\/\/torredonjimenoactualidad.com\/#organization\"},\"articleSection\":[\"provincia\"],\"inLanguage\":\"es\"},{\"@type\":\"WebPage\",\"@id\":\"https:\/\/torredonjimenoactualidad.com\/index.php\/2026\/03\/09\/la-diputacion-impulsa-un-plan-de-choque-de-50-millones-para-paliar-los-danos-causados-por-el-temporal\/\",\"url\":\"https:\/\/torredonjimenoactualidad.com\/index.php\/2026\/03\/09\/la-diputacion-impulsa-un-plan-de-choque-de-50-millones-para-paliar-los-danos-causados-por-el-temporal\/\",\"name\":\"La Diputaci\u00f3n impulsa un plan de choque de 50 millones para paliar los da\u00f1os causados por el temporal - Torredonjimeno Actualidad\",\"isPartOf\":{\"@id\":\"https:\/\/torredonjimenoactualidad.com\/#website\"},\"datePublished\":\"2026-03-09T14:47:26+00:00\",\"dateModified\":\"2026-03-09T14:47:28+00:00\",\"breadcrumb\":{\"@id\":\"https:\/\/torredonjimenoactualidad.com\/index.php\/2026\/03\/09\/la-diputacion-impulsa-un-plan-de-choque-de-50-millones-para-paliar-los-danos-causados-por-el-temporal\/#breadcrumb\"},\"inLanguage\":\"es\",\"potentialAction\":[{\"@type\":\"ReadAction\",\"target\":[\"https:\/\/torredonjimenoactualidad.com\/index.php\/2026\/03\/09\/la-diputacion-impulsa-un-plan-de-choque-de-50-millones-para-paliar-los-danos-causados-por-el-temporal\/\"]}]},{\"@type\":\"BreadcrumbList\",\"@id\":\"https:\/\/torredonjimenoactualidad.com\/index.php\/2026\/03\/09\/la-diputacion-impulsa-un-plan-de-choque-de-50-millones-para-paliar-los-danos-causados-por-el-temporal\/#breadcrumb\",\"itemListElement\":[{\"@type\":\"ListItem\",\"position\":1,\"name\":\"Portada\",\"item\":\"https:\/\/torredonjimenoactualidad.com\/\"},{\"@type\":\"ListItem\",\"position\":2,\"name\":\"La Diputaci\u00f3n impulsa un plan de choque de 50 millones para paliar los da\u00f1os causados por el temporal\"}]},{\"@type\":\"WebSite\",\"@id\":\"https:\/\/torredonjimenoactualidad.com\/#website\",\"url\":\"https:\/\/torredonjimenoactualidad.com\/\",\"name\":\"Torredonjimeno Actualidad\",\"description\":\"\",\"publisher\":{\"@id\":\"https:\/\/torredonjimenoactualidad.com\/#organization\"},\"potentialAction\":[{\"@type\":\"SearchAction\",\"target\":{\"@type\":\"EntryPoint\",\"urlTemplate\":\"https:\/\/torredonjimenoactualidad.com\/?s={search_term_string}\"},\"query-input\":\"required name=search_term_string\"}],\"inLanguage\":\"es\"},{\"@type\":\"Organization\",\"@id\":\"https:\/\/torredonjimenoactualidad.com\/#organization\",\"name\":\"Torredonjimeno Actualidad\",\"url\":\"https:\/\/torredonjimenoactualidad.com\/\",\"logo\":{\"@type\":\"ImageObject\",\"inLanguage\":\"es\",\"@id\":\"https:\/\/torredonjimenoactualidad.com\/#\/schema\/logo\/image\/\",\"url\":\"https:\/\/torredonjimenoactualidad.com\/wp-content\/uploads\/2023\/02\/logo-torredonjimeno-544x180-1.png\",\"contentUrl\":\"https:\/\/torredonjimenoactualidad.com\/wp-content\/uploads\/2023\/02\/logo-torredonjimeno-544x180-1.png\",\"width\":545,\"height\":112,\"caption\":\"Torredonjimeno Actualidad\"},\"image\":{\"@id\":\"https:\/\/torredonjimenoactualidad.com\/#\/schema\/logo\/image\/\"}},{\"@type\":\"Person\",\"@id\":\"https:\/\/torredonjimenoactualidad.com\/#\/schema\/person\/11f05803cdf40dbeb7f4fbf2365c9ac5\",\"name\":\"Redaccion\",\"image\":{\"@type\":\"ImageObject\",\"inLanguage\":\"es\",\"@id\":\"https:\/\/torredonjimenoactualidad.com\/#\/schema\/person\/image\/\",\"url\":\"https:\/\/secure.gravatar.com\/avatar\/5917bab7eff43e17746fd29b509939469470810b6b989b7cc2f89e3188399bf3?s=96&d=mm&r=g\",\"contentUrl\":\"https:\/\/secure.gravatar.com\/avatar\/5917bab7eff43e17746fd29b509939469470810b6b989b7cc2f89e3188399bf3?s=96&d=mm&r=g\",\"caption\":\"Redaccion\"},\"url\":\"https:\/\/torredonjimenoactualidad.com\/index.php\/author\/jose-bueno\/\"}]}<\/script>\n<!-- \/ Yoast SEO plugin. -->","yoast_head_json":{"title":"La Diputaci\u00f3n impulsa un plan de choque de 50 millones para paliar los da\u00f1os causados por el temporal - Torredonjimeno Actualidad","robots":{"index":"index","follow":"follow","max-snippet":"max-snippet:-1","max-image-preview":"max-image-preview:large","max-video-preview":"max-video-preview:-1"},"canonical":"https:\/\/torredonjimenoactualidad.com\/index.php\/2026\/03\/09\/la-diputacion-impulsa-un-plan-de-choque-de-50-millones-para-paliar-los-danos-causados-por-el-temporal\/","og_locale":"es_ES","og_type":"article","og_title":"La Diputaci\u00f3n impulsa un plan de choque de 50 millones para paliar los da\u00f1os causados por el temporal - Torredonjimeno Actualidad","og_description":"La Diputaci\u00f3n de Ja\u00e9n destinar\u00e1 50 millones de euros a un Plan de Choque por el Temporal con el objetivo de contribuir a paliar los da\u00f1os ocasionados en la provincia por el tren de borrascas de los pasados enero y febrero. As\u00ed lo ha anunciado su presidente, Francisco Reyes, en el marco del Consejo de &hellip; La Diputaci\u00f3n impulsa un plan de choque de 50 millones para paliar los da\u00f1os causados por el temporal Leer m\u00e1s &raquo;","og_url":"https:\/\/torredonjimenoactualidad.com\/index.php\/2026\/03\/09\/la-diputacion-impulsa-un-plan-de-choque-de-50-millones-para-paliar-los-danos-causados-por-el-temporal\/","og_site_name":"Torredonjimeno Actualidad","article_published_time":"2026-03-09T14:47:26+00:00","article_modified_time":"2026-03-09T14:47:28+00:00","og_image":[{"width":1920,"height":1080,"url":"https:\/\/torredonjimenoactualidad.com\/wp-content\/uploads\/2026\/03\/fotonoticia_20260309145226_1920.jpg","type":"image\/jpeg"}],"author":"Redaccion","twitter_card":"summary_large_image","twitter_misc":{"Escrito por":"Redaccion","Tiempo de lectura":"5 minutos"},"schema":{"@context":"https:\/\/schema.org","@graph":[{"@type":"Article","@id":"https:\/\/torredonjimenoactualidad.com\/index.php\/2026\/03\/09\/la-diputacion-impulsa-un-plan-de-choque-de-50-millones-para-paliar-los-danos-causados-por-el-temporal\/#article","isPartOf":{"@id":"https:\/\/torredonjimenoactualidad.com\/index.php\/2026\/03\/09\/la-diputacion-impulsa-un-plan-de-choque-de-50-millones-para-paliar-los-danos-causados-por-el-temporal\/"},"author":{"name":"Redaccion","@id":"https:\/\/torredonjimenoactualidad.com\/#\/schema\/person\/11f05803cdf40dbeb7f4fbf2365c9ac5"},"headline":"La Diputaci\u00f3n impulsa un plan de choque de 50 millones para paliar los da\u00f1os causados por el temporal","datePublished":"2026-03-09T14:47:26+00:00","dateModified":"2026-03-09T14:47:28+00:00","mainEntityOfPage":{"@id":"https:\/\/torredonjimenoactualidad.com\/index.php\/2026\/03\/09\/la-diputacion-impulsa-un-plan-de-choque-de-50-millones-para-paliar-los-danos-causados-por-el-temporal\/"},"wordCount":1078,"publisher":{"@id":"https:\/\/torredonjimenoactualidad.com\/#organization"},"articleSection":["provincia"],"inLanguage":"es"},{"@type":"WebPage","@id":"https:\/\/torredonjimenoactualidad.com\/index.php\/2026\/03\/09\/la-diputacion-impulsa-un-plan-de-choque-de-50-millones-para-paliar-los-danos-causados-por-el-temporal\/","url":"https:\/\/torredonjimenoactualidad.com\/index.php\/2026\/03\/09\/la-diputacion-impulsa-un-plan-de-choque-de-50-millones-para-paliar-los-danos-causados-por-el-temporal\/","name":"La Diputaci\u00f3n impulsa un plan de choque de 50 millones para paliar los da\u00f1os causados por el temporal - Torredonjimeno Actualidad","isPartOf":{"@id":"https:\/\/torredonjimenoactualidad.com\/#website"},"datePublished":"2026-03-09T14:47:26+00:00","dateModified":"2026-03-09T14:47:28+00:00","breadcrumb":{"@id":"https:\/\/torredonjimenoactualidad.com\/index.php\/2026\/03\/09\/la-diputacion-impulsa-un-plan-de-choque-de-50-millones-para-paliar-los-danos-causados-por-el-temporal\/#breadcrumb"},"inLanguage":"es","potentialAction":[{"@type":"ReadAction","target":["https:\/\/torredonjimenoactualidad.com\/index.php\/2026\/03\/09\/la-diputacion-impulsa-un-plan-de-choque-de-50-millones-para-paliar-los-danos-causados-por-el-temporal\/"]}]},{"@type":"BreadcrumbList","@id":"https:\/\/torredonjimenoactualidad.com\/index.php\/2026\/03\/09\/la-diputacion-impulsa-un-plan-de-choque-de-50-millones-para-paliar-los-danos-causados-por-el-temporal\/#breadcrumb","itemListElement":[{"@type":"ListItem","position":1,"name":"Portada","item":"https:\/\/torredonjimenoactualidad.com\/"},{"@type":"ListItem","position":2,"name":"La Diputaci\u00f3n impulsa un plan de choque de 50 millones para paliar los da\u00f1os causados por el temporal"}]},{"@type":"WebSite","@id":"https:\/\/torredonjimenoactualidad.com\/#website","url":"https:\/\/torredonjimenoactualidad.com\/","name":"Torredonjimeno Actualidad","description":"","publisher":{"@id":"https:\/\/torredonjimenoactualidad.com\/#organization"},"potentialAction":[{"@type":"SearchAction","target":{"@type":"EntryPoint","urlTemplate":"https:\/\/torredonjimenoactualidad.com\/?s={search_term_string}"},"query-input":"required name=search_term_string"}],"inLanguage":"es"},{"@type":"Organization","@id":"https:\/\/torredonjimenoactualidad.com\/#organization","name":"Torredonjimeno Actualidad","url":"https:\/\/torredonjimenoactualidad.com\/","logo":{"@type":"ImageObject","inLanguage":"es","@id":"https:\/\/torredonjimenoactualidad.com\/#\/schema\/logo\/image\/","url":"https:\/\/torredonjimenoactualidad.com\/wp-content\/uploads\/2023\/02\/logo-torredonjimeno-544x180-1.png","contentUrl":"https:\/\/torredonjimenoactualidad.com\/wp-content\/uploads\/2023\/02\/logo-torredonjimeno-544x180-1.png","width":545,"height":112,"caption":"Torredonjimeno Actualidad"},"image":{"@id":"https:\/\/torredonjimenoactualidad.com\/#\/schema\/logo\/image\/"}},{"@type":"Person","@id":"https:\/\/torredonjimenoactualidad.com\/#\/schema\/person\/11f05803cdf40dbeb7f4fbf2365c9ac5","name":"Redaccion","image":{"@type":"ImageObject","inLanguage":"es","@id":"https:\/\/torredonjimenoactualidad.com\/#\/schema\/person\/image\/","url":"https:\/\/secure.gravatar.com\/avatar\/5917bab7eff43e17746fd29b509939469470810b6b989b7cc2f89e3188399bf3?s=96&d=mm&r=g","contentUrl":"https:\/\/secure.gravatar.com\/avatar\/5917bab7eff43e17746fd29b509939469470810b6b989b7cc2f89e3188399bf3?s=96&d=mm&r=g","caption":"Redaccion"},"url":"https:\/\/torredonjimenoactualidad.com\/index.php\/author\/jose-bueno\/"}]}},"_links":{"self":[{"href":"https:\/\/torredonjimenoactualidad.com\/index.php\/wp-json\/wp\/v2\/posts\/4650","targetHints":{"allow":["GET"]}}],"collection":[{"href":"https:\/\/torredonjimenoactualidad.com\/index.php\/wp-json\/wp\/v2\/posts"}],"about":[{"href":"https:\/\/torredonjimenoactualidad.com\/index.php\/wp-json\/wp\/v2\/types\/post"}],"author":[{"embeddable":true,"href":"https:\/\/torredonjimenoactualidad.com\/index.php\/wp-json\/wp\/v2\/users\/3"}],"replies":[{"embeddable":true,"href":"https:\/\/torredonjimenoactualidad.com\/index.php\/wp-json\/wp\/v2\/comments?post=4650"}],"version-history":[{"count":1,"href":"https:\/\/torredonjimenoactualidad.com\/index.php\/wp-json\/wp\/v2\/posts\/4650\/revisions"}],"predecessor-version":[{"id":4652,"href":"https:\/\/torredonjimenoactualidad.com\/index.php\/wp-json\/wp\/v2\/posts\/4650\/revisions\/4652"}],"wp:featuredmedia":[{"embeddable":true,"href":"https:\/\/torredonjimenoactualidad.com\/index.php\/wp-json\/wp\/v2\/media\/4651"}],"wp:attachment":[{"href":"https:\/\/torredonjimenoactualidad.com\/index.php\/wp-json\/wp\/v2\/media?parent=4650"}],"wp:term":[{"taxonomy":"category","embeddable":true,"href":"https:\/\/torredonjimenoactualidad.com\/index.php\/wp-json\/wp\/v2\/categories?post=4650"},{"taxonomy":"post_tag","embeddable":true,"href":"https:\/\/torredonjimenoactualidad.com\/index.php\/wp-json\/wp\/v2\/tags?post=4650"}],"curies":[{"name":"wp","href":"https:\/\/api.w.org\/{rel}","templated":true}]}}