{"id":4647,"date":"2026-03-08T16:46:54","date_gmt":"2026-03-08T16:46:54","guid":{"rendered":"https:\/\/torredonjimenoactualidad.com\/?p=4647"},"modified":"2026-03-08T16:46:55","modified_gmt":"2026-03-08T16:46:55","slug":"el-partido-popular-de-torredonjimeno-se-suma-en-sevilla-al-acto-andaluz-del-8m-que-reivindica-el-liderazgo-femenino","status":"publish","type":"post","link":"https:\/\/torredonjimenoactualidad.com\/index.php\/2026\/03\/08\/el-partido-popular-de-torredonjimeno-se-suma-en-sevilla-al-acto-andaluz-del-8m-que-reivindica-el-liderazgo-femenino\/","title":{"rendered":"El Partido Popular de Torredonjimeno se suma en Sevilla al acto andaluz del 8M que reivindica el liderazgo femenino"},"content":{"rendered":"\n<p>El Partido Popular de Torredonjimeno estuvo presente este domingo en Sevilla en el acto central organizado por el PP de Andaluc\u00eda con motivo del D\u00eda Internacional de la Mujer, una cita en la que particip\u00f3 la concejala popular tosiriana&nbsp;<strong>Ana Calahorro<\/strong>&nbsp;junto a la delegaci\u00f3n jiennense encabezada por el presidente provincial del partido, Erik Dom\u00ednguez.<\/p>\n\n\n\n<p>El encuentro acogi\u00f3 la s\u00e9ptima edici\u00f3n de los premios&nbsp;<strong>\u201cEllas cambian Andaluc\u00eda\u201d<\/strong>, presidida por el presidente de la Junta de Andaluc\u00eda, Juanma Moreno, y centrada en reconocer el papel de la mujer en la transformaci\u00f3n y el progreso de la comunidad.<\/p>\n\n\n\n<p>Durante el acto, el presidente provincial del PP de Ja\u00e9n, Erik Dom\u00ednguez, felicit\u00f3 a todas las galardonadas y destac\u00f3 especialmente el reconocimiento concedido a la jiennense&nbsp;<strong>Marisa Delgado<\/strong>, a quien defini\u00f3 como \u201cun orgullo para nuestra tierra y un ejemplo de superaci\u00f3n\u201d.<\/p>\n\n\n\n<p>Ingeniera industrial con una destacada trayectoria en el sector ferroviario internacional y deportista de \u00e9lite, Delgado ha logrado el triple campeonato de Espa\u00f1a y de Andaluc\u00eda de Muay Thai, adem\u00e1s de alcanzar el quinto puesto en el Mundial IFMA. Seg\u00fan Dom\u00ednguez, su trayectoria representa \u201cdisciplina, esfuerzo y la determinaci\u00f3n de quien decide no ponerse l\u00edmites\u201d.<\/p>\n\n\n\n<p>Por su parte, la propia premiada explic\u00f3 que su camino ha sorprendido a muchas personas. \u201cAl principio chocaba que una ingeniera con un rol destacado empezara en el Muay Thai, pero cuando algo te apasiona te vuelves imparable\u201d, afirm\u00f3. Delgado tambi\u00e9n reivindic\u00f3 con orgullo sus ra\u00edces jiennenses y asegur\u00f3 que \u201cparece imposible que desde Ja\u00e9n salga una campeona de Muay Thai, pero si conf\u00edas en ti, lo consigues\u201d.<\/p>\n\n\n\n<p>Durante el encuentro, Dom\u00ednguez subray\u00f3 que la igualdad \u201cno es cosa de un solo d\u00eda, sino de los 365 del a\u00f1o\u201d, y record\u00f3 que Andaluc\u00eda avanza actualmente con menos paro femenino, menor brecha salarial y m\u00e1s mujeres liderando \u00e1mbitos como la empresa, la investigaci\u00f3n, la sanidad, la educaci\u00f3n, el campo o la industria.<\/p>\n\n\n\n<p>En l\u00ednea con las palabras del presidente andaluz, el dirigente popular destac\u00f3 el \u201cimpulso y la capacidad\u201d de las mujeres para alcanzar los grandes objetivos de la comunidad. \u201cEstamos convencidos de que Ja\u00e9n y Andaluc\u00eda avanzan y mejoran por las capacidades y el esfuerzo compartidos\u201d, se\u00f1al\u00f3.<\/p>\n\n\n\n<p>Aunque reconoci\u00f3 que todav\u00eda existen brechas que cerrar y reiter\u00f3 el rechazo del partido a la violencia machista, Dom\u00ednguez apost\u00f3 por un mensaje constructivo: \u201cHemos tomado la decisi\u00f3n de no quejarnos y trabajar con sentido com\u00fan, coherencia y planificaci\u00f3n para hacer de esta tierra la m\u00e1s grande\u201d.<\/p>\n\n\n\n<p>Finalmente, reivindic\u00f3 el liderazgo femenino como motor de progreso: \u201cJa\u00e9n y Andaluc\u00eda cambian y avanzan porque ellas avanzan\u201d.<\/p>\n","protected":false},"excerpt":{"rendered":"<p>El Partido Popular de Torredonjimeno estuvo presente este domingo en Sevilla en el acto central organizado por el PP de Andaluc\u00eda con motivo del D\u00eda Internacional de la Mujer, una cita en la que particip\u00f3 la concejala popular tosiriana&nbsp;Ana Calahorro&nbsp;junto a la delegaci\u00f3n jiennense encabezada por el presidente provincial del partido, Erik Dom\u00ednguez. El encuentro &hellip;<\/p>\n<p class=\"read-more\"> <a class=\"\" href=\"https:\/\/torredonjimenoactualidad.com\/index.php\/2026\/03\/08\/el-partido-popular-de-torredonjimeno-se-suma-en-sevilla-al-acto-andaluz-del-8m-que-reivindica-el-liderazgo-femenino\/\"> <span class=\"screen-reader-text\">El Partido Popular de Torredonjimeno se suma en Sevilla al acto andaluz del 8M que reivindica el liderazgo femenino<\/span> Leer m\u00e1s &raquo;<\/a><\/p>\n","protected":false},"author":2,"featured_media":4648,"comment_status":"closed","ping_status":"open","sticky":false,"template":"","format":"standard","meta":{"site-sidebar-layout":"default","site-content-layout":"default","ast-global-header-display":"","ast-main-header-display":"","ast-hfb-above-header-display":"","ast-hfb-below-header-display":"","ast-hfb-mobile-header-display":"","site-post-title":"","ast-breadcrumbs-content":"","ast-featured-img":"","footer-sml-layout":"","theme-transparent-header-meta":"","adv-header-id-meta":"","stick-header-meta":"","header-above-stick-meta":"","header-main-stick-meta":"","header-below-stick-meta":"","footnotes":""},"categories":[7],"tags":[],"class_list":["post-4647","post","type-post","status-publish","format-standard","has-post-thumbnail","hentry","category-local"],"yoast_head":"<!-- This site is optimized with the Yoast SEO plugin v20.8 - https:\/\/yoast.com\/wordpress\/plugins\/seo\/ -->\n<title>El Partido Popular de Torredonjimeno se suma en Sevilla al acto andaluz del 8M que reivindica el liderazgo femenino - Torredonjimeno Actualidad<\/title>\n<meta name=\"robots\" content=\"index, follow, max-snippet:-1, max-image-preview:large, max-video-preview:-1\" \/>\n<link rel=\"canonical\" href=\"https:\/\/torredonjimenoactualidad.com\/index.php\/2026\/03\/08\/el-partido-popular-de-torredonjimeno-se-suma-en-sevilla-al-acto-andaluz-del-8m-que-reivindica-el-liderazgo-femenino\/\" \/>\n<meta property=\"og:locale\" content=\"es_ES\" \/>\n<meta property=\"og:type\" content=\"article\" \/>\n<meta property=\"og:title\" content=\"El Partido Popular de Torredonjimeno se suma en Sevilla al acto andaluz del 8M que reivindica el liderazgo femenino - Torredonjimeno Actualidad\" \/>\n<meta property=\"og:description\" content=\"El Partido Popular de Torredonjimeno estuvo presente este domingo en Sevilla en el acto central organizado por el PP de Andaluc\u00eda con motivo del D\u00eda Internacional de la Mujer, una cita en la que particip\u00f3 la concejala popular tosiriana&nbsp;Ana Calahorro&nbsp;junto a la delegaci\u00f3n jiennense encabezada por el presidente provincial del partido, Erik Dom\u00ednguez. El encuentro &hellip; El Partido Popular de Torredonjimeno se suma en Sevilla al acto andaluz del 8M que reivindica el liderazgo femenino Leer m\u00e1s &raquo;\" \/>\n<meta property=\"og:url\" content=\"https:\/\/torredonjimenoactualidad.com\/index.php\/2026\/03\/08\/el-partido-popular-de-torredonjimeno-se-suma-en-sevilla-al-acto-andaluz-del-8m-que-reivindica-el-liderazgo-femenino\/\" \/>\n<meta property=\"og:site_name\" content=\"Torredonjimeno Actualidad\" \/>\n<meta property=\"article:published_time\" content=\"2026-03-08T16:46:54+00:00\" \/>\n<meta property=\"article:modified_time\" content=\"2026-03-08T16:46:55+00:00\" \/>\n<meta property=\"og:image\" content=\"https:\/\/torredonjimenoactualidad.com\/wp-content\/uploads\/2026\/03\/fotonoticia_20260308172739_1920.jpg\" \/>\n\t<meta property=\"og:image:width\" content=\"1659\" \/>\n\t<meta property=\"og:image:height\" content=\"948\" \/>\n\t<meta property=\"og:image:type\" content=\"image\/jpeg\" \/>\n<meta name=\"author\" content=\"Alba Mar\u00eda Torres\" \/>\n<meta name=\"twitter:card\" content=\"summary_large_image\" \/>\n<meta name=\"twitter:label1\" content=\"Escrito por\" \/>\n\t<meta name=\"twitter:data1\" content=\"Alba Mar\u00eda Torres\" \/>\n\t<meta name=\"twitter:label2\" content=\"Tiempo de lectura\" \/>\n\t<meta name=\"twitter:data2\" content=\"2 minutos\" \/>\n<script type=\"application\/ld+json\" class=\"yoast-schema-graph\">{\"@context\":\"https:\/\/schema.org\",\"@graph\":[{\"@type\":\"Article\",\"@id\":\"https:\/\/torredonjimenoactualidad.com\/index.php\/2026\/03\/08\/el-partido-popular-de-torredonjimeno-se-suma-en-sevilla-al-acto-andaluz-del-8m-que-reivindica-el-liderazgo-femenino\/#article\",\"isPartOf\":{\"@id\":\"https:\/\/torredonjimenoactualidad.com\/index.php\/2026\/03\/08\/el-partido-popular-de-torredonjimeno-se-suma-en-sevilla-al-acto-andaluz-del-8m-que-reivindica-el-liderazgo-femenino\/\"},\"author\":{\"name\":\"Alba Mar\u00eda Torres\",\"@id\":\"https:\/\/torredonjimenoactualidad.com\/#\/schema\/person\/84de5f233e783ef2c75151a532b54977\"},\"headline\":\"El Partido Popular de Torredonjimeno se suma en Sevilla al acto andaluz del 8M que reivindica el liderazgo femenino\",\"datePublished\":\"2026-03-08T16:46:54+00:00\",\"dateModified\":\"2026-03-08T16:46:55+00:00\",\"mainEntityOfPage\":{\"@id\":\"https:\/\/torredonjimenoactualidad.com\/index.php\/2026\/03\/08\/el-partido-popular-de-torredonjimeno-se-suma-en-sevilla-al-acto-andaluz-del-8m-que-reivindica-el-liderazgo-femenino\/\"},\"wordCount\":489,\"publisher\":{\"@id\":\"https:\/\/torredonjimenoactualidad.com\/#organization\"},\"articleSection\":[\"local\"],\"inLanguage\":\"es\"},{\"@type\":\"WebPage\",\"@id\":\"https:\/\/torredonjimenoactualidad.com\/index.php\/2026\/03\/08\/el-partido-popular-de-torredonjimeno-se-suma-en-sevilla-al-acto-andaluz-del-8m-que-reivindica-el-liderazgo-femenino\/\",\"url\":\"https:\/\/torredonjimenoactualidad.com\/index.php\/2026\/03\/08\/el-partido-popular-de-torredonjimeno-se-suma-en-sevilla-al-acto-andaluz-del-8m-que-reivindica-el-liderazgo-femenino\/\",\"name\":\"El Partido Popular de Torredonjimeno se suma en Sevilla al acto andaluz del 8M que reivindica el liderazgo femenino - Torredonjimeno Actualidad\",\"isPartOf\":{\"@id\":\"https:\/\/torredonjimenoactualidad.com\/#website\"},\"datePublished\":\"2026-03-08T16:46:54+00:00\",\"dateModified\":\"2026-03-08T16:46:55+00:00\",\"breadcrumb\":{\"@id\":\"https:\/\/torredonjimenoactualidad.com\/index.php\/2026\/03\/08\/el-partido-popular-de-torredonjimeno-se-suma-en-sevilla-al-acto-andaluz-del-8m-que-reivindica-el-liderazgo-femenino\/#breadcrumb\"},\"inLanguage\":\"es\",\"potentialAction\":[{\"@type\":\"ReadAction\",\"target\":[\"https:\/\/torredonjimenoactualidad.com\/index.php\/2026\/03\/08\/el-partido-popular-de-torredonjimeno-se-suma-en-sevilla-al-acto-andaluz-del-8m-que-reivindica-el-liderazgo-femenino\/\"]}]},{\"@type\":\"BreadcrumbList\",\"@id\":\"https:\/\/torredonjimenoactualidad.com\/index.php\/2026\/03\/08\/el-partido-popular-de-torredonjimeno-se-suma-en-sevilla-al-acto-andaluz-del-8m-que-reivindica-el-liderazgo-femenino\/#breadcrumb\",\"itemListElement\":[{\"@type\":\"ListItem\",\"position\":1,\"name\":\"Portada\",\"item\":\"https:\/\/torredonjimenoactualidad.com\/\"},{\"@type\":\"ListItem\",\"position\":2,\"name\":\"El Partido Popular de Torredonjimeno se suma en Sevilla al acto andaluz del 8M que reivindica el liderazgo femenino\"}]},{\"@type\":\"WebSite\",\"@id\":\"https:\/\/torredonjimenoactualidad.com\/#website\",\"url\":\"https:\/\/torredonjimenoactualidad.com\/\",\"name\":\"Torredonjimeno Actualidad\",\"description\":\"\",\"publisher\":{\"@id\":\"https:\/\/torredonjimenoactualidad.com\/#organization\"},\"potentialAction\":[{\"@type\":\"SearchAction\",\"target\":{\"@type\":\"EntryPoint\",\"urlTemplate\":\"https:\/\/torredonjimenoactualidad.com\/?s={search_term_string}\"},\"query-input\":\"required name=search_term_string\"}],\"inLanguage\":\"es\"},{\"@type\":\"Organization\",\"@id\":\"https:\/\/torredonjimenoactualidad.com\/#organization\",\"name\":\"Torredonjimeno Actualidad\",\"url\":\"https:\/\/torredonjimenoactualidad.com\/\",\"logo\":{\"@type\":\"ImageObject\",\"inLanguage\":\"es\",\"@id\":\"https:\/\/torredonjimenoactualidad.com\/#\/schema\/logo\/image\/\",\"url\":\"https:\/\/torredonjimenoactualidad.com\/wp-content\/uploads\/2023\/02\/logo-torredonjimeno-544x180-1.png\",\"contentUrl\":\"https:\/\/torredonjimenoactualidad.com\/wp-content\/uploads\/2023\/02\/logo-torredonjimeno-544x180-1.png\",\"width\":545,\"height\":112,\"caption\":\"Torredonjimeno Actualidad\"},\"image\":{\"@id\":\"https:\/\/torredonjimenoactualidad.com\/#\/schema\/logo\/image\/\"}},{\"@type\":\"Person\",\"@id\":\"https:\/\/torredonjimenoactualidad.com\/#\/schema\/person\/84de5f233e783ef2c75151a532b54977\",\"name\":\"Alba Mar\u00eda Torres\",\"image\":{\"@type\":\"ImageObject\",\"inLanguage\":\"es\",\"@id\":\"https:\/\/torredonjimenoactualidad.com\/#\/schema\/person\/image\/\",\"url\":\"https:\/\/secure.gravatar.com\/avatar\/f9371f188c71501b4475a9ba2a71595850ec72967f800a2ed8e3e2102859ed65?s=96&d=mm&r=g\",\"contentUrl\":\"https:\/\/secure.gravatar.com\/avatar\/f9371f188c71501b4475a9ba2a71595850ec72967f800a2ed8e3e2102859ed65?s=96&d=mm&r=g\",\"caption\":\"Alba Mar\u00eda Torres\"},\"url\":\"https:\/\/torredonjimenoactualidad.com\/index.php\/author\/alba-torres\/\"}]}<\/script>\n<!-- \/ Yoast SEO plugin. -->","yoast_head_json":{"title":"El Partido Popular de Torredonjimeno se suma en Sevilla al acto andaluz del 8M que reivindica el liderazgo femenino - Torredonjimeno Actualidad","robots":{"index":"index","follow":"follow","max-snippet":"max-snippet:-1","max-image-preview":"max-image-preview:large","max-video-preview":"max-video-preview:-1"},"canonical":"https:\/\/torredonjimenoactualidad.com\/index.php\/2026\/03\/08\/el-partido-popular-de-torredonjimeno-se-suma-en-sevilla-al-acto-andaluz-del-8m-que-reivindica-el-liderazgo-femenino\/","og_locale":"es_ES","og_type":"article","og_title":"El Partido Popular de Torredonjimeno se suma en Sevilla al acto andaluz del 8M que reivindica el liderazgo femenino - Torredonjimeno Actualidad","og_description":"El Partido Popular de Torredonjimeno estuvo presente este domingo en Sevilla en el acto central organizado por el PP de Andaluc\u00eda con motivo del D\u00eda Internacional de la Mujer, una cita en la que particip\u00f3 la concejala popular tosiriana&nbsp;Ana Calahorro&nbsp;junto a la delegaci\u00f3n jiennense encabezada por el presidente provincial del partido, Erik Dom\u00ednguez. El encuentro &hellip; El Partido Popular de Torredonjimeno se suma en Sevilla al acto andaluz del 8M que reivindica el liderazgo femenino Leer m\u00e1s &raquo;","og_url":"https:\/\/torredonjimenoactualidad.com\/index.php\/2026\/03\/08\/el-partido-popular-de-torredonjimeno-se-suma-en-sevilla-al-acto-andaluz-del-8m-que-reivindica-el-liderazgo-femenino\/","og_site_name":"Torredonjimeno Actualidad","article_published_time":"2026-03-08T16:46:54+00:00","article_modified_time":"2026-03-08T16:46:55+00:00","og_image":[{"width":1659,"height":948,"url":"https:\/\/torredonjimenoactualidad.com\/wp-content\/uploads\/2026\/03\/fotonoticia_20260308172739_1920.jpg","type":"image\/jpeg"}],"author":"Alba Mar\u00eda Torres","twitter_card":"summary_large_image","twitter_misc":{"Escrito por":"Alba Mar\u00eda Torres","Tiempo de lectura":"2 minutos"},"schema":{"@context":"https:\/\/schema.org","@graph":[{"@type":"Article","@id":"https:\/\/torredonjimenoactualidad.com\/index.php\/2026\/03\/08\/el-partido-popular-de-torredonjimeno-se-suma-en-sevilla-al-acto-andaluz-del-8m-que-reivindica-el-liderazgo-femenino\/#article","isPartOf":{"@id":"https:\/\/torredonjimenoactualidad.com\/index.php\/2026\/03\/08\/el-partido-popular-de-torredonjimeno-se-suma-en-sevilla-al-acto-andaluz-del-8m-que-reivindica-el-liderazgo-femenino\/"},"author":{"name":"Alba Mar\u00eda Torres","@id":"https:\/\/torredonjimenoactualidad.com\/#\/schema\/person\/84de5f233e783ef2c75151a532b54977"},"headline":"El Partido Popular de Torredonjimeno se suma en Sevilla al acto andaluz del 8M que reivindica el liderazgo femenino","datePublished":"2026-03-08T16:46:54+00:00","dateModified":"2026-03-08T16:46:55+00:00","mainEntityOfPage":{"@id":"https:\/\/torredonjimenoactualidad.com\/index.php\/2026\/03\/08\/el-partido-popular-de-torredonjimeno-se-suma-en-sevilla-al-acto-andaluz-del-8m-que-reivindica-el-liderazgo-femenino\/"},"wordCount":489,"publisher":{"@id":"https:\/\/torredonjimenoactualidad.com\/#organization"},"articleSection":["local"],"inLanguage":"es"},{"@type":"WebPage","@id":"https:\/\/torredonjimenoactualidad.com\/index.php\/2026\/03\/08\/el-partido-popular-de-torredonjimeno-se-suma-en-sevilla-al-acto-andaluz-del-8m-que-reivindica-el-liderazgo-femenino\/","url":"https:\/\/torredonjimenoactualidad.com\/index.php\/2026\/03\/08\/el-partido-popular-de-torredonjimeno-se-suma-en-sevilla-al-acto-andaluz-del-8m-que-reivindica-el-liderazgo-femenino\/","name":"El Partido Popular de Torredonjimeno se suma en Sevilla al acto andaluz del 8M que reivindica el liderazgo femenino - Torredonjimeno Actualidad","isPartOf":{"@id":"https:\/\/torredonjimenoactualidad.com\/#website"},"datePublished":"2026-03-08T16:46:54+00:00","dateModified":"2026-03-08T16:46:55+00:00","breadcrumb":{"@id":"https:\/\/torredonjimenoactualidad.com\/index.php\/2026\/03\/08\/el-partido-popular-de-torredonjimeno-se-suma-en-sevilla-al-acto-andaluz-del-8m-que-reivindica-el-liderazgo-femenino\/#breadcrumb"},"inLanguage":"es","potentialAction":[{"@type":"ReadAction","target":["https:\/\/torredonjimenoactualidad.com\/index.php\/2026\/03\/08\/el-partido-popular-de-torredonjimeno-se-suma-en-sevilla-al-acto-andaluz-del-8m-que-reivindica-el-liderazgo-femenino\/"]}]},{"@type":"BreadcrumbList","@id":"https:\/\/torredonjimenoactualidad.com\/index.php\/2026\/03\/08\/el-partido-popular-de-torredonjimeno-se-suma-en-sevilla-al-acto-andaluz-del-8m-que-reivindica-el-liderazgo-femenino\/#breadcrumb","itemListElement":[{"@type":"ListItem","position":1,"name":"Portada","item":"https:\/\/torredonjimenoactualidad.com\/"},{"@type":"ListItem","position":2,"name":"El Partido Popular de Torredonjimeno se suma en Sevilla al acto andaluz del 8M que reivindica el liderazgo femenino"}]},{"@type":"WebSite","@id":"https:\/\/torredonjimenoactualidad.com\/#website","url":"https:\/\/torredonjimenoactualidad.com\/","name":"Torredonjimeno Actualidad","description":"","publisher":{"@id":"https:\/\/torredonjimenoactualidad.com\/#organization"},"potentialAction":[{"@type":"SearchAction","target":{"@type":"EntryPoint","urlTemplate":"https:\/\/torredonjimenoactualidad.com\/?s={search_term_string}"},"query-input":"required name=search_term_string"}],"inLanguage":"es"},{"@type":"Organization","@id":"https:\/\/torredonjimenoactualidad.com\/#organization","name":"Torredonjimeno Actualidad","url":"https:\/\/torredonjimenoactualidad.com\/","logo":{"@type":"ImageObject","inLanguage":"es","@id":"https:\/\/torredonjimenoactualidad.com\/#\/schema\/logo\/image\/","url":"https:\/\/torredonjimenoactualidad.com\/wp-content\/uploads\/2023\/02\/logo-torredonjimeno-544x180-1.png","contentUrl":"https:\/\/torredonjimenoactualidad.com\/wp-content\/uploads\/2023\/02\/logo-torredonjimeno-544x180-1.png","width":545,"height":112,"caption":"Torredonjimeno Actualidad"},"image":{"@id":"https:\/\/torredonjimenoactualidad.com\/#\/schema\/logo\/image\/"}},{"@type":"Person","@id":"https:\/\/torredonjimenoactualidad.com\/#\/schema\/person\/84de5f233e783ef2c75151a532b54977","name":"Alba Mar\u00eda Torres","image":{"@type":"ImageObject","inLanguage":"es","@id":"https:\/\/torredonjimenoactualidad.com\/#\/schema\/person\/image\/","url":"https:\/\/secure.gravatar.com\/avatar\/f9371f188c71501b4475a9ba2a71595850ec72967f800a2ed8e3e2102859ed65?s=96&d=mm&r=g","contentUrl":"https:\/\/secure.gravatar.com\/avatar\/f9371f188c71501b4475a9ba2a71595850ec72967f800a2ed8e3e2102859ed65?s=96&d=mm&r=g","caption":"Alba Mar\u00eda Torres"},"url":"https:\/\/torredonjimenoactualidad.com\/index.php\/author\/alba-torres\/"}]}},"_links":{"self":[{"href":"https:\/\/torredonjimenoactualidad.com\/index.php\/wp-json\/wp\/v2\/posts\/4647","targetHints":{"allow":["GET"]}}],"collection":[{"href":"https:\/\/torredonjimenoactualidad.com\/index.php\/wp-json\/wp\/v2\/posts"}],"about":[{"href":"https:\/\/torredonjimenoactualidad.com\/index.php\/wp-json\/wp\/v2\/types\/post"}],"author":[{"embeddable":true,"href":"https:\/\/torredonjimenoactualidad.com\/index.php\/wp-json\/wp\/v2\/users\/2"}],"replies":[{"embeddable":true,"href":"https:\/\/torredonjimenoactualidad.com\/index.php\/wp-json\/wp\/v2\/comments?post=4647"}],"version-history":[{"count":1,"href":"https:\/\/torredonjimenoactualidad.com\/index.php\/wp-json\/wp\/v2\/posts\/4647\/revisions"}],"predecessor-version":[{"id":4649,"href":"https:\/\/torredonjimenoactualidad.com\/index.php\/wp-json\/wp\/v2\/posts\/4647\/revisions\/4649"}],"wp:featuredmedia":[{"embeddable":true,"href":"https:\/\/torredonjimenoactualidad.com\/index.php\/wp-json\/wp\/v2\/media\/4648"}],"wp:attachment":[{"href":"https:\/\/torredonjimenoactualidad.com\/index.php\/wp-json\/wp\/v2\/media?parent=4647"}],"wp:term":[{"taxonomy":"category","embeddable":true,"href":"https:\/\/torredonjimenoactualidad.com\/index.php\/wp-json\/wp\/v2\/categories?post=4647"},{"taxonomy":"post_tag","embeddable":true,"href":"https:\/\/torredonjimenoactualidad.com\/index.php\/wp-json\/wp\/v2\/tags?post=4647"}],"curies":[{"name":"wp","href":"https:\/\/api.w.org\/{rel}","templated":true}]}}