{"id":4644,"date":"2026-03-05T16:04:25","date_gmt":"2026-03-05T16:04:25","guid":{"rendered":"https:\/\/torredonjimenoactualidad.com\/?p=4644"},"modified":"2026-03-05T16:04:26","modified_gmt":"2026-03-05T16:04:26","slug":"el-ayuntamiento-convoca-el-concurso-del-cartel-anunciador-de-la-feria-de-san-pedro-2026","status":"publish","type":"post","link":"https:\/\/torredonjimenoactualidad.com\/index.php\/2026\/03\/05\/el-ayuntamiento-convoca-el-concurso-del-cartel-anunciador-de-la-feria-de-san-pedro-2026\/","title":{"rendered":"El Ayuntamiento convoca el concurso del cartel anunciador de la Feria de San Pedro 2026"},"content":{"rendered":"\n<p>El Ayuntamiento de&nbsp;Torredonjimeno, a trav\u00e9s de la Concejal\u00eda de Festejos, ha convocado el concurso para elegir el cartel anunciador de la&nbsp;<strong>Feria de San Pedro 2026<\/strong>, una iniciativa dirigida a artistas y creadores mayores de 18 a\u00f1os que deseen participar con una obra original e in\u00e9dita.<\/p>\n\n\n\n<p>Seg\u00fan establecen las bases del certamen, los carteles deber\u00e1n tener unas dimensiones de\u00a0<strong>50 x 70 cent\u00edmetros<\/strong>\u00a0y estar inspirados en motivos relacionados con la feria. La t\u00e9cnica ser\u00e1 libre, aunque los trabajos no podr\u00e1n haber sido premiados anteriormente ni suponer copia o plagio de otras obras. Los participantes deber\u00e1n presentar su propuesta\u00a0<strong>tanto en formato f\u00edsico como en formato digital de alta resoluci\u00f3n<\/strong>\u00a0para facilitar su posterior impresi\u00f3n en caso de resultar ganadora.\u00a0<\/p>\n\n\n\n<p>Cada obra deber\u00e1 presentarse acompa\u00f1ada de una\u00a0<strong>plica o sobre cerrado<\/strong>\u00a0con un pseud\u00f3nimo y el t\u00edtulo del cartel en el exterior. En el interior se incluir\u00e1n los datos del autor: nombre y apellidos, direcci\u00f3n, correo electr\u00f3nico, tel\u00e9fono y fotocopia del DNI. Adem\u00e1s, el cartel deber\u00e1 incluir obligatoriamente la leyenda:<br><strong>\u201cFeria de San Pedro 2026 \/ Torredonjimeno \/ Del 25 al 29 de junio\u201d.<\/strong>\u00a0<\/p>\n\n\n\n<p>El plazo de presentaci\u00f3n de trabajos finaliza\u00a0<strong>el 8 de mayo de 2026 a las 20:00 horas<\/strong>. Las obras deber\u00e1n entregarse en la\u00a0<strong>Casa Municipal de Cultura<\/strong>, situada en la Plaza de la Victoria de la localidad.\u00a0<\/p>\n\n\n\n<p>El autor del cartel ganador recibir\u00e1 un\u00a0<strong>premio de 299 euros<\/strong>, pasando la obra premiada a ser propiedad del Ayuntamiento, que se reserva el derecho de introducir modificaciones t\u00e9cnicas o a\u00f1adir textos o logotipos si fuera necesario para su impresi\u00f3n. El jurado tambi\u00e9n podr\u00e1 declarar el premio desierto si considera que ninguna obra re\u00fane la calidad suficiente.\u00a0<\/p>\n\n\n\n<p>Las obras que no resulten premiadas podr\u00e1n retirarse en el plazo de\u00a0<strong>un mes tras el fallo del jurado<\/strong>; de lo contrario, quedar\u00e1n a disposici\u00f3n del Ayuntamiento.\u00a0<\/p>\n\n\n\n<p><a href=\"https:\/\/www.tosiria.com\/festejos\/cartel-de-la-feria-de-san-pedro-2026\/?fbclid=IwY2xjawQWhg1leHRuA2FlbQIxMABicmlkETA0cWVRSmhDUVRMMVNoU1hhc3J0YwZhcHBfaWQQMjIyMDM5MTc4ODIwMDg5MgABHqVAahRYGQLqT-gqWBhw_jhpxFpRwbH2ZZJY1JQlsGuG5ey3MkmexNOX0V5g_aem_svJMssAgIENrHnk1TBMe4g\">AQU\u00cd PUEDES CONSULTAR LAS BASES <\/a><\/p>\n","protected":false},"excerpt":{"rendered":"<p>El Ayuntamiento de&nbsp;Torredonjimeno, a trav\u00e9s de la Concejal\u00eda de Festejos, ha convocado el concurso para elegir el cartel anunciador de la&nbsp;Feria de San Pedro 2026, una iniciativa dirigida a artistas y creadores mayores de 18 a\u00f1os que deseen participar con una obra original e in\u00e9dita. Seg\u00fan establecen las bases del certamen, los carteles deber\u00e1n tener &hellip;<\/p>\n<p class=\"read-more\"> <a class=\"\" href=\"https:\/\/torredonjimenoactualidad.com\/index.php\/2026\/03\/05\/el-ayuntamiento-convoca-el-concurso-del-cartel-anunciador-de-la-feria-de-san-pedro-2026\/\"> <span class=\"screen-reader-text\">El Ayuntamiento convoca el concurso del cartel anunciador de la Feria de San Pedro 2026<\/span> Leer m\u00e1s &raquo;<\/a><\/p>\n","protected":false},"author":2,"featured_media":4645,"comment_status":"closed","ping_status":"open","sticky":false,"template":"","format":"standard","meta":{"site-sidebar-layout":"default","site-content-layout":"default","ast-global-header-display":"","ast-main-header-display":"","ast-hfb-above-header-display":"","ast-hfb-below-header-display":"","ast-hfb-mobile-header-display":"","site-post-title":"","ast-breadcrumbs-content":"","ast-featured-img":"","footer-sml-layout":"","theme-transparent-header-meta":"","adv-header-id-meta":"","stick-header-meta":"","header-above-stick-meta":"","header-main-stick-meta":"","header-below-stick-meta":"","footnotes":""},"categories":[1],"tags":[],"class_list":["post-4644","post","type-post","status-publish","format-standard","has-post-thumbnail","hentry","category-sin-categoria"],"yoast_head":"<!-- This site is optimized with the Yoast SEO plugin v20.8 - https:\/\/yoast.com\/wordpress\/plugins\/seo\/ -->\n<title>El Ayuntamiento convoca el concurso del cartel anunciador de la Feria de San Pedro 2026 - Torredonjimeno Actualidad<\/title>\n<meta name=\"robots\" content=\"index, follow, max-snippet:-1, max-image-preview:large, max-video-preview:-1\" \/>\n<link rel=\"canonical\" href=\"https:\/\/torredonjimenoactualidad.com\/index.php\/2026\/03\/05\/el-ayuntamiento-convoca-el-concurso-del-cartel-anunciador-de-la-feria-de-san-pedro-2026\/\" \/>\n<meta property=\"og:locale\" content=\"es_ES\" \/>\n<meta property=\"og:type\" content=\"article\" \/>\n<meta property=\"og:title\" content=\"El Ayuntamiento convoca el concurso del cartel anunciador de la Feria de San Pedro 2026 - Torredonjimeno Actualidad\" \/>\n<meta property=\"og:description\" content=\"El Ayuntamiento de&nbsp;Torredonjimeno, a trav\u00e9s de la Concejal\u00eda de Festejos, ha convocado el concurso para elegir el cartel anunciador de la&nbsp;Feria de San Pedro 2026, una iniciativa dirigida a artistas y creadores mayores de 18 a\u00f1os que deseen participar con una obra original e in\u00e9dita. Seg\u00fan establecen las bases del certamen, los carteles deber\u00e1n tener &hellip; El Ayuntamiento convoca el concurso del cartel anunciador de la Feria de San Pedro 2026 Leer m\u00e1s &raquo;\" \/>\n<meta property=\"og:url\" content=\"https:\/\/torredonjimenoactualidad.com\/index.php\/2026\/03\/05\/el-ayuntamiento-convoca-el-concurso-del-cartel-anunciador-de-la-feria-de-san-pedro-2026\/\" \/>\n<meta property=\"og:site_name\" content=\"Torredonjimeno Actualidad\" \/>\n<meta property=\"article:published_time\" content=\"2026-03-05T16:04:25+00:00\" \/>\n<meta property=\"article:modified_time\" content=\"2026-03-05T16:04:26+00:00\" \/>\n<meta property=\"og:image\" content=\"https:\/\/torredonjimenoactualidad.com\/wp-content\/uploads\/2026\/03\/IMG_0541-2048x1152-1.jpg\" \/>\n\t<meta property=\"og:image:width\" content=\"1700\" \/>\n\t<meta property=\"og:image:height\" content=\"972\" \/>\n\t<meta property=\"og:image:type\" content=\"image\/jpeg\" \/>\n<meta name=\"author\" content=\"Alba Mar\u00eda Torres\" \/>\n<meta name=\"twitter:card\" content=\"summary_large_image\" \/>\n<meta name=\"twitter:label1\" content=\"Escrito por\" \/>\n\t<meta name=\"twitter:data1\" content=\"Alba Mar\u00eda Torres\" \/>\n\t<meta name=\"twitter:label2\" content=\"Tiempo de lectura\" \/>\n\t<meta name=\"twitter:data2\" content=\"2 minutos\" \/>\n<script type=\"application\/ld+json\" class=\"yoast-schema-graph\">{\"@context\":\"https:\/\/schema.org\",\"@graph\":[{\"@type\":\"Article\",\"@id\":\"https:\/\/torredonjimenoactualidad.com\/index.php\/2026\/03\/05\/el-ayuntamiento-convoca-el-concurso-del-cartel-anunciador-de-la-feria-de-san-pedro-2026\/#article\",\"isPartOf\":{\"@id\":\"https:\/\/torredonjimenoactualidad.com\/index.php\/2026\/03\/05\/el-ayuntamiento-convoca-el-concurso-del-cartel-anunciador-de-la-feria-de-san-pedro-2026\/\"},\"author\":{\"name\":\"Alba Mar\u00eda Torres\",\"@id\":\"https:\/\/torredonjimenoactualidad.com\/#\/schema\/person\/84de5f233e783ef2c75151a532b54977\"},\"headline\":\"El Ayuntamiento convoca el concurso del cartel anunciador de la Feria de San Pedro 2026\",\"datePublished\":\"2026-03-05T16:04:25+00:00\",\"dateModified\":\"2026-03-05T16:04:26+00:00\",\"mainEntityOfPage\":{\"@id\":\"https:\/\/torredonjimenoactualidad.com\/index.php\/2026\/03\/05\/el-ayuntamiento-convoca-el-concurso-del-cartel-anunciador-de-la-feria-de-san-pedro-2026\/\"},\"wordCount\":345,\"publisher\":{\"@id\":\"https:\/\/torredonjimenoactualidad.com\/#organization\"},\"inLanguage\":\"es\"},{\"@type\":\"WebPage\",\"@id\":\"https:\/\/torredonjimenoactualidad.com\/index.php\/2026\/03\/05\/el-ayuntamiento-convoca-el-concurso-del-cartel-anunciador-de-la-feria-de-san-pedro-2026\/\",\"url\":\"https:\/\/torredonjimenoactualidad.com\/index.php\/2026\/03\/05\/el-ayuntamiento-convoca-el-concurso-del-cartel-anunciador-de-la-feria-de-san-pedro-2026\/\",\"name\":\"El Ayuntamiento convoca el concurso del cartel anunciador de la Feria de San Pedro 2026 - Torredonjimeno Actualidad\",\"isPartOf\":{\"@id\":\"https:\/\/torredonjimenoactualidad.com\/#website\"},\"datePublished\":\"2026-03-05T16:04:25+00:00\",\"dateModified\":\"2026-03-05T16:04:26+00:00\",\"breadcrumb\":{\"@id\":\"https:\/\/torredonjimenoactualidad.com\/index.php\/2026\/03\/05\/el-ayuntamiento-convoca-el-concurso-del-cartel-anunciador-de-la-feria-de-san-pedro-2026\/#breadcrumb\"},\"inLanguage\":\"es\",\"potentialAction\":[{\"@type\":\"ReadAction\",\"target\":[\"https:\/\/torredonjimenoactualidad.com\/index.php\/2026\/03\/05\/el-ayuntamiento-convoca-el-concurso-del-cartel-anunciador-de-la-feria-de-san-pedro-2026\/\"]}]},{\"@type\":\"BreadcrumbList\",\"@id\":\"https:\/\/torredonjimenoactualidad.com\/index.php\/2026\/03\/05\/el-ayuntamiento-convoca-el-concurso-del-cartel-anunciador-de-la-feria-de-san-pedro-2026\/#breadcrumb\",\"itemListElement\":[{\"@type\":\"ListItem\",\"position\":1,\"name\":\"Portada\",\"item\":\"https:\/\/torredonjimenoactualidad.com\/\"},{\"@type\":\"ListItem\",\"position\":2,\"name\":\"El Ayuntamiento convoca el concurso del cartel anunciador de la Feria de San Pedro 2026\"}]},{\"@type\":\"WebSite\",\"@id\":\"https:\/\/torredonjimenoactualidad.com\/#website\",\"url\":\"https:\/\/torredonjimenoactualidad.com\/\",\"name\":\"Torredonjimeno Actualidad\",\"description\":\"\",\"publisher\":{\"@id\":\"https:\/\/torredonjimenoactualidad.com\/#organization\"},\"potentialAction\":[{\"@type\":\"SearchAction\",\"target\":{\"@type\":\"EntryPoint\",\"urlTemplate\":\"https:\/\/torredonjimenoactualidad.com\/?s={search_term_string}\"},\"query-input\":\"required name=search_term_string\"}],\"inLanguage\":\"es\"},{\"@type\":\"Organization\",\"@id\":\"https:\/\/torredonjimenoactualidad.com\/#organization\",\"name\":\"Torredonjimeno Actualidad\",\"url\":\"https:\/\/torredonjimenoactualidad.com\/\",\"logo\":{\"@type\":\"ImageObject\",\"inLanguage\":\"es\",\"@id\":\"https:\/\/torredonjimenoactualidad.com\/#\/schema\/logo\/image\/\",\"url\":\"https:\/\/torredonjimenoactualidad.com\/wp-content\/uploads\/2023\/02\/logo-torredonjimeno-544x180-1.png\",\"contentUrl\":\"https:\/\/torredonjimenoactualidad.com\/wp-content\/uploads\/2023\/02\/logo-torredonjimeno-544x180-1.png\",\"width\":545,\"height\":112,\"caption\":\"Torredonjimeno Actualidad\"},\"image\":{\"@id\":\"https:\/\/torredonjimenoactualidad.com\/#\/schema\/logo\/image\/\"}},{\"@type\":\"Person\",\"@id\":\"https:\/\/torredonjimenoactualidad.com\/#\/schema\/person\/84de5f233e783ef2c75151a532b54977\",\"name\":\"Alba Mar\u00eda Torres\",\"image\":{\"@type\":\"ImageObject\",\"inLanguage\":\"es\",\"@id\":\"https:\/\/torredonjimenoactualidad.com\/#\/schema\/person\/image\/\",\"url\":\"https:\/\/secure.gravatar.com\/avatar\/f9371f188c71501b4475a9ba2a71595850ec72967f800a2ed8e3e2102859ed65?s=96&d=mm&r=g\",\"contentUrl\":\"https:\/\/secure.gravatar.com\/avatar\/f9371f188c71501b4475a9ba2a71595850ec72967f800a2ed8e3e2102859ed65?s=96&d=mm&r=g\",\"caption\":\"Alba Mar\u00eda Torres\"},\"url\":\"https:\/\/torredonjimenoactualidad.com\/index.php\/author\/alba-torres\/\"}]}<\/script>\n<!-- \/ Yoast SEO plugin. -->","yoast_head_json":{"title":"El Ayuntamiento convoca el concurso del cartel anunciador de la Feria de San Pedro 2026 - Torredonjimeno Actualidad","robots":{"index":"index","follow":"follow","max-snippet":"max-snippet:-1","max-image-preview":"max-image-preview:large","max-video-preview":"max-video-preview:-1"},"canonical":"https:\/\/torredonjimenoactualidad.com\/index.php\/2026\/03\/05\/el-ayuntamiento-convoca-el-concurso-del-cartel-anunciador-de-la-feria-de-san-pedro-2026\/","og_locale":"es_ES","og_type":"article","og_title":"El Ayuntamiento convoca el concurso del cartel anunciador de la Feria de San Pedro 2026 - Torredonjimeno Actualidad","og_description":"El Ayuntamiento de&nbsp;Torredonjimeno, a trav\u00e9s de la Concejal\u00eda de Festejos, ha convocado el concurso para elegir el cartel anunciador de la&nbsp;Feria de San Pedro 2026, una iniciativa dirigida a artistas y creadores mayores de 18 a\u00f1os que deseen participar con una obra original e in\u00e9dita. Seg\u00fan establecen las bases del certamen, los carteles deber\u00e1n tener &hellip; El Ayuntamiento convoca el concurso del cartel anunciador de la Feria de San Pedro 2026 Leer m\u00e1s &raquo;","og_url":"https:\/\/torredonjimenoactualidad.com\/index.php\/2026\/03\/05\/el-ayuntamiento-convoca-el-concurso-del-cartel-anunciador-de-la-feria-de-san-pedro-2026\/","og_site_name":"Torredonjimeno Actualidad","article_published_time":"2026-03-05T16:04:25+00:00","article_modified_time":"2026-03-05T16:04:26+00:00","og_image":[{"width":1700,"height":972,"url":"https:\/\/torredonjimenoactualidad.com\/wp-content\/uploads\/2026\/03\/IMG_0541-2048x1152-1.jpg","type":"image\/jpeg"}],"author":"Alba Mar\u00eda Torres","twitter_card":"summary_large_image","twitter_misc":{"Escrito por":"Alba Mar\u00eda Torres","Tiempo de lectura":"2 minutos"},"schema":{"@context":"https:\/\/schema.org","@graph":[{"@type":"Article","@id":"https:\/\/torredonjimenoactualidad.com\/index.php\/2026\/03\/05\/el-ayuntamiento-convoca-el-concurso-del-cartel-anunciador-de-la-feria-de-san-pedro-2026\/#article","isPartOf":{"@id":"https:\/\/torredonjimenoactualidad.com\/index.php\/2026\/03\/05\/el-ayuntamiento-convoca-el-concurso-del-cartel-anunciador-de-la-feria-de-san-pedro-2026\/"},"author":{"name":"Alba Mar\u00eda Torres","@id":"https:\/\/torredonjimenoactualidad.com\/#\/schema\/person\/84de5f233e783ef2c75151a532b54977"},"headline":"El Ayuntamiento convoca el concurso del cartel anunciador de la Feria de San Pedro 2026","datePublished":"2026-03-05T16:04:25+00:00","dateModified":"2026-03-05T16:04:26+00:00","mainEntityOfPage":{"@id":"https:\/\/torredonjimenoactualidad.com\/index.php\/2026\/03\/05\/el-ayuntamiento-convoca-el-concurso-del-cartel-anunciador-de-la-feria-de-san-pedro-2026\/"},"wordCount":345,"publisher":{"@id":"https:\/\/torredonjimenoactualidad.com\/#organization"},"inLanguage":"es"},{"@type":"WebPage","@id":"https:\/\/torredonjimenoactualidad.com\/index.php\/2026\/03\/05\/el-ayuntamiento-convoca-el-concurso-del-cartel-anunciador-de-la-feria-de-san-pedro-2026\/","url":"https:\/\/torredonjimenoactualidad.com\/index.php\/2026\/03\/05\/el-ayuntamiento-convoca-el-concurso-del-cartel-anunciador-de-la-feria-de-san-pedro-2026\/","name":"El Ayuntamiento convoca el concurso del cartel anunciador de la Feria de San Pedro 2026 - Torredonjimeno Actualidad","isPartOf":{"@id":"https:\/\/torredonjimenoactualidad.com\/#website"},"datePublished":"2026-03-05T16:04:25+00:00","dateModified":"2026-03-05T16:04:26+00:00","breadcrumb":{"@id":"https:\/\/torredonjimenoactualidad.com\/index.php\/2026\/03\/05\/el-ayuntamiento-convoca-el-concurso-del-cartel-anunciador-de-la-feria-de-san-pedro-2026\/#breadcrumb"},"inLanguage":"es","potentialAction":[{"@type":"ReadAction","target":["https:\/\/torredonjimenoactualidad.com\/index.php\/2026\/03\/05\/el-ayuntamiento-convoca-el-concurso-del-cartel-anunciador-de-la-feria-de-san-pedro-2026\/"]}]},{"@type":"BreadcrumbList","@id":"https:\/\/torredonjimenoactualidad.com\/index.php\/2026\/03\/05\/el-ayuntamiento-convoca-el-concurso-del-cartel-anunciador-de-la-feria-de-san-pedro-2026\/#breadcrumb","itemListElement":[{"@type":"ListItem","position":1,"name":"Portada","item":"https:\/\/torredonjimenoactualidad.com\/"},{"@type":"ListItem","position":2,"name":"El Ayuntamiento convoca el concurso del cartel anunciador de la Feria de San Pedro 2026"}]},{"@type":"WebSite","@id":"https:\/\/torredonjimenoactualidad.com\/#website","url":"https:\/\/torredonjimenoactualidad.com\/","name":"Torredonjimeno Actualidad","description":"","publisher":{"@id":"https:\/\/torredonjimenoactualidad.com\/#organization"},"potentialAction":[{"@type":"SearchAction","target":{"@type":"EntryPoint","urlTemplate":"https:\/\/torredonjimenoactualidad.com\/?s={search_term_string}"},"query-input":"required name=search_term_string"}],"inLanguage":"es"},{"@type":"Organization","@id":"https:\/\/torredonjimenoactualidad.com\/#organization","name":"Torredonjimeno Actualidad","url":"https:\/\/torredonjimenoactualidad.com\/","logo":{"@type":"ImageObject","inLanguage":"es","@id":"https:\/\/torredonjimenoactualidad.com\/#\/schema\/logo\/image\/","url":"https:\/\/torredonjimenoactualidad.com\/wp-content\/uploads\/2023\/02\/logo-torredonjimeno-544x180-1.png","contentUrl":"https:\/\/torredonjimenoactualidad.com\/wp-content\/uploads\/2023\/02\/logo-torredonjimeno-544x180-1.png","width":545,"height":112,"caption":"Torredonjimeno Actualidad"},"image":{"@id":"https:\/\/torredonjimenoactualidad.com\/#\/schema\/logo\/image\/"}},{"@type":"Person","@id":"https:\/\/torredonjimenoactualidad.com\/#\/schema\/person\/84de5f233e783ef2c75151a532b54977","name":"Alba Mar\u00eda Torres","image":{"@type":"ImageObject","inLanguage":"es","@id":"https:\/\/torredonjimenoactualidad.com\/#\/schema\/person\/image\/","url":"https:\/\/secure.gravatar.com\/avatar\/f9371f188c71501b4475a9ba2a71595850ec72967f800a2ed8e3e2102859ed65?s=96&d=mm&r=g","contentUrl":"https:\/\/secure.gravatar.com\/avatar\/f9371f188c71501b4475a9ba2a71595850ec72967f800a2ed8e3e2102859ed65?s=96&d=mm&r=g","caption":"Alba Mar\u00eda Torres"},"url":"https:\/\/torredonjimenoactualidad.com\/index.php\/author\/alba-torres\/"}]}},"_links":{"self":[{"href":"https:\/\/torredonjimenoactualidad.com\/index.php\/wp-json\/wp\/v2\/posts\/4644","targetHints":{"allow":["GET"]}}],"collection":[{"href":"https:\/\/torredonjimenoactualidad.com\/index.php\/wp-json\/wp\/v2\/posts"}],"about":[{"href":"https:\/\/torredonjimenoactualidad.com\/index.php\/wp-json\/wp\/v2\/types\/post"}],"author":[{"embeddable":true,"href":"https:\/\/torredonjimenoactualidad.com\/index.php\/wp-json\/wp\/v2\/users\/2"}],"replies":[{"embeddable":true,"href":"https:\/\/torredonjimenoactualidad.com\/index.php\/wp-json\/wp\/v2\/comments?post=4644"}],"version-history":[{"count":1,"href":"https:\/\/torredonjimenoactualidad.com\/index.php\/wp-json\/wp\/v2\/posts\/4644\/revisions"}],"predecessor-version":[{"id":4646,"href":"https:\/\/torredonjimenoactualidad.com\/index.php\/wp-json\/wp\/v2\/posts\/4644\/revisions\/4646"}],"wp:featuredmedia":[{"embeddable":true,"href":"https:\/\/torredonjimenoactualidad.com\/index.php\/wp-json\/wp\/v2\/media\/4645"}],"wp:attachment":[{"href":"https:\/\/torredonjimenoactualidad.com\/index.php\/wp-json\/wp\/v2\/media?parent=4644"}],"wp:term":[{"taxonomy":"category","embeddable":true,"href":"https:\/\/torredonjimenoactualidad.com\/index.php\/wp-json\/wp\/v2\/categories?post=4644"},{"taxonomy":"post_tag","embeddable":true,"href":"https:\/\/torredonjimenoactualidad.com\/index.php\/wp-json\/wp\/v2\/tags?post=4644"}],"curies":[{"name":"wp","href":"https:\/\/api.w.org\/{rel}","templated":true}]}}