{"id":4641,"date":"2026-03-05T15:29:17","date_gmt":"2026-03-05T15:29:17","guid":{"rendered":"https:\/\/torredonjimenoactualidad.com\/?p=4641"},"modified":"2026-03-05T15:29:19","modified_gmt":"2026-03-05T15:29:19","slug":"alcaldes-del-psoe-de-jaen-denuncian-el-engano-de-la-junta-con-el-plan-de-arreglo-de-caminos-rurales","status":"publish","type":"post","link":"https:\/\/torredonjimenoactualidad.com\/index.php\/2026\/03\/05\/alcaldes-del-psoe-de-jaen-denuncian-el-engano-de-la-junta-con-el-plan-de-arreglo-de-caminos-rurales\/","title":{"rendered":"Alcaldes del PSOE de Ja\u00e9n denuncian el \u201cenga\u00f1o\u201d de la Junta con el plan de arreglo de caminos rurales"},"content":{"rendered":"\n<p>Alcaldes y alcaldesas del PSOE en la provincia de Ja\u00e9n denunciaron hoy el \u201cenga\u00f1o\u201d de la Junta de Andaluc\u00eda con el plan de arreglo de caminos rurales tras la reuni\u00f3n mantenida con el delegado del Gobierno andaluz en la provincia. Los regidores socialistas aseguraron que salen del encuentro \u201cm\u00e1s preocupados\u201d ante la falta de soluciones para los municipios.<\/p>\n\n\n\n<p>La concejal del Ayuntamiento de Lopera y secretaria de Pol\u00edtica Municipal del PSOE de Ja\u00e9n, Isabel Uceda, afirm\u00f3 que la reuni\u00f3n ha dejado patente la falta de sensibilidad de la administraci\u00f3n auton\u00f3mica con las necesidades de los ayuntamientos. \u201cHa sido un enga\u00f1o m\u00e1s de la Junta a los ayuntamientos. Los alcaldes han expuesto sus necesidades reales y las soluciones que necesitan, pero hemos visto a una Junta insensible\u201d, reproch\u00f3.<\/p>\n\n\n\n<p>Uceda explic\u00f3 que la orden de ayudas planteada pretende abordar una situaci\u00f3n de emergencia en los caminos rurales, por lo que deber\u00eda aplicarse con car\u00e1cter inmediato. Sin embargo, seg\u00fan indic\u00f3, las obras previstas no se ejecutar\u00edan antes del verano. \u201cPor tanto, no sirve\u201d, sentenci\u00f3.<\/p>\n\n\n\n<p>La responsable socialista tambi\u00e9n traslad\u00f3 otra de las preocupaciones expresadas por los alcaldes durante la reuni\u00f3n: en varios municipios ya se han tenido que realizar reparaciones urgentes en caminos rurales ante la demanda de los agricultores, que necesitaban acceder a sus fincas para poder finalizar la campa\u00f1a de la aceituna.<\/p>\n\n\n\n<p>En este sentido, los regidores solicitaron que esas actuaciones ya ejecutadas pudieran incluirse dentro del decreto de ayudas. Sin embargo, seg\u00fan denunciaron, la Junta no ofreci\u00f3 respuesta a esta petici\u00f3n y mantiene un calendario que prev\u00e9 intervenciones dentro de dos meses, pese a tratarse de una orden de emergencia.<\/p>\n\n\n\n<p>\u201cHoy hemos asistido a un acto de propaganda m\u00e1s de la Junta, un acto que no soluciona los problemas de los ayuntamientos. Nos vamos hoy m\u00e1s preocupados de lo que ven\u00edamos. Llegamos con la esperanza de encontrar soluciones en la Junta y nos vamos muy preocupados porque hemos visto que esas soluciones no van a venir de la mano de Moreno Bonilla\u201d, lament\u00f3.<\/p>\n\n\n\n<p>Uceda quiso adem\u00e1s poner en valor el trabajo de los alcaldes y alcaldesas socialistas, que \u2014seg\u00fan subray\u00f3\u2014 han estado \u201cal pie del ca\u00f1\u00f3n\u201d para resolver las emergencias en sus municipios. Asimismo, destac\u00f3 el apoyo de otras administraciones que s\u00ed est\u00e1n colaborando con los ayuntamientos, como el Gobierno de Espa\u00f1a y la Diputaci\u00f3n de Ja\u00e9n.<\/p>\n","protected":false},"excerpt":{"rendered":"<p>Alcaldes y alcaldesas del PSOE en la provincia de Ja\u00e9n denunciaron hoy el \u201cenga\u00f1o\u201d de la Junta de Andaluc\u00eda con el plan de arreglo de caminos rurales tras la reuni\u00f3n mantenida con el delegado del Gobierno andaluz en la provincia. Los regidores socialistas aseguraron que salen del encuentro \u201cm\u00e1s preocupados\u201d ante la falta de soluciones &hellip;<\/p>\n<p class=\"read-more\"> <a class=\"\" href=\"https:\/\/torredonjimenoactualidad.com\/index.php\/2026\/03\/05\/alcaldes-del-psoe-de-jaen-denuncian-el-engano-de-la-junta-con-el-plan-de-arreglo-de-caminos-rurales\/\"> <span class=\"screen-reader-text\">Alcaldes del PSOE de Ja\u00e9n denuncian el \u201cenga\u00f1o\u201d de la Junta con el plan de arreglo de caminos rurales<\/span> Leer m\u00e1s &raquo;<\/a><\/p>\n","protected":false},"author":2,"featured_media":4642,"comment_status":"closed","ping_status":"open","sticky":false,"template":"","format":"standard","meta":{"site-sidebar-layout":"default","site-content-layout":"default","ast-global-header-display":"","ast-main-header-display":"","ast-hfb-above-header-display":"","ast-hfb-below-header-display":"","ast-hfb-mobile-header-display":"","site-post-title":"","ast-breadcrumbs-content":"","ast-featured-img":"","footer-sml-layout":"","theme-transparent-header-meta":"","adv-header-id-meta":"","stick-header-meta":"","header-above-stick-meta":"","header-main-stick-meta":"","header-below-stick-meta":"","footnotes":""},"categories":[8],"tags":[],"class_list":["post-4641","post","type-post","status-publish","format-standard","has-post-thumbnail","hentry","category-provincia"],"yoast_head":"<!-- This site is optimized with the Yoast SEO plugin v20.8 - https:\/\/yoast.com\/wordpress\/plugins\/seo\/ -->\n<title>Alcaldes del PSOE de Ja\u00e9n denuncian el \u201cenga\u00f1o\u201d de la Junta con el plan de arreglo de caminos rurales - Torredonjimeno Actualidad<\/title>\n<meta name=\"robots\" content=\"index, follow, max-snippet:-1, max-image-preview:large, max-video-preview:-1\" \/>\n<link rel=\"canonical\" href=\"https:\/\/torredonjimenoactualidad.com\/index.php\/2026\/03\/05\/alcaldes-del-psoe-de-jaen-denuncian-el-engano-de-la-junta-con-el-plan-de-arreglo-de-caminos-rurales\/\" \/>\n<meta property=\"og:locale\" content=\"es_ES\" \/>\n<meta property=\"og:type\" content=\"article\" \/>\n<meta property=\"og:title\" content=\"Alcaldes del PSOE de Ja\u00e9n denuncian el \u201cenga\u00f1o\u201d de la Junta con el plan de arreglo de caminos rurales - Torredonjimeno Actualidad\" \/>\n<meta property=\"og:description\" content=\"Alcaldes y alcaldesas del PSOE en la provincia de Ja\u00e9n denunciaron hoy el \u201cenga\u00f1o\u201d de la Junta de Andaluc\u00eda con el plan de arreglo de caminos rurales tras la reuni\u00f3n mantenida con el delegado del Gobierno andaluz en la provincia. Los regidores socialistas aseguraron que salen del encuentro \u201cm\u00e1s preocupados\u201d ante la falta de soluciones &hellip; Alcaldes del PSOE de Ja\u00e9n denuncian el \u201cenga\u00f1o\u201d de la Junta con el plan de arreglo de caminos rurales Leer m\u00e1s &raquo;\" \/>\n<meta property=\"og:url\" content=\"https:\/\/torredonjimenoactualidad.com\/index.php\/2026\/03\/05\/alcaldes-del-psoe-de-jaen-denuncian-el-engano-de-la-junta-con-el-plan-de-arreglo-de-caminos-rurales\/\" \/>\n<meta property=\"og:site_name\" content=\"Torredonjimeno Actualidad\" \/>\n<meta property=\"article:published_time\" content=\"2026-03-05T15:29:17+00:00\" \/>\n<meta property=\"article:modified_time\" content=\"2026-03-05T15:29:19+00:00\" \/>\n<meta property=\"og:image\" content=\"https:\/\/torredonjimenoactualidad.com\/wp-content\/uploads\/2026\/03\/alcaldes-caminos-rurales-Junta.jpeg\" \/>\n\t<meta property=\"og:image:width\" content=\"1600\" \/>\n\t<meta property=\"og:image:height\" content=\"914\" \/>\n\t<meta property=\"og:image:type\" content=\"image\/jpeg\" \/>\n<meta name=\"author\" content=\"Alba Mar\u00eda Torres\" \/>\n<meta name=\"twitter:card\" content=\"summary_large_image\" \/>\n<meta name=\"twitter:label1\" content=\"Escrito por\" \/>\n\t<meta name=\"twitter:data1\" content=\"Alba Mar\u00eda Torres\" \/>\n\t<meta name=\"twitter:label2\" content=\"Tiempo de lectura\" \/>\n\t<meta name=\"twitter:data2\" content=\"2 minutos\" \/>\n<script type=\"application\/ld+json\" class=\"yoast-schema-graph\">{\"@context\":\"https:\/\/schema.org\",\"@graph\":[{\"@type\":\"Article\",\"@id\":\"https:\/\/torredonjimenoactualidad.com\/index.php\/2026\/03\/05\/alcaldes-del-psoe-de-jaen-denuncian-el-engano-de-la-junta-con-el-plan-de-arreglo-de-caminos-rurales\/#article\",\"isPartOf\":{\"@id\":\"https:\/\/torredonjimenoactualidad.com\/index.php\/2026\/03\/05\/alcaldes-del-psoe-de-jaen-denuncian-el-engano-de-la-junta-con-el-plan-de-arreglo-de-caminos-rurales\/\"},\"author\":{\"name\":\"Alba Mar\u00eda Torres\",\"@id\":\"https:\/\/torredonjimenoactualidad.com\/#\/schema\/person\/84de5f233e783ef2c75151a532b54977\"},\"headline\":\"Alcaldes del PSOE de Ja\u00e9n denuncian el \u201cenga\u00f1o\u201d de la Junta con el plan de arreglo de caminos rurales\",\"datePublished\":\"2026-03-05T15:29:17+00:00\",\"dateModified\":\"2026-03-05T15:29:19+00:00\",\"mainEntityOfPage\":{\"@id\":\"https:\/\/torredonjimenoactualidad.com\/index.php\/2026\/03\/05\/alcaldes-del-psoe-de-jaen-denuncian-el-engano-de-la-junta-con-el-plan-de-arreglo-de-caminos-rurales\/\"},\"wordCount\":440,\"publisher\":{\"@id\":\"https:\/\/torredonjimenoactualidad.com\/#organization\"},\"articleSection\":[\"provincia\"],\"inLanguage\":\"es\"},{\"@type\":\"WebPage\",\"@id\":\"https:\/\/torredonjimenoactualidad.com\/index.php\/2026\/03\/05\/alcaldes-del-psoe-de-jaen-denuncian-el-engano-de-la-junta-con-el-plan-de-arreglo-de-caminos-rurales\/\",\"url\":\"https:\/\/torredonjimenoactualidad.com\/index.php\/2026\/03\/05\/alcaldes-del-psoe-de-jaen-denuncian-el-engano-de-la-junta-con-el-plan-de-arreglo-de-caminos-rurales\/\",\"name\":\"Alcaldes del PSOE de Ja\u00e9n denuncian el \u201cenga\u00f1o\u201d de la Junta con el plan de arreglo de caminos rurales - Torredonjimeno Actualidad\",\"isPartOf\":{\"@id\":\"https:\/\/torredonjimenoactualidad.com\/#website\"},\"datePublished\":\"2026-03-05T15:29:17+00:00\",\"dateModified\":\"2026-03-05T15:29:19+00:00\",\"breadcrumb\":{\"@id\":\"https:\/\/torredonjimenoactualidad.com\/index.php\/2026\/03\/05\/alcaldes-del-psoe-de-jaen-denuncian-el-engano-de-la-junta-con-el-plan-de-arreglo-de-caminos-rurales\/#breadcrumb\"},\"inLanguage\":\"es\",\"potentialAction\":[{\"@type\":\"ReadAction\",\"target\":[\"https:\/\/torredonjimenoactualidad.com\/index.php\/2026\/03\/05\/alcaldes-del-psoe-de-jaen-denuncian-el-engano-de-la-junta-con-el-plan-de-arreglo-de-caminos-rurales\/\"]}]},{\"@type\":\"BreadcrumbList\",\"@id\":\"https:\/\/torredonjimenoactualidad.com\/index.php\/2026\/03\/05\/alcaldes-del-psoe-de-jaen-denuncian-el-engano-de-la-junta-con-el-plan-de-arreglo-de-caminos-rurales\/#breadcrumb\",\"itemListElement\":[{\"@type\":\"ListItem\",\"position\":1,\"name\":\"Portada\",\"item\":\"https:\/\/torredonjimenoactualidad.com\/\"},{\"@type\":\"ListItem\",\"position\":2,\"name\":\"Alcaldes del PSOE de Ja\u00e9n denuncian el \u201cenga\u00f1o\u201d de la Junta con el plan de arreglo de caminos rurales\"}]},{\"@type\":\"WebSite\",\"@id\":\"https:\/\/torredonjimenoactualidad.com\/#website\",\"url\":\"https:\/\/torredonjimenoactualidad.com\/\",\"name\":\"Torredonjimeno Actualidad\",\"description\":\"\",\"publisher\":{\"@id\":\"https:\/\/torredonjimenoactualidad.com\/#organization\"},\"potentialAction\":[{\"@type\":\"SearchAction\",\"target\":{\"@type\":\"EntryPoint\",\"urlTemplate\":\"https:\/\/torredonjimenoactualidad.com\/?s={search_term_string}\"},\"query-input\":\"required name=search_term_string\"}],\"inLanguage\":\"es\"},{\"@type\":\"Organization\",\"@id\":\"https:\/\/torredonjimenoactualidad.com\/#organization\",\"name\":\"Torredonjimeno Actualidad\",\"url\":\"https:\/\/torredonjimenoactualidad.com\/\",\"logo\":{\"@type\":\"ImageObject\",\"inLanguage\":\"es\",\"@id\":\"https:\/\/torredonjimenoactualidad.com\/#\/schema\/logo\/image\/\",\"url\":\"https:\/\/torredonjimenoactualidad.com\/wp-content\/uploads\/2023\/02\/logo-torredonjimeno-544x180-1.png\",\"contentUrl\":\"https:\/\/torredonjimenoactualidad.com\/wp-content\/uploads\/2023\/02\/logo-torredonjimeno-544x180-1.png\",\"width\":545,\"height\":112,\"caption\":\"Torredonjimeno Actualidad\"},\"image\":{\"@id\":\"https:\/\/torredonjimenoactualidad.com\/#\/schema\/logo\/image\/\"}},{\"@type\":\"Person\",\"@id\":\"https:\/\/torredonjimenoactualidad.com\/#\/schema\/person\/84de5f233e783ef2c75151a532b54977\",\"name\":\"Alba Mar\u00eda Torres\",\"image\":{\"@type\":\"ImageObject\",\"inLanguage\":\"es\",\"@id\":\"https:\/\/torredonjimenoactualidad.com\/#\/schema\/person\/image\/\",\"url\":\"https:\/\/secure.gravatar.com\/avatar\/f9371f188c71501b4475a9ba2a71595850ec72967f800a2ed8e3e2102859ed65?s=96&d=mm&r=g\",\"contentUrl\":\"https:\/\/secure.gravatar.com\/avatar\/f9371f188c71501b4475a9ba2a71595850ec72967f800a2ed8e3e2102859ed65?s=96&d=mm&r=g\",\"caption\":\"Alba Mar\u00eda Torres\"},\"url\":\"https:\/\/torredonjimenoactualidad.com\/index.php\/author\/alba-torres\/\"}]}<\/script>\n<!-- \/ Yoast SEO plugin. -->","yoast_head_json":{"title":"Alcaldes del PSOE de Ja\u00e9n denuncian el \u201cenga\u00f1o\u201d de la Junta con el plan de arreglo de caminos rurales - Torredonjimeno Actualidad","robots":{"index":"index","follow":"follow","max-snippet":"max-snippet:-1","max-image-preview":"max-image-preview:large","max-video-preview":"max-video-preview:-1"},"canonical":"https:\/\/torredonjimenoactualidad.com\/index.php\/2026\/03\/05\/alcaldes-del-psoe-de-jaen-denuncian-el-engano-de-la-junta-con-el-plan-de-arreglo-de-caminos-rurales\/","og_locale":"es_ES","og_type":"article","og_title":"Alcaldes del PSOE de Ja\u00e9n denuncian el \u201cenga\u00f1o\u201d de la Junta con el plan de arreglo de caminos rurales - Torredonjimeno Actualidad","og_description":"Alcaldes y alcaldesas del PSOE en la provincia de Ja\u00e9n denunciaron hoy el \u201cenga\u00f1o\u201d de la Junta de Andaluc\u00eda con el plan de arreglo de caminos rurales tras la reuni\u00f3n mantenida con el delegado del Gobierno andaluz en la provincia. Los regidores socialistas aseguraron que salen del encuentro \u201cm\u00e1s preocupados\u201d ante la falta de soluciones &hellip; Alcaldes del PSOE de Ja\u00e9n denuncian el \u201cenga\u00f1o\u201d de la Junta con el plan de arreglo de caminos rurales Leer m\u00e1s &raquo;","og_url":"https:\/\/torredonjimenoactualidad.com\/index.php\/2026\/03\/05\/alcaldes-del-psoe-de-jaen-denuncian-el-engano-de-la-junta-con-el-plan-de-arreglo-de-caminos-rurales\/","og_site_name":"Torredonjimeno Actualidad","article_published_time":"2026-03-05T15:29:17+00:00","article_modified_time":"2026-03-05T15:29:19+00:00","og_image":[{"width":1600,"height":914,"url":"https:\/\/torredonjimenoactualidad.com\/wp-content\/uploads\/2026\/03\/alcaldes-caminos-rurales-Junta.jpeg","type":"image\/jpeg"}],"author":"Alba Mar\u00eda Torres","twitter_card":"summary_large_image","twitter_misc":{"Escrito por":"Alba Mar\u00eda Torres","Tiempo de lectura":"2 minutos"},"schema":{"@context":"https:\/\/schema.org","@graph":[{"@type":"Article","@id":"https:\/\/torredonjimenoactualidad.com\/index.php\/2026\/03\/05\/alcaldes-del-psoe-de-jaen-denuncian-el-engano-de-la-junta-con-el-plan-de-arreglo-de-caminos-rurales\/#article","isPartOf":{"@id":"https:\/\/torredonjimenoactualidad.com\/index.php\/2026\/03\/05\/alcaldes-del-psoe-de-jaen-denuncian-el-engano-de-la-junta-con-el-plan-de-arreglo-de-caminos-rurales\/"},"author":{"name":"Alba Mar\u00eda Torres","@id":"https:\/\/torredonjimenoactualidad.com\/#\/schema\/person\/84de5f233e783ef2c75151a532b54977"},"headline":"Alcaldes del PSOE de Ja\u00e9n denuncian el \u201cenga\u00f1o\u201d de la Junta con el plan de arreglo de caminos rurales","datePublished":"2026-03-05T15:29:17+00:00","dateModified":"2026-03-05T15:29:19+00:00","mainEntityOfPage":{"@id":"https:\/\/torredonjimenoactualidad.com\/index.php\/2026\/03\/05\/alcaldes-del-psoe-de-jaen-denuncian-el-engano-de-la-junta-con-el-plan-de-arreglo-de-caminos-rurales\/"},"wordCount":440,"publisher":{"@id":"https:\/\/torredonjimenoactualidad.com\/#organization"},"articleSection":["provincia"],"inLanguage":"es"},{"@type":"WebPage","@id":"https:\/\/torredonjimenoactualidad.com\/index.php\/2026\/03\/05\/alcaldes-del-psoe-de-jaen-denuncian-el-engano-de-la-junta-con-el-plan-de-arreglo-de-caminos-rurales\/","url":"https:\/\/torredonjimenoactualidad.com\/index.php\/2026\/03\/05\/alcaldes-del-psoe-de-jaen-denuncian-el-engano-de-la-junta-con-el-plan-de-arreglo-de-caminos-rurales\/","name":"Alcaldes del PSOE de Ja\u00e9n denuncian el \u201cenga\u00f1o\u201d de la Junta con el plan de arreglo de caminos rurales - Torredonjimeno Actualidad","isPartOf":{"@id":"https:\/\/torredonjimenoactualidad.com\/#website"},"datePublished":"2026-03-05T15:29:17+00:00","dateModified":"2026-03-05T15:29:19+00:00","breadcrumb":{"@id":"https:\/\/torredonjimenoactualidad.com\/index.php\/2026\/03\/05\/alcaldes-del-psoe-de-jaen-denuncian-el-engano-de-la-junta-con-el-plan-de-arreglo-de-caminos-rurales\/#breadcrumb"},"inLanguage":"es","potentialAction":[{"@type":"ReadAction","target":["https:\/\/torredonjimenoactualidad.com\/index.php\/2026\/03\/05\/alcaldes-del-psoe-de-jaen-denuncian-el-engano-de-la-junta-con-el-plan-de-arreglo-de-caminos-rurales\/"]}]},{"@type":"BreadcrumbList","@id":"https:\/\/torredonjimenoactualidad.com\/index.php\/2026\/03\/05\/alcaldes-del-psoe-de-jaen-denuncian-el-engano-de-la-junta-con-el-plan-de-arreglo-de-caminos-rurales\/#breadcrumb","itemListElement":[{"@type":"ListItem","position":1,"name":"Portada","item":"https:\/\/torredonjimenoactualidad.com\/"},{"@type":"ListItem","position":2,"name":"Alcaldes del PSOE de Ja\u00e9n denuncian el \u201cenga\u00f1o\u201d de la Junta con el plan de arreglo de caminos rurales"}]},{"@type":"WebSite","@id":"https:\/\/torredonjimenoactualidad.com\/#website","url":"https:\/\/torredonjimenoactualidad.com\/","name":"Torredonjimeno Actualidad","description":"","publisher":{"@id":"https:\/\/torredonjimenoactualidad.com\/#organization"},"potentialAction":[{"@type":"SearchAction","target":{"@type":"EntryPoint","urlTemplate":"https:\/\/torredonjimenoactualidad.com\/?s={search_term_string}"},"query-input":"required name=search_term_string"}],"inLanguage":"es"},{"@type":"Organization","@id":"https:\/\/torredonjimenoactualidad.com\/#organization","name":"Torredonjimeno Actualidad","url":"https:\/\/torredonjimenoactualidad.com\/","logo":{"@type":"ImageObject","inLanguage":"es","@id":"https:\/\/torredonjimenoactualidad.com\/#\/schema\/logo\/image\/","url":"https:\/\/torredonjimenoactualidad.com\/wp-content\/uploads\/2023\/02\/logo-torredonjimeno-544x180-1.png","contentUrl":"https:\/\/torredonjimenoactualidad.com\/wp-content\/uploads\/2023\/02\/logo-torredonjimeno-544x180-1.png","width":545,"height":112,"caption":"Torredonjimeno Actualidad"},"image":{"@id":"https:\/\/torredonjimenoactualidad.com\/#\/schema\/logo\/image\/"}},{"@type":"Person","@id":"https:\/\/torredonjimenoactualidad.com\/#\/schema\/person\/84de5f233e783ef2c75151a532b54977","name":"Alba Mar\u00eda Torres","image":{"@type":"ImageObject","inLanguage":"es","@id":"https:\/\/torredonjimenoactualidad.com\/#\/schema\/person\/image\/","url":"https:\/\/secure.gravatar.com\/avatar\/f9371f188c71501b4475a9ba2a71595850ec72967f800a2ed8e3e2102859ed65?s=96&d=mm&r=g","contentUrl":"https:\/\/secure.gravatar.com\/avatar\/f9371f188c71501b4475a9ba2a71595850ec72967f800a2ed8e3e2102859ed65?s=96&d=mm&r=g","caption":"Alba Mar\u00eda Torres"},"url":"https:\/\/torredonjimenoactualidad.com\/index.php\/author\/alba-torres\/"}]}},"_links":{"self":[{"href":"https:\/\/torredonjimenoactualidad.com\/index.php\/wp-json\/wp\/v2\/posts\/4641","targetHints":{"allow":["GET"]}}],"collection":[{"href":"https:\/\/torredonjimenoactualidad.com\/index.php\/wp-json\/wp\/v2\/posts"}],"about":[{"href":"https:\/\/torredonjimenoactualidad.com\/index.php\/wp-json\/wp\/v2\/types\/post"}],"author":[{"embeddable":true,"href":"https:\/\/torredonjimenoactualidad.com\/index.php\/wp-json\/wp\/v2\/users\/2"}],"replies":[{"embeddable":true,"href":"https:\/\/torredonjimenoactualidad.com\/index.php\/wp-json\/wp\/v2\/comments?post=4641"}],"version-history":[{"count":1,"href":"https:\/\/torredonjimenoactualidad.com\/index.php\/wp-json\/wp\/v2\/posts\/4641\/revisions"}],"predecessor-version":[{"id":4643,"href":"https:\/\/torredonjimenoactualidad.com\/index.php\/wp-json\/wp\/v2\/posts\/4641\/revisions\/4643"}],"wp:featuredmedia":[{"embeddable":true,"href":"https:\/\/torredonjimenoactualidad.com\/index.php\/wp-json\/wp\/v2\/media\/4642"}],"wp:attachment":[{"href":"https:\/\/torredonjimenoactualidad.com\/index.php\/wp-json\/wp\/v2\/media?parent=4641"}],"wp:term":[{"taxonomy":"category","embeddable":true,"href":"https:\/\/torredonjimenoactualidad.com\/index.php\/wp-json\/wp\/v2\/categories?post=4641"},{"taxonomy":"post_tag","embeddable":true,"href":"https:\/\/torredonjimenoactualidad.com\/index.php\/wp-json\/wp\/v2\/tags?post=4641"}],"curies":[{"name":"wp","href":"https:\/\/api.w.org\/{rel}","templated":true}]}}