{"id":4635,"date":"2026-03-05T15:06:49","date_gmt":"2026-03-05T15:06:49","guid":{"rendered":"https:\/\/torredonjimenoactualidad.com\/?p=4635"},"modified":"2026-03-05T15:17:04","modified_gmt":"2026-03-05T15:17:04","slug":"la-junta-analiza-con-alcaldes-de-la-provincia-las-ayudas-para-caminos-rurales-y-regadio-afectados-por-el-temporal","status":"publish","type":"post","link":"https:\/\/torredonjimenoactualidad.com\/index.php\/2026\/03\/05\/la-junta-analiza-con-alcaldes-de-la-provincia-las-ayudas-para-caminos-rurales-y-regadio-afectados-por-el-temporal\/","title":{"rendered":"La Junta informa a los ayuntamientos de Ja\u00e9n del plan de emergencia para reparar caminos rurales da\u00f1ados por las borrascas"},"content":{"rendered":"\n<p>El Ayuntamiento de Torredonjimeno,\u00a0<strong>Enrique Castro<\/strong>, ha participado este jueves en la reuni\u00f3n t\u00e9cnica convocada por el delegado del Gobierno andaluz en Ja\u00e9n,\u00a0<strong>Jes\u00fas Estrella<\/strong>, para informar a alcaldes y alcaldesas de la provincia sobre el plan de emergencia destinado a la reparaci\u00f3n de caminos rurales e infraestructuras colectivas de riego afectados por las borrascas registradas entre el\u00a0<strong>10 de noviembre de 2025 y el 9 de febrero de 2026<\/strong>.<\/p>\n\n\n\n<p>El encuentro tambi\u00e9n ha contado con la presencia de la vicepresidenta tercera de la Diputaci\u00f3n de Ja\u00e9n,&nbsp;<strong>Pilar Parra<\/strong>, y se enmarca dentro de las medidas incluidas en el&nbsp;<strong>Plan Andaluc\u00eda Act\u00faa<\/strong>, que contempla una inversi\u00f3n global de&nbsp;<strong>1.780 millones de euros<\/strong>&nbsp;con la que la Junta de Andaluc\u00eda est\u00e1 interviniendo en la recuperaci\u00f3n de los da\u00f1os provocados por el tren de borrascas de los \u00faltimos meses.<\/p>\n\n\n\n<p>Seg\u00fan ha explicado Jes\u00fas Estrella, la Junta ha querido trasladar directamente a los responsables municipales toda la informaci\u00f3n sobre estas ayudas, impulsadas espec\u00edficamente para actuar con car\u00e1cter urgente en los&nbsp;<strong>caminos rurales de titularidad municipal<\/strong>.<\/p>\n\n\n\n<p>Dentro de este plan, el Gobierno andaluz contempla una inversi\u00f3n de&nbsp;<strong>120 millones de euros<\/strong>&nbsp;para toda Andaluc\u00eda, de los cuales&nbsp;<strong>80 millones se destinar\u00e1n a la reparaci\u00f3n de caminos rurales<\/strong>&nbsp;y&nbsp;<strong>20 millones a infraestructuras de comunidades de regantes<\/strong>. Estas actuaciones se centrar\u00e1n especialmente en aquellos caminos que han quedado&nbsp;<strong>intransitables<\/strong>&nbsp;como consecuencia de los temporales.<\/p>\n\n\n\n<p>El delegado del Gobierno ha destacado adem\u00e1s la importancia de la colaboraci\u00f3n de los ayuntamientos para identificar los da\u00f1os existentes en cada municipio. En este sentido, los alcaldes deber\u00e1n&nbsp;<strong>trasladar las incidencias detectadas antes del pr\u00f3ximo 10 de marzo<\/strong>, momento a partir del cual t\u00e9cnicos de la Junta recorrer\u00e1n los caminos se\u00f1alados para activar el&nbsp;<strong>procedimiento de emergencia<\/strong>.<\/p>\n\n\n\n<p>Las actuaciones contempladas consistir\u00e1n en&nbsp;<strong>trabajos de arreglo y reposici\u00f3n de los caminos rurales<\/strong>, garantizando que el proceso se desarrolle con la mayor rapidez y agilidad posible para que las ayudas lleguen cuanto antes a los municipios afectados.<\/p>\n\n\n\n<p>El&nbsp;<strong>Plan Andaluc\u00eda Act\u00faa<\/strong>&nbsp;corresponde a la fase de recuperaci\u00f3n tras la emergencia meteorol\u00f3gica y cuenta con&nbsp;<strong>m\u00e1s de 1.780 millones de euros de recursos propios<\/strong>&nbsp;destinados a ayudas directas para&nbsp;<strong>agricultores, ganaderos, aut\u00f3nomos, peque\u00f1as y medianas empresas y ayuntamientos<\/strong>.<\/p>\n\n\n\n<p>El objetivo es restablecer la normalidad tanto en la actividad econ\u00f3mica como en las infraestructuras da\u00f1adas por los temporales, incluyendo&nbsp;<strong>carreteras, caminos rurales, v\u00edas pecuarias, centros educativos, espacios sanitarios e infraestructuras municipales<\/strong>, as\u00ed como paliar la p\u00e9rdida de jornales y actividad econ\u00f3mica en el sector primario y en las pymes.<\/p>\n\n\n\n<p><\/p>\n","protected":false},"excerpt":{"rendered":"<p>El Ayuntamiento de Torredonjimeno,\u00a0Enrique Castro, ha participado este jueves en la reuni\u00f3n t\u00e9cnica convocada por el delegado del Gobierno andaluz en Ja\u00e9n,\u00a0Jes\u00fas Estrella, para informar a alcaldes y alcaldesas de la provincia sobre el plan de emergencia destinado a la reparaci\u00f3n de caminos rurales e infraestructuras colectivas de riego afectados por las borrascas registradas entre &hellip;<\/p>\n<p class=\"read-more\"> <a class=\"\" href=\"https:\/\/torredonjimenoactualidad.com\/index.php\/2026\/03\/05\/la-junta-analiza-con-alcaldes-de-la-provincia-las-ayudas-para-caminos-rurales-y-regadio-afectados-por-el-temporal\/\"> <span class=\"screen-reader-text\">La Junta informa a los ayuntamientos de Ja\u00e9n del plan de emergencia para reparar caminos rurales da\u00f1ados por las borrascas<\/span> Leer m\u00e1s &raquo;<\/a><\/p>\n","protected":false},"author":3,"featured_media":4636,"comment_status":"closed","ping_status":"open","sticky":false,"template":"","format":"standard","meta":{"site-sidebar-layout":"default","site-content-layout":"default","ast-global-header-display":"","ast-main-header-display":"","ast-hfb-above-header-display":"","ast-hfb-below-header-display":"","ast-hfb-mobile-header-display":"","site-post-title":"","ast-breadcrumbs-content":"","ast-featured-img":"","footer-sml-layout":"","theme-transparent-header-meta":"","adv-header-id-meta":"","stick-header-meta":"","header-above-stick-meta":"","header-main-stick-meta":"","header-below-stick-meta":"","footnotes":""},"categories":[8],"tags":[],"class_list":["post-4635","post","type-post","status-publish","format-standard","has-post-thumbnail","hentry","category-provincia"],"yoast_head":"<!-- This site is optimized with the Yoast SEO plugin v20.8 - https:\/\/yoast.com\/wordpress\/plugins\/seo\/ -->\n<title>La Junta informa a los ayuntamientos de Ja\u00e9n del plan de emergencia para reparar caminos rurales da\u00f1ados por las borrascas - Torredonjimeno Actualidad<\/title>\n<meta name=\"robots\" content=\"index, follow, max-snippet:-1, max-image-preview:large, max-video-preview:-1\" \/>\n<link rel=\"canonical\" href=\"https:\/\/torredonjimenoactualidad.com\/index.php\/2026\/03\/05\/la-junta-analiza-con-alcaldes-de-la-provincia-las-ayudas-para-caminos-rurales-y-regadio-afectados-por-el-temporal\/\" \/>\n<meta property=\"og:locale\" content=\"es_ES\" \/>\n<meta property=\"og:type\" content=\"article\" \/>\n<meta property=\"og:title\" content=\"La Junta informa a los ayuntamientos de Ja\u00e9n del plan de emergencia para reparar caminos rurales da\u00f1ados por las borrascas - Torredonjimeno Actualidad\" \/>\n<meta property=\"og:description\" content=\"El Ayuntamiento de Torredonjimeno,\u00a0Enrique Castro, ha participado este jueves en la reuni\u00f3n t\u00e9cnica convocada por el delegado del Gobierno andaluz en Ja\u00e9n,\u00a0Jes\u00fas Estrella, para informar a alcaldes y alcaldesas de la provincia sobre el plan de emergencia destinado a la reparaci\u00f3n de caminos rurales e infraestructuras colectivas de riego afectados por las borrascas registradas entre &hellip; La Junta informa a los ayuntamientos de Ja\u00e9n del plan de emergencia para reparar caminos rurales da\u00f1ados por las borrascas Leer m\u00e1s &raquo;\" \/>\n<meta property=\"og:url\" content=\"https:\/\/torredonjimenoactualidad.com\/index.php\/2026\/03\/05\/la-junta-analiza-con-alcaldes-de-la-provincia-las-ayudas-para-caminos-rurales-y-regadio-afectados-por-el-temporal\/\" \/>\n<meta property=\"og:site_name\" content=\"Torredonjimeno Actualidad\" \/>\n<meta property=\"article:published_time\" content=\"2026-03-05T15:06:49+00:00\" \/>\n<meta property=\"article:modified_time\" content=\"2026-03-05T15:17:04+00:00\" \/>\n<meta property=\"og:image\" content=\"https:\/\/torredonjimenoactualidad.com\/wp-content\/uploads\/2026\/03\/fotonoticia_20260305152323_1920.jpg\" \/>\n\t<meta property=\"og:image:width\" content=\"1634\" \/>\n\t<meta property=\"og:image:height\" content=\"933\" \/>\n\t<meta property=\"og:image:type\" content=\"image\/jpeg\" \/>\n<meta name=\"author\" content=\"Redaccion\" \/>\n<meta name=\"twitter:card\" content=\"summary_large_image\" \/>\n<meta name=\"twitter:label1\" content=\"Escrito por\" \/>\n\t<meta name=\"twitter:data1\" content=\"Redaccion\" \/>\n\t<meta name=\"twitter:label2\" content=\"Tiempo de lectura\" \/>\n\t<meta name=\"twitter:data2\" content=\"2 minutos\" \/>\n<script type=\"application\/ld+json\" class=\"yoast-schema-graph\">{\"@context\":\"https:\/\/schema.org\",\"@graph\":[{\"@type\":\"Article\",\"@id\":\"https:\/\/torredonjimenoactualidad.com\/index.php\/2026\/03\/05\/la-junta-analiza-con-alcaldes-de-la-provincia-las-ayudas-para-caminos-rurales-y-regadio-afectados-por-el-temporal\/#article\",\"isPartOf\":{\"@id\":\"https:\/\/torredonjimenoactualidad.com\/index.php\/2026\/03\/05\/la-junta-analiza-con-alcaldes-de-la-provincia-las-ayudas-para-caminos-rurales-y-regadio-afectados-por-el-temporal\/\"},\"author\":{\"name\":\"Redaccion\",\"@id\":\"https:\/\/torredonjimenoactualidad.com\/#\/schema\/person\/11f05803cdf40dbeb7f4fbf2365c9ac5\"},\"headline\":\"La Junta informa a los ayuntamientos de Ja\u00e9n del plan de emergencia para reparar caminos rurales da\u00f1ados por las borrascas\",\"datePublished\":\"2026-03-05T15:06:49+00:00\",\"dateModified\":\"2026-03-05T15:17:04+00:00\",\"mainEntityOfPage\":{\"@id\":\"https:\/\/torredonjimenoactualidad.com\/index.php\/2026\/03\/05\/la-junta-analiza-con-alcaldes-de-la-provincia-las-ayudas-para-caminos-rurales-y-regadio-afectados-por-el-temporal\/\"},\"wordCount\":494,\"publisher\":{\"@id\":\"https:\/\/torredonjimenoactualidad.com\/#organization\"},\"articleSection\":[\"provincia\"],\"inLanguage\":\"es\"},{\"@type\":\"WebPage\",\"@id\":\"https:\/\/torredonjimenoactualidad.com\/index.php\/2026\/03\/05\/la-junta-analiza-con-alcaldes-de-la-provincia-las-ayudas-para-caminos-rurales-y-regadio-afectados-por-el-temporal\/\",\"url\":\"https:\/\/torredonjimenoactualidad.com\/index.php\/2026\/03\/05\/la-junta-analiza-con-alcaldes-de-la-provincia-las-ayudas-para-caminos-rurales-y-regadio-afectados-por-el-temporal\/\",\"name\":\"La Junta informa a los ayuntamientos de Ja\u00e9n del plan de emergencia para reparar caminos rurales da\u00f1ados por las borrascas - Torredonjimeno Actualidad\",\"isPartOf\":{\"@id\":\"https:\/\/torredonjimenoactualidad.com\/#website\"},\"datePublished\":\"2026-03-05T15:06:49+00:00\",\"dateModified\":\"2026-03-05T15:17:04+00:00\",\"breadcrumb\":{\"@id\":\"https:\/\/torredonjimenoactualidad.com\/index.php\/2026\/03\/05\/la-junta-analiza-con-alcaldes-de-la-provincia-las-ayudas-para-caminos-rurales-y-regadio-afectados-por-el-temporal\/#breadcrumb\"},\"inLanguage\":\"es\",\"potentialAction\":[{\"@type\":\"ReadAction\",\"target\":[\"https:\/\/torredonjimenoactualidad.com\/index.php\/2026\/03\/05\/la-junta-analiza-con-alcaldes-de-la-provincia-las-ayudas-para-caminos-rurales-y-regadio-afectados-por-el-temporal\/\"]}]},{\"@type\":\"BreadcrumbList\",\"@id\":\"https:\/\/torredonjimenoactualidad.com\/index.php\/2026\/03\/05\/la-junta-analiza-con-alcaldes-de-la-provincia-las-ayudas-para-caminos-rurales-y-regadio-afectados-por-el-temporal\/#breadcrumb\",\"itemListElement\":[{\"@type\":\"ListItem\",\"position\":1,\"name\":\"Portada\",\"item\":\"https:\/\/torredonjimenoactualidad.com\/\"},{\"@type\":\"ListItem\",\"position\":2,\"name\":\"La Junta informa a los ayuntamientos de Ja\u00e9n del plan de emergencia para reparar caminos rurales da\u00f1ados por las borrascas\"}]},{\"@type\":\"WebSite\",\"@id\":\"https:\/\/torredonjimenoactualidad.com\/#website\",\"url\":\"https:\/\/torredonjimenoactualidad.com\/\",\"name\":\"Torredonjimeno Actualidad\",\"description\":\"\",\"publisher\":{\"@id\":\"https:\/\/torredonjimenoactualidad.com\/#organization\"},\"potentialAction\":[{\"@type\":\"SearchAction\",\"target\":{\"@type\":\"EntryPoint\",\"urlTemplate\":\"https:\/\/torredonjimenoactualidad.com\/?s={search_term_string}\"},\"query-input\":\"required name=search_term_string\"}],\"inLanguage\":\"es\"},{\"@type\":\"Organization\",\"@id\":\"https:\/\/torredonjimenoactualidad.com\/#organization\",\"name\":\"Torredonjimeno Actualidad\",\"url\":\"https:\/\/torredonjimenoactualidad.com\/\",\"logo\":{\"@type\":\"ImageObject\",\"inLanguage\":\"es\",\"@id\":\"https:\/\/torredonjimenoactualidad.com\/#\/schema\/logo\/image\/\",\"url\":\"https:\/\/torredonjimenoactualidad.com\/wp-content\/uploads\/2023\/02\/logo-torredonjimeno-544x180-1.png\",\"contentUrl\":\"https:\/\/torredonjimenoactualidad.com\/wp-content\/uploads\/2023\/02\/logo-torredonjimeno-544x180-1.png\",\"width\":545,\"height\":112,\"caption\":\"Torredonjimeno Actualidad\"},\"image\":{\"@id\":\"https:\/\/torredonjimenoactualidad.com\/#\/schema\/logo\/image\/\"}},{\"@type\":\"Person\",\"@id\":\"https:\/\/torredonjimenoactualidad.com\/#\/schema\/person\/11f05803cdf40dbeb7f4fbf2365c9ac5\",\"name\":\"Redaccion\",\"image\":{\"@type\":\"ImageObject\",\"inLanguage\":\"es\",\"@id\":\"https:\/\/torredonjimenoactualidad.com\/#\/schema\/person\/image\/\",\"url\":\"https:\/\/secure.gravatar.com\/avatar\/5917bab7eff43e17746fd29b509939469470810b6b989b7cc2f89e3188399bf3?s=96&d=mm&r=g\",\"contentUrl\":\"https:\/\/secure.gravatar.com\/avatar\/5917bab7eff43e17746fd29b509939469470810b6b989b7cc2f89e3188399bf3?s=96&d=mm&r=g\",\"caption\":\"Redaccion\"},\"url\":\"https:\/\/torredonjimenoactualidad.com\/index.php\/author\/jose-bueno\/\"}]}<\/script>\n<!-- \/ Yoast SEO plugin. -->","yoast_head_json":{"title":"La Junta informa a los ayuntamientos de Ja\u00e9n del plan de emergencia para reparar caminos rurales da\u00f1ados por las borrascas - Torredonjimeno Actualidad","robots":{"index":"index","follow":"follow","max-snippet":"max-snippet:-1","max-image-preview":"max-image-preview:large","max-video-preview":"max-video-preview:-1"},"canonical":"https:\/\/torredonjimenoactualidad.com\/index.php\/2026\/03\/05\/la-junta-analiza-con-alcaldes-de-la-provincia-las-ayudas-para-caminos-rurales-y-regadio-afectados-por-el-temporal\/","og_locale":"es_ES","og_type":"article","og_title":"La Junta informa a los ayuntamientos de Ja\u00e9n del plan de emergencia para reparar caminos rurales da\u00f1ados por las borrascas - Torredonjimeno Actualidad","og_description":"El Ayuntamiento de Torredonjimeno,\u00a0Enrique Castro, ha participado este jueves en la reuni\u00f3n t\u00e9cnica convocada por el delegado del Gobierno andaluz en Ja\u00e9n,\u00a0Jes\u00fas Estrella, para informar a alcaldes y alcaldesas de la provincia sobre el plan de emergencia destinado a la reparaci\u00f3n de caminos rurales e infraestructuras colectivas de riego afectados por las borrascas registradas entre &hellip; La Junta informa a los ayuntamientos de Ja\u00e9n del plan de emergencia para reparar caminos rurales da\u00f1ados por las borrascas Leer m\u00e1s &raquo;","og_url":"https:\/\/torredonjimenoactualidad.com\/index.php\/2026\/03\/05\/la-junta-analiza-con-alcaldes-de-la-provincia-las-ayudas-para-caminos-rurales-y-regadio-afectados-por-el-temporal\/","og_site_name":"Torredonjimeno Actualidad","article_published_time":"2026-03-05T15:06:49+00:00","article_modified_time":"2026-03-05T15:17:04+00:00","og_image":[{"width":1634,"height":933,"url":"https:\/\/torredonjimenoactualidad.com\/wp-content\/uploads\/2026\/03\/fotonoticia_20260305152323_1920.jpg","type":"image\/jpeg"}],"author":"Redaccion","twitter_card":"summary_large_image","twitter_misc":{"Escrito por":"Redaccion","Tiempo de lectura":"2 minutos"},"schema":{"@context":"https:\/\/schema.org","@graph":[{"@type":"Article","@id":"https:\/\/torredonjimenoactualidad.com\/index.php\/2026\/03\/05\/la-junta-analiza-con-alcaldes-de-la-provincia-las-ayudas-para-caminos-rurales-y-regadio-afectados-por-el-temporal\/#article","isPartOf":{"@id":"https:\/\/torredonjimenoactualidad.com\/index.php\/2026\/03\/05\/la-junta-analiza-con-alcaldes-de-la-provincia-las-ayudas-para-caminos-rurales-y-regadio-afectados-por-el-temporal\/"},"author":{"name":"Redaccion","@id":"https:\/\/torredonjimenoactualidad.com\/#\/schema\/person\/11f05803cdf40dbeb7f4fbf2365c9ac5"},"headline":"La Junta informa a los ayuntamientos de Ja\u00e9n del plan de emergencia para reparar caminos rurales da\u00f1ados por las borrascas","datePublished":"2026-03-05T15:06:49+00:00","dateModified":"2026-03-05T15:17:04+00:00","mainEntityOfPage":{"@id":"https:\/\/torredonjimenoactualidad.com\/index.php\/2026\/03\/05\/la-junta-analiza-con-alcaldes-de-la-provincia-las-ayudas-para-caminos-rurales-y-regadio-afectados-por-el-temporal\/"},"wordCount":494,"publisher":{"@id":"https:\/\/torredonjimenoactualidad.com\/#organization"},"articleSection":["provincia"],"inLanguage":"es"},{"@type":"WebPage","@id":"https:\/\/torredonjimenoactualidad.com\/index.php\/2026\/03\/05\/la-junta-analiza-con-alcaldes-de-la-provincia-las-ayudas-para-caminos-rurales-y-regadio-afectados-por-el-temporal\/","url":"https:\/\/torredonjimenoactualidad.com\/index.php\/2026\/03\/05\/la-junta-analiza-con-alcaldes-de-la-provincia-las-ayudas-para-caminos-rurales-y-regadio-afectados-por-el-temporal\/","name":"La Junta informa a los ayuntamientos de Ja\u00e9n del plan de emergencia para reparar caminos rurales da\u00f1ados por las borrascas - Torredonjimeno Actualidad","isPartOf":{"@id":"https:\/\/torredonjimenoactualidad.com\/#website"},"datePublished":"2026-03-05T15:06:49+00:00","dateModified":"2026-03-05T15:17:04+00:00","breadcrumb":{"@id":"https:\/\/torredonjimenoactualidad.com\/index.php\/2026\/03\/05\/la-junta-analiza-con-alcaldes-de-la-provincia-las-ayudas-para-caminos-rurales-y-regadio-afectados-por-el-temporal\/#breadcrumb"},"inLanguage":"es","potentialAction":[{"@type":"ReadAction","target":["https:\/\/torredonjimenoactualidad.com\/index.php\/2026\/03\/05\/la-junta-analiza-con-alcaldes-de-la-provincia-las-ayudas-para-caminos-rurales-y-regadio-afectados-por-el-temporal\/"]}]},{"@type":"BreadcrumbList","@id":"https:\/\/torredonjimenoactualidad.com\/index.php\/2026\/03\/05\/la-junta-analiza-con-alcaldes-de-la-provincia-las-ayudas-para-caminos-rurales-y-regadio-afectados-por-el-temporal\/#breadcrumb","itemListElement":[{"@type":"ListItem","position":1,"name":"Portada","item":"https:\/\/torredonjimenoactualidad.com\/"},{"@type":"ListItem","position":2,"name":"La Junta informa a los ayuntamientos de Ja\u00e9n del plan de emergencia para reparar caminos rurales da\u00f1ados por las borrascas"}]},{"@type":"WebSite","@id":"https:\/\/torredonjimenoactualidad.com\/#website","url":"https:\/\/torredonjimenoactualidad.com\/","name":"Torredonjimeno Actualidad","description":"","publisher":{"@id":"https:\/\/torredonjimenoactualidad.com\/#organization"},"potentialAction":[{"@type":"SearchAction","target":{"@type":"EntryPoint","urlTemplate":"https:\/\/torredonjimenoactualidad.com\/?s={search_term_string}"},"query-input":"required name=search_term_string"}],"inLanguage":"es"},{"@type":"Organization","@id":"https:\/\/torredonjimenoactualidad.com\/#organization","name":"Torredonjimeno Actualidad","url":"https:\/\/torredonjimenoactualidad.com\/","logo":{"@type":"ImageObject","inLanguage":"es","@id":"https:\/\/torredonjimenoactualidad.com\/#\/schema\/logo\/image\/","url":"https:\/\/torredonjimenoactualidad.com\/wp-content\/uploads\/2023\/02\/logo-torredonjimeno-544x180-1.png","contentUrl":"https:\/\/torredonjimenoactualidad.com\/wp-content\/uploads\/2023\/02\/logo-torredonjimeno-544x180-1.png","width":545,"height":112,"caption":"Torredonjimeno Actualidad"},"image":{"@id":"https:\/\/torredonjimenoactualidad.com\/#\/schema\/logo\/image\/"}},{"@type":"Person","@id":"https:\/\/torredonjimenoactualidad.com\/#\/schema\/person\/11f05803cdf40dbeb7f4fbf2365c9ac5","name":"Redaccion","image":{"@type":"ImageObject","inLanguage":"es","@id":"https:\/\/torredonjimenoactualidad.com\/#\/schema\/person\/image\/","url":"https:\/\/secure.gravatar.com\/avatar\/5917bab7eff43e17746fd29b509939469470810b6b989b7cc2f89e3188399bf3?s=96&d=mm&r=g","contentUrl":"https:\/\/secure.gravatar.com\/avatar\/5917bab7eff43e17746fd29b509939469470810b6b989b7cc2f89e3188399bf3?s=96&d=mm&r=g","caption":"Redaccion"},"url":"https:\/\/torredonjimenoactualidad.com\/index.php\/author\/jose-bueno\/"}]}},"_links":{"self":[{"href":"https:\/\/torredonjimenoactualidad.com\/index.php\/wp-json\/wp\/v2\/posts\/4635","targetHints":{"allow":["GET"]}}],"collection":[{"href":"https:\/\/torredonjimenoactualidad.com\/index.php\/wp-json\/wp\/v2\/posts"}],"about":[{"href":"https:\/\/torredonjimenoactualidad.com\/index.php\/wp-json\/wp\/v2\/types\/post"}],"author":[{"embeddable":true,"href":"https:\/\/torredonjimenoactualidad.com\/index.php\/wp-json\/wp\/v2\/users\/3"}],"replies":[{"embeddable":true,"href":"https:\/\/torredonjimenoactualidad.com\/index.php\/wp-json\/wp\/v2\/comments?post=4635"}],"version-history":[{"count":3,"href":"https:\/\/torredonjimenoactualidad.com\/index.php\/wp-json\/wp\/v2\/posts\/4635\/revisions"}],"predecessor-version":[{"id":4640,"href":"https:\/\/torredonjimenoactualidad.com\/index.php\/wp-json\/wp\/v2\/posts\/4635\/revisions\/4640"}],"wp:featuredmedia":[{"embeddable":true,"href":"https:\/\/torredonjimenoactualidad.com\/index.php\/wp-json\/wp\/v2\/media\/4636"}],"wp:attachment":[{"href":"https:\/\/torredonjimenoactualidad.com\/index.php\/wp-json\/wp\/v2\/media?parent=4635"}],"wp:term":[{"taxonomy":"category","embeddable":true,"href":"https:\/\/torredonjimenoactualidad.com\/index.php\/wp-json\/wp\/v2\/categories?post=4635"},{"taxonomy":"post_tag","embeddable":true,"href":"https:\/\/torredonjimenoactualidad.com\/index.php\/wp-json\/wp\/v2\/tags?post=4635"}],"curies":[{"name":"wp","href":"https:\/\/api.w.org\/{rel}","templated":true}]}}