{"id":4630,"date":"2026-03-02T17:19:20","date_gmt":"2026-03-02T17:19:20","guid":{"rendered":"https:\/\/torredonjimenoactualidad.com\/?p=4630"},"modified":"2026-03-02T17:19:21","modified_gmt":"2026-03-02T17:19:21","slug":"la-diputacion-valora-su-alta-inversion-en-obra-publica-durante-2025-con-mas-de-26-millones-ejecutados","status":"publish","type":"post","link":"https:\/\/torredonjimenoactualidad.com\/index.php\/2026\/03\/02\/la-diputacion-valora-su-alta-inversion-en-obra-publica-durante-2025-con-mas-de-26-millones-ejecutados\/","title":{"rendered":"La Diputaci\u00f3n valora su \u00abalta inversi\u00f3n\u00bb en obra p\u00fablica durante 2025, con m\u00e1s de 26 millones ejecutados"},"content":{"rendered":"\n<p>El presidente de la Diputaci\u00f3n de Ja\u00e9n, Francisco Reyes, ha valorado la \u00abalta inversi\u00f3n en obra p\u00fablica ejecutada\u00bb por esta administraci\u00f3n durante 2025, con \u00abm\u00e1s de 26 millones de euros ejecutados\u00bb.<\/p>\n\n\n\n<p>As\u00ed se desprende del informe de licitaci\u00f3n p\u00fablica que la Asociaci\u00f3n Provincial de Constructores y Promotores de Obra de Ja\u00e9n ha presentado en una reuni\u00f3n de trabajo, donde se destaca que la jiennense es una de las diputaciones andaluzas m\u00e1s inversoras.<\/p>\n\n\n\n<p>En concreto, han participado en el encuentro la presidenta de esta entidad, Cristina Delgado, junto al secretario general y el vicepresidente, Jos\u00e9 \u00c1ngel Mesa y Juan Morales, seg\u00fan ha informado este lunes la Diputaci\u00f3n.<\/p>\n\n\n\n<p>En la reuni\u00f3n, Reyes ha subrayado \u00abel gran esfuerzo inversor de la Diputaci\u00f3n\u00bb. \u00abNada comparable con lo que ha licitado el Gobierno de Espa\u00f1a o la Junta de Andaluc\u00eda si lo comparamos con el presupuesto que tiene cada una de estas administraciones\u00bb, ha manifestado.<\/p>\n\n\n\n<p>Este informe tambi\u00e9n reconoce la t\u00f3nica ascendente en materia de inversi\u00f3n en obra p\u00fablica por parte de la Diputaci\u00f3n. \u00abTendencia que en este 2026 se mantendr\u00e1, con el a\u00f1adido de las actuaciones extraordinarias que tendremos que llevar a cabo por los da\u00f1os causados por los temporales\u00bb, ha afirmado.<\/p>\n\n\n\n<p>Reyes ha agradecido a los empresarios de la construcci\u00f3n \u00abla deferencia que tienen todos los a\u00f1os de compartir esta informaci\u00f3n sobre las distintas licitaciones\u00bb de las administraciones p\u00fablicas, \u00aben este caso para conocer las cifras globales de Andaluc\u00eda y, lo m\u00e1s importante, los datos de la provincia de Ja\u00e9n\u00bb.<\/p>\n\n\n\n<p>\u00abUnos par\u00e1metros en los que la Diputaci\u00f3n, a pesar de nuestras limitaciones presupuestarias, demuestra el compromiso que tenemos para seguir mejorando las infraestructuras, tanto aquellas de titularidad de la propia Administraci\u00f3n provincial como las que pertenecen a los ayuntamientos jiennenses\u00bb, ha asegurado.<\/p>\n\n\n\n<p>Finalmente, ha se\u00f1alado la importancia del sector de la construcci\u00f3n, que es \u00abfundamental en cualquier territorio y especialmente importante para la provincia de Ja\u00e9n\u00bb, donde hay grandes y peque\u00f1as empresas que generan empleo y permiten mantener la poblaci\u00f3n en los pueblos.<\/p>\n\n\n\n<p>Por su parte, la presidenta la Asociaci\u00f3n de Constructores y Promotores de Obra de Ja\u00e9n ha expresado su satisfacci\u00f3n por el esfuerzo presupuestario que la Diputaci\u00f3n hace en cuanto a inversi\u00f3n en infraestructuras en la provincia y su compromiso con las empresas jiennenses a la hora de contar con ellas en la realizaci\u00f3n de las obras.<\/p>\n","protected":false},"excerpt":{"rendered":"<p>El presidente de la Diputaci\u00f3n de Ja\u00e9n, Francisco Reyes, ha valorado la \u00abalta inversi\u00f3n en obra p\u00fablica ejecutada\u00bb por esta administraci\u00f3n durante 2025, con \u00abm\u00e1s de 26 millones de euros ejecutados\u00bb. As\u00ed se desprende del informe de licitaci\u00f3n p\u00fablica que la Asociaci\u00f3n Provincial de Constructores y Promotores de Obra de Ja\u00e9n ha presentado en una &hellip;<\/p>\n<p class=\"read-more\"> <a class=\"\" href=\"https:\/\/torredonjimenoactualidad.com\/index.php\/2026\/03\/02\/la-diputacion-valora-su-alta-inversion-en-obra-publica-durante-2025-con-mas-de-26-millones-ejecutados\/\"> <span class=\"screen-reader-text\">La Diputaci\u00f3n valora su \u00abalta inversi\u00f3n\u00bb en obra p\u00fablica durante 2025, con m\u00e1s de 26 millones ejecutados<\/span> Leer m\u00e1s &raquo;<\/a><\/p>\n","protected":false},"author":2,"featured_media":4631,"comment_status":"closed","ping_status":"open","sticky":false,"template":"","format":"standard","meta":{"site-sidebar-layout":"default","site-content-layout":"default","ast-global-header-display":"","ast-main-header-display":"","ast-hfb-above-header-display":"","ast-hfb-below-header-display":"","ast-hfb-mobile-header-display":"","site-post-title":"","ast-breadcrumbs-content":"","ast-featured-img":"","footer-sml-layout":"","theme-transparent-header-meta":"","adv-header-id-meta":"","stick-header-meta":"","header-above-stick-meta":"","header-main-stick-meta":"","header-below-stick-meta":"","footnotes":""},"categories":[8],"tags":[],"class_list":["post-4630","post","type-post","status-publish","format-standard","has-post-thumbnail","hentry","category-provincia"],"yoast_head":"<!-- This site is optimized with the Yoast SEO plugin v20.8 - https:\/\/yoast.com\/wordpress\/plugins\/seo\/ -->\n<title>La Diputaci\u00f3n valora su \u00abalta inversi\u00f3n\u00bb en obra p\u00fablica durante 2025, con m\u00e1s de 26 millones ejecutados - Torredonjimeno Actualidad<\/title>\n<meta name=\"robots\" content=\"index, follow, max-snippet:-1, max-image-preview:large, max-video-preview:-1\" \/>\n<link rel=\"canonical\" href=\"https:\/\/torredonjimenoactualidad.com\/index.php\/2026\/03\/02\/la-diputacion-valora-su-alta-inversion-en-obra-publica-durante-2025-con-mas-de-26-millones-ejecutados\/\" \/>\n<meta property=\"og:locale\" content=\"es_ES\" \/>\n<meta property=\"og:type\" content=\"article\" \/>\n<meta property=\"og:title\" content=\"La Diputaci\u00f3n valora su \u00abalta inversi\u00f3n\u00bb en obra p\u00fablica durante 2025, con m\u00e1s de 26 millones ejecutados - Torredonjimeno Actualidad\" \/>\n<meta property=\"og:description\" content=\"El presidente de la Diputaci\u00f3n de Ja\u00e9n, Francisco Reyes, ha valorado la \u00abalta inversi\u00f3n en obra p\u00fablica ejecutada\u00bb por esta administraci\u00f3n durante 2025, con \u00abm\u00e1s de 26 millones de euros ejecutados\u00bb. As\u00ed se desprende del informe de licitaci\u00f3n p\u00fablica que la Asociaci\u00f3n Provincial de Constructores y Promotores de Obra de Ja\u00e9n ha presentado en una &hellip; La Diputaci\u00f3n valora su \u00abalta inversi\u00f3n\u00bb en obra p\u00fablica durante 2025, con m\u00e1s de 26 millones ejecutados Leer m\u00e1s &raquo;\" \/>\n<meta property=\"og:url\" content=\"https:\/\/torredonjimenoactualidad.com\/index.php\/2026\/03\/02\/la-diputacion-valora-su-alta-inversion-en-obra-publica-durante-2025-con-mas-de-26-millones-ejecutados\/\" \/>\n<meta property=\"og:site_name\" content=\"Torredonjimeno Actualidad\" \/>\n<meta property=\"article:published_time\" content=\"2026-03-02T17:19:20+00:00\" \/>\n<meta property=\"article:modified_time\" content=\"2026-03-02T17:19:21+00:00\" \/>\n<meta property=\"og:image\" content=\"https:\/\/torredonjimenoactualidad.com\/wp-content\/uploads\/2026\/03\/fotonoticia_20260302170605_1920.jpg\" \/>\n\t<meta property=\"og:image:width\" content=\"1768\" \/>\n\t<meta property=\"og:image:height\" content=\"1010\" \/>\n\t<meta property=\"og:image:type\" content=\"image\/jpeg\" \/>\n<meta name=\"author\" content=\"Alba Mar\u00eda Torres\" \/>\n<meta name=\"twitter:card\" content=\"summary_large_image\" \/>\n<meta name=\"twitter:label1\" content=\"Escrito por\" \/>\n\t<meta name=\"twitter:data1\" content=\"Alba Mar\u00eda Torres\" \/>\n\t<meta name=\"twitter:label2\" content=\"Tiempo de lectura\" \/>\n\t<meta name=\"twitter:data2\" content=\"2 minutos\" \/>\n<script type=\"application\/ld+json\" class=\"yoast-schema-graph\">{\"@context\":\"https:\/\/schema.org\",\"@graph\":[{\"@type\":\"Article\",\"@id\":\"https:\/\/torredonjimenoactualidad.com\/index.php\/2026\/03\/02\/la-diputacion-valora-su-alta-inversion-en-obra-publica-durante-2025-con-mas-de-26-millones-ejecutados\/#article\",\"isPartOf\":{\"@id\":\"https:\/\/torredonjimenoactualidad.com\/index.php\/2026\/03\/02\/la-diputacion-valora-su-alta-inversion-en-obra-publica-durante-2025-con-mas-de-26-millones-ejecutados\/\"},\"author\":{\"name\":\"Alba Mar\u00eda Torres\",\"@id\":\"https:\/\/torredonjimenoactualidad.com\/#\/schema\/person\/84de5f233e783ef2c75151a532b54977\"},\"headline\":\"La Diputaci\u00f3n valora su \u00abalta inversi\u00f3n\u00bb en obra p\u00fablica durante 2025, con m\u00e1s de 26 millones ejecutados\",\"datePublished\":\"2026-03-02T17:19:20+00:00\",\"dateModified\":\"2026-03-02T17:19:21+00:00\",\"mainEntityOfPage\":{\"@id\":\"https:\/\/torredonjimenoactualidad.com\/index.php\/2026\/03\/02\/la-diputacion-valora-su-alta-inversion-en-obra-publica-durante-2025-con-mas-de-26-millones-ejecutados\/\"},\"wordCount\":448,\"publisher\":{\"@id\":\"https:\/\/torredonjimenoactualidad.com\/#organization\"},\"articleSection\":[\"provincia\"],\"inLanguage\":\"es\"},{\"@type\":\"WebPage\",\"@id\":\"https:\/\/torredonjimenoactualidad.com\/index.php\/2026\/03\/02\/la-diputacion-valora-su-alta-inversion-en-obra-publica-durante-2025-con-mas-de-26-millones-ejecutados\/\",\"url\":\"https:\/\/torredonjimenoactualidad.com\/index.php\/2026\/03\/02\/la-diputacion-valora-su-alta-inversion-en-obra-publica-durante-2025-con-mas-de-26-millones-ejecutados\/\",\"name\":\"La Diputaci\u00f3n valora su \u00abalta inversi\u00f3n\u00bb en obra p\u00fablica durante 2025, con m\u00e1s de 26 millones ejecutados - Torredonjimeno Actualidad\",\"isPartOf\":{\"@id\":\"https:\/\/torredonjimenoactualidad.com\/#website\"},\"datePublished\":\"2026-03-02T17:19:20+00:00\",\"dateModified\":\"2026-03-02T17:19:21+00:00\",\"breadcrumb\":{\"@id\":\"https:\/\/torredonjimenoactualidad.com\/index.php\/2026\/03\/02\/la-diputacion-valora-su-alta-inversion-en-obra-publica-durante-2025-con-mas-de-26-millones-ejecutados\/#breadcrumb\"},\"inLanguage\":\"es\",\"potentialAction\":[{\"@type\":\"ReadAction\",\"target\":[\"https:\/\/torredonjimenoactualidad.com\/index.php\/2026\/03\/02\/la-diputacion-valora-su-alta-inversion-en-obra-publica-durante-2025-con-mas-de-26-millones-ejecutados\/\"]}]},{\"@type\":\"BreadcrumbList\",\"@id\":\"https:\/\/torredonjimenoactualidad.com\/index.php\/2026\/03\/02\/la-diputacion-valora-su-alta-inversion-en-obra-publica-durante-2025-con-mas-de-26-millones-ejecutados\/#breadcrumb\",\"itemListElement\":[{\"@type\":\"ListItem\",\"position\":1,\"name\":\"Portada\",\"item\":\"https:\/\/torredonjimenoactualidad.com\/\"},{\"@type\":\"ListItem\",\"position\":2,\"name\":\"La Diputaci\u00f3n valora su \u00abalta inversi\u00f3n\u00bb en obra p\u00fablica durante 2025, con m\u00e1s de 26 millones ejecutados\"}]},{\"@type\":\"WebSite\",\"@id\":\"https:\/\/torredonjimenoactualidad.com\/#website\",\"url\":\"https:\/\/torredonjimenoactualidad.com\/\",\"name\":\"Torredonjimeno Actualidad\",\"description\":\"\",\"publisher\":{\"@id\":\"https:\/\/torredonjimenoactualidad.com\/#organization\"},\"potentialAction\":[{\"@type\":\"SearchAction\",\"target\":{\"@type\":\"EntryPoint\",\"urlTemplate\":\"https:\/\/torredonjimenoactualidad.com\/?s={search_term_string}\"},\"query-input\":\"required name=search_term_string\"}],\"inLanguage\":\"es\"},{\"@type\":\"Organization\",\"@id\":\"https:\/\/torredonjimenoactualidad.com\/#organization\",\"name\":\"Torredonjimeno Actualidad\",\"url\":\"https:\/\/torredonjimenoactualidad.com\/\",\"logo\":{\"@type\":\"ImageObject\",\"inLanguage\":\"es\",\"@id\":\"https:\/\/torredonjimenoactualidad.com\/#\/schema\/logo\/image\/\",\"url\":\"https:\/\/torredonjimenoactualidad.com\/wp-content\/uploads\/2023\/02\/logo-torredonjimeno-544x180-1.png\",\"contentUrl\":\"https:\/\/torredonjimenoactualidad.com\/wp-content\/uploads\/2023\/02\/logo-torredonjimeno-544x180-1.png\",\"width\":545,\"height\":112,\"caption\":\"Torredonjimeno Actualidad\"},\"image\":{\"@id\":\"https:\/\/torredonjimenoactualidad.com\/#\/schema\/logo\/image\/\"}},{\"@type\":\"Person\",\"@id\":\"https:\/\/torredonjimenoactualidad.com\/#\/schema\/person\/84de5f233e783ef2c75151a532b54977\",\"name\":\"Alba Mar\u00eda Torres\",\"image\":{\"@type\":\"ImageObject\",\"inLanguage\":\"es\",\"@id\":\"https:\/\/torredonjimenoactualidad.com\/#\/schema\/person\/image\/\",\"url\":\"https:\/\/secure.gravatar.com\/avatar\/f9371f188c71501b4475a9ba2a71595850ec72967f800a2ed8e3e2102859ed65?s=96&d=mm&r=g\",\"contentUrl\":\"https:\/\/secure.gravatar.com\/avatar\/f9371f188c71501b4475a9ba2a71595850ec72967f800a2ed8e3e2102859ed65?s=96&d=mm&r=g\",\"caption\":\"Alba Mar\u00eda Torres\"},\"url\":\"https:\/\/torredonjimenoactualidad.com\/index.php\/author\/alba-torres\/\"}]}<\/script>\n<!-- \/ Yoast SEO plugin. -->","yoast_head_json":{"title":"La Diputaci\u00f3n valora su \u00abalta inversi\u00f3n\u00bb en obra p\u00fablica durante 2025, con m\u00e1s de 26 millones ejecutados - Torredonjimeno Actualidad","robots":{"index":"index","follow":"follow","max-snippet":"max-snippet:-1","max-image-preview":"max-image-preview:large","max-video-preview":"max-video-preview:-1"},"canonical":"https:\/\/torredonjimenoactualidad.com\/index.php\/2026\/03\/02\/la-diputacion-valora-su-alta-inversion-en-obra-publica-durante-2025-con-mas-de-26-millones-ejecutados\/","og_locale":"es_ES","og_type":"article","og_title":"La Diputaci\u00f3n valora su \u00abalta inversi\u00f3n\u00bb en obra p\u00fablica durante 2025, con m\u00e1s de 26 millones ejecutados - Torredonjimeno Actualidad","og_description":"El presidente de la Diputaci\u00f3n de Ja\u00e9n, Francisco Reyes, ha valorado la \u00abalta inversi\u00f3n en obra p\u00fablica ejecutada\u00bb por esta administraci\u00f3n durante 2025, con \u00abm\u00e1s de 26 millones de euros ejecutados\u00bb. As\u00ed se desprende del informe de licitaci\u00f3n p\u00fablica que la Asociaci\u00f3n Provincial de Constructores y Promotores de Obra de Ja\u00e9n ha presentado en una &hellip; La Diputaci\u00f3n valora su \u00abalta inversi\u00f3n\u00bb en obra p\u00fablica durante 2025, con m\u00e1s de 26 millones ejecutados Leer m\u00e1s &raquo;","og_url":"https:\/\/torredonjimenoactualidad.com\/index.php\/2026\/03\/02\/la-diputacion-valora-su-alta-inversion-en-obra-publica-durante-2025-con-mas-de-26-millones-ejecutados\/","og_site_name":"Torredonjimeno Actualidad","article_published_time":"2026-03-02T17:19:20+00:00","article_modified_time":"2026-03-02T17:19:21+00:00","og_image":[{"width":1768,"height":1010,"url":"https:\/\/torredonjimenoactualidad.com\/wp-content\/uploads\/2026\/03\/fotonoticia_20260302170605_1920.jpg","type":"image\/jpeg"}],"author":"Alba Mar\u00eda Torres","twitter_card":"summary_large_image","twitter_misc":{"Escrito por":"Alba Mar\u00eda Torres","Tiempo de lectura":"2 minutos"},"schema":{"@context":"https:\/\/schema.org","@graph":[{"@type":"Article","@id":"https:\/\/torredonjimenoactualidad.com\/index.php\/2026\/03\/02\/la-diputacion-valora-su-alta-inversion-en-obra-publica-durante-2025-con-mas-de-26-millones-ejecutados\/#article","isPartOf":{"@id":"https:\/\/torredonjimenoactualidad.com\/index.php\/2026\/03\/02\/la-diputacion-valora-su-alta-inversion-en-obra-publica-durante-2025-con-mas-de-26-millones-ejecutados\/"},"author":{"name":"Alba Mar\u00eda Torres","@id":"https:\/\/torredonjimenoactualidad.com\/#\/schema\/person\/84de5f233e783ef2c75151a532b54977"},"headline":"La Diputaci\u00f3n valora su \u00abalta inversi\u00f3n\u00bb en obra p\u00fablica durante 2025, con m\u00e1s de 26 millones ejecutados","datePublished":"2026-03-02T17:19:20+00:00","dateModified":"2026-03-02T17:19:21+00:00","mainEntityOfPage":{"@id":"https:\/\/torredonjimenoactualidad.com\/index.php\/2026\/03\/02\/la-diputacion-valora-su-alta-inversion-en-obra-publica-durante-2025-con-mas-de-26-millones-ejecutados\/"},"wordCount":448,"publisher":{"@id":"https:\/\/torredonjimenoactualidad.com\/#organization"},"articleSection":["provincia"],"inLanguage":"es"},{"@type":"WebPage","@id":"https:\/\/torredonjimenoactualidad.com\/index.php\/2026\/03\/02\/la-diputacion-valora-su-alta-inversion-en-obra-publica-durante-2025-con-mas-de-26-millones-ejecutados\/","url":"https:\/\/torredonjimenoactualidad.com\/index.php\/2026\/03\/02\/la-diputacion-valora-su-alta-inversion-en-obra-publica-durante-2025-con-mas-de-26-millones-ejecutados\/","name":"La Diputaci\u00f3n valora su \u00abalta inversi\u00f3n\u00bb en obra p\u00fablica durante 2025, con m\u00e1s de 26 millones ejecutados - Torredonjimeno Actualidad","isPartOf":{"@id":"https:\/\/torredonjimenoactualidad.com\/#website"},"datePublished":"2026-03-02T17:19:20+00:00","dateModified":"2026-03-02T17:19:21+00:00","breadcrumb":{"@id":"https:\/\/torredonjimenoactualidad.com\/index.php\/2026\/03\/02\/la-diputacion-valora-su-alta-inversion-en-obra-publica-durante-2025-con-mas-de-26-millones-ejecutados\/#breadcrumb"},"inLanguage":"es","potentialAction":[{"@type":"ReadAction","target":["https:\/\/torredonjimenoactualidad.com\/index.php\/2026\/03\/02\/la-diputacion-valora-su-alta-inversion-en-obra-publica-durante-2025-con-mas-de-26-millones-ejecutados\/"]}]},{"@type":"BreadcrumbList","@id":"https:\/\/torredonjimenoactualidad.com\/index.php\/2026\/03\/02\/la-diputacion-valora-su-alta-inversion-en-obra-publica-durante-2025-con-mas-de-26-millones-ejecutados\/#breadcrumb","itemListElement":[{"@type":"ListItem","position":1,"name":"Portada","item":"https:\/\/torredonjimenoactualidad.com\/"},{"@type":"ListItem","position":2,"name":"La Diputaci\u00f3n valora su \u00abalta inversi\u00f3n\u00bb en obra p\u00fablica durante 2025, con m\u00e1s de 26 millones ejecutados"}]},{"@type":"WebSite","@id":"https:\/\/torredonjimenoactualidad.com\/#website","url":"https:\/\/torredonjimenoactualidad.com\/","name":"Torredonjimeno Actualidad","description":"","publisher":{"@id":"https:\/\/torredonjimenoactualidad.com\/#organization"},"potentialAction":[{"@type":"SearchAction","target":{"@type":"EntryPoint","urlTemplate":"https:\/\/torredonjimenoactualidad.com\/?s={search_term_string}"},"query-input":"required name=search_term_string"}],"inLanguage":"es"},{"@type":"Organization","@id":"https:\/\/torredonjimenoactualidad.com\/#organization","name":"Torredonjimeno Actualidad","url":"https:\/\/torredonjimenoactualidad.com\/","logo":{"@type":"ImageObject","inLanguage":"es","@id":"https:\/\/torredonjimenoactualidad.com\/#\/schema\/logo\/image\/","url":"https:\/\/torredonjimenoactualidad.com\/wp-content\/uploads\/2023\/02\/logo-torredonjimeno-544x180-1.png","contentUrl":"https:\/\/torredonjimenoactualidad.com\/wp-content\/uploads\/2023\/02\/logo-torredonjimeno-544x180-1.png","width":545,"height":112,"caption":"Torredonjimeno Actualidad"},"image":{"@id":"https:\/\/torredonjimenoactualidad.com\/#\/schema\/logo\/image\/"}},{"@type":"Person","@id":"https:\/\/torredonjimenoactualidad.com\/#\/schema\/person\/84de5f233e783ef2c75151a532b54977","name":"Alba Mar\u00eda Torres","image":{"@type":"ImageObject","inLanguage":"es","@id":"https:\/\/torredonjimenoactualidad.com\/#\/schema\/person\/image\/","url":"https:\/\/secure.gravatar.com\/avatar\/f9371f188c71501b4475a9ba2a71595850ec72967f800a2ed8e3e2102859ed65?s=96&d=mm&r=g","contentUrl":"https:\/\/secure.gravatar.com\/avatar\/f9371f188c71501b4475a9ba2a71595850ec72967f800a2ed8e3e2102859ed65?s=96&d=mm&r=g","caption":"Alba Mar\u00eda Torres"},"url":"https:\/\/torredonjimenoactualidad.com\/index.php\/author\/alba-torres\/"}]}},"_links":{"self":[{"href":"https:\/\/torredonjimenoactualidad.com\/index.php\/wp-json\/wp\/v2\/posts\/4630","targetHints":{"allow":["GET"]}}],"collection":[{"href":"https:\/\/torredonjimenoactualidad.com\/index.php\/wp-json\/wp\/v2\/posts"}],"about":[{"href":"https:\/\/torredonjimenoactualidad.com\/index.php\/wp-json\/wp\/v2\/types\/post"}],"author":[{"embeddable":true,"href":"https:\/\/torredonjimenoactualidad.com\/index.php\/wp-json\/wp\/v2\/users\/2"}],"replies":[{"embeddable":true,"href":"https:\/\/torredonjimenoactualidad.com\/index.php\/wp-json\/wp\/v2\/comments?post=4630"}],"version-history":[{"count":1,"href":"https:\/\/torredonjimenoactualidad.com\/index.php\/wp-json\/wp\/v2\/posts\/4630\/revisions"}],"predecessor-version":[{"id":4632,"href":"https:\/\/torredonjimenoactualidad.com\/index.php\/wp-json\/wp\/v2\/posts\/4630\/revisions\/4632"}],"wp:featuredmedia":[{"embeddable":true,"href":"https:\/\/torredonjimenoactualidad.com\/index.php\/wp-json\/wp\/v2\/media\/4631"}],"wp:attachment":[{"href":"https:\/\/torredonjimenoactualidad.com\/index.php\/wp-json\/wp\/v2\/media?parent=4630"}],"wp:term":[{"taxonomy":"category","embeddable":true,"href":"https:\/\/torredonjimenoactualidad.com\/index.php\/wp-json\/wp\/v2\/categories?post=4630"},{"taxonomy":"post_tag","embeddable":true,"href":"https:\/\/torredonjimenoactualidad.com\/index.php\/wp-json\/wp\/v2\/tags?post=4630"}],"curies":[{"name":"wp","href":"https:\/\/api.w.org\/{rel}","templated":true}]}}