{"id":4621,"date":"2026-03-02T15:15:37","date_gmt":"2026-03-02T15:15:37","guid":{"rendered":"https:\/\/torredonjimenoactualidad.com\/?p=4621"},"modified":"2026-03-02T15:15:39","modified_gmt":"2026-03-02T15:15:39","slug":"juan-hermoso-trigo-sera-el-pregonero-de-la-romeria-de-nuestra-senora-de-consolacion-2026","status":"publish","type":"post","link":"https:\/\/torredonjimenoactualidad.com\/index.php\/2026\/03\/02\/juan-hermoso-trigo-sera-el-pregonero-de-la-romeria-de-nuestra-senora-de-consolacion-2026\/","title":{"rendered":"Juan Hermoso Trigo ser\u00e1 el pregonero de la Romer\u00eda de Nuestra Se\u00f1ora de Consolaci\u00f3n 2026"},"content":{"rendered":"\n<p>La Cofrad\u00eda de Nuestra Se\u00f1ora de Consolaci\u00f3n ha comunicado el nombramiento de Juan Hermoso Trigo como pregonero oficial de la Romer\u00eda y Fiestas Patronales de 2026. La decisi\u00f3n, adoptada por la Junta de Gobierno en funciones, reconoce una trayectoria profundamente ligada a la vida religiosa y social de Torredonjimeno.<\/p>\n\n\n\n<p>Formado en Filolog\u00eda Cl\u00e1sica y emprendedor al frente del Grupo Hermosur, Hermoso Trigo ha sido durante d\u00e9cadas una figura clave en el tejido cofrade local. Su implicaci\u00f3n comenz\u00f3 en los a\u00f1os setenta, participando en procesos decisivos para la reorganizaci\u00f3n y consolidaci\u00f3n de distintas hermandades. Fue uno de los impulsores de la Hermandad de la Resurrecci\u00f3n, donde desempe\u00f1\u00f3 responsabilidades durante m\u00e1s de cuarenta a\u00f1os, y tambi\u00e9n asumi\u00f3 tareas de direcci\u00f3n dentro de la Agrupaci\u00f3n de Cofrad\u00edas, as\u00ed como el cargo de Hermano Mayor en varias corporaciones penitenciales.<\/p>\n\n\n\n<p>A su compromiso organizativo se suma una notable faceta comunicadora. Con presencia habitual en medios de comunicaci\u00f3n y una extensa labor como articulista y coordinador de revistas especializadas, ha contribuido a difundir la riqueza espiritual y cultural de la Semana Santa y de la devoci\u00f3n mariana en la localidad. Su experiencia como pregonero en otras celebraciones religiosas avala una capacidad oratoria reconocida por su profundidad y cercan\u00eda.<\/p>\n\n\n\n<p>En lo que respecta a la Patrona, su vinculaci\u00f3n trasciende cualquier cargo. M\u00e1s de cuatro d\u00e9cadas como cofrade, una larga etapa en la Junta de Gobierno y a\u00f1os portando a la Virgen como andero reflejan una relaci\u00f3n forjada en el servicio constante y la devoci\u00f3n sincera.<\/p>\n\n\n\n<p>El pr\u00f3ximo a\u00f1o, Juan Hermoso Trigo tendr\u00e1 la responsabilidad de abrir oficialmente unas fiestas que constituyen uno de los momentos m\u00e1s significativos del calendario tosiriano. Todo apunta a que su intervenci\u00f3n ser\u00e1 un homenaje sentido a la Virgen de Consolaci\u00f3n y a la tradici\u00f3n que une a generaciones de vecinos en torno a su romer\u00eda.<\/p>\n","protected":false},"excerpt":{"rendered":"<p>La Cofrad\u00eda de Nuestra Se\u00f1ora de Consolaci\u00f3n ha comunicado el nombramiento de Juan Hermoso Trigo como pregonero oficial de la Romer\u00eda y Fiestas Patronales de 2026. La decisi\u00f3n, adoptada por la Junta de Gobierno en funciones, reconoce una trayectoria profundamente ligada a la vida religiosa y social de Torredonjimeno. Formado en Filolog\u00eda Cl\u00e1sica y emprendedor &hellip;<\/p>\n<p class=\"read-more\"> <a class=\"\" href=\"https:\/\/torredonjimenoactualidad.com\/index.php\/2026\/03\/02\/juan-hermoso-trigo-sera-el-pregonero-de-la-romeria-de-nuestra-senora-de-consolacion-2026\/\"> <span class=\"screen-reader-text\">Juan Hermoso Trigo ser\u00e1 el pregonero de la Romer\u00eda de Nuestra Se\u00f1ora de Consolaci\u00f3n 2026<\/span> Leer m\u00e1s &raquo;<\/a><\/p>\n","protected":false},"author":2,"featured_media":4622,"comment_status":"closed","ping_status":"open","sticky":false,"template":"","format":"standard","meta":{"site-sidebar-layout":"default","site-content-layout":"default","ast-global-header-display":"","ast-main-header-display":"","ast-hfb-above-header-display":"","ast-hfb-below-header-display":"","ast-hfb-mobile-header-display":"","site-post-title":"","ast-breadcrumbs-content":"","ast-featured-img":"","footer-sml-layout":"","theme-transparent-header-meta":"","adv-header-id-meta":"","stick-header-meta":"","header-above-stick-meta":"","header-main-stick-meta":"","header-below-stick-meta":"","footnotes":""},"categories":[7],"tags":[],"class_list":["post-4621","post","type-post","status-publish","format-standard","has-post-thumbnail","hentry","category-local"],"yoast_head":"<!-- This site is optimized with the Yoast SEO plugin v20.8 - https:\/\/yoast.com\/wordpress\/plugins\/seo\/ -->\n<title>Juan Hermoso Trigo ser\u00e1 el pregonero de la Romer\u00eda de Nuestra Se\u00f1ora de Consolaci\u00f3n 2026 - Torredonjimeno Actualidad<\/title>\n<meta name=\"robots\" content=\"index, follow, max-snippet:-1, max-image-preview:large, max-video-preview:-1\" \/>\n<link rel=\"canonical\" href=\"https:\/\/torredonjimenoactualidad.com\/index.php\/2026\/03\/02\/juan-hermoso-trigo-sera-el-pregonero-de-la-romeria-de-nuestra-senora-de-consolacion-2026\/\" \/>\n<meta property=\"og:locale\" content=\"es_ES\" \/>\n<meta property=\"og:type\" content=\"article\" \/>\n<meta property=\"og:title\" content=\"Juan Hermoso Trigo ser\u00e1 el pregonero de la Romer\u00eda de Nuestra Se\u00f1ora de Consolaci\u00f3n 2026 - Torredonjimeno Actualidad\" \/>\n<meta property=\"og:description\" content=\"La Cofrad\u00eda de Nuestra Se\u00f1ora de Consolaci\u00f3n ha comunicado el nombramiento de Juan Hermoso Trigo como pregonero oficial de la Romer\u00eda y Fiestas Patronales de 2026. La decisi\u00f3n, adoptada por la Junta de Gobierno en funciones, reconoce una trayectoria profundamente ligada a la vida religiosa y social de Torredonjimeno. Formado en Filolog\u00eda Cl\u00e1sica y emprendedor &hellip; Juan Hermoso Trigo ser\u00e1 el pregonero de la Romer\u00eda de Nuestra Se\u00f1ora de Consolaci\u00f3n 2026 Leer m\u00e1s &raquo;\" \/>\n<meta property=\"og:url\" content=\"https:\/\/torredonjimenoactualidad.com\/index.php\/2026\/03\/02\/juan-hermoso-trigo-sera-el-pregonero-de-la-romeria-de-nuestra-senora-de-consolacion-2026\/\" \/>\n<meta property=\"og:site_name\" content=\"Torredonjimeno Actualidad\" \/>\n<meta property=\"article:published_time\" content=\"2026-03-02T15:15:37+00:00\" \/>\n<meta property=\"article:modified_time\" content=\"2026-03-02T15:15:39+00:00\" \/>\n<meta property=\"og:image\" content=\"https:\/\/torredonjimenoactualidad.com\/wp-content\/uploads\/2026\/03\/2018-4.jpg\" \/>\n\t<meta property=\"og:image:width\" content=\"1890\" \/>\n\t<meta property=\"og:image:height\" content=\"1080\" \/>\n\t<meta property=\"og:image:type\" content=\"image\/jpeg\" \/>\n<meta name=\"author\" content=\"Alba Mar\u00eda Torres\" \/>\n<meta name=\"twitter:card\" content=\"summary_large_image\" \/>\n<meta name=\"twitter:label1\" content=\"Escrito por\" \/>\n\t<meta name=\"twitter:data1\" content=\"Alba Mar\u00eda Torres\" \/>\n\t<meta name=\"twitter:label2\" content=\"Tiempo de lectura\" \/>\n\t<meta name=\"twitter:data2\" content=\"2 minutos\" \/>\n<script type=\"application\/ld+json\" class=\"yoast-schema-graph\">{\"@context\":\"https:\/\/schema.org\",\"@graph\":[{\"@type\":\"Article\",\"@id\":\"https:\/\/torredonjimenoactualidad.com\/index.php\/2026\/03\/02\/juan-hermoso-trigo-sera-el-pregonero-de-la-romeria-de-nuestra-senora-de-consolacion-2026\/#article\",\"isPartOf\":{\"@id\":\"https:\/\/torredonjimenoactualidad.com\/index.php\/2026\/03\/02\/juan-hermoso-trigo-sera-el-pregonero-de-la-romeria-de-nuestra-senora-de-consolacion-2026\/\"},\"author\":{\"name\":\"Alba Mar\u00eda Torres\",\"@id\":\"https:\/\/torredonjimenoactualidad.com\/#\/schema\/person\/84de5f233e783ef2c75151a532b54977\"},\"headline\":\"Juan Hermoso Trigo ser\u00e1 el pregonero de la Romer\u00eda de Nuestra Se\u00f1ora de Consolaci\u00f3n 2026\",\"datePublished\":\"2026-03-02T15:15:37+00:00\",\"dateModified\":\"2026-03-02T15:15:39+00:00\",\"mainEntityOfPage\":{\"@id\":\"https:\/\/torredonjimenoactualidad.com\/index.php\/2026\/03\/02\/juan-hermoso-trigo-sera-el-pregonero-de-la-romeria-de-nuestra-senora-de-consolacion-2026\/\"},\"wordCount\":354,\"publisher\":{\"@id\":\"https:\/\/torredonjimenoactualidad.com\/#organization\"},\"articleSection\":[\"local\"],\"inLanguage\":\"es\"},{\"@type\":\"WebPage\",\"@id\":\"https:\/\/torredonjimenoactualidad.com\/index.php\/2026\/03\/02\/juan-hermoso-trigo-sera-el-pregonero-de-la-romeria-de-nuestra-senora-de-consolacion-2026\/\",\"url\":\"https:\/\/torredonjimenoactualidad.com\/index.php\/2026\/03\/02\/juan-hermoso-trigo-sera-el-pregonero-de-la-romeria-de-nuestra-senora-de-consolacion-2026\/\",\"name\":\"Juan Hermoso Trigo ser\u00e1 el pregonero de la Romer\u00eda de Nuestra Se\u00f1ora de Consolaci\u00f3n 2026 - Torredonjimeno Actualidad\",\"isPartOf\":{\"@id\":\"https:\/\/torredonjimenoactualidad.com\/#website\"},\"datePublished\":\"2026-03-02T15:15:37+00:00\",\"dateModified\":\"2026-03-02T15:15:39+00:00\",\"breadcrumb\":{\"@id\":\"https:\/\/torredonjimenoactualidad.com\/index.php\/2026\/03\/02\/juan-hermoso-trigo-sera-el-pregonero-de-la-romeria-de-nuestra-senora-de-consolacion-2026\/#breadcrumb\"},\"inLanguage\":\"es\",\"potentialAction\":[{\"@type\":\"ReadAction\",\"target\":[\"https:\/\/torredonjimenoactualidad.com\/index.php\/2026\/03\/02\/juan-hermoso-trigo-sera-el-pregonero-de-la-romeria-de-nuestra-senora-de-consolacion-2026\/\"]}]},{\"@type\":\"BreadcrumbList\",\"@id\":\"https:\/\/torredonjimenoactualidad.com\/index.php\/2026\/03\/02\/juan-hermoso-trigo-sera-el-pregonero-de-la-romeria-de-nuestra-senora-de-consolacion-2026\/#breadcrumb\",\"itemListElement\":[{\"@type\":\"ListItem\",\"position\":1,\"name\":\"Portada\",\"item\":\"https:\/\/torredonjimenoactualidad.com\/\"},{\"@type\":\"ListItem\",\"position\":2,\"name\":\"Juan Hermoso Trigo ser\u00e1 el pregonero de la Romer\u00eda de Nuestra Se\u00f1ora de Consolaci\u00f3n 2026\"}]},{\"@type\":\"WebSite\",\"@id\":\"https:\/\/torredonjimenoactualidad.com\/#website\",\"url\":\"https:\/\/torredonjimenoactualidad.com\/\",\"name\":\"Torredonjimeno Actualidad\",\"description\":\"\",\"publisher\":{\"@id\":\"https:\/\/torredonjimenoactualidad.com\/#organization\"},\"potentialAction\":[{\"@type\":\"SearchAction\",\"target\":{\"@type\":\"EntryPoint\",\"urlTemplate\":\"https:\/\/torredonjimenoactualidad.com\/?s={search_term_string}\"},\"query-input\":\"required name=search_term_string\"}],\"inLanguage\":\"es\"},{\"@type\":\"Organization\",\"@id\":\"https:\/\/torredonjimenoactualidad.com\/#organization\",\"name\":\"Torredonjimeno Actualidad\",\"url\":\"https:\/\/torredonjimenoactualidad.com\/\",\"logo\":{\"@type\":\"ImageObject\",\"inLanguage\":\"es\",\"@id\":\"https:\/\/torredonjimenoactualidad.com\/#\/schema\/logo\/image\/\",\"url\":\"https:\/\/torredonjimenoactualidad.com\/wp-content\/uploads\/2023\/02\/logo-torredonjimeno-544x180-1.png\",\"contentUrl\":\"https:\/\/torredonjimenoactualidad.com\/wp-content\/uploads\/2023\/02\/logo-torredonjimeno-544x180-1.png\",\"width\":545,\"height\":112,\"caption\":\"Torredonjimeno Actualidad\"},\"image\":{\"@id\":\"https:\/\/torredonjimenoactualidad.com\/#\/schema\/logo\/image\/\"}},{\"@type\":\"Person\",\"@id\":\"https:\/\/torredonjimenoactualidad.com\/#\/schema\/person\/84de5f233e783ef2c75151a532b54977\",\"name\":\"Alba Mar\u00eda Torres\",\"image\":{\"@type\":\"ImageObject\",\"inLanguage\":\"es\",\"@id\":\"https:\/\/torredonjimenoactualidad.com\/#\/schema\/person\/image\/\",\"url\":\"https:\/\/secure.gravatar.com\/avatar\/f9371f188c71501b4475a9ba2a71595850ec72967f800a2ed8e3e2102859ed65?s=96&d=mm&r=g\",\"contentUrl\":\"https:\/\/secure.gravatar.com\/avatar\/f9371f188c71501b4475a9ba2a71595850ec72967f800a2ed8e3e2102859ed65?s=96&d=mm&r=g\",\"caption\":\"Alba Mar\u00eda Torres\"},\"url\":\"https:\/\/torredonjimenoactualidad.com\/index.php\/author\/alba-torres\/\"}]}<\/script>\n<!-- \/ Yoast SEO plugin. -->","yoast_head_json":{"title":"Juan Hermoso Trigo ser\u00e1 el pregonero de la Romer\u00eda de Nuestra Se\u00f1ora de Consolaci\u00f3n 2026 - Torredonjimeno Actualidad","robots":{"index":"index","follow":"follow","max-snippet":"max-snippet:-1","max-image-preview":"max-image-preview:large","max-video-preview":"max-video-preview:-1"},"canonical":"https:\/\/torredonjimenoactualidad.com\/index.php\/2026\/03\/02\/juan-hermoso-trigo-sera-el-pregonero-de-la-romeria-de-nuestra-senora-de-consolacion-2026\/","og_locale":"es_ES","og_type":"article","og_title":"Juan Hermoso Trigo ser\u00e1 el pregonero de la Romer\u00eda de Nuestra Se\u00f1ora de Consolaci\u00f3n 2026 - Torredonjimeno Actualidad","og_description":"La Cofrad\u00eda de Nuestra Se\u00f1ora de Consolaci\u00f3n ha comunicado el nombramiento de Juan Hermoso Trigo como pregonero oficial de la Romer\u00eda y Fiestas Patronales de 2026. La decisi\u00f3n, adoptada por la Junta de Gobierno en funciones, reconoce una trayectoria profundamente ligada a la vida religiosa y social de Torredonjimeno. Formado en Filolog\u00eda Cl\u00e1sica y emprendedor &hellip; Juan Hermoso Trigo ser\u00e1 el pregonero de la Romer\u00eda de Nuestra Se\u00f1ora de Consolaci\u00f3n 2026 Leer m\u00e1s &raquo;","og_url":"https:\/\/torredonjimenoactualidad.com\/index.php\/2026\/03\/02\/juan-hermoso-trigo-sera-el-pregonero-de-la-romeria-de-nuestra-senora-de-consolacion-2026\/","og_site_name":"Torredonjimeno Actualidad","article_published_time":"2026-03-02T15:15:37+00:00","article_modified_time":"2026-03-02T15:15:39+00:00","og_image":[{"width":1890,"height":1080,"url":"https:\/\/torredonjimenoactualidad.com\/wp-content\/uploads\/2026\/03\/2018-4.jpg","type":"image\/jpeg"}],"author":"Alba Mar\u00eda Torres","twitter_card":"summary_large_image","twitter_misc":{"Escrito por":"Alba Mar\u00eda Torres","Tiempo de lectura":"2 minutos"},"schema":{"@context":"https:\/\/schema.org","@graph":[{"@type":"Article","@id":"https:\/\/torredonjimenoactualidad.com\/index.php\/2026\/03\/02\/juan-hermoso-trigo-sera-el-pregonero-de-la-romeria-de-nuestra-senora-de-consolacion-2026\/#article","isPartOf":{"@id":"https:\/\/torredonjimenoactualidad.com\/index.php\/2026\/03\/02\/juan-hermoso-trigo-sera-el-pregonero-de-la-romeria-de-nuestra-senora-de-consolacion-2026\/"},"author":{"name":"Alba Mar\u00eda Torres","@id":"https:\/\/torredonjimenoactualidad.com\/#\/schema\/person\/84de5f233e783ef2c75151a532b54977"},"headline":"Juan Hermoso Trigo ser\u00e1 el pregonero de la Romer\u00eda de Nuestra Se\u00f1ora de Consolaci\u00f3n 2026","datePublished":"2026-03-02T15:15:37+00:00","dateModified":"2026-03-02T15:15:39+00:00","mainEntityOfPage":{"@id":"https:\/\/torredonjimenoactualidad.com\/index.php\/2026\/03\/02\/juan-hermoso-trigo-sera-el-pregonero-de-la-romeria-de-nuestra-senora-de-consolacion-2026\/"},"wordCount":354,"publisher":{"@id":"https:\/\/torredonjimenoactualidad.com\/#organization"},"articleSection":["local"],"inLanguage":"es"},{"@type":"WebPage","@id":"https:\/\/torredonjimenoactualidad.com\/index.php\/2026\/03\/02\/juan-hermoso-trigo-sera-el-pregonero-de-la-romeria-de-nuestra-senora-de-consolacion-2026\/","url":"https:\/\/torredonjimenoactualidad.com\/index.php\/2026\/03\/02\/juan-hermoso-trigo-sera-el-pregonero-de-la-romeria-de-nuestra-senora-de-consolacion-2026\/","name":"Juan Hermoso Trigo ser\u00e1 el pregonero de la Romer\u00eda de Nuestra Se\u00f1ora de Consolaci\u00f3n 2026 - Torredonjimeno Actualidad","isPartOf":{"@id":"https:\/\/torredonjimenoactualidad.com\/#website"},"datePublished":"2026-03-02T15:15:37+00:00","dateModified":"2026-03-02T15:15:39+00:00","breadcrumb":{"@id":"https:\/\/torredonjimenoactualidad.com\/index.php\/2026\/03\/02\/juan-hermoso-trigo-sera-el-pregonero-de-la-romeria-de-nuestra-senora-de-consolacion-2026\/#breadcrumb"},"inLanguage":"es","potentialAction":[{"@type":"ReadAction","target":["https:\/\/torredonjimenoactualidad.com\/index.php\/2026\/03\/02\/juan-hermoso-trigo-sera-el-pregonero-de-la-romeria-de-nuestra-senora-de-consolacion-2026\/"]}]},{"@type":"BreadcrumbList","@id":"https:\/\/torredonjimenoactualidad.com\/index.php\/2026\/03\/02\/juan-hermoso-trigo-sera-el-pregonero-de-la-romeria-de-nuestra-senora-de-consolacion-2026\/#breadcrumb","itemListElement":[{"@type":"ListItem","position":1,"name":"Portada","item":"https:\/\/torredonjimenoactualidad.com\/"},{"@type":"ListItem","position":2,"name":"Juan Hermoso Trigo ser\u00e1 el pregonero de la Romer\u00eda de Nuestra Se\u00f1ora de Consolaci\u00f3n 2026"}]},{"@type":"WebSite","@id":"https:\/\/torredonjimenoactualidad.com\/#website","url":"https:\/\/torredonjimenoactualidad.com\/","name":"Torredonjimeno Actualidad","description":"","publisher":{"@id":"https:\/\/torredonjimenoactualidad.com\/#organization"},"potentialAction":[{"@type":"SearchAction","target":{"@type":"EntryPoint","urlTemplate":"https:\/\/torredonjimenoactualidad.com\/?s={search_term_string}"},"query-input":"required name=search_term_string"}],"inLanguage":"es"},{"@type":"Organization","@id":"https:\/\/torredonjimenoactualidad.com\/#organization","name":"Torredonjimeno Actualidad","url":"https:\/\/torredonjimenoactualidad.com\/","logo":{"@type":"ImageObject","inLanguage":"es","@id":"https:\/\/torredonjimenoactualidad.com\/#\/schema\/logo\/image\/","url":"https:\/\/torredonjimenoactualidad.com\/wp-content\/uploads\/2023\/02\/logo-torredonjimeno-544x180-1.png","contentUrl":"https:\/\/torredonjimenoactualidad.com\/wp-content\/uploads\/2023\/02\/logo-torredonjimeno-544x180-1.png","width":545,"height":112,"caption":"Torredonjimeno Actualidad"},"image":{"@id":"https:\/\/torredonjimenoactualidad.com\/#\/schema\/logo\/image\/"}},{"@type":"Person","@id":"https:\/\/torredonjimenoactualidad.com\/#\/schema\/person\/84de5f233e783ef2c75151a532b54977","name":"Alba Mar\u00eda Torres","image":{"@type":"ImageObject","inLanguage":"es","@id":"https:\/\/torredonjimenoactualidad.com\/#\/schema\/person\/image\/","url":"https:\/\/secure.gravatar.com\/avatar\/f9371f188c71501b4475a9ba2a71595850ec72967f800a2ed8e3e2102859ed65?s=96&d=mm&r=g","contentUrl":"https:\/\/secure.gravatar.com\/avatar\/f9371f188c71501b4475a9ba2a71595850ec72967f800a2ed8e3e2102859ed65?s=96&d=mm&r=g","caption":"Alba Mar\u00eda Torres"},"url":"https:\/\/torredonjimenoactualidad.com\/index.php\/author\/alba-torres\/"}]}},"_links":{"self":[{"href":"https:\/\/torredonjimenoactualidad.com\/index.php\/wp-json\/wp\/v2\/posts\/4621","targetHints":{"allow":["GET"]}}],"collection":[{"href":"https:\/\/torredonjimenoactualidad.com\/index.php\/wp-json\/wp\/v2\/posts"}],"about":[{"href":"https:\/\/torredonjimenoactualidad.com\/index.php\/wp-json\/wp\/v2\/types\/post"}],"author":[{"embeddable":true,"href":"https:\/\/torredonjimenoactualidad.com\/index.php\/wp-json\/wp\/v2\/users\/2"}],"replies":[{"embeddable":true,"href":"https:\/\/torredonjimenoactualidad.com\/index.php\/wp-json\/wp\/v2\/comments?post=4621"}],"version-history":[{"count":1,"href":"https:\/\/torredonjimenoactualidad.com\/index.php\/wp-json\/wp\/v2\/posts\/4621\/revisions"}],"predecessor-version":[{"id":4623,"href":"https:\/\/torredonjimenoactualidad.com\/index.php\/wp-json\/wp\/v2\/posts\/4621\/revisions\/4623"}],"wp:featuredmedia":[{"embeddable":true,"href":"https:\/\/torredonjimenoactualidad.com\/index.php\/wp-json\/wp\/v2\/media\/4622"}],"wp:attachment":[{"href":"https:\/\/torredonjimenoactualidad.com\/index.php\/wp-json\/wp\/v2\/media?parent=4621"}],"wp:term":[{"taxonomy":"category","embeddable":true,"href":"https:\/\/torredonjimenoactualidad.com\/index.php\/wp-json\/wp\/v2\/categories?post=4621"},{"taxonomy":"post_tag","embeddable":true,"href":"https:\/\/torredonjimenoactualidad.com\/index.php\/wp-json\/wp\/v2\/tags?post=4621"}],"curies":[{"name":"wp","href":"https:\/\/api.w.org\/{rel}","templated":true}]}}