{"id":4617,"date":"2026-03-02T14:42:29","date_gmt":"2026-03-02T14:42:29","guid":{"rendered":"https:\/\/torredonjimenoactualidad.com\/?p=4617"},"modified":"2026-03-02T14:42:30","modified_gmt":"2026-03-02T14:42:30","slug":"el-radioaficionado-de-torredonjimeno-jose-aguila-distinguido-por-su-labor-en-la-red-nacional-de-radio-emergencia-remer-2","status":"publish","type":"post","link":"https:\/\/torredonjimenoactualidad.com\/index.php\/2026\/03\/02\/el-radioaficionado-de-torredonjimeno-jose-aguila-distinguido-por-su-labor-en-la-red-nacional-de-radio-emergencia-remer-2\/","title":{"rendered":"El radioaficionado de Torredonjimeno Jos\u00e9 \u00c1guila, distinguido por su labor en la Red Nacional de Radio Emergencia (Remer)"},"content":{"rendered":"\n<p>El radioaficionado tosiriano Jos\u00e9 \u00c1guila ha sido uno de los 25 voluntarios reconocidos por su labor en la Red Nacional de Radio Emergencia (Remer), en un acto celebrado por la Subdelegaci\u00f3n del Gobierno de Espa\u00f1a en Ja\u00e9n para poner en valor su papel esencial en situaciones de cat\u00e1strofe.<\/p>\n\n\n\n<p>El subdelegado del Gobierno en Ja\u00e9n,&nbsp;Manuel Fern\u00e1ndez, ha presidido la entrega de diplomas a miembros de esta red dependiente de la Direcci\u00f3n General de Protecci\u00f3n Civil en la provincia. En el acto estuvo acompa\u00f1ado, entre otros, por el secretario general de la Subdelegaci\u00f3n,&nbsp;Pedro Garrido, y la jefa provincial de Protecci\u00f3n Civil,&nbsp;Laura Prieto.<\/p>\n\n\n\n<p>Durante su intervenci\u00f3n, Fern\u00e1ndez subray\u00f3 que los integrantes de Remer desempe\u00f1an \u201cun trabajo esencial de colaboraci\u00f3n en la coordinaci\u00f3n entre los servicios actuantes en emergencias de Protecci\u00f3n Civil\u201d, destacando la importancia de su papel cuando fallan las comunicaciones convencionales.<\/p>\n\n\n\n<p>En la provincia de Ja\u00e9n, este colectivo est\u00e1 integrado por m\u00e1s de 75 radioaficionadas y radioaficionados que forman parte de una red estrat\u00e9gica de comunicaciones en caso de desastres y otras situaciones de emergencia. Su funci\u00f3n principal es actuar como apoyo en la coordinaci\u00f3n territorial, tanto a nivel provincial como nacional.<\/p>\n\n\n\n<p>En caso de cat\u00e1strofe, Remer act\u00faa como una aut\u00e9ntica malla de comunicaciones de emergencia al servicio del Sistema de Protecci\u00f3n Civil, gracias a su estructura territorial, sus capacidades de comunicaci\u00f3n a corta y larga distancia y el conocimiento t\u00e9cnico de sus miembros sobre coberturas radioel\u00e9ctricas en la zona.<\/p>\n\n\n\n<p>El subdelegado tambi\u00e9n puso en valor el car\u00e1cter \u201cdiverso y atractivo\u201d de la radioafici\u00f3n, aludiendo a las activaciones especiales realizadas en los \u00faltimos meses con motivo del 1.200 aniversario de la capitalidad de Ja\u00e9n. En este contexto, la&nbsp;Uni\u00f3n de Radioaficionados de Ja\u00e9n&nbsp;eligi\u00f3 espacios emblem\u00e1ticos como los Ba\u00f1os \u00c1rabes, la Catedral, el Castillo de Santa Catalina, el monumento a las Batallas y el Palacio del Condestable Lucas de Iranzo para difundir esta efem\u00e9ride a nivel nacional e internacional a trav\u00e9s de las ondas.<\/p>\n\n\n\n<p>\u201cLa radioafici\u00f3n desempe\u00f1a un papel vital en las comunicaciones de emergencia en tiempos de crisis\u201d, concluy\u00f3 Fern\u00e1ndez, quien destac\u00f3 adem\u00e1s que esta actividad ofrece m\u00faltiples posibilidades para los entusiastas, desde el contacto con otros radioaficionados y la experimentaci\u00f3n con modos digitales hasta la construcci\u00f3n de antenas y la participaci\u00f3n activa en dispositivos de emergencia.<\/p>\n\n\n\n<figure class=\"wp-block-image aligncenter size-large\"><img loading=\"lazy\" decoding=\"async\" width=\"1024\" height=\"585\" src=\"https:\/\/torredonjimenoactualidad.com\/wp-content\/uploads\/2026\/03\/IMG_9640-1-1024x585.jpg\" alt=\"\" class=\"wp-image-4619\" srcset=\"https:\/\/torredonjimenoactualidad.com\/wp-content\/uploads\/2026\/03\/IMG_9640-1-1024x585.jpg 1024w, https:\/\/torredonjimenoactualidad.com\/wp-content\/uploads\/2026\/03\/IMG_9640-1-300x171.jpg 300w, https:\/\/torredonjimenoactualidad.com\/wp-content\/uploads\/2026\/03\/IMG_9640-1-768x439.jpg 768w, https:\/\/torredonjimenoactualidad.com\/wp-content\/uploads\/2026\/03\/IMG_9640-1-1536x877.jpg 1536w, https:\/\/torredonjimenoactualidad.com\/wp-content\/uploads\/2026\/03\/IMG_9640-1.jpg 1970w\" sizes=\"auto, (max-width: 1024px) 100vw, 1024px\" \/><\/figure>\n","protected":false},"excerpt":{"rendered":"<p>El radioaficionado tosiriano Jos\u00e9 \u00c1guila ha sido uno de los 25 voluntarios reconocidos por su labor en la Red Nacional de Radio Emergencia (Remer), en un acto celebrado por la Subdelegaci\u00f3n del Gobierno de Espa\u00f1a en Ja\u00e9n para poner en valor su papel esencial en situaciones de cat\u00e1strofe. El subdelegado del Gobierno en Ja\u00e9n,&nbsp;Manuel Fern\u00e1ndez, &hellip;<\/p>\n<p class=\"read-more\"> <a class=\"\" href=\"https:\/\/torredonjimenoactualidad.com\/index.php\/2026\/03\/02\/el-radioaficionado-de-torredonjimeno-jose-aguila-distinguido-por-su-labor-en-la-red-nacional-de-radio-emergencia-remer-2\/\"> <span class=\"screen-reader-text\">El radioaficionado de Torredonjimeno Jos\u00e9 \u00c1guila, distinguido por su labor en la Red Nacional de Radio Emergencia (Remer)<\/span> Leer m\u00e1s &raquo;<\/a><\/p>\n","protected":false},"author":2,"featured_media":4618,"comment_status":"closed","ping_status":"open","sticky":false,"template":"","format":"standard","meta":{"site-sidebar-layout":"default","site-content-layout":"default","ast-global-header-display":"","ast-main-header-display":"","ast-hfb-above-header-display":"","ast-hfb-below-header-display":"","ast-hfb-mobile-header-display":"","site-post-title":"","ast-breadcrumbs-content":"","ast-featured-img":"","footer-sml-layout":"","theme-transparent-header-meta":"","adv-header-id-meta":"","stick-header-meta":"","header-above-stick-meta":"","header-main-stick-meta":"","header-below-stick-meta":"","footnotes":""},"categories":[7],"tags":[],"class_list":["post-4617","post","type-post","status-publish","format-standard","has-post-thumbnail","hentry","category-local"],"yoast_head":"<!-- This site is optimized with the Yoast SEO plugin v20.8 - https:\/\/yoast.com\/wordpress\/plugins\/seo\/ -->\n<title>El radioaficionado de Torredonjimeno Jos\u00e9 \u00c1guila, distinguido por su labor en la Red Nacional de Radio Emergencia (Remer) - Torredonjimeno Actualidad<\/title>\n<meta name=\"robots\" content=\"index, follow, max-snippet:-1, max-image-preview:large, max-video-preview:-1\" \/>\n<link rel=\"canonical\" href=\"https:\/\/torredonjimenoactualidad.com\/index.php\/2026\/03\/02\/el-radioaficionado-de-torredonjimeno-jose-aguila-distinguido-por-su-labor-en-la-red-nacional-de-radio-emergencia-remer-2\/\" \/>\n<meta property=\"og:locale\" content=\"es_ES\" \/>\n<meta property=\"og:type\" content=\"article\" \/>\n<meta property=\"og:title\" content=\"El radioaficionado de Torredonjimeno Jos\u00e9 \u00c1guila, distinguido por su labor en la Red Nacional de Radio Emergencia (Remer) - Torredonjimeno Actualidad\" \/>\n<meta property=\"og:description\" content=\"El radioaficionado tosiriano Jos\u00e9 \u00c1guila ha sido uno de los 25 voluntarios reconocidos por su labor en la Red Nacional de Radio Emergencia (Remer), en un acto celebrado por la Subdelegaci\u00f3n del Gobierno de Espa\u00f1a en Ja\u00e9n para poner en valor su papel esencial en situaciones de cat\u00e1strofe. El subdelegado del Gobierno en Ja\u00e9n,&nbsp;Manuel Fern\u00e1ndez, &hellip; El radioaficionado de Torredonjimeno Jos\u00e9 \u00c1guila, distinguido por su labor en la Red Nacional de Radio Emergencia (Remer) Leer m\u00e1s &raquo;\" \/>\n<meta property=\"og:url\" content=\"https:\/\/torredonjimenoactualidad.com\/index.php\/2026\/03\/02\/el-radioaficionado-de-torredonjimeno-jose-aguila-distinguido-por-su-labor-en-la-red-nacional-de-radio-emergencia-remer-2\/\" \/>\n<meta property=\"og:site_name\" content=\"Torredonjimeno Actualidad\" \/>\n<meta property=\"article:published_time\" content=\"2026-03-02T14:42:29+00:00\" \/>\n<meta property=\"article:modified_time\" content=\"2026-03-02T14:42:30+00:00\" \/>\n<meta property=\"og:image\" content=\"https:\/\/torredonjimenoactualidad.com\/wp-content\/uploads\/2026\/03\/IMG_9639.jpg\" \/>\n\t<meta property=\"og:image:width\" content=\"1695\" \/>\n\t<meta property=\"og:image:height\" content=\"968\" \/>\n\t<meta property=\"og:image:type\" content=\"image\/jpeg\" \/>\n<meta name=\"author\" content=\"Alba Mar\u00eda Torres\" \/>\n<meta name=\"twitter:card\" content=\"summary_large_image\" \/>\n<meta name=\"twitter:label1\" content=\"Escrito por\" \/>\n\t<meta name=\"twitter:data1\" content=\"Alba Mar\u00eda Torres\" \/>\n\t<meta name=\"twitter:label2\" content=\"Tiempo de lectura\" \/>\n\t<meta name=\"twitter:data2\" content=\"2 minutos\" \/>\n<script type=\"application\/ld+json\" class=\"yoast-schema-graph\">{\"@context\":\"https:\/\/schema.org\",\"@graph\":[{\"@type\":\"Article\",\"@id\":\"https:\/\/torredonjimenoactualidad.com\/index.php\/2026\/03\/02\/el-radioaficionado-de-torredonjimeno-jose-aguila-distinguido-por-su-labor-en-la-red-nacional-de-radio-emergencia-remer-2\/#article\",\"isPartOf\":{\"@id\":\"https:\/\/torredonjimenoactualidad.com\/index.php\/2026\/03\/02\/el-radioaficionado-de-torredonjimeno-jose-aguila-distinguido-por-su-labor-en-la-red-nacional-de-radio-emergencia-remer-2\/\"},\"author\":{\"name\":\"Alba Mar\u00eda Torres\",\"@id\":\"https:\/\/torredonjimenoactualidad.com\/#\/schema\/person\/84de5f233e783ef2c75151a532b54977\"},\"headline\":\"El radioaficionado de Torredonjimeno Jos\u00e9 \u00c1guila, distinguido por su labor en la Red Nacional de Radio Emergencia (Remer)\",\"datePublished\":\"2026-03-02T14:42:29+00:00\",\"dateModified\":\"2026-03-02T14:42:30+00:00\",\"mainEntityOfPage\":{\"@id\":\"https:\/\/torredonjimenoactualidad.com\/index.php\/2026\/03\/02\/el-radioaficionado-de-torredonjimeno-jose-aguila-distinguido-por-su-labor-en-la-red-nacional-de-radio-emergencia-remer-2\/\"},\"wordCount\":446,\"publisher\":{\"@id\":\"https:\/\/torredonjimenoactualidad.com\/#organization\"},\"articleSection\":[\"local\"],\"inLanguage\":\"es\"},{\"@type\":\"WebPage\",\"@id\":\"https:\/\/torredonjimenoactualidad.com\/index.php\/2026\/03\/02\/el-radioaficionado-de-torredonjimeno-jose-aguila-distinguido-por-su-labor-en-la-red-nacional-de-radio-emergencia-remer-2\/\",\"url\":\"https:\/\/torredonjimenoactualidad.com\/index.php\/2026\/03\/02\/el-radioaficionado-de-torredonjimeno-jose-aguila-distinguido-por-su-labor-en-la-red-nacional-de-radio-emergencia-remer-2\/\",\"name\":\"El radioaficionado de Torredonjimeno Jos\u00e9 \u00c1guila, distinguido por su labor en la Red Nacional de Radio Emergencia (Remer) - Torredonjimeno Actualidad\",\"isPartOf\":{\"@id\":\"https:\/\/torredonjimenoactualidad.com\/#website\"},\"datePublished\":\"2026-03-02T14:42:29+00:00\",\"dateModified\":\"2026-03-02T14:42:30+00:00\",\"breadcrumb\":{\"@id\":\"https:\/\/torredonjimenoactualidad.com\/index.php\/2026\/03\/02\/el-radioaficionado-de-torredonjimeno-jose-aguila-distinguido-por-su-labor-en-la-red-nacional-de-radio-emergencia-remer-2\/#breadcrumb\"},\"inLanguage\":\"es\",\"potentialAction\":[{\"@type\":\"ReadAction\",\"target\":[\"https:\/\/torredonjimenoactualidad.com\/index.php\/2026\/03\/02\/el-radioaficionado-de-torredonjimeno-jose-aguila-distinguido-por-su-labor-en-la-red-nacional-de-radio-emergencia-remer-2\/\"]}]},{\"@type\":\"BreadcrumbList\",\"@id\":\"https:\/\/torredonjimenoactualidad.com\/index.php\/2026\/03\/02\/el-radioaficionado-de-torredonjimeno-jose-aguila-distinguido-por-su-labor-en-la-red-nacional-de-radio-emergencia-remer-2\/#breadcrumb\",\"itemListElement\":[{\"@type\":\"ListItem\",\"position\":1,\"name\":\"Portada\",\"item\":\"https:\/\/torredonjimenoactualidad.com\/\"},{\"@type\":\"ListItem\",\"position\":2,\"name\":\"El radioaficionado de Torredonjimeno Jos\u00e9 \u00c1guila, distinguido por su labor en la Red Nacional de Radio Emergencia (Remer)\"}]},{\"@type\":\"WebSite\",\"@id\":\"https:\/\/torredonjimenoactualidad.com\/#website\",\"url\":\"https:\/\/torredonjimenoactualidad.com\/\",\"name\":\"Torredonjimeno Actualidad\",\"description\":\"\",\"publisher\":{\"@id\":\"https:\/\/torredonjimenoactualidad.com\/#organization\"},\"potentialAction\":[{\"@type\":\"SearchAction\",\"target\":{\"@type\":\"EntryPoint\",\"urlTemplate\":\"https:\/\/torredonjimenoactualidad.com\/?s={search_term_string}\"},\"query-input\":\"required name=search_term_string\"}],\"inLanguage\":\"es\"},{\"@type\":\"Organization\",\"@id\":\"https:\/\/torredonjimenoactualidad.com\/#organization\",\"name\":\"Torredonjimeno Actualidad\",\"url\":\"https:\/\/torredonjimenoactualidad.com\/\",\"logo\":{\"@type\":\"ImageObject\",\"inLanguage\":\"es\",\"@id\":\"https:\/\/torredonjimenoactualidad.com\/#\/schema\/logo\/image\/\",\"url\":\"https:\/\/torredonjimenoactualidad.com\/wp-content\/uploads\/2023\/02\/logo-torredonjimeno-544x180-1.png\",\"contentUrl\":\"https:\/\/torredonjimenoactualidad.com\/wp-content\/uploads\/2023\/02\/logo-torredonjimeno-544x180-1.png\",\"width\":545,\"height\":112,\"caption\":\"Torredonjimeno Actualidad\"},\"image\":{\"@id\":\"https:\/\/torredonjimenoactualidad.com\/#\/schema\/logo\/image\/\"}},{\"@type\":\"Person\",\"@id\":\"https:\/\/torredonjimenoactualidad.com\/#\/schema\/person\/84de5f233e783ef2c75151a532b54977\",\"name\":\"Alba Mar\u00eda Torres\",\"image\":{\"@type\":\"ImageObject\",\"inLanguage\":\"es\",\"@id\":\"https:\/\/torredonjimenoactualidad.com\/#\/schema\/person\/image\/\",\"url\":\"https:\/\/secure.gravatar.com\/avatar\/f9371f188c71501b4475a9ba2a71595850ec72967f800a2ed8e3e2102859ed65?s=96&d=mm&r=g\",\"contentUrl\":\"https:\/\/secure.gravatar.com\/avatar\/f9371f188c71501b4475a9ba2a71595850ec72967f800a2ed8e3e2102859ed65?s=96&d=mm&r=g\",\"caption\":\"Alba Mar\u00eda Torres\"},\"url\":\"https:\/\/torredonjimenoactualidad.com\/index.php\/author\/alba-torres\/\"}]}<\/script>\n<!-- \/ Yoast SEO plugin. -->","yoast_head_json":{"title":"El radioaficionado de Torredonjimeno Jos\u00e9 \u00c1guila, distinguido por su labor en la Red Nacional de Radio Emergencia (Remer) - Torredonjimeno Actualidad","robots":{"index":"index","follow":"follow","max-snippet":"max-snippet:-1","max-image-preview":"max-image-preview:large","max-video-preview":"max-video-preview:-1"},"canonical":"https:\/\/torredonjimenoactualidad.com\/index.php\/2026\/03\/02\/el-radioaficionado-de-torredonjimeno-jose-aguila-distinguido-por-su-labor-en-la-red-nacional-de-radio-emergencia-remer-2\/","og_locale":"es_ES","og_type":"article","og_title":"El radioaficionado de Torredonjimeno Jos\u00e9 \u00c1guila, distinguido por su labor en la Red Nacional de Radio Emergencia (Remer) - Torredonjimeno Actualidad","og_description":"El radioaficionado tosiriano Jos\u00e9 \u00c1guila ha sido uno de los 25 voluntarios reconocidos por su labor en la Red Nacional de Radio Emergencia (Remer), en un acto celebrado por la Subdelegaci\u00f3n del Gobierno de Espa\u00f1a en Ja\u00e9n para poner en valor su papel esencial en situaciones de cat\u00e1strofe. El subdelegado del Gobierno en Ja\u00e9n,&nbsp;Manuel Fern\u00e1ndez, &hellip; El radioaficionado de Torredonjimeno Jos\u00e9 \u00c1guila, distinguido por su labor en la Red Nacional de Radio Emergencia (Remer) Leer m\u00e1s &raquo;","og_url":"https:\/\/torredonjimenoactualidad.com\/index.php\/2026\/03\/02\/el-radioaficionado-de-torredonjimeno-jose-aguila-distinguido-por-su-labor-en-la-red-nacional-de-radio-emergencia-remer-2\/","og_site_name":"Torredonjimeno Actualidad","article_published_time":"2026-03-02T14:42:29+00:00","article_modified_time":"2026-03-02T14:42:30+00:00","og_image":[{"width":1695,"height":968,"url":"https:\/\/torredonjimenoactualidad.com\/wp-content\/uploads\/2026\/03\/IMG_9639.jpg","type":"image\/jpeg"}],"author":"Alba Mar\u00eda Torres","twitter_card":"summary_large_image","twitter_misc":{"Escrito por":"Alba Mar\u00eda Torres","Tiempo de lectura":"2 minutos"},"schema":{"@context":"https:\/\/schema.org","@graph":[{"@type":"Article","@id":"https:\/\/torredonjimenoactualidad.com\/index.php\/2026\/03\/02\/el-radioaficionado-de-torredonjimeno-jose-aguila-distinguido-por-su-labor-en-la-red-nacional-de-radio-emergencia-remer-2\/#article","isPartOf":{"@id":"https:\/\/torredonjimenoactualidad.com\/index.php\/2026\/03\/02\/el-radioaficionado-de-torredonjimeno-jose-aguila-distinguido-por-su-labor-en-la-red-nacional-de-radio-emergencia-remer-2\/"},"author":{"name":"Alba Mar\u00eda Torres","@id":"https:\/\/torredonjimenoactualidad.com\/#\/schema\/person\/84de5f233e783ef2c75151a532b54977"},"headline":"El radioaficionado de Torredonjimeno Jos\u00e9 \u00c1guila, distinguido por su labor en la Red Nacional de Radio Emergencia (Remer)","datePublished":"2026-03-02T14:42:29+00:00","dateModified":"2026-03-02T14:42:30+00:00","mainEntityOfPage":{"@id":"https:\/\/torredonjimenoactualidad.com\/index.php\/2026\/03\/02\/el-radioaficionado-de-torredonjimeno-jose-aguila-distinguido-por-su-labor-en-la-red-nacional-de-radio-emergencia-remer-2\/"},"wordCount":446,"publisher":{"@id":"https:\/\/torredonjimenoactualidad.com\/#organization"},"articleSection":["local"],"inLanguage":"es"},{"@type":"WebPage","@id":"https:\/\/torredonjimenoactualidad.com\/index.php\/2026\/03\/02\/el-radioaficionado-de-torredonjimeno-jose-aguila-distinguido-por-su-labor-en-la-red-nacional-de-radio-emergencia-remer-2\/","url":"https:\/\/torredonjimenoactualidad.com\/index.php\/2026\/03\/02\/el-radioaficionado-de-torredonjimeno-jose-aguila-distinguido-por-su-labor-en-la-red-nacional-de-radio-emergencia-remer-2\/","name":"El radioaficionado de Torredonjimeno Jos\u00e9 \u00c1guila, distinguido por su labor en la Red Nacional de Radio Emergencia (Remer) - Torredonjimeno Actualidad","isPartOf":{"@id":"https:\/\/torredonjimenoactualidad.com\/#website"},"datePublished":"2026-03-02T14:42:29+00:00","dateModified":"2026-03-02T14:42:30+00:00","breadcrumb":{"@id":"https:\/\/torredonjimenoactualidad.com\/index.php\/2026\/03\/02\/el-radioaficionado-de-torredonjimeno-jose-aguila-distinguido-por-su-labor-en-la-red-nacional-de-radio-emergencia-remer-2\/#breadcrumb"},"inLanguage":"es","potentialAction":[{"@type":"ReadAction","target":["https:\/\/torredonjimenoactualidad.com\/index.php\/2026\/03\/02\/el-radioaficionado-de-torredonjimeno-jose-aguila-distinguido-por-su-labor-en-la-red-nacional-de-radio-emergencia-remer-2\/"]}]},{"@type":"BreadcrumbList","@id":"https:\/\/torredonjimenoactualidad.com\/index.php\/2026\/03\/02\/el-radioaficionado-de-torredonjimeno-jose-aguila-distinguido-por-su-labor-en-la-red-nacional-de-radio-emergencia-remer-2\/#breadcrumb","itemListElement":[{"@type":"ListItem","position":1,"name":"Portada","item":"https:\/\/torredonjimenoactualidad.com\/"},{"@type":"ListItem","position":2,"name":"El radioaficionado de Torredonjimeno Jos\u00e9 \u00c1guila, distinguido por su labor en la Red Nacional de Radio Emergencia (Remer)"}]},{"@type":"WebSite","@id":"https:\/\/torredonjimenoactualidad.com\/#website","url":"https:\/\/torredonjimenoactualidad.com\/","name":"Torredonjimeno Actualidad","description":"","publisher":{"@id":"https:\/\/torredonjimenoactualidad.com\/#organization"},"potentialAction":[{"@type":"SearchAction","target":{"@type":"EntryPoint","urlTemplate":"https:\/\/torredonjimenoactualidad.com\/?s={search_term_string}"},"query-input":"required name=search_term_string"}],"inLanguage":"es"},{"@type":"Organization","@id":"https:\/\/torredonjimenoactualidad.com\/#organization","name":"Torredonjimeno Actualidad","url":"https:\/\/torredonjimenoactualidad.com\/","logo":{"@type":"ImageObject","inLanguage":"es","@id":"https:\/\/torredonjimenoactualidad.com\/#\/schema\/logo\/image\/","url":"https:\/\/torredonjimenoactualidad.com\/wp-content\/uploads\/2023\/02\/logo-torredonjimeno-544x180-1.png","contentUrl":"https:\/\/torredonjimenoactualidad.com\/wp-content\/uploads\/2023\/02\/logo-torredonjimeno-544x180-1.png","width":545,"height":112,"caption":"Torredonjimeno Actualidad"},"image":{"@id":"https:\/\/torredonjimenoactualidad.com\/#\/schema\/logo\/image\/"}},{"@type":"Person","@id":"https:\/\/torredonjimenoactualidad.com\/#\/schema\/person\/84de5f233e783ef2c75151a532b54977","name":"Alba Mar\u00eda Torres","image":{"@type":"ImageObject","inLanguage":"es","@id":"https:\/\/torredonjimenoactualidad.com\/#\/schema\/person\/image\/","url":"https:\/\/secure.gravatar.com\/avatar\/f9371f188c71501b4475a9ba2a71595850ec72967f800a2ed8e3e2102859ed65?s=96&d=mm&r=g","contentUrl":"https:\/\/secure.gravatar.com\/avatar\/f9371f188c71501b4475a9ba2a71595850ec72967f800a2ed8e3e2102859ed65?s=96&d=mm&r=g","caption":"Alba Mar\u00eda Torres"},"url":"https:\/\/torredonjimenoactualidad.com\/index.php\/author\/alba-torres\/"}]}},"_links":{"self":[{"href":"https:\/\/torredonjimenoactualidad.com\/index.php\/wp-json\/wp\/v2\/posts\/4617","targetHints":{"allow":["GET"]}}],"collection":[{"href":"https:\/\/torredonjimenoactualidad.com\/index.php\/wp-json\/wp\/v2\/posts"}],"about":[{"href":"https:\/\/torredonjimenoactualidad.com\/index.php\/wp-json\/wp\/v2\/types\/post"}],"author":[{"embeddable":true,"href":"https:\/\/torredonjimenoactualidad.com\/index.php\/wp-json\/wp\/v2\/users\/2"}],"replies":[{"embeddable":true,"href":"https:\/\/torredonjimenoactualidad.com\/index.php\/wp-json\/wp\/v2\/comments?post=4617"}],"version-history":[{"count":1,"href":"https:\/\/torredonjimenoactualidad.com\/index.php\/wp-json\/wp\/v2\/posts\/4617\/revisions"}],"predecessor-version":[{"id":4620,"href":"https:\/\/torredonjimenoactualidad.com\/index.php\/wp-json\/wp\/v2\/posts\/4617\/revisions\/4620"}],"wp:featuredmedia":[{"embeddable":true,"href":"https:\/\/torredonjimenoactualidad.com\/index.php\/wp-json\/wp\/v2\/media\/4618"}],"wp:attachment":[{"href":"https:\/\/torredonjimenoactualidad.com\/index.php\/wp-json\/wp\/v2\/media?parent=4617"}],"wp:term":[{"taxonomy":"category","embeddable":true,"href":"https:\/\/torredonjimenoactualidad.com\/index.php\/wp-json\/wp\/v2\/categories?post=4617"},{"taxonomy":"post_tag","embeddable":true,"href":"https:\/\/torredonjimenoactualidad.com\/index.php\/wp-json\/wp\/v2\/tags?post=4617"}],"curies":[{"name":"wp","href":"https:\/\/api.w.org\/{rel}","templated":true}]}}